{"id":229664,"date":"2022-05-20T12:37:20","date_gmt":"2022-05-20T10:37:20","guid":{"rendered":"https:\/\/www.intoscana.it\/it\/?p=229664"},"modified":"2022-05-20T16:05:38","modified_gmt":"2022-05-20T14:05:38","slug":"toscana-2050-si-insendia-il-comitato-scientifico-per-progettare-la-regione-del-futuro","status":"publish","type":"post","link":"https:\/\/www.intoscana.it\/it\/toscana-2050-si-insendia-il-comitato-scientifico-per-progettare-la-regione-del-futuro\/","title":{"rendered":"Toscana 2050, si insedia il comitato scientifico per progettare la regione del futuro"},"content":{"rendered":"<p>Immaginare la<strong> Toscana<\/strong> del 2050 e agire adesso per dare alle future generazioni una regione che sia adatta ad affrontare le nuove sfide e sia ricca di opportunit\u00e0. Guardare al futuro, \u00e8\u00a0 questo il compito che si \u00e8 dato il comitato scientifico di <strong>&#8220;Toscana 2050&#8221;<\/strong>, riunitosi mercoled\u00ec 18 maggio per la prima volta a palazzo del Pegaso. L&#8217;idea nasce dal presidente del Consiglio regionale, <strong>Antonio Mazzeo<\/strong>, approvata dall&#8217;Ufficio di presidenza e inserita nella revisione della legge regionale 46 del 2015. <mark>L&#8217;obiettivo \u00e8 promuovere, anche con il coinvolgimenti di enti e privati, iniziative ed eventi volti a stimolare il pi\u00f9 ampio dibattito sull&#8217;immagine della regione del futuro sotto il profilo economico, sociale e culturale.<\/mark><\/p>\n<p>Il comitato sar\u00e0 un think tank che definir\u00e0 il percorso e potr\u00e0 aprire vari tavoli tematici di approfondimenti. Sono quindici componenti &#8211;\u00a0 esponenti del mondo della cultura, delle imprese, dell&#8217;economia e dell&#8217;istruzione &#8211;\u00a0 che con la regia del presidente del Consiglio regionale Antonio Mazzeo lavoreranno per contribuire a progettare la Toscana dei prossimi 30 anni. Ne fanno parte: <mark>Fabio Beltram; Marco Casamonti; Stefano Casini Benvenuti; Donatella Cinelli Colombini; Paolo Dario; Giulio Deangeli; Donatella Della Porta; Francesco Macchia; Antonella Mansi; Patrizia Marti; Franca Melfi; Paolo Posarelli; Luigi Salvadori; Eike Schmidt; Vincenzo Vespri.<\/mark> <em>\u201cVorrei ringraziarli tutti per la disponibilit\u00e0 che hanno dimostrato, per il loro prezioso tempo e per la loro competenza che metteranno a disposizione di tutti. Non resta che augurarvi e augurarci buon lavoro\u201d<\/em>, ha detto il presidente Mazzeo.<\/p>\n<div class=\"focuson\"><a href=\"https:\/\/www.intoscana.it\/it\/articolo\/dal-giovane-plurilauerato-alla-scienziata-i-15-volti-che-disegneranno-toscana-2050\/\"><img decoding=\"async\" class=\"lazy\" src=\"https:\/\/www.intoscana.it\/wp-content\/uploads\/IMG_66E8E3FD540C-1.jpeg\" style=\"\">\n                <div class=\"cat\">I volti del comitato<\/div>\n                <h4><\/h4><\/a>\n              <\/div>\n<p>Accanto all&#8217;attivit\u00e0 del Comitato scientifico, saranno attivate iniziative collegate, come <mark>una ricerca di Irpet, gi\u00e0 commissionata dall\u2019Ufficio di presidenza all\u2019Istituto per la programmazione economica della nostra regione. Sono previste anche <strong>borse di studio<\/strong> e assegni di ricerca ad hoc con le Universit\u00e0 toscane per il coordinamento del progetto e lavoro di supporto al Comitato scientifico.<\/mark><\/p>\n<h3><em>La visione del domani e il metodo di lavoro<\/em><\/h3>\n<p>Lanciare lo sguardo oltre il presente, allargando il proprio cono visivo e constatare quale siano tutte le opzioni possibili: all&#8217;interno di queste individuare quelle che accadranno con una maggiore probabilit\u00e0 e la scelta preferibile, ossia pi\u00f9 desiderabile. \u00c8 questo l&#8217;approccio di lavoro adottato per costruire le politiche pi\u00f9 straegiche e lungimiranti.<\/p>\n<p>La parola chiave, quella su cui ruota il futuro, \u00e8 <strong>&#8220;benessere&#8221;<\/strong>. Intorno ad essa si \u00e8 ipotizzato di sviluppare sei driver su cui costruire la visione del domani. In particolare, le domande su cui si concrentrer\u00e0 l&#8217;attivit\u00e0 saranno: <mark>come cambiano le citt\u00e0; come cambiano il rapporto tra salute e qualit\u00e0 della vita; come cambia il sistema culturale, come cambia la fabbrica (innovazione,m intelligenza artificiale, big data); come cambiano l&#8217;educazione e la formazione; come cambia l&#8217;utilizzo dell&#8217;acqua.<\/mark><\/p>\n","protected":false},"excerpt":{"rendered":"<p>Il progetto voluto dal Consiglio Regionale prende corpo. Coinvolte 15 personalit\u00e0 di spicco del mondo della cultura, dell&#8217;istruzione e dell&#8217;economia. Il presidente Mazzeo: &#8220;Competenze messe a disposizione di tutti&#8221;<\/p>\n","protected":false},"author":525,"featured_media":229711,"comment_status":"open","ping_status":"open","sticky":false,"template":"","format":"standard","meta":{"_acf_changed":false,"footnotes":""},"categories":[475],"tags":[4760,4753],"class_list":["post-229664","post","type-post","status-publish","format-standard","has-post-thumbnail","hentry","category-innovazione","tag-antonio-mazzeo","tag-consiglio-regionale-della-toscana"],"acf":[],"yoast_head":"<!-- This site is optimized with the Yoast SEO Premium plugin v24.2 (Yoast SEO v25.6) - https:\/\/yoast.com\/wordpress\/plugins\/seo\/ -->\n<title>Toscana 2050, si insedia il comitato scientifico per progettare la regione del futuro - intoscana<\/title>\n<meta name=\"description\" content=\"Il progetto voluto dal Consiglio Regionale prende corpo. Coinvolte 15 personalit\u00e0 di spicco del mondo della cultura, dell&#039;istruzione e dell&#039;economia. Il presidente Mazzeo: &quot;Competenze messe a disposizione di tutti&quot;\" \/>\n<meta name=\"robots\" content=\"index, follow, max-snippet:-1, max-image-preview:large, max-video-preview:-1\" \/>\n<link rel=\"canonical\" href=\"https:\/\/www.intoscana.it\/it\/toscana-2050-si-insendia-il-comitato-scientifico-per-progettare-la-regione-del-futuro\/\" \/>\n<meta property=\"og:locale\" content=\"it_IT\" \/>\n<meta property=\"og:type\" content=\"article\" \/>\n<meta property=\"og:title\" content=\"Toscana 2050, si insedia il comitato scientifico per progettare la regione del futuro\" \/>\n<meta property=\"og:description\" content=\"Il progetto voluto dal Consiglio Regionale prende corpo. Coinvolte 15 personalit\u00e0 di spicco del mondo della cultura, dell&#039;istruzione e dell&#039;economia. Il presidente Mazzeo: &quot;Competenze messe a disposizione di tutti&quot;\" \/>\n<meta property=\"og:url\" content=\"https:\/\/www.intoscana.it\/it\/toscana-2050-si-insendia-il-comitato-scientifico-per-progettare-la-regione-del-futuro\/\" \/>\n<meta property=\"og:site_name\" content=\"intoscana\" \/>\n<meta property=\"article:publisher\" content=\"https:\/\/www.facebook.com\/intoscana.it\" \/>\n<meta property=\"article:published_time\" content=\"2022-05-20T10:37:20+00:00\" \/>\n<meta property=\"article:modified_time\" content=\"2022-05-20T14:05:38+00:00\" \/>\n<meta property=\"og:image\" content=\"https:\/\/www.intoscana.it\/wp-content\/uploads\/Toscana-2050-insediamento-Comitato-scientifico.jpeg\" \/>\n\t<meta property=\"og:image:width\" content=\"1600\" \/>\n\t<meta property=\"og:image:height\" content=\"1066\" \/>\n\t<meta property=\"og:image:type\" content=\"image\/jpeg\" \/>\n<meta name=\"author\" content=\"Redazione\" \/>\n<meta name=\"twitter:card\" content=\"summary_large_image\" \/>\n<meta name=\"twitter:creator\" content=\"@intoscana\" \/>\n<meta name=\"twitter:site\" content=\"@intoscana\" \/>\n<meta name=\"twitter:label1\" content=\"Written by\" \/>\n\t<meta name=\"twitter:data1\" content=\"Redazione\" \/>\n\t<meta name=\"twitter:label2\" content=\"Est. reading time\" \/>\n\t<meta name=\"twitter:data2\" content=\"2 minuti\" \/>\n<script type=\"application\/ld+json\" class=\"yoast-schema-graph\">{\"@context\":\"https:\/\/schema.org\",\"@graph\":[{\"@type\":\"WebPage\",\"@id\":\"https:\/\/www.intoscana.it\/it\/toscana-2050-si-insendia-il-comitato-scientifico-per-progettare-la-regione-del-futuro\/\",\"url\":\"https:\/\/www.intoscana.it\/it\/toscana-2050-si-insendia-il-comitato-scientifico-per-progettare-la-regione-del-futuro\/\",\"name\":\"Toscana 2050, si insedia il comitato scientifico per progettare la regione del futuro - intoscana\",\"isPartOf\":{\"@id\":\"https:\/\/www.intoscana.it\/it\/#website\"},\"primaryImageOfPage\":{\"@id\":\"https:\/\/www.intoscana.it\/it\/toscana-2050-si-insendia-il-comitato-scientifico-per-progettare-la-regione-del-futuro\/#primaryimage\"},\"image\":{\"@id\":\"https:\/\/www.intoscana.it\/it\/toscana-2050-si-insendia-il-comitato-scientifico-per-progettare-la-regione-del-futuro\/#primaryimage\"},\"thumbnailUrl\":\"https:\/\/www.intoscana.it\/wp-content\/uploads\/Toscana-2050-insediamento-Comitato-scientifico.jpeg\",\"datePublished\":\"2022-05-20T10:37:20+00:00\",\"dateModified\":\"2022-05-20T14:05:38+00:00\",\"author\":{\"@id\":\"https:\/\/www.intoscana.it\/it\/#\/schema\/person\/9223810753230f20bd670fdd322661f8\"},\"description\":\"Il progetto voluto dal Consiglio Regionale prende corpo. Coinvolte 15 personalit\u00e0 di spicco del mondo della cultura, dell'istruzione e dell'economia. Il presidente Mazzeo: \\\"Competenze messe a disposizione di tutti\\\"\",\"breadcrumb\":{\"@id\":\"https:\/\/www.intoscana.it\/it\/toscana-2050-si-insendia-il-comitato-scientifico-per-progettare-la-regione-del-futuro\/#breadcrumb\"},\"inLanguage\":\"it-IT\",\"potentialAction\":[{\"@type\":\"ReadAction\",\"target\":[\"https:\/\/www.intoscana.it\/it\/toscana-2050-si-insendia-il-comitato-scientifico-per-progettare-la-regione-del-futuro\/\"]}]},{\"@type\":\"ImageObject\",\"inLanguage\":\"it-IT\",\"@id\":\"https:\/\/www.intoscana.it\/it\/toscana-2050-si-insendia-il-comitato-scientifico-per-progettare-la-regione-del-futuro\/#primaryimage\",\"url\":\"https:\/\/www.intoscana.it\/wp-content\/uploads\/Toscana-2050-insediamento-Comitato-scientifico.jpeg\",\"contentUrl\":\"https:\/\/www.intoscana.it\/wp-content\/uploads\/Toscana-2050-insediamento-Comitato-scientifico.jpeg\",\"width\":1600,\"height\":1066},{\"@type\":\"BreadcrumbList\",\"@id\":\"https:\/\/www.intoscana.it\/it\/toscana-2050-si-insendia-il-comitato-scientifico-per-progettare-la-regione-del-futuro\/#breadcrumb\",\"itemListElement\":[{\"@type\":\"ListItem\",\"position\":1,\"name\":\"Home\",\"item\":\"https:\/\/www.intoscana.it\/it\/\"},{\"@type\":\"ListItem\",\"position\":2,\"name\":\"Toscana 2050, si insedia il comitato scientifico per progettare la regione del futuro\"}]},{\"@type\":\"WebSite\",\"@id\":\"https:\/\/www.intoscana.it\/it\/#website\",\"url\":\"https:\/\/www.intoscana.it\/it\/\",\"name\":\"intoscana\",\"description\":\"\",\"potentialAction\":[{\"@type\":\"SearchAction\",\"target\":{\"@type\":\"EntryPoint\",\"urlTemplate\":\"https:\/\/www.intoscana.it\/it\/?s={search_term_string}\"},\"query-input\":{\"@type\":\"PropertyValueSpecification\",\"valueRequired\":true,\"valueName\":\"search_term_string\"}}],\"inLanguage\":\"it-IT\"},{\"@type\":\"Person\",\"@id\":\"https:\/\/www.intoscana.it\/it\/#\/schema\/person\/9223810753230f20bd670fdd322661f8\",\"name\":\"Redazione\",\"url\":\"https:\/\/www.intoscana.it\/it\/author\/redazione\/\"}]}<\/script>\n<!-- \/ Yoast SEO Premium plugin. -->","yoast_head_json":{"title":"Toscana 2050, si insedia il comitato scientifico per progettare la regione del futuro - intoscana","description":"Il progetto voluto dal Consiglio Regionale prende corpo. Coinvolte 15 personalit\u00e0 di spicco del mondo della cultura, dell'istruzione e dell'economia. Il presidente Mazzeo: \"Competenze messe a disposizione di tutti\"","robots":{"index":"index","follow":"follow","max-snippet":"max-snippet:-1","max-image-preview":"max-image-preview:large","max-video-preview":"max-video-preview:-1"},"canonical":"https:\/\/www.intoscana.it\/it\/toscana-2050-si-insendia-il-comitato-scientifico-per-progettare-la-regione-del-futuro\/","og_locale":"it_IT","og_type":"article","og_title":"Toscana 2050, si insedia il comitato scientifico per progettare la regione del futuro","og_description":"Il progetto voluto dal Consiglio Regionale prende corpo. Coinvolte 15 personalit\u00e0 di spicco del mondo della cultura, dell'istruzione e dell'economia. Il presidente Mazzeo: \"Competenze messe a disposizione di tutti\"","og_url":"https:\/\/www.intoscana.it\/it\/toscana-2050-si-insendia-il-comitato-scientifico-per-progettare-la-regione-del-futuro\/","og_site_name":"intoscana","article_publisher":"https:\/\/www.facebook.com\/intoscana.it","article_published_time":"2022-05-20T10:37:20+00:00","article_modified_time":"2022-05-20T14:05:38+00:00","og_image":[{"width":1600,"height":1066,"url":"https:\/\/www.intoscana.it\/wp-content\/uploads\/Toscana-2050-insediamento-Comitato-scientifico.jpeg","type":"image\/jpeg"}],"author":"Redazione","twitter_card":"summary_large_image","twitter_creator":"@intoscana","twitter_site":"@intoscana","twitter_misc":{"Written by":"Redazione","Est. reading time":"2 minuti"},"schema":{"@context":"https:\/\/schema.org","@graph":[{"@type":"WebPage","@id":"https:\/\/www.intoscana.it\/it\/toscana-2050-si-insendia-il-comitato-scientifico-per-progettare-la-regione-del-futuro\/","url":"https:\/\/www.intoscana.it\/it\/toscana-2050-si-insendia-il-comitato-scientifico-per-progettare-la-regione-del-futuro\/","name":"Toscana 2050, si insedia il comitato scientifico per progettare la regione del futuro - intoscana","isPartOf":{"@id":"https:\/\/www.intoscana.it\/it\/#website"},"primaryImageOfPage":{"@id":"https:\/\/www.intoscana.it\/it\/toscana-2050-si-insendia-il-comitato-scientifico-per-progettare-la-regione-del-futuro\/#primaryimage"},"image":{"@id":"https:\/\/www.intoscana.it\/it\/toscana-2050-si-insendia-il-comitato-scientifico-per-progettare-la-regione-del-futuro\/#primaryimage"},"thumbnailUrl":"https:\/\/www.intoscana.it\/wp-content\/uploads\/Toscana-2050-insediamento-Comitato-scientifico.jpeg","datePublished":"2022-05-20T10:37:20+00:00","dateModified":"2022-05-20T14:05:38+00:00","author":{"@id":"https:\/\/www.intoscana.it\/it\/#\/schema\/person\/9223810753230f20bd670fdd322661f8"},"description":"Il progetto voluto dal Consiglio Regionale prende corpo. Coinvolte 15 personalit\u00e0 di spicco del mondo della cultura, dell'istruzione e dell'economia. Il presidente Mazzeo: \"Competenze messe a disposizione di tutti\"","breadcrumb":{"@id":"https:\/\/www.intoscana.it\/it\/toscana-2050-si-insendia-il-comitato-scientifico-per-progettare-la-regione-del-futuro\/#breadcrumb"},"inLanguage":"it-IT","potentialAction":[{"@type":"ReadAction","target":["https:\/\/www.intoscana.it\/it\/toscana-2050-si-insendia-il-comitato-scientifico-per-progettare-la-regione-del-futuro\/"]}]},{"@type":"ImageObject","inLanguage":"it-IT","@id":"https:\/\/www.intoscana.it\/it\/toscana-2050-si-insendia-il-comitato-scientifico-per-progettare-la-regione-del-futuro\/#primaryimage","url":"https:\/\/www.intoscana.it\/wp-content\/uploads\/Toscana-2050-insediamento-Comitato-scientifico.jpeg","contentUrl":"https:\/\/www.intoscana.it\/wp-content\/uploads\/Toscana-2050-insediamento-Comitato-scientifico.jpeg","width":1600,"height":1066},{"@type":"BreadcrumbList","@id":"https:\/\/www.intoscana.it\/it\/toscana-2050-si-insendia-il-comitato-scientifico-per-progettare-la-regione-del-futuro\/#breadcrumb","itemListElement":[{"@type":"ListItem","position":1,"name":"Home","item":"https:\/\/www.intoscana.it\/it\/"},{"@type":"ListItem","position":2,"name":"Toscana 2050, si insedia il comitato scientifico per progettare la regione del futuro"}]},{"@type":"WebSite","@id":"https:\/\/www.intoscana.it\/it\/#website","url":"https:\/\/www.intoscana.it\/it\/","name":"intoscana","description":"","potentialAction":[{"@type":"SearchAction","target":{"@type":"EntryPoint","urlTemplate":"https:\/\/www.intoscana.it\/it\/?s={search_term_string}"},"query-input":{"@type":"PropertyValueSpecification","valueRequired":true,"valueName":"search_term_string"}}],"inLanguage":"it-IT"},{"@type":"Person","@id":"https:\/\/www.intoscana.it\/it\/#\/schema\/person\/9223810753230f20bd670fdd322661f8","name":"Redazione","url":"https:\/\/www.intoscana.it\/it\/author\/redazione\/"}]}},"_links":{"self":[{"href":"https:\/\/www.intoscana.it\/it\/wp-json\/wp\/v2\/posts\/229664","targetHints":{"allow":["GET"]}}],"collection":[{"href":"https:\/\/www.intoscana.it\/it\/wp-json\/wp\/v2\/posts"}],"about":[{"href":"https:\/\/www.intoscana.it\/it\/wp-json\/wp\/v2\/types\/post"}],"author":[{"embeddable":true,"href":"https:\/\/www.intoscana.it\/it\/wp-json\/wp\/v2\/users\/525"}],"replies":[{"embeddable":true,"href":"https:\/\/www.intoscana.it\/it\/wp-json\/wp\/v2\/comments?post=229664"}],"version-history":[{"count":0,"href":"https:\/\/www.intoscana.it\/it\/wp-json\/wp\/v2\/posts\/229664\/revisions"}],"wp:featuredmedia":[{"embeddable":true,"href":"https:\/\/www.intoscana.it\/it\/wp-json\/wp\/v2\/media\/229711"}],"wp:attachment":[{"href":"https:\/\/www.intoscana.it\/it\/wp-json\/wp\/v2\/media?parent=229664"}],"wp:term":[{"taxonomy":"category","embeddable":true,"href":"https:\/\/www.intoscana.it\/it\/wp-json\/wp\/v2\/categories?post=229664"},{"taxonomy":"post_tag","embeddable":true,"href":"https:\/\/www.intoscana.it\/it\/wp-json\/wp\/v2\/tags?post=229664"}],"curies":[{"name":"wp","href":"https:\/\/api.w.org\/{rel}","templated":true}]}}