{"id":229746,"date":"2022-05-20T14:37:45","date_gmt":"2022-05-20T12:37:45","guid":{"rendered":"https:\/\/www.intoscana.it\/it\/?p=229746"},"modified":"2022-05-20T14:37:45","modified_gmt":"2022-05-20T12:37:45","slug":"covid-1-522-nuovi-casi-con-uneta-media-di-46-anni-otto-i-decessi","status":"publish","type":"post","link":"https:\/\/www.intoscana.it\/it\/covid-1-522-nuovi-casi-con-uneta-media-di-46-anni-otto-i-decessi\/","title":{"rendered":"Covid, 1.522 nuovi casi con un&#8217;et\u00e0 media di 46 anni. Otto i decessi"},"content":{"rendered":"<p>I nuovi casi positivi al <strong>Covid<\/strong> nelle ultime 24 ore in Toscana sono 1.522 su 12.854 test di cui 1.838 tamponi molecolari e 11.016 test rapidi. Il tasso dei nuovi positivi \u00e8 11,84% (67,2% sulle prime diagnosi). <mark>L&#8217;et\u00e0 media nuovi positivi \u00e8 di 46 anni: 17% ha meno di 20 anni, 19% tra 20 e 39 anni, 31% tra 40 e 59 anni, 24% tra 60 e 79 anni, 9% ha 80 anni o pi\u00f9.<\/mark><\/p>\n<p>I <strong>ricoverati<\/strong> sono 386 (15 in meno rispetto a ieri), di cui 17 in terapia intensiva (2 in pi\u00f9). <mark>Oggi si registrano 8 nuovi decessi: 3 uomini e 5 donne con un&#8217;et\u00e0 media di 81 anni.<\/mark><\/p>\n<h3>I\u00a0 casi di positivit\u00e0 sul territorio<\/h3>\n<p>Sono 316.629 i casi complessivi ad oggi a Firenze (364 in pi\u00f9 rispetto a ieri), 78.257 a Prato (84 in pi\u00f9), 91.327 a Pistoia (95 in pi\u00f9), 55.949 a Massa-Carrara (94 in pi\u00f9), 119.401 a Lucca (167 in pi\u00f9), 130.785 a Pisa (170 in pi\u00f9), 101.104 a Livorno (146 in pi\u00f9), 103.979 ad Arezzo (121 in pi\u00f9), 80.132 a Siena (165 in pi\u00f9), 60.697 a Grosseto (116 in pi\u00f9).<\/p>\n<p>Complessivamente, 34.041 persone sono in <strong>isolamento<\/strong> a casa, poich\u00e9 presentano sintomi lievi che non richiedono cure ospedaliere, o risultano prive di sintomi (1.096 in meno rispetto a ieri, meno 3,1%).<\/p>\n<p><mark>Sono 10.035 i deceduti dall&#8217;inizio dell&#8217;epidemia<\/mark>: 3.158 a Firenze, 833 a Prato, 897 a Pistoia, 654 a Massa Carrara, 942 a Lucca, 1.103 a Pisa, 733 a Livorno, 656 ad Arezzo, 534 a Siena, 388 a Grosseto, 137 persone sono decedute sul suolo toscano ma erano residenti fuori regione.<\/p>\n","protected":false},"excerpt":{"rendered":"<p>Il tasso dei nuovi positivi si attesta sull&#8217;11,84%. Calano i ricoveri<\/p>\n","protected":false},"author":525,"featured_media":152498,"comment_status":"open","ping_status":"open","sticky":false,"template":"","format":"standard","meta":{"_acf_changed":false,"footnotes":""},"categories":[494],"tags":[418],"class_list":["post-229746","post","type-post","status-publish","format-standard","has-post-thumbnail","hentry","category-attualita","tag-covid-19"],"acf":[],"yoast_head":"<!-- This site is optimized with the Yoast SEO Premium plugin v24.2 (Yoast SEO v25.6) - https:\/\/yoast.com\/wordpress\/plugins\/seo\/ -->\n<title>Covid, 1.522 nuovi casi con un&#039;et\u00e0 media di 46 anni. Otto i decessi - intoscana<\/title>\n<meta name=\"description\" content=\"Il tasso dei nuovi positivi si attesta sull&#039;11,84%. Calano i ricoveri\" \/>\n<meta name=\"robots\" content=\"index, follow, max-snippet:-1, max-image-preview:large, max-video-preview:-1\" \/>\n<link rel=\"canonical\" href=\"https:\/\/www.intoscana.it\/it\/covid-1-522-nuovi-casi-con-uneta-media-di-46-anni-otto-i-decessi\/\" \/>\n<meta property=\"og:locale\" content=\"it_IT\" \/>\n<meta property=\"og:type\" content=\"article\" \/>\n<meta property=\"og:title\" content=\"Covid, 1.522 nuovi casi con un&#039;et\u00e0 media di 46 anni. Otto i decessi\" \/>\n<meta property=\"og:description\" content=\"Il tasso dei nuovi positivi si attesta sull&#039;11,84%. Calano i ricoveri\" \/>\n<meta property=\"og:url\" content=\"https:\/\/www.intoscana.it\/it\/covid-1-522-nuovi-casi-con-uneta-media-di-46-anni-otto-i-decessi\/\" \/>\n<meta property=\"og:site_name\" content=\"intoscana\" \/>\n<meta property=\"article:publisher\" content=\"https:\/\/www.facebook.com\/intoscana.it\" \/>\n<meta property=\"article:published_time\" content=\"2022-05-20T12:37:45+00:00\" \/>\n<meta property=\"og:image\" content=\"https:\/\/www.intoscana.it\/wp-content\/uploads\/Fratelli-con-mascherine-creative-Sharon-McCutcheon-Unsplash.jpg\" \/>\n\t<meta property=\"og:image:width\" content=\"1920\" \/>\n\t<meta property=\"og:image:height\" content=\"1280\" \/>\n\t<meta property=\"og:image:type\" content=\"image\/jpeg\" \/>\n<meta name=\"author\" content=\"Redazione\" \/>\n<meta name=\"twitter:card\" content=\"summary_large_image\" \/>\n<meta name=\"twitter:creator\" content=\"@intoscana\" \/>\n<meta name=\"twitter:site\" content=\"@intoscana\" \/>\n<meta name=\"twitter:label1\" content=\"Written by\" \/>\n\t<meta name=\"twitter:data1\" content=\"Redazione\" \/>\n\t<meta name=\"twitter:label2\" content=\"Est. reading time\" \/>\n\t<meta name=\"twitter:data2\" content=\"1 minuto\" \/>\n<script type=\"application\/ld+json\" class=\"yoast-schema-graph\">{\"@context\":\"https:\/\/schema.org\",\"@graph\":[{\"@type\":\"WebPage\",\"@id\":\"https:\/\/www.intoscana.it\/it\/covid-1-522-nuovi-casi-con-uneta-media-di-46-anni-otto-i-decessi\/\",\"url\":\"https:\/\/www.intoscana.it\/it\/covid-1-522-nuovi-casi-con-uneta-media-di-46-anni-otto-i-decessi\/\",\"name\":\"Covid, 1.522 nuovi casi con un'et\u00e0 media di 46 anni. Otto i decessi - intoscana\",\"isPartOf\":{\"@id\":\"https:\/\/www.intoscana.it\/it\/#website\"},\"primaryImageOfPage\":{\"@id\":\"https:\/\/www.intoscana.it\/it\/covid-1-522-nuovi-casi-con-uneta-media-di-46-anni-otto-i-decessi\/#primaryimage\"},\"image\":{\"@id\":\"https:\/\/www.intoscana.it\/it\/covid-1-522-nuovi-casi-con-uneta-media-di-46-anni-otto-i-decessi\/#primaryimage\"},\"thumbnailUrl\":\"https:\/\/www.intoscana.it\/wp-content\/uploads\/Fratelli-con-mascherine-creative-Sharon-McCutcheon-Unsplash.jpg\",\"datePublished\":\"2022-05-20T12:37:45+00:00\",\"author\":{\"@id\":\"https:\/\/www.intoscana.it\/it\/#\/schema\/person\/9223810753230f20bd670fdd322661f8\"},\"description\":\"Il tasso dei nuovi positivi si attesta sull'11,84%. Calano i ricoveri\",\"breadcrumb\":{\"@id\":\"https:\/\/www.intoscana.it\/it\/covid-1-522-nuovi-casi-con-uneta-media-di-46-anni-otto-i-decessi\/#breadcrumb\"},\"inLanguage\":\"it-IT\",\"potentialAction\":[{\"@type\":\"ReadAction\",\"target\":[\"https:\/\/www.intoscana.it\/it\/covid-1-522-nuovi-casi-con-uneta-media-di-46-anni-otto-i-decessi\/\"]}]},{\"@type\":\"ImageObject\",\"inLanguage\":\"it-IT\",\"@id\":\"https:\/\/www.intoscana.it\/it\/covid-1-522-nuovi-casi-con-uneta-media-di-46-anni-otto-i-decessi\/#primaryimage\",\"url\":\"https:\/\/www.intoscana.it\/wp-content\/uploads\/Fratelli-con-mascherine-creative-Sharon-McCutcheon-Unsplash.jpg\",\"contentUrl\":\"https:\/\/www.intoscana.it\/wp-content\/uploads\/Fratelli-con-mascherine-creative-Sharon-McCutcheon-Unsplash.jpg\",\"width\":1920,\"height\":1280,\"caption\":\"Fratelli con mascherine \\\"creative\\\"\"},{\"@type\":\"BreadcrumbList\",\"@id\":\"https:\/\/www.intoscana.it\/it\/covid-1-522-nuovi-casi-con-uneta-media-di-46-anni-otto-i-decessi\/#breadcrumb\",\"itemListElement\":[{\"@type\":\"ListItem\",\"position\":1,\"name\":\"Home\",\"item\":\"https:\/\/www.intoscana.it\/it\/\"},{\"@type\":\"ListItem\",\"position\":2,\"name\":\"Covid, 1.522 nuovi casi con un&#8217;et\u00e0 media di 46 anni. Otto i decessi\"}]},{\"@type\":\"WebSite\",\"@id\":\"https:\/\/www.intoscana.it\/it\/#website\",\"url\":\"https:\/\/www.intoscana.it\/it\/\",\"name\":\"intoscana\",\"description\":\"\",\"potentialAction\":[{\"@type\":\"SearchAction\",\"target\":{\"@type\":\"EntryPoint\",\"urlTemplate\":\"https:\/\/www.intoscana.it\/it\/?s={search_term_string}\"},\"query-input\":{\"@type\":\"PropertyValueSpecification\",\"valueRequired\":true,\"valueName\":\"search_term_string\"}}],\"inLanguage\":\"it-IT\"},{\"@type\":\"Person\",\"@id\":\"https:\/\/www.intoscana.it\/it\/#\/schema\/person\/9223810753230f20bd670fdd322661f8\",\"name\":\"Redazione\",\"url\":\"https:\/\/www.intoscana.it\/it\/author\/redazione\/\"}]}<\/script>\n<!-- \/ Yoast SEO Premium plugin. -->","yoast_head_json":{"title":"Covid, 1.522 nuovi casi con un'et\u00e0 media di 46 anni. Otto i decessi - intoscana","description":"Il tasso dei nuovi positivi si attesta sull'11,84%. Calano i ricoveri","robots":{"index":"index","follow":"follow","max-snippet":"max-snippet:-1","max-image-preview":"max-image-preview:large","max-video-preview":"max-video-preview:-1"},"canonical":"https:\/\/www.intoscana.it\/it\/covid-1-522-nuovi-casi-con-uneta-media-di-46-anni-otto-i-decessi\/","og_locale":"it_IT","og_type":"article","og_title":"Covid, 1.522 nuovi casi con un'et\u00e0 media di 46 anni. Otto i decessi","og_description":"Il tasso dei nuovi positivi si attesta sull'11,84%. Calano i ricoveri","og_url":"https:\/\/www.intoscana.it\/it\/covid-1-522-nuovi-casi-con-uneta-media-di-46-anni-otto-i-decessi\/","og_site_name":"intoscana","article_publisher":"https:\/\/www.facebook.com\/intoscana.it","article_published_time":"2022-05-20T12:37:45+00:00","og_image":[{"width":1920,"height":1280,"url":"https:\/\/www.intoscana.it\/wp-content\/uploads\/Fratelli-con-mascherine-creative-Sharon-McCutcheon-Unsplash.jpg","type":"image\/jpeg"}],"author":"Redazione","twitter_card":"summary_large_image","twitter_creator":"@intoscana","twitter_site":"@intoscana","twitter_misc":{"Written by":"Redazione","Est. reading time":"1 minuto"},"schema":{"@context":"https:\/\/schema.org","@graph":[{"@type":"WebPage","@id":"https:\/\/www.intoscana.it\/it\/covid-1-522-nuovi-casi-con-uneta-media-di-46-anni-otto-i-decessi\/","url":"https:\/\/www.intoscana.it\/it\/covid-1-522-nuovi-casi-con-uneta-media-di-46-anni-otto-i-decessi\/","name":"Covid, 1.522 nuovi casi con un'et\u00e0 media di 46 anni. Otto i decessi - intoscana","isPartOf":{"@id":"https:\/\/www.intoscana.it\/it\/#website"},"primaryImageOfPage":{"@id":"https:\/\/www.intoscana.it\/it\/covid-1-522-nuovi-casi-con-uneta-media-di-46-anni-otto-i-decessi\/#primaryimage"},"image":{"@id":"https:\/\/www.intoscana.it\/it\/covid-1-522-nuovi-casi-con-uneta-media-di-46-anni-otto-i-decessi\/#primaryimage"},"thumbnailUrl":"https:\/\/www.intoscana.it\/wp-content\/uploads\/Fratelli-con-mascherine-creative-Sharon-McCutcheon-Unsplash.jpg","datePublished":"2022-05-20T12:37:45+00:00","author":{"@id":"https:\/\/www.intoscana.it\/it\/#\/schema\/person\/9223810753230f20bd670fdd322661f8"},"description":"Il tasso dei nuovi positivi si attesta sull'11,84%. Calano i ricoveri","breadcrumb":{"@id":"https:\/\/www.intoscana.it\/it\/covid-1-522-nuovi-casi-con-uneta-media-di-46-anni-otto-i-decessi\/#breadcrumb"},"inLanguage":"it-IT","potentialAction":[{"@type":"ReadAction","target":["https:\/\/www.intoscana.it\/it\/covid-1-522-nuovi-casi-con-uneta-media-di-46-anni-otto-i-decessi\/"]}]},{"@type":"ImageObject","inLanguage":"it-IT","@id":"https:\/\/www.intoscana.it\/it\/covid-1-522-nuovi-casi-con-uneta-media-di-46-anni-otto-i-decessi\/#primaryimage","url":"https:\/\/www.intoscana.it\/wp-content\/uploads\/Fratelli-con-mascherine-creative-Sharon-McCutcheon-Unsplash.jpg","contentUrl":"https:\/\/www.intoscana.it\/wp-content\/uploads\/Fratelli-con-mascherine-creative-Sharon-McCutcheon-Unsplash.jpg","width":1920,"height":1280,"caption":"Fratelli con mascherine \"creative\""},{"@type":"BreadcrumbList","@id":"https:\/\/www.intoscana.it\/it\/covid-1-522-nuovi-casi-con-uneta-media-di-46-anni-otto-i-decessi\/#breadcrumb","itemListElement":[{"@type":"ListItem","position":1,"name":"Home","item":"https:\/\/www.intoscana.it\/it\/"},{"@type":"ListItem","position":2,"name":"Covid, 1.522 nuovi casi con un&#8217;et\u00e0 media di 46 anni. Otto i decessi"}]},{"@type":"WebSite","@id":"https:\/\/www.intoscana.it\/it\/#website","url":"https:\/\/www.intoscana.it\/it\/","name":"intoscana","description":"","potentialAction":[{"@type":"SearchAction","target":{"@type":"EntryPoint","urlTemplate":"https:\/\/www.intoscana.it\/it\/?s={search_term_string}"},"query-input":{"@type":"PropertyValueSpecification","valueRequired":true,"valueName":"search_term_string"}}],"inLanguage":"it-IT"},{"@type":"Person","@id":"https:\/\/www.intoscana.it\/it\/#\/schema\/person\/9223810753230f20bd670fdd322661f8","name":"Redazione","url":"https:\/\/www.intoscana.it\/it\/author\/redazione\/"}]}},"_links":{"self":[{"href":"https:\/\/www.intoscana.it\/it\/wp-json\/wp\/v2\/posts\/229746","targetHints":{"allow":["GET"]}}],"collection":[{"href":"https:\/\/www.intoscana.it\/it\/wp-json\/wp\/v2\/posts"}],"about":[{"href":"https:\/\/www.intoscana.it\/it\/wp-json\/wp\/v2\/types\/post"}],"author":[{"embeddable":true,"href":"https:\/\/www.intoscana.it\/it\/wp-json\/wp\/v2\/users\/525"}],"replies":[{"embeddable":true,"href":"https:\/\/www.intoscana.it\/it\/wp-json\/wp\/v2\/comments?post=229746"}],"version-history":[{"count":0,"href":"https:\/\/www.intoscana.it\/it\/wp-json\/wp\/v2\/posts\/229746\/revisions"}],"wp:featuredmedia":[{"embeddable":true,"href":"https:\/\/www.intoscana.it\/it\/wp-json\/wp\/v2\/media\/152498"}],"wp:attachment":[{"href":"https:\/\/www.intoscana.it\/it\/wp-json\/wp\/v2\/media?parent=229746"}],"wp:term":[{"taxonomy":"category","embeddable":true,"href":"https:\/\/www.intoscana.it\/it\/wp-json\/wp\/v2\/categories?post=229746"},{"taxonomy":"post_tag","embeddable":true,"href":"https:\/\/www.intoscana.it\/it\/wp-json\/wp\/v2\/tags?post=229746"}],"curies":[{"name":"wp","href":"https:\/\/api.w.org\/{rel}","templated":true}]}}