{"id":229760,"date":"2022-05-20T16:03:19","date_gmt":"2022-05-20T14:03:19","guid":{"rendered":"https:\/\/www.intoscana.it\/it\/?p=229760"},"modified":"2022-05-24T13:03:33","modified_gmt":"2022-05-24T11:03:33","slug":"dal-giovane-plurilauerato-alla-scienziata-i-15-volti-che-disegneranno-toscana-2050","status":"publish","type":"post","link":"https:\/\/www.intoscana.it\/it\/dal-giovane-plurilauerato-alla-scienziata-i-15-volti-che-disegneranno-toscana-2050\/","title":{"rendered":"Dal giovane plurilaureato alla scienziata: i 15 volti che disegneranno &#8220;Toscana 2050&#8221;"},"content":{"rendered":"<p>Avranno il compito di immaginare la Toscana di un futuro nenache troppo lontano, si muoveranno in un perimetro temporale che arriva fino al 2050, e metteranno in campo tutte le loro esperienze e competenze per dare a tutti qualche opportunit\u00e0 in pi\u00f9. Sono i 15 membri del <strong>comitato scientifico<\/strong> di <a href=\"https:\/\/www.intoscana.it\/it\/articolo\/toscana-2050-si-insendia-il-comitato-scientifico-per-progettare-la-regione-del-futuro\/\">Toscana 2050<\/a>, il progetto del Consiglio regionale nato per aprire un dibattito e fornire proposte sulle politiche economiche, sociali e culturali da mettere in campo nei prossimi anni. Uno strumento in pi\u00f9, dalle grandi potenzialit\u00e0, per creare le premesse di un domani pi\u00f9 roseo.<\/p>\n<p>Il comitato appena insediato conta <mark>esponenti di spicco in tutti i campi, dalla cultura all&#8217;enogastronomia, dalla scienza all&#8217;innovazione alla medicina, dalla formazione all&#8217;economia. Personalit\u00e0 note soprattutto per i ruoli ricoperti e per la competenza mosrtata. Quindici, nove uomini e sei donne.<\/mark><\/p>\n<p><strong>Fabio Beltram<\/strong>. Professore di Fisica alla Scuola Normale superiore di Pisa e direttore del laboratorio Nest<\/p>\n<p><strong>Marco Casamonti. <\/strong>Architetto e professore all&#8217;Universit\u00e0 di Genova. Con il suo studio Archea ha progettato imponenti edifici da Dabui a Mosca, passando per Pechino. Sua anche la cantina d&#8217;autore a Bargino, nel fiorentino.<\/p>\n<p><strong>Stefano Casini Benvenuti<\/strong>. Economista, \u00e8 stato per dieci anni, fino al 2021, direttore dell&#8217;Irpet, l&#8217;istituto di programmazione economica della Toscana.<\/p>\n<p><strong>Donatella Cinelli Colombini<\/strong>. Nata in una famiglia di produttori di Brunello di Montalcino, il vino resta una sua passione insieme all&#8217;arte. Da una sua idea \u00e8 nato il &#8220;movimento del turismo del vino&#8221; nel 1993 e ha inventato &#8220;cantine aperte&#8221;<\/p>\n<p><strong>Paolo Dario.\u00a0<\/strong>Professore di Robotica biomedica alla Scuola Superiore sant&#8217;Anna di Pisa. Nella sua lunga carriera ha ottenuto diversi brevetti e fondato molte start-up.<\/p>\n<p><strong>Giulio Deangeli<\/strong>. Il pi\u00f9 giovane, ma non per questo con meno esperienza. \u00c8 un neuroscienziato di 27 anni, plurilaureato all&#8217;Universit\u00e0 di Pisa, ad Harvard e a Cambrindge. Al suo attivo ha gi\u00e0 numerose pubblicazioni internazionali e fa anche volontariato.<\/p>\n<p><strong>Donatella Della Porta<\/strong>. Professoressa di Scienze Politiche della Scuola Normale. Nella sua carriera ha pubblicato 85 libri.<\/p>\n<p><strong>Francesco Macchia<\/strong>.\u00a0Esperto di politica sanitaria e imprenditore sociale.<\/p>\n<p><strong>Antonella Mansi.<\/strong> Imprenditrice e manager di importanti aziende e banche, presidente del Centro di Firenze per la Moda italiana e vice presidente di Pitti.<\/p>\n<figure id=\"post-229770 media-229770\" class=\"align-none\"><img decoding=\"async\" src=\"https:\/\/www.intoscana.it\/wp-content\/uploads\/IMG_66E8E3FD540C-1.jpeg\" alt=\"\" \/><\/figure>\n<div class=\"titleimg\" style=\"text-align: center;\"><em>Antonella Mansi<\/em><\/div>\n<p><strong>Patrizia Marti.\u00a0<\/strong>Professoressa di Scienze sociali dell&#8217;Universit\u00e0 di Siena. I suoi studi sono proiettati verso una cultura orientata all&#8217;innovazione.<\/p>\n<p><strong>Franca Melfi. <\/strong>Pioniera nel campo della chirurgia robotica, \u00e8 sua la prima procedura al mondo applicata al cancro al polmone nel 2001.<\/p>\n<p><strong>Luigi Salvadori.\u00a0<\/strong>Presidente della Fondazione CR Firenze e imprenditore.<\/p>\n<p><strong>Eike Schmidt.<\/strong> Direttore della Galleria degli Uffizi, grande esperto d&#8217;arte e studioso.<\/p>\n<figure id=\"post-229769 media-229769\" class=\"align-none\"><img decoding=\"async\" src=\"https:\/\/www.intoscana.it\/wp-content\/uploads\/IMG_0567D3EFF1A2-1.jpeg\" alt=\"\" \/><\/figure>\n<div class=\"titleimg\" style=\"text-align: center;\"><em>Eike Schmidt<\/em><\/div>\n<p><strong>Vincenzo Vespri.<\/strong> Normalista, professore di Matematica all&#8217;Universit\u00e0 di Firenze. Esperto in finanza, in particolare della tecnologia blockchain.<\/p>\n<p><strong>Paolo Posarelli.<\/strong> Esperto in bio-architettura. Un suo progetto \u00e8 stato esposto alla Biennale di Architettura di Venezia.<\/p>\n","protected":false},"excerpt":{"rendered":"<p>Sono i componenti del comitato scientifico che lavoreranno insieme al presidente del Consiglio regionale, Antonio Mazzeo, per disegnare il futuro<\/p>\n","protected":false},"author":525,"featured_media":229768,"comment_status":"open","ping_status":"open","sticky":false,"template":"","format":"standard","meta":{"_acf_changed":false,"footnotes":""},"categories":[475],"tags":[4753],"class_list":["post-229760","post","type-post","status-publish","format-standard","has-post-thumbnail","hentry","category-innovazione","tag-consiglio-regionale-della-toscana"],"acf":[],"yoast_head":"<!-- This site is optimized with the Yoast SEO Premium plugin v24.2 (Yoast SEO v25.6) - https:\/\/yoast.com\/wordpress\/plugins\/seo\/ -->\n<title>Dal giovane plurilaureato alla scienziata: i 15 volti che disegneranno &quot;Toscana 2050&quot; - intoscana<\/title>\n<meta name=\"description\" content=\"Sono i componenti del comitato scientifico che lavoreranno insieme al presidente del Consiglio regionale, Antonio Mazzeo, per disegnare il futuro\" \/>\n<meta name=\"robots\" content=\"index, follow, max-snippet:-1, max-image-preview:large, max-video-preview:-1\" \/>\n<link rel=\"canonical\" href=\"https:\/\/www.intoscana.it\/it\/dal-giovane-plurilauerato-alla-scienziata-i-15-volti-che-disegneranno-toscana-2050\/\" \/>\n<meta property=\"og:locale\" content=\"it_IT\" \/>\n<meta property=\"og:type\" content=\"article\" \/>\n<meta property=\"og:title\" content=\"Dal giovane plurilaureato alla scienziata: i 15 volti che disegneranno &quot;Toscana 2050&quot;\" \/>\n<meta property=\"og:description\" content=\"Sono i componenti del comitato scientifico che lavoreranno insieme al presidente del Consiglio regionale, Antonio Mazzeo, per disegnare il futuro\" \/>\n<meta property=\"og:url\" content=\"https:\/\/www.intoscana.it\/it\/dal-giovane-plurilauerato-alla-scienziata-i-15-volti-che-disegneranno-toscana-2050\/\" \/>\n<meta property=\"og:site_name\" content=\"intoscana\" \/>\n<meta property=\"article:publisher\" content=\"https:\/\/www.facebook.com\/intoscana.it\" \/>\n<meta property=\"article:published_time\" content=\"2022-05-20T14:03:19+00:00\" \/>\n<meta property=\"article:modified_time\" content=\"2022-05-24T11:03:33+00:00\" \/>\n<meta property=\"og:image\" content=\"https:\/\/www.intoscana.it\/wp-content\/uploads\/IMG_512461F695A4-1.jpeg\" \/>\n\t<meta property=\"og:image:width\" content=\"1170\" \/>\n\t<meta property=\"og:image:height\" content=\"935\" \/>\n\t<meta property=\"og:image:type\" content=\"image\/jpeg\" \/>\n<meta name=\"author\" content=\"Redazione\" \/>\n<meta name=\"twitter:card\" content=\"summary_large_image\" \/>\n<meta name=\"twitter:creator\" content=\"@intoscana\" \/>\n<meta name=\"twitter:site\" content=\"@intoscana\" \/>\n<meta name=\"twitter:label1\" content=\"Written by\" \/>\n\t<meta name=\"twitter:data1\" content=\"Redazione\" \/>\n\t<meta name=\"twitter:label2\" content=\"Est. reading time\" \/>\n\t<meta name=\"twitter:data2\" content=\"2 minuti\" \/>\n<script type=\"application\/ld+json\" class=\"yoast-schema-graph\">{\"@context\":\"https:\/\/schema.org\",\"@graph\":[{\"@type\":\"WebPage\",\"@id\":\"https:\/\/www.intoscana.it\/it\/dal-giovane-plurilauerato-alla-scienziata-i-15-volti-che-disegneranno-toscana-2050\/\",\"url\":\"https:\/\/www.intoscana.it\/it\/dal-giovane-plurilauerato-alla-scienziata-i-15-volti-che-disegneranno-toscana-2050\/\",\"name\":\"Dal giovane plurilaureato alla scienziata: i 15 volti che disegneranno \\\"Toscana 2050\\\" - intoscana\",\"isPartOf\":{\"@id\":\"https:\/\/www.intoscana.it\/it\/#website\"},\"primaryImageOfPage\":{\"@id\":\"https:\/\/www.intoscana.it\/it\/dal-giovane-plurilauerato-alla-scienziata-i-15-volti-che-disegneranno-toscana-2050\/#primaryimage\"},\"image\":{\"@id\":\"https:\/\/www.intoscana.it\/it\/dal-giovane-plurilauerato-alla-scienziata-i-15-volti-che-disegneranno-toscana-2050\/#primaryimage\"},\"thumbnailUrl\":\"https:\/\/www.intoscana.it\/wp-content\/uploads\/IMG_512461F695A4-1.jpeg\",\"datePublished\":\"2022-05-20T14:03:19+00:00\",\"dateModified\":\"2022-05-24T11:03:33+00:00\",\"author\":{\"@id\":\"https:\/\/www.intoscana.it\/it\/#\/schema\/person\/9223810753230f20bd670fdd322661f8\"},\"description\":\"Sono i componenti del comitato scientifico che lavoreranno insieme al presidente del Consiglio regionale, Antonio Mazzeo, per disegnare il futuro\",\"breadcrumb\":{\"@id\":\"https:\/\/www.intoscana.it\/it\/dal-giovane-plurilauerato-alla-scienziata-i-15-volti-che-disegneranno-toscana-2050\/#breadcrumb\"},\"inLanguage\":\"it-IT\",\"potentialAction\":[{\"@type\":\"ReadAction\",\"target\":[\"https:\/\/www.intoscana.it\/it\/dal-giovane-plurilauerato-alla-scienziata-i-15-volti-che-disegneranno-toscana-2050\/\"]}]},{\"@type\":\"ImageObject\",\"inLanguage\":\"it-IT\",\"@id\":\"https:\/\/www.intoscana.it\/it\/dal-giovane-plurilauerato-alla-scienziata-i-15-volti-che-disegneranno-toscana-2050\/#primaryimage\",\"url\":\"https:\/\/www.intoscana.it\/wp-content\/uploads\/IMG_512461F695A4-1.jpeg\",\"contentUrl\":\"https:\/\/www.intoscana.it\/wp-content\/uploads\/IMG_512461F695A4-1.jpeg\",\"width\":1170,\"height\":935},{\"@type\":\"BreadcrumbList\",\"@id\":\"https:\/\/www.intoscana.it\/it\/dal-giovane-plurilauerato-alla-scienziata-i-15-volti-che-disegneranno-toscana-2050\/#breadcrumb\",\"itemListElement\":[{\"@type\":\"ListItem\",\"position\":1,\"name\":\"Home\",\"item\":\"https:\/\/www.intoscana.it\/it\/\"},{\"@type\":\"ListItem\",\"position\":2,\"name\":\"Dal giovane plurilaureato alla scienziata: i 15 volti che disegneranno &#8220;Toscana 2050&#8221;\"}]},{\"@type\":\"WebSite\",\"@id\":\"https:\/\/www.intoscana.it\/it\/#website\",\"url\":\"https:\/\/www.intoscana.it\/it\/\",\"name\":\"intoscana\",\"description\":\"\",\"potentialAction\":[{\"@type\":\"SearchAction\",\"target\":{\"@type\":\"EntryPoint\",\"urlTemplate\":\"https:\/\/www.intoscana.it\/it\/?s={search_term_string}\"},\"query-input\":{\"@type\":\"PropertyValueSpecification\",\"valueRequired\":true,\"valueName\":\"search_term_string\"}}],\"inLanguage\":\"it-IT\"},{\"@type\":\"Person\",\"@id\":\"https:\/\/www.intoscana.it\/it\/#\/schema\/person\/9223810753230f20bd670fdd322661f8\",\"name\":\"Redazione\",\"url\":\"https:\/\/www.intoscana.it\/it\/author\/redazione\/\"}]}<\/script>\n<!-- \/ Yoast SEO Premium plugin. -->","yoast_head_json":{"title":"Dal giovane plurilaureato alla scienziata: i 15 volti che disegneranno \"Toscana 2050\" - intoscana","description":"Sono i componenti del comitato scientifico che lavoreranno insieme al presidente del Consiglio regionale, Antonio Mazzeo, per disegnare il futuro","robots":{"index":"index","follow":"follow","max-snippet":"max-snippet:-1","max-image-preview":"max-image-preview:large","max-video-preview":"max-video-preview:-1"},"canonical":"https:\/\/www.intoscana.it\/it\/dal-giovane-plurilauerato-alla-scienziata-i-15-volti-che-disegneranno-toscana-2050\/","og_locale":"it_IT","og_type":"article","og_title":"Dal giovane plurilaureato alla scienziata: i 15 volti che disegneranno \"Toscana 2050\"","og_description":"Sono i componenti del comitato scientifico che lavoreranno insieme al presidente del Consiglio regionale, Antonio Mazzeo, per disegnare il futuro","og_url":"https:\/\/www.intoscana.it\/it\/dal-giovane-plurilauerato-alla-scienziata-i-15-volti-che-disegneranno-toscana-2050\/","og_site_name":"intoscana","article_publisher":"https:\/\/www.facebook.com\/intoscana.it","article_published_time":"2022-05-20T14:03:19+00:00","article_modified_time":"2022-05-24T11:03:33+00:00","og_image":[{"width":1170,"height":935,"url":"https:\/\/www.intoscana.it\/wp-content\/uploads\/IMG_512461F695A4-1.jpeg","type":"image\/jpeg"}],"author":"Redazione","twitter_card":"summary_large_image","twitter_creator":"@intoscana","twitter_site":"@intoscana","twitter_misc":{"Written by":"Redazione","Est. reading time":"2 minuti"},"schema":{"@context":"https:\/\/schema.org","@graph":[{"@type":"WebPage","@id":"https:\/\/www.intoscana.it\/it\/dal-giovane-plurilauerato-alla-scienziata-i-15-volti-che-disegneranno-toscana-2050\/","url":"https:\/\/www.intoscana.it\/it\/dal-giovane-plurilauerato-alla-scienziata-i-15-volti-che-disegneranno-toscana-2050\/","name":"Dal giovane plurilaureato alla scienziata: i 15 volti che disegneranno \"Toscana 2050\" - intoscana","isPartOf":{"@id":"https:\/\/www.intoscana.it\/it\/#website"},"primaryImageOfPage":{"@id":"https:\/\/www.intoscana.it\/it\/dal-giovane-plurilauerato-alla-scienziata-i-15-volti-che-disegneranno-toscana-2050\/#primaryimage"},"image":{"@id":"https:\/\/www.intoscana.it\/it\/dal-giovane-plurilauerato-alla-scienziata-i-15-volti-che-disegneranno-toscana-2050\/#primaryimage"},"thumbnailUrl":"https:\/\/www.intoscana.it\/wp-content\/uploads\/IMG_512461F695A4-1.jpeg","datePublished":"2022-05-20T14:03:19+00:00","dateModified":"2022-05-24T11:03:33+00:00","author":{"@id":"https:\/\/www.intoscana.it\/it\/#\/schema\/person\/9223810753230f20bd670fdd322661f8"},"description":"Sono i componenti del comitato scientifico che lavoreranno insieme al presidente del Consiglio regionale, Antonio Mazzeo, per disegnare il futuro","breadcrumb":{"@id":"https:\/\/www.intoscana.it\/it\/dal-giovane-plurilauerato-alla-scienziata-i-15-volti-che-disegneranno-toscana-2050\/#breadcrumb"},"inLanguage":"it-IT","potentialAction":[{"@type":"ReadAction","target":["https:\/\/www.intoscana.it\/it\/dal-giovane-plurilauerato-alla-scienziata-i-15-volti-che-disegneranno-toscana-2050\/"]}]},{"@type":"ImageObject","inLanguage":"it-IT","@id":"https:\/\/www.intoscana.it\/it\/dal-giovane-plurilauerato-alla-scienziata-i-15-volti-che-disegneranno-toscana-2050\/#primaryimage","url":"https:\/\/www.intoscana.it\/wp-content\/uploads\/IMG_512461F695A4-1.jpeg","contentUrl":"https:\/\/www.intoscana.it\/wp-content\/uploads\/IMG_512461F695A4-1.jpeg","width":1170,"height":935},{"@type":"BreadcrumbList","@id":"https:\/\/www.intoscana.it\/it\/dal-giovane-plurilauerato-alla-scienziata-i-15-volti-che-disegneranno-toscana-2050\/#breadcrumb","itemListElement":[{"@type":"ListItem","position":1,"name":"Home","item":"https:\/\/www.intoscana.it\/it\/"},{"@type":"ListItem","position":2,"name":"Dal giovane plurilaureato alla scienziata: i 15 volti che disegneranno &#8220;Toscana 2050&#8221;"}]},{"@type":"WebSite","@id":"https:\/\/www.intoscana.it\/it\/#website","url":"https:\/\/www.intoscana.it\/it\/","name":"intoscana","description":"","potentialAction":[{"@type":"SearchAction","target":{"@type":"EntryPoint","urlTemplate":"https:\/\/www.intoscana.it\/it\/?s={search_term_string}"},"query-input":{"@type":"PropertyValueSpecification","valueRequired":true,"valueName":"search_term_string"}}],"inLanguage":"it-IT"},{"@type":"Person","@id":"https:\/\/www.intoscana.it\/it\/#\/schema\/person\/9223810753230f20bd670fdd322661f8","name":"Redazione","url":"https:\/\/www.intoscana.it\/it\/author\/redazione\/"}]}},"_links":{"self":[{"href":"https:\/\/www.intoscana.it\/it\/wp-json\/wp\/v2\/posts\/229760","targetHints":{"allow":["GET"]}}],"collection":[{"href":"https:\/\/www.intoscana.it\/it\/wp-json\/wp\/v2\/posts"}],"about":[{"href":"https:\/\/www.intoscana.it\/it\/wp-json\/wp\/v2\/types\/post"}],"author":[{"embeddable":true,"href":"https:\/\/www.intoscana.it\/it\/wp-json\/wp\/v2\/users\/525"}],"replies":[{"embeddable":true,"href":"https:\/\/www.intoscana.it\/it\/wp-json\/wp\/v2\/comments?post=229760"}],"version-history":[{"count":0,"href":"https:\/\/www.intoscana.it\/it\/wp-json\/wp\/v2\/posts\/229760\/revisions"}],"wp:featuredmedia":[{"embeddable":true,"href":"https:\/\/www.intoscana.it\/it\/wp-json\/wp\/v2\/media\/229768"}],"wp:attachment":[{"href":"https:\/\/www.intoscana.it\/it\/wp-json\/wp\/v2\/media?parent=229760"}],"wp:term":[{"taxonomy":"category","embeddable":true,"href":"https:\/\/www.intoscana.it\/it\/wp-json\/wp\/v2\/categories?post=229760"},{"taxonomy":"post_tag","embeddable":true,"href":"https:\/\/www.intoscana.it\/it\/wp-json\/wp\/v2\/tags?post=229760"}],"curies":[{"name":"wp","href":"https:\/\/api.w.org\/{rel}","templated":true}]}}