{"id":229954,"date":"2022-05-21T18:31:13","date_gmt":"2022-05-21T16:31:13","guid":{"rendered":"https:\/\/www.intoscana.it\/it\/?p=229954"},"modified":"2022-05-21T18:34:49","modified_gmt":"2022-05-21T16:34:49","slug":"io-sono-fiorentino-la-filiera-corta-nel-piatto-con-confcommercio-e-vetrina-toscana","status":"publish","type":"post","link":"https:\/\/www.intoscana.it\/it\/io-sono-fiorentino-la-filiera-corta-nel-piatto-con-confcommercio-e-vetrina-toscana\/","title":{"rendered":"Io sono fiorentino, la filiera corta nel piatto con Confcommercio e Vetrina Toscana"},"content":{"rendered":"<p>La fiorentinit\u00e0 nel piatto, direttamente <strong>dal campo alla tavola<\/strong>. <em>\u201cIo sono fiorentino\u201d<\/em> \u00e8 il progetto che vede assieme <strong>la Confcommercio<\/strong> Toscana e il progetto regionale \u201c<em>Vetrina Toscana<\/em>\u201d. L&#8217;obiettivo \u00e8 di promuovere insieme la qualit\u00e0 dell\u2019enogastronomia locale e le produzioni tipiche di filiera corta del territorio <strong>nei ristoranti associati di Confcommercio<\/strong>.<\/p>\n<p>Una iniziativa giunta <strong>alla seconda edizione<\/strong>, con il sostegno di <mark>Regione Toscana, Toscana Promozione Turistica e Fondazione Sistema Toscana<\/mark>, il contributo di Unioncamere e Camera di Commercio di Firenze e la collaborazione di Coldiretti Firenze-Prato.<\/p>\n<h3>La fiorentinit\u00e0 approda nel piatto<\/h3>\n<p>La formula dell&#8217;iniziativa \u00e8 semplice, diretta, efficace. <strong>Otto i prodotti agroalimentari<\/strong> di stagione individuati. Uno al mese, da giugno a dicembre, protagonista di volta in volta nel menu dei <strong>ventidue locali fiorentini<\/strong> aderenti al progetto.<\/p>\n<p>In elenco figurano <mark>fragole, pomodoro fiorentino, zucchina fiorentina, fichi verdini, castagne, zucca gialla, trippa o lampredotto<\/mark> rigorosamente \u201ca km 0\u201d. I prodotti alimentari saranno acquistati ogni mese dagli agricoltori di \u201c<em>Campagna Amica<\/em>\u201d e utilizzati dagli chef dei ristoranti aderenti al progetto secondo le ricette della tradizione interpretate con gusto e fantasia.<\/p>\n<p>I piatti potranno essere gustati anche con gli occhi sulle\u00a0<a href=\"https:\/\/www.facebook.com\/iosonofiorentino\">pagine social di \u201cIo sono fiorentino\u201d<\/a>. Le foto dei piatti saranno scattate dalla foodstylist\u00a0<strong>Liudmila Musatova<\/strong>, nome noto nell&#8217;ambiente enogastronomico.<\/p>\n<p>L\u2019obiettivo dell\u2019operazione \u201c<em>Io sono fiorentino<\/em>\u201d \u00e8 di promuovere la cucina fiorentina nella sua veste migliore: a chilometro zero, sostenibile e fedele alle tradizioni locali. Fondamentale il lavoro di squadra tra <strong>Confcommercio<\/strong>, associazione Ristoratori guidata dallo chef <strong>Marco Stabile<\/strong> e <strong>Coldiretti Firenze-Prato<\/strong>.<\/p>\n<p>La presentazione del progetto, in occasione del mercato di &#8220;<em>Campagna Amica&#8221;<\/em> <strong>alle Cascine<\/strong> \u00e8 stata l&#8217;occasione per una prova generale dell&#8217;alleanza. I ristoratori di \u201c<em>Io sono fiorentino<\/em>\u201d hanno <strong>comprato le fragole<\/strong> da usare per le ricette del mese di giugno.<\/p>\n<figure id=\"post-229962 media-229962\" class=\"align-none\"><img decoding=\"async\" src=\"https:\/\/www.intoscana.it\/wp-content\/uploads\/io-sono-fiorentino-768x388-1.jpg\" alt=\"\" \/><\/figure>\n<div class=\"titleimg\">Io sono fiorentino, la filiera corta nel piatto con Confcommercio e Vetrina Toscana<\/div>\n<h3>Fare rete nel nome della filiera corta<\/h3>\n<p>\u201c<em>L\u2019esperimento nato due anni fa si consolida e dimostra la validit\u00e0 del fare rete, in questo caso nella filiera agroalimentare, tra produttori e ristoratori<\/em> \u2013 ha commentato la vicepresidente della Regione e assessora all\u2019agroalimentare <strong>Stefania Saccardi<\/strong> \u2013 <em>tutto all\u2019insegna della qualit\u00e0 e della stagionalit\u00e0, perci\u00f2 della filiera corta o cortissima. Una formula che non solo premia l\u2019ambiente e la sostenibilit\u00e0 ma anche la salute che, come non mi stancher\u00f2 mai di ripetere, inizia dalla tavola. E una tavola che, nel caso di \u201cIo sono fiorentino\u201d, \u00e8 imbandita da una cucina eccellente. Siamo di fronte a un insieme di valori, dunque, di cui questo progetto \u00e8 espressione perfetta<\/em>\u201d.<\/p>\n<p>Per <strong>Aldo Cursano<\/strong>, presidente Confcommercio Toscana e vicepresidente nazionale Fipe (Federazione Italiana Pubblici Esercizi)-Confcommercio progetti come \u201c<em>Io sono fiorentino<\/em>\u201d danno l\u2019opportunit\u00e0 di ripartire &#8220;<em>trovando coesione e forza intorno ai valori che ci contraddistinguono. Cultura e natura a Firenze hanno un legame indissolubile, che vogliamo ribadire anche sulle tavole dei ristoranti, la \u2018casa fuori casa\u2019 di tante persone<\/em>\u201d.<\/p>\n<p><strong>Franco Marinoni<\/strong>, direttore Confcommercio Toscana ricorda che con &#8220;<em>Vetrina Toscana<\/em>\u201d la Regione ha creato &#8220;<em>uno strumento efficace per collezionare idee e progetti capaci di valorizzare l\u2019eccellenza della nostra enogastronomia, accendendo i riflettori sui tanti professionisti che animano il dietro le quinte della ristorazione. Ed \u00e8 su questa narrazione che abbiamo voluto centrare il progetto di \u201cIo sono fiorentino\u201d, per far scoprire ai consumatori la bellezza e il portato delle loro scelte in fatto di ristorazione di qualit\u00e0<\/em>\u201d.<\/p>\n<figure id=\"post-37939 media-37939\" class=\"align-none\"><img decoding=\"async\" src=\"https:\/\/www.intoscana.it\/wp-content\/uploads\/TOSCANA-TERRA-DEL-BUON-VIVERE-Siena-Marco-Stabile-con-bouquet-cavolo-nero-e-porri.jpg\" alt=\"\" \/><\/figure>\n<div class=\"titleimg\">Lo chef Marco Stabile con un bouquet di cavolo nero<\/div>\n<h3>I ristoranti di &#8220;Io sono fiorentino&#8221;<\/h3>\n<p>Questi <strong>i ristoranti aderenti all&#8217;iniziativa<\/strong>: Aroma Ristorante in Firenze, Caff\u00e8 Le Rose, Eataly, Enoteca Barrique, Gilda Bistrot, La Martinicca, Locanda Il Gallo, Lungarno 23, Ora d&#8217;aria, Osteria Del Bricco, Osteria La Gramola, Osteria Pratellino, Ristorante Adriano, Ristorante Boccanegra, Ristorante Angiolino Ai 13 arrosti, Ristorante Antico Ristori di Cambi, Ristorante Carmagnini del 500, Ristorante Giglio Rosso, Trattoria Ada, Trattoria Dino, Veg&amp;Veg, Zeffirelli&#8217;s Tea Room Bar&amp;Restaurant.<\/p>\n<h3>Il calendario dei prodotti selezionati per il menu<\/h3>\n<p>Il calendario dei prodotti selezionati propone <strong>fragole<\/strong> a giugno, <strong>pomodoro fiorentino<\/strong> a luglio, <strong>zucchina fiorentina<\/strong> ad agosto,<strong> fichi verdini<\/strong> a settembre, <strong>castagne<\/strong> a ottobre,\u00a0<strong>zucca gialla<\/strong> a novembre e <strong>trippa o lampredotto<\/strong> a dicembre.<\/p>\n<p>I prodotti acquistati dagli agricoltori di &#8220;<em>Campagna Amica<\/em>&#8221; si potranno assaggiare di mese in mese nelle ricette realizzate dagli chef dei ristoranti aderenti. Previsto <strong>un assaggio gratuito ogni gioved\u00ec<\/strong>.<\/p>\n","protected":false},"excerpt":{"rendered":"<p>Un progetto per promuovere insieme la qualit\u00e0 dell\u2019enogastronomia locale e i prodotti tipici nei 22 ristoranti aderenti all&#8217;iniziativa<\/p>\n","protected":false},"author":554,"featured_media":229963,"comment_status":"open","ping_status":"open","sticky":false,"template":"","format":"standard","meta":{"_acf_changed":false,"footnotes":""},"categories":[8],"tags":[5744,168,151,4769,146],"class_list":["post-229954","post","type-post","status-publish","format-standard","has-post-thumbnail","hentry","category-enogastronomia","tag-confcommercio","tag-fondazione-sistema-toscana","tag-regione-toscana","tag-stefania-saccardi","tag-vetrina-toscana"],"acf":[],"yoast_head":"<!-- This site is optimized with the Yoast SEO Premium plugin v24.2 (Yoast SEO v25.6) - https:\/\/yoast.com\/wordpress\/plugins\/seo\/ -->\n<title>Io sono fiorentino, la filiera corta nel piatto con Confcommercio e Vetrina Toscana - intoscana<\/title>\n<meta name=\"description\" content=\"Un progetto per promuovere insieme la qualit\u00e0 dell\u2019enogastronomia locale e i prodotti tipici nei ristoranti di Firenze\" \/>\n<meta name=\"robots\" content=\"index, follow, max-snippet:-1, max-image-preview:large, max-video-preview:-1\" \/>\n<link rel=\"canonical\" href=\"https:\/\/www.intoscana.it\/it\/io-sono-fiorentino-la-filiera-corta-nel-piatto-con-confcommercio-e-vetrina-toscana\/\" \/>\n<meta property=\"og:locale\" content=\"it_IT\" \/>\n<meta property=\"og:type\" content=\"article\" \/>\n<meta property=\"og:title\" content=\"Io sono fiorentino, la filiera corta nel piatto con Confcommercio e Vetrina Toscana\" \/>\n<meta property=\"og:description\" content=\"Un progetto per promuovere insieme la qualit\u00e0 dell\u2019enogastronomia locale e i prodotti tipici nei ristoranti di Firenze\" \/>\n<meta property=\"og:url\" content=\"https:\/\/www.intoscana.it\/it\/io-sono-fiorentino-la-filiera-corta-nel-piatto-con-confcommercio-e-vetrina-toscana\/\" \/>\n<meta property=\"og:site_name\" content=\"intoscana\" \/>\n<meta property=\"article:publisher\" content=\"https:\/\/www.facebook.com\/intoscana.it\" \/>\n<meta property=\"article:published_time\" content=\"2022-05-21T16:31:13+00:00\" \/>\n<meta property=\"article:modified_time\" content=\"2022-05-21T16:34:49+00:00\" \/>\n<meta property=\"og:image\" content=\"https:\/\/www.intoscana.it\/wp-content\/uploads\/io-sono-fiorentino-gruppo-768x512-1.jpg\" \/>\n\t<meta property=\"og:image:width\" content=\"768\" \/>\n\t<meta property=\"og:image:height\" content=\"512\" \/>\n\t<meta property=\"og:image:type\" content=\"image\/jpeg\" \/>\n<meta name=\"author\" content=\"Raffaella Galamini\" \/>\n<meta name=\"twitter:card\" content=\"summary_large_image\" \/>\n<meta name=\"twitter:creator\" content=\"@orio\" \/>\n<meta name=\"twitter:site\" content=\"@intoscana\" \/>\n<meta name=\"twitter:label1\" content=\"Written by\" \/>\n\t<meta name=\"twitter:data1\" content=\"Raffaella Galamini\" \/>\n\t<meta name=\"twitter:label2\" content=\"Est. reading time\" \/>\n\t<meta name=\"twitter:data2\" content=\"4 minuti\" \/>\n<script type=\"application\/ld+json\" class=\"yoast-schema-graph\">{\"@context\":\"https:\/\/schema.org\",\"@graph\":[{\"@type\":\"WebPage\",\"@id\":\"https:\/\/www.intoscana.it\/it\/io-sono-fiorentino-la-filiera-corta-nel-piatto-con-confcommercio-e-vetrina-toscana\/\",\"url\":\"https:\/\/www.intoscana.it\/it\/io-sono-fiorentino-la-filiera-corta-nel-piatto-con-confcommercio-e-vetrina-toscana\/\",\"name\":\"Io sono fiorentino, la filiera corta nel piatto con Confcommercio e Vetrina Toscana - intoscana\",\"isPartOf\":{\"@id\":\"https:\/\/www.intoscana.it\/it\/#website\"},\"primaryImageOfPage\":{\"@id\":\"https:\/\/www.intoscana.it\/it\/io-sono-fiorentino-la-filiera-corta-nel-piatto-con-confcommercio-e-vetrina-toscana\/#primaryimage\"},\"image\":{\"@id\":\"https:\/\/www.intoscana.it\/it\/io-sono-fiorentino-la-filiera-corta-nel-piatto-con-confcommercio-e-vetrina-toscana\/#primaryimage\"},\"thumbnailUrl\":\"https:\/\/www.intoscana.it\/wp-content\/uploads\/io-sono-fiorentino-gruppo-768x512-1.jpg\",\"datePublished\":\"2022-05-21T16:31:13+00:00\",\"dateModified\":\"2022-05-21T16:34:49+00:00\",\"author\":{\"@id\":\"https:\/\/www.intoscana.it\/it\/#\/schema\/person\/9eb9daa846a49fe51af39a73d9d1986b\"},\"description\":\"Un progetto per promuovere insieme la qualit\u00e0 dell\u2019enogastronomia locale e i prodotti tipici nei ristoranti di Firenze\",\"breadcrumb\":{\"@id\":\"https:\/\/www.intoscana.it\/it\/io-sono-fiorentino-la-filiera-corta-nel-piatto-con-confcommercio-e-vetrina-toscana\/#breadcrumb\"},\"inLanguage\":\"it-IT\",\"potentialAction\":[{\"@type\":\"ReadAction\",\"target\":[\"https:\/\/www.intoscana.it\/it\/io-sono-fiorentino-la-filiera-corta-nel-piatto-con-confcommercio-e-vetrina-toscana\/\"]}]},{\"@type\":\"ImageObject\",\"inLanguage\":\"it-IT\",\"@id\":\"https:\/\/www.intoscana.it\/it\/io-sono-fiorentino-la-filiera-corta-nel-piatto-con-confcommercio-e-vetrina-toscana\/#primaryimage\",\"url\":\"https:\/\/www.intoscana.it\/wp-content\/uploads\/io-sono-fiorentino-gruppo-768x512-1.jpg\",\"contentUrl\":\"https:\/\/www.intoscana.it\/wp-content\/uploads\/io-sono-fiorentino-gruppo-768x512-1.jpg\",\"width\":768,\"height\":512,\"caption\":\"Io sono fiorentino, la filiera corta nel piatto con Confcommercio e Vetrina Toscana\"},{\"@type\":\"BreadcrumbList\",\"@id\":\"https:\/\/www.intoscana.it\/it\/io-sono-fiorentino-la-filiera-corta-nel-piatto-con-confcommercio-e-vetrina-toscana\/#breadcrumb\",\"itemListElement\":[{\"@type\":\"ListItem\",\"position\":1,\"name\":\"Home\",\"item\":\"https:\/\/www.intoscana.it\/it\/\"},{\"@type\":\"ListItem\",\"position\":2,\"name\":\"Io sono fiorentino, la filiera corta nel piatto con Confcommercio e Vetrina Toscana\"}]},{\"@type\":\"WebSite\",\"@id\":\"https:\/\/www.intoscana.it\/it\/#website\",\"url\":\"https:\/\/www.intoscana.it\/it\/\",\"name\":\"intoscana\",\"description\":\"\",\"potentialAction\":[{\"@type\":\"SearchAction\",\"target\":{\"@type\":\"EntryPoint\",\"urlTemplate\":\"https:\/\/www.intoscana.it\/it\/?s={search_term_string}\"},\"query-input\":{\"@type\":\"PropertyValueSpecification\",\"valueRequired\":true,\"valueName\":\"search_term_string\"}}],\"inLanguage\":\"it-IT\"},{\"@type\":\"Person\",\"@id\":\"https:\/\/www.intoscana.it\/it\/#\/schema\/person\/9eb9daa846a49fe51af39a73d9d1986b\",\"name\":\"Raffaella Galamini\",\"sameAs\":[\"https:\/\/x.com\/orio\"],\"url\":\"https:\/\/www.intoscana.it\/it\/author\/r-galamini\/\"}]}<\/script>\n<!-- \/ Yoast SEO Premium plugin. -->","yoast_head_json":{"title":"Io sono fiorentino, la filiera corta nel piatto con Confcommercio e Vetrina Toscana - intoscana","description":"Un progetto per promuovere insieme la qualit\u00e0 dell\u2019enogastronomia locale e i prodotti tipici nei ristoranti di Firenze","robots":{"index":"index","follow":"follow","max-snippet":"max-snippet:-1","max-image-preview":"max-image-preview:large","max-video-preview":"max-video-preview:-1"},"canonical":"https:\/\/www.intoscana.it\/it\/io-sono-fiorentino-la-filiera-corta-nel-piatto-con-confcommercio-e-vetrina-toscana\/","og_locale":"it_IT","og_type":"article","og_title":"Io sono fiorentino, la filiera corta nel piatto con Confcommercio e Vetrina Toscana","og_description":"Un progetto per promuovere insieme la qualit\u00e0 dell\u2019enogastronomia locale e i prodotti tipici nei ristoranti di Firenze","og_url":"https:\/\/www.intoscana.it\/it\/io-sono-fiorentino-la-filiera-corta-nel-piatto-con-confcommercio-e-vetrina-toscana\/","og_site_name":"intoscana","article_publisher":"https:\/\/www.facebook.com\/intoscana.it","article_published_time":"2022-05-21T16:31:13+00:00","article_modified_time":"2022-05-21T16:34:49+00:00","og_image":[{"width":768,"height":512,"url":"https:\/\/www.intoscana.it\/wp-content\/uploads\/io-sono-fiorentino-gruppo-768x512-1.jpg","type":"image\/jpeg"}],"author":"Raffaella Galamini","twitter_card":"summary_large_image","twitter_creator":"@orio","twitter_site":"@intoscana","twitter_misc":{"Written by":"Raffaella Galamini","Est. reading time":"4 minuti"},"schema":{"@context":"https:\/\/schema.org","@graph":[{"@type":"WebPage","@id":"https:\/\/www.intoscana.it\/it\/io-sono-fiorentino-la-filiera-corta-nel-piatto-con-confcommercio-e-vetrina-toscana\/","url":"https:\/\/www.intoscana.it\/it\/io-sono-fiorentino-la-filiera-corta-nel-piatto-con-confcommercio-e-vetrina-toscana\/","name":"Io sono fiorentino, la filiera corta nel piatto con Confcommercio e Vetrina Toscana - intoscana","isPartOf":{"@id":"https:\/\/www.intoscana.it\/it\/#website"},"primaryImageOfPage":{"@id":"https:\/\/www.intoscana.it\/it\/io-sono-fiorentino-la-filiera-corta-nel-piatto-con-confcommercio-e-vetrina-toscana\/#primaryimage"},"image":{"@id":"https:\/\/www.intoscana.it\/it\/io-sono-fiorentino-la-filiera-corta-nel-piatto-con-confcommercio-e-vetrina-toscana\/#primaryimage"},"thumbnailUrl":"https:\/\/www.intoscana.it\/wp-content\/uploads\/io-sono-fiorentino-gruppo-768x512-1.jpg","datePublished":"2022-05-21T16:31:13+00:00","dateModified":"2022-05-21T16:34:49+00:00","author":{"@id":"https:\/\/www.intoscana.it\/it\/#\/schema\/person\/9eb9daa846a49fe51af39a73d9d1986b"},"description":"Un progetto per promuovere insieme la qualit\u00e0 dell\u2019enogastronomia locale e i prodotti tipici nei ristoranti di Firenze","breadcrumb":{"@id":"https:\/\/www.intoscana.it\/it\/io-sono-fiorentino-la-filiera-corta-nel-piatto-con-confcommercio-e-vetrina-toscana\/#breadcrumb"},"inLanguage":"it-IT","potentialAction":[{"@type":"ReadAction","target":["https:\/\/www.intoscana.it\/it\/io-sono-fiorentino-la-filiera-corta-nel-piatto-con-confcommercio-e-vetrina-toscana\/"]}]},{"@type":"ImageObject","inLanguage":"it-IT","@id":"https:\/\/www.intoscana.it\/it\/io-sono-fiorentino-la-filiera-corta-nel-piatto-con-confcommercio-e-vetrina-toscana\/#primaryimage","url":"https:\/\/www.intoscana.it\/wp-content\/uploads\/io-sono-fiorentino-gruppo-768x512-1.jpg","contentUrl":"https:\/\/www.intoscana.it\/wp-content\/uploads\/io-sono-fiorentino-gruppo-768x512-1.jpg","width":768,"height":512,"caption":"Io sono fiorentino, la filiera corta nel piatto con Confcommercio e Vetrina Toscana"},{"@type":"BreadcrumbList","@id":"https:\/\/www.intoscana.it\/it\/io-sono-fiorentino-la-filiera-corta-nel-piatto-con-confcommercio-e-vetrina-toscana\/#breadcrumb","itemListElement":[{"@type":"ListItem","position":1,"name":"Home","item":"https:\/\/www.intoscana.it\/it\/"},{"@type":"ListItem","position":2,"name":"Io sono fiorentino, la filiera corta nel piatto con Confcommercio e Vetrina Toscana"}]},{"@type":"WebSite","@id":"https:\/\/www.intoscana.it\/it\/#website","url":"https:\/\/www.intoscana.it\/it\/","name":"intoscana","description":"","potentialAction":[{"@type":"SearchAction","target":{"@type":"EntryPoint","urlTemplate":"https:\/\/www.intoscana.it\/it\/?s={search_term_string}"},"query-input":{"@type":"PropertyValueSpecification","valueRequired":true,"valueName":"search_term_string"}}],"inLanguage":"it-IT"},{"@type":"Person","@id":"https:\/\/www.intoscana.it\/it\/#\/schema\/person\/9eb9daa846a49fe51af39a73d9d1986b","name":"Raffaella Galamini","sameAs":["https:\/\/x.com\/orio"],"url":"https:\/\/www.intoscana.it\/it\/author\/r-galamini\/"}]}},"_links":{"self":[{"href":"https:\/\/www.intoscana.it\/it\/wp-json\/wp\/v2\/posts\/229954","targetHints":{"allow":["GET"]}}],"collection":[{"href":"https:\/\/www.intoscana.it\/it\/wp-json\/wp\/v2\/posts"}],"about":[{"href":"https:\/\/www.intoscana.it\/it\/wp-json\/wp\/v2\/types\/post"}],"author":[{"embeddable":true,"href":"https:\/\/www.intoscana.it\/it\/wp-json\/wp\/v2\/users\/554"}],"replies":[{"embeddable":true,"href":"https:\/\/www.intoscana.it\/it\/wp-json\/wp\/v2\/comments?post=229954"}],"version-history":[{"count":0,"href":"https:\/\/www.intoscana.it\/it\/wp-json\/wp\/v2\/posts\/229954\/revisions"}],"wp:featuredmedia":[{"embeddable":true,"href":"https:\/\/www.intoscana.it\/it\/wp-json\/wp\/v2\/media\/229963"}],"wp:attachment":[{"href":"https:\/\/www.intoscana.it\/it\/wp-json\/wp\/v2\/media?parent=229954"}],"wp:term":[{"taxonomy":"category","embeddable":true,"href":"https:\/\/www.intoscana.it\/it\/wp-json\/wp\/v2\/categories?post=229954"},{"taxonomy":"post_tag","embeddable":true,"href":"https:\/\/www.intoscana.it\/it\/wp-json\/wp\/v2\/tags?post=229954"}],"curies":[{"name":"wp","href":"https:\/\/api.w.org\/{rel}","templated":true}]}}