{"id":230025,"date":"2022-05-23T12:05:31","date_gmt":"2022-05-23T10:05:31","guid":{"rendered":"https:\/\/www.intoscana.it\/it\/?p=230025"},"modified":"2022-05-23T12:05:31","modified_gmt":"2022-05-23T10:05:31","slug":"le-emozioni-nascono-dal-cuore-non-dal-cervello-ora-lo-dice-la-scienza","status":"publish","type":"post","link":"https:\/\/www.intoscana.it\/it\/le-emozioni-nascono-dal-cuore-non-dal-cervello-ora-lo-dice-la-scienza\/","title":{"rendered":"Le emozioni nascono dal cuore, non dal cervello: ora lo dice la scienza"},"content":{"rendered":"<p>Prima \u00e8 il cuore, poi l&#8217;impulso arriva al cervello. \u00c8 il percorso delle <strong>emozioni<\/strong> che, contrariamente a quanto comunemente noto, trova evidenza scientifica nello studio dei bioingegneri dell\u2019<strong>Universit\u00e0 di Pisa<\/strong> in collaborazione con l\u2019Universit\u00e0 di Padova e l&#8217;University of California Irvine e pubblicato sulla rivista \u201cProceedings of the National Academy of Science of the USA\u201d. Viene cio\u00e8 analizzato il meccanismo che ci porta a provare una specifica emozione e che nel cuore trova la sua radice, non nel cervello.<\/p>\n<p>&#8220;<em>Se escludiamo alcune teorie proposte agli inizi del secolo scorso, fino ad ora l\u2019attivit\u00e0 cardiovascolare \u00e8 stata vista come un semplice supporto metabolico a sostegno del cervello. E solo il cervello sarebbe la sede dei processi biologici responsabili dell\u2019esperienza emotiva cosciente<\/em> &#8211; spiega <strong>Gaetano Valenza<\/strong>, docente di bioingegneria al Dipartimento di Ingegneria dell\u2019Informazione dell\u2019Universit\u00e0 di Pisa e ricercatore al Centro \u201cE. Piaggio\u201d &#8211;\u00a0 <mark><em>Noi abbiamo invece evidenze del fatto che l\u2019attivit\u00e0 cardiovascolare gioca un ruolo causale nell&#8217;iniziare e nel sentire una specifica emozione, e precede temporalmente l\u2019attivazione dei neuroni della corteccia cerebrale. In sostanza, per dirla parafrasando William James, che fu il padre, insieme a John Lange, della cosiddetta teoria periferica delle emozioni, non abbiamo la tachicardia perch\u00e9 abbiamo paura, ma la sensazione di paura \u00e8 l\u2019esperienza emotiva cosciente innescata dalla tachicardia\u201d<\/em>.<\/mark><\/p>\n<h3><em>La sperimentazione su persone e la &#8220;decodificazione&#8221; degli scambi cuore-cervello<\/em><\/h3>\n<p>Per dimostrare questa teoria sono stati utilizzati modelli matematici complessi applicati ai segnali elettrocardiografici ed elettroencefalografici in soggetti sani durante la visione di filmati con contenuto emotivo altamente spiacevole o piacevole. <mark>I ricercatori hanno cos\u00ec scoperto che nei primi secondi lo stimolo modifica l\u2019attivit\u00e0 cardiaca, che a sua volta induce e modula una specifica risposta della corteccia.<\/mark> Un continuo e bidirezionale scambio di informazioni tra cuore e cervello sottende quindi l\u2019intera esperienza cosciente dell\u2019emozione e, soprattutto, della sua intensit\u00e0. <em>\u201cOvviamente<\/em> \u2013 prosegue Valenza \u2013 l<em>a complessit\u00e0 delle emozioni che proviamo deriva da uno scambio molto complesso tra il nostro sistema nervoso e i vari sistemi &#8220;periferici&#8221;, ma \u00e8 l\u2019attivit\u00e0 cardiaca, e non quella cerebrale, a dare il via all\u2019esperienza emotiva.\u201d<\/em><\/p>\n<p>Per potere estrarre da una semplice analisi dell\u2019Ecg la valutazione di uno stato emotivo, i ricercatori hanno sviluppato delle equazioni matematiche in grado di &#8220;decodificare&#8221; continuamente la c<strong>omunicazione cuore-cervello<\/strong> nei diversi stati emozionali. In pratica, data una certa dinamica cardiaca, <mark>in un futuro prossimo, potrebbe essere possibile comprendere quale emozione \u00e8 stata provata dal soggetto sotto osservazione, per esempio utilizzando uno smartwatch.<\/mark><\/p>\n<h3><em>Gli effetti della scoperta\u00a0<\/em><\/h3>\n<p>La scoperta pu\u00f2 avere delle ricadute importanti sulla comprensione dei disturbi psichici e sulla loro relazione con la salute fisica, spiega <strong>Claudio Gentili<\/strong>, del Dipartimento di Psicologia Generale e Centro per i Servizi Clinici Psicologici dell\u2019Universit\u00e0 di Padova, <mark><em>&#8220;e pu\u00f2 spiegare perch\u00e9 soggetti con disturbi affettivi, come la <strong>depressione<\/strong>, sono associati ad una maggior probabilit\u00e0 di sviluppare patologie cardiache, o, viceversa, tra soggetti con problemi cardiaci quali patologie coronariche o aritmie si riscontra un incremento di ansia e depressione.<\/mark><\/em>\u00a0<em>Il nostro lavoro, oltre a riportare in auge la teoria della genesi periferica delle emozioni, conferma le pi\u00f9 recenti posizioni neuroscientifiche che propongono di superare il dualismo tra il cervello inteso come organo esclusivo della mente e il corpo, suggerendo come noi non siamo (solo) il nostro cervello\u201d.<\/em><\/p>\n","protected":false},"excerpt":{"rendered":"<p>La scoperta in uno studio dell&#8217;Universit\u00e0 di Pisa rivaluta il ruolo dell&#8217;attivit\u00e0 cardiovascolare nell&#8217;esperienza emotiva. Si aprono nuovi scenari sulla comprensione dei disturbi psichici e della depressione<\/p>\n","protected":false},"author":525,"featured_media":230063,"comment_status":"open","ping_status":"open","sticky":false,"template":"","format":"standard","meta":{"_acf_changed":false,"footnotes":""},"categories":[18],"tags":[213,368],"class_list":["post-230025","post","type-post","status-publish","format-standard","has-post-thumbnail","hentry","category-salute","tag-ricerca","tag-universita-di-pisa"],"acf":[],"yoast_head":"<!-- This site is optimized with the Yoast SEO Premium plugin v24.2 (Yoast SEO v25.6) - https:\/\/yoast.com\/wordpress\/plugins\/seo\/ -->\n<title>Le emozioni nascono dal cuore, non dal cervello: ora lo dice la scienza - intoscana<\/title>\n<meta name=\"description\" content=\"La scoperta in uno studio dell&#039;Universit\u00e0 di Pisa rivaluta il ruolo dell&#039;attivit\u00e0 cardiovascolare nell&#039;esperienza emotiva. Si aprono nuovi scenari sulla comprensione dei disturbi psichici e della depressione\" \/>\n<meta name=\"robots\" content=\"index, follow, max-snippet:-1, max-image-preview:large, max-video-preview:-1\" \/>\n<link rel=\"canonical\" href=\"https:\/\/www.intoscana.it\/it\/le-emozioni-nascono-dal-cuore-non-dal-cervello-ora-lo-dice-la-scienza\/\" \/>\n<meta property=\"og:locale\" content=\"it_IT\" \/>\n<meta property=\"og:type\" content=\"article\" \/>\n<meta property=\"og:title\" content=\"Le emozioni nascono dal cuore, non dal cervello: ora lo dice la scienza\" \/>\n<meta property=\"og:description\" content=\"La scoperta in uno studio dell&#039;Universit\u00e0 di Pisa rivaluta il ruolo dell&#039;attivit\u00e0 cardiovascolare nell&#039;esperienza emotiva. Si aprono nuovi scenari sulla comprensione dei disturbi psichici e della depressione\" \/>\n<meta property=\"og:url\" content=\"https:\/\/www.intoscana.it\/it\/le-emozioni-nascono-dal-cuore-non-dal-cervello-ora-lo-dice-la-scienza\/\" \/>\n<meta property=\"og:site_name\" content=\"intoscana\" \/>\n<meta property=\"article:publisher\" content=\"https:\/\/www.facebook.com\/intoscana.it\" \/>\n<meta property=\"article:published_time\" content=\"2022-05-23T10:05:31+00:00\" \/>\n<meta property=\"og:image\" content=\"https:\/\/www.intoscana.it\/wp-content\/uploads\/cuorecervello.png\" \/>\n\t<meta property=\"og:image:width\" content=\"800\" \/>\n\t<meta property=\"og:image:height\" content=\"600\" \/>\n\t<meta property=\"og:image:type\" content=\"image\/png\" \/>\n<meta name=\"author\" content=\"Redazione\" \/>\n<meta name=\"twitter:card\" content=\"summary_large_image\" \/>\n<meta name=\"twitter:creator\" content=\"@intoscana\" \/>\n<meta name=\"twitter:site\" content=\"@intoscana\" \/>\n<meta name=\"twitter:label1\" content=\"Written by\" \/>\n\t<meta name=\"twitter:data1\" content=\"Redazione\" \/>\n\t<meta name=\"twitter:label2\" content=\"Est. reading time\" \/>\n\t<meta name=\"twitter:data2\" content=\"3 minuti\" \/>\n<script type=\"application\/ld+json\" class=\"yoast-schema-graph\">{\"@context\":\"https:\/\/schema.org\",\"@graph\":[{\"@type\":\"WebPage\",\"@id\":\"https:\/\/www.intoscana.it\/it\/le-emozioni-nascono-dal-cuore-non-dal-cervello-ora-lo-dice-la-scienza\/\",\"url\":\"https:\/\/www.intoscana.it\/it\/le-emozioni-nascono-dal-cuore-non-dal-cervello-ora-lo-dice-la-scienza\/\",\"name\":\"Le emozioni nascono dal cuore, non dal cervello: ora lo dice la scienza - intoscana\",\"isPartOf\":{\"@id\":\"https:\/\/www.intoscana.it\/it\/#website\"},\"primaryImageOfPage\":{\"@id\":\"https:\/\/www.intoscana.it\/it\/le-emozioni-nascono-dal-cuore-non-dal-cervello-ora-lo-dice-la-scienza\/#primaryimage\"},\"image\":{\"@id\":\"https:\/\/www.intoscana.it\/it\/le-emozioni-nascono-dal-cuore-non-dal-cervello-ora-lo-dice-la-scienza\/#primaryimage\"},\"thumbnailUrl\":\"https:\/\/www.intoscana.it\/wp-content\/uploads\/cuorecervello.png\",\"datePublished\":\"2022-05-23T10:05:31+00:00\",\"author\":{\"@id\":\"https:\/\/www.intoscana.it\/it\/#\/schema\/person\/9223810753230f20bd670fdd322661f8\"},\"description\":\"La scoperta in uno studio dell'Universit\u00e0 di Pisa rivaluta il ruolo dell'attivit\u00e0 cardiovascolare nell'esperienza emotiva. Si aprono nuovi scenari sulla comprensione dei disturbi psichici e della depressione\",\"breadcrumb\":{\"@id\":\"https:\/\/www.intoscana.it\/it\/le-emozioni-nascono-dal-cuore-non-dal-cervello-ora-lo-dice-la-scienza\/#breadcrumb\"},\"inLanguage\":\"it-IT\",\"potentialAction\":[{\"@type\":\"ReadAction\",\"target\":[\"https:\/\/www.intoscana.it\/it\/le-emozioni-nascono-dal-cuore-non-dal-cervello-ora-lo-dice-la-scienza\/\"]}]},{\"@type\":\"ImageObject\",\"inLanguage\":\"it-IT\",\"@id\":\"https:\/\/www.intoscana.it\/it\/le-emozioni-nascono-dal-cuore-non-dal-cervello-ora-lo-dice-la-scienza\/#primaryimage\",\"url\":\"https:\/\/www.intoscana.it\/wp-content\/uploads\/cuorecervello.png\",\"contentUrl\":\"https:\/\/www.intoscana.it\/wp-content\/uploads\/cuorecervello.png\",\"width\":800,\"height\":600},{\"@type\":\"BreadcrumbList\",\"@id\":\"https:\/\/www.intoscana.it\/it\/le-emozioni-nascono-dal-cuore-non-dal-cervello-ora-lo-dice-la-scienza\/#breadcrumb\",\"itemListElement\":[{\"@type\":\"ListItem\",\"position\":1,\"name\":\"Home\",\"item\":\"https:\/\/www.intoscana.it\/it\/\"},{\"@type\":\"ListItem\",\"position\":2,\"name\":\"Le emozioni nascono dal cuore, non dal cervello: ora lo dice la scienza\"}]},{\"@type\":\"WebSite\",\"@id\":\"https:\/\/www.intoscana.it\/it\/#website\",\"url\":\"https:\/\/www.intoscana.it\/it\/\",\"name\":\"intoscana\",\"description\":\"\",\"potentialAction\":[{\"@type\":\"SearchAction\",\"target\":{\"@type\":\"EntryPoint\",\"urlTemplate\":\"https:\/\/www.intoscana.it\/it\/?s={search_term_string}\"},\"query-input\":{\"@type\":\"PropertyValueSpecification\",\"valueRequired\":true,\"valueName\":\"search_term_string\"}}],\"inLanguage\":\"it-IT\"},{\"@type\":\"Person\",\"@id\":\"https:\/\/www.intoscana.it\/it\/#\/schema\/person\/9223810753230f20bd670fdd322661f8\",\"name\":\"Redazione\",\"url\":\"https:\/\/www.intoscana.it\/it\/author\/redazione\/\"}]}<\/script>\n<!-- \/ Yoast SEO Premium plugin. -->","yoast_head_json":{"title":"Le emozioni nascono dal cuore, non dal cervello: ora lo dice la scienza - intoscana","description":"La scoperta in uno studio dell'Universit\u00e0 di Pisa rivaluta il ruolo dell'attivit\u00e0 cardiovascolare nell'esperienza emotiva. Si aprono nuovi scenari sulla comprensione dei disturbi psichici e della depressione","robots":{"index":"index","follow":"follow","max-snippet":"max-snippet:-1","max-image-preview":"max-image-preview:large","max-video-preview":"max-video-preview:-1"},"canonical":"https:\/\/www.intoscana.it\/it\/le-emozioni-nascono-dal-cuore-non-dal-cervello-ora-lo-dice-la-scienza\/","og_locale":"it_IT","og_type":"article","og_title":"Le emozioni nascono dal cuore, non dal cervello: ora lo dice la scienza","og_description":"La scoperta in uno studio dell'Universit\u00e0 di Pisa rivaluta il ruolo dell'attivit\u00e0 cardiovascolare nell'esperienza emotiva. Si aprono nuovi scenari sulla comprensione dei disturbi psichici e della depressione","og_url":"https:\/\/www.intoscana.it\/it\/le-emozioni-nascono-dal-cuore-non-dal-cervello-ora-lo-dice-la-scienza\/","og_site_name":"intoscana","article_publisher":"https:\/\/www.facebook.com\/intoscana.it","article_published_time":"2022-05-23T10:05:31+00:00","og_image":[{"width":800,"height":600,"url":"https:\/\/www.intoscana.it\/wp-content\/uploads\/cuorecervello.png","type":"image\/png"}],"author":"Redazione","twitter_card":"summary_large_image","twitter_creator":"@intoscana","twitter_site":"@intoscana","twitter_misc":{"Written by":"Redazione","Est. reading time":"3 minuti"},"schema":{"@context":"https:\/\/schema.org","@graph":[{"@type":"WebPage","@id":"https:\/\/www.intoscana.it\/it\/le-emozioni-nascono-dal-cuore-non-dal-cervello-ora-lo-dice-la-scienza\/","url":"https:\/\/www.intoscana.it\/it\/le-emozioni-nascono-dal-cuore-non-dal-cervello-ora-lo-dice-la-scienza\/","name":"Le emozioni nascono dal cuore, non dal cervello: ora lo dice la scienza - intoscana","isPartOf":{"@id":"https:\/\/www.intoscana.it\/it\/#website"},"primaryImageOfPage":{"@id":"https:\/\/www.intoscana.it\/it\/le-emozioni-nascono-dal-cuore-non-dal-cervello-ora-lo-dice-la-scienza\/#primaryimage"},"image":{"@id":"https:\/\/www.intoscana.it\/it\/le-emozioni-nascono-dal-cuore-non-dal-cervello-ora-lo-dice-la-scienza\/#primaryimage"},"thumbnailUrl":"https:\/\/www.intoscana.it\/wp-content\/uploads\/cuorecervello.png","datePublished":"2022-05-23T10:05:31+00:00","author":{"@id":"https:\/\/www.intoscana.it\/it\/#\/schema\/person\/9223810753230f20bd670fdd322661f8"},"description":"La scoperta in uno studio dell'Universit\u00e0 di Pisa rivaluta il ruolo dell'attivit\u00e0 cardiovascolare nell'esperienza emotiva. Si aprono nuovi scenari sulla comprensione dei disturbi psichici e della depressione","breadcrumb":{"@id":"https:\/\/www.intoscana.it\/it\/le-emozioni-nascono-dal-cuore-non-dal-cervello-ora-lo-dice-la-scienza\/#breadcrumb"},"inLanguage":"it-IT","potentialAction":[{"@type":"ReadAction","target":["https:\/\/www.intoscana.it\/it\/le-emozioni-nascono-dal-cuore-non-dal-cervello-ora-lo-dice-la-scienza\/"]}]},{"@type":"ImageObject","inLanguage":"it-IT","@id":"https:\/\/www.intoscana.it\/it\/le-emozioni-nascono-dal-cuore-non-dal-cervello-ora-lo-dice-la-scienza\/#primaryimage","url":"https:\/\/www.intoscana.it\/wp-content\/uploads\/cuorecervello.png","contentUrl":"https:\/\/www.intoscana.it\/wp-content\/uploads\/cuorecervello.png","width":800,"height":600},{"@type":"BreadcrumbList","@id":"https:\/\/www.intoscana.it\/it\/le-emozioni-nascono-dal-cuore-non-dal-cervello-ora-lo-dice-la-scienza\/#breadcrumb","itemListElement":[{"@type":"ListItem","position":1,"name":"Home","item":"https:\/\/www.intoscana.it\/it\/"},{"@type":"ListItem","position":2,"name":"Le emozioni nascono dal cuore, non dal cervello: ora lo dice la scienza"}]},{"@type":"WebSite","@id":"https:\/\/www.intoscana.it\/it\/#website","url":"https:\/\/www.intoscana.it\/it\/","name":"intoscana","description":"","potentialAction":[{"@type":"SearchAction","target":{"@type":"EntryPoint","urlTemplate":"https:\/\/www.intoscana.it\/it\/?s={search_term_string}"},"query-input":{"@type":"PropertyValueSpecification","valueRequired":true,"valueName":"search_term_string"}}],"inLanguage":"it-IT"},{"@type":"Person","@id":"https:\/\/www.intoscana.it\/it\/#\/schema\/person\/9223810753230f20bd670fdd322661f8","name":"Redazione","url":"https:\/\/www.intoscana.it\/it\/author\/redazione\/"}]}},"_links":{"self":[{"href":"https:\/\/www.intoscana.it\/it\/wp-json\/wp\/v2\/posts\/230025","targetHints":{"allow":["GET"]}}],"collection":[{"href":"https:\/\/www.intoscana.it\/it\/wp-json\/wp\/v2\/posts"}],"about":[{"href":"https:\/\/www.intoscana.it\/it\/wp-json\/wp\/v2\/types\/post"}],"author":[{"embeddable":true,"href":"https:\/\/www.intoscana.it\/it\/wp-json\/wp\/v2\/users\/525"}],"replies":[{"embeddable":true,"href":"https:\/\/www.intoscana.it\/it\/wp-json\/wp\/v2\/comments?post=230025"}],"version-history":[{"count":0,"href":"https:\/\/www.intoscana.it\/it\/wp-json\/wp\/v2\/posts\/230025\/revisions"}],"wp:featuredmedia":[{"embeddable":true,"href":"https:\/\/www.intoscana.it\/it\/wp-json\/wp\/v2\/media\/230063"}],"wp:attachment":[{"href":"https:\/\/www.intoscana.it\/it\/wp-json\/wp\/v2\/media?parent=230025"}],"wp:term":[{"taxonomy":"category","embeddable":true,"href":"https:\/\/www.intoscana.it\/it\/wp-json\/wp\/v2\/categories?post=230025"},{"taxonomy":"post_tag","embeddable":true,"href":"https:\/\/www.intoscana.it\/it\/wp-json\/wp\/v2\/tags?post=230025"}],"curies":[{"name":"wp","href":"https:\/\/api.w.org\/{rel}","templated":true}]}}