{"id":230354,"date":"2022-05-24T16:47:37","date_gmt":"2022-05-24T14:47:37","guid":{"rendered":"https:\/\/www.intoscana.it\/it\/?p=230354"},"modified":"2022-05-24T16:47:37","modified_gmt":"2022-05-24T14:47:37","slug":"tre-passi-avanti-con-lestate-fiorentina-dal-primo-giugno-ricordando-erriquez","status":"publish","type":"post","link":"https:\/\/www.intoscana.it\/it\/tre-passi-avanti-con-lestate-fiorentina-dal-primo-giugno-ricordando-erriquez\/","title":{"rendered":"&#8220;Tre passi avanti&#8221; con l&#8217;Estate Fiorentina: dal primo giugno, ricordando Erriquez"},"content":{"rendered":"<p>Dedicata ad <strong>Erriquez<\/strong>, con un budget da record e la ripresa dei tradizionali 15 festival. L&#8217;<strong>Estate Fiorentina<\/strong> riparte con i motori alla massima potenza. L\u2019edizione 2022 potr\u00e0 contare su un <mark>budget record che sale a 1,7 milioni di euro, 700 mila in pi\u00f9 rispetto allo scorso anno, tra fondi comunali, europei e la sponsorizzazione di Toscana Energia.<\/mark><\/p>\n<p><em>\u201cSar\u00e0 davvero straordinaria&#8221;<\/em>, \u00e8 il commento del sindaco <strong>Dario Nardella<\/strong>. &#8220;<em>Una vera ripartenza dopo mesi difficili e un modo per riscoprire il piacere di incontrarci di nuovo e stare insieme\u201d.<\/em><\/p>\n<h3><em>&#8220;Tre passi avanti&#8230;&#8221;: d<\/em><em>al primo giugno al 30 settembre\u00a0<\/em><\/h3>\n<p>L\u2019edizione 2022 dell\u2019Estate si svolger\u00e0 dal primo giugno al 30 settembre con 137 soggetti coinvolti e 118 eventi diffusi e sar\u00e0 dedicata a Enrico Greppi, in arte Erriquez, cantautore e musicista fiorentino cofondatore del gruppo musicale Bandabard\u00f2, prematuramente scomparso il 14 febbraio 2021. Non a caso, riprendendo una strofa dell\u2019artista, l\u2019Estate sar\u00e0 intitolata <strong>\u201cTre passi avanti\u2026\u201d<\/strong>. A lui sar\u00e0 dedicato il <a href=\"https:\/\/www.intoscana.it\/it\/articolo\/bandabardo-concerto-firenze\/\">concerto che anticipa e inaugura la rassegna, il 27 maggio<\/a>, all&#8217;Anfiteatro delle Cascine Ernesto De Pascale, con il coinvolgimento dei componenti della <mark>Bandabard\u00f2 e di tanti artisti come Cisco, Giobbe Covatta, Carmen Consoli, Ginevra Di Marco, Jacopo Fo, Folcast, Enzo Iacchetti, Max Gazz\u00e8, Gabriella Martinelli, Mirkoeilcane, Erica Mou, Negrita, Paola Turci e Piero Pel\u00f9.<\/mark><\/p>\n<h3><em>Un salto negli anni Ottanta<\/em><\/h3>\n<p>In programma una rassegna dedicata agli anni Ottanta, con una serie di eventi culturali e artistici in grado di ricreare atmosfere e suggestioni della musica new wave e di ricordare la creativit\u00e0 di quel decennio che coivolse tutte le espressioni artistiche, dal teatro alla moda, dalla fotografia all&#8217;arte.<\/p>\n<p>Poi il progetto <strong>\u201cLetteratura 1922-2022\u201d<\/strong> pensato in occasione della ricorrenza del centenario dalla nascita di sei dei pi\u00f9 grandi scrittori e intellettuali del Novecento italiano, nati nell\u2019anno 1922: <mark>Luigi Meneghello, Beppe Fenoglio, Pier Paolo Pasolini, Raffaele La Capria, Giorgio Manganelli e Luciano Bianciardi.<\/mark> Sar\u00e0 un\u2019iniziativa fatta non solo di incontri letterari, lectio magistralis, letture, ma che avr\u00e0 anche una parte pop con spettacoli, concerti musicali e eventi artistici collaterali al fine di trasmettere con linguaggi contemporanei questa eredit\u00e0 letteraria alle nuove generazioni.<\/p>\n<h3><em>Le piazze dei libri<\/em><\/h3>\n<p>Altra novit\u00e0 \u00e8 la rassegna dedicata alla promozione della lettura organizzata dalla Direzione cultura in collaborazione con Confartigianato Firenze e chiamata &#8220;Le piazze dei libri&#8221; che coinvolger\u00e0 le librerie fiorentine in incontri e dibattiti in vari luoghi della citt\u00e0. <mark>Da venerd\u00ec 1 luglio a domenica 10 luglio eventi in piazza della Repubblica, piazza Strozzi, piazza Santa Maria Novella, via de Cerretani e piazza Duomo.<\/mark> Confartigianato Firenze organizzer\u00e0 poi una serie di eventi promozionali coinvolgendo le librerie fiorentine con presentazioni, dibattiti, reading, incontri letterari dal 5 al 10 luglio.<\/p>\n<p>Tra gli altri progetti si segnalano musica ed eventi sul sagrato di Santo Spirito con Officine Creative, poi un evento per Giorgio Gaber il 19 luglio promossa dalla Fondazione omonima. E ancora:\u00a0 il cinema diffuso (da Anconella Movies al Cinema Tascabile); spettacoli teatrali (Compagnia delle Seggiole, Zauber teatro, Compagnia Lombardi-Tiezzi, Murmuris e tanti altri); danza (Opus Ballet, Virgilio Sieni, Versilia Danza). Immancabili i\u00a0 concerti di musica all\u2019aperto tra Orchestra da Camera fiorentina e Amici della musica, e rassegne multidisciplinari come gli spettacoli a San Salvi, Fosca, Balagan Caf\u00e9, Krypton.<\/p>\n<h3><em>Tornano i 15 festival\u00a0<\/em><\/h3>\n<p>Torneranno poi i consueti 15 grandi Festival, gi\u00e0 selezionati e che si svolgeranno fino al 2023: Florence Jazz Festival (14-18 settembre); Secret Florence (4-15 giugno); Apriti cinema (27 giugno-7 agosto); Genius loci (22-24 settembre); Firenze dall\u2019alto (30 giugno-29 settembre); Musart (13-26 luglio); Florence Dance Festival (22 giugno-24 luglio); Concerti sui sagrati (da giugno ad agosto); La citt\u00e0 dei lettori (9-12 giugno); Festival au desert (21-23 settembre); Lattexplus (30 giugno-3 luglio); Copula mundi (16-18 settembre); Florence Folk Festival (21-23 luglio); Italian Brass week festival (24-30 luglio); Cirk Fantastik (8-18 settembre).<\/p>\n<h3><em>Gli spazi estivi<\/em><\/h3>\n<p>Per quanto riguarda gli spazi estivi, sono stati assegnati Giardino dell\u2019orticoltura, parco dell\u2019Anconella, Lungarno del Tempio, Ponte San Niccol\u00f2, Giardino delle Rose, Anfiteatro delle Cascine, piazza San Marco, Fortezza da Basso, le Murate, giardino Niccol\u00f2 Galli, piazza Tasso, piazza dei Tre Re, e Parterre.<\/p>\n<p>Il programma completo sul sito <a href=\"https:\/\/estatefiorentina.it\/\" target=\"_blank\" rel=\"noopener\">estatefiorentina.it<\/a><\/p>\n","protected":false},"excerpt":{"rendered":"<p>Budget record per la rassegna di eventi, concerti e spettacoli che animer\u00e0 la citt\u00e0 fino al 30 settembre. Si parte con il grande concerto della Bandabard\u00f2 all&#8217;Anfiteatro delle Cascine<\/p>\n","protected":false},"author":525,"featured_media":145787,"comment_status":"open","ping_status":"open","sticky":false,"template":"","format":"standard","meta":{"_acf_changed":false,"footnotes":""},"categories":[493],"tags":[5527,5526,239,202],"class_list":["post-230354","post","type-post","status-publish","format-standard","has-post-thumbnail","hentry","category-cultura","tag-bandabardo","tag-erriquez","tag-estate-fiorentina","tag-firenze"],"acf":[],"yoast_head":"<!-- This site is optimized with the Yoast SEO Premium plugin v24.2 (Yoast SEO v25.6) - https:\/\/yoast.com\/wordpress\/plugins\/seo\/ -->\n<title>&quot;Tre passi avanti&quot; con l&#039;Estate Fiorentina: dal primo giugno, ricordando Erriquez - intoscana<\/title>\n<meta name=\"description\" content=\"Budget record per la rassegna di eventi, concerti e spettacoli che animer\u00e0 la citt\u00e0 fino al 30 settembre. Si parte con la Bandabard\u00f2\" \/>\n<meta name=\"robots\" content=\"index, follow, max-snippet:-1, max-image-preview:large, max-video-preview:-1\" \/>\n<link rel=\"canonical\" href=\"https:\/\/www.intoscana.it\/it\/tre-passi-avanti-con-lestate-fiorentina-dal-primo-giugno-ricordando-erriquez\/\" \/>\n<meta property=\"og:locale\" content=\"it_IT\" \/>\n<meta property=\"og:type\" content=\"article\" \/>\n<meta property=\"og:title\" content=\"&quot;Tre passi avanti&quot; con l&#039;Estate Fiorentina: dal primo giugno, ricordando Erriquez\" \/>\n<meta property=\"og:description\" content=\"Budget record per la rassegna di eventi, concerti e spettacoli che animer\u00e0 la citt\u00e0 fino al 30 settembre. Si parte con la Bandabard\u00f2\" \/>\n<meta property=\"og:url\" content=\"https:\/\/www.intoscana.it\/it\/tre-passi-avanti-con-lestate-fiorentina-dal-primo-giugno-ricordando-erriquez\/\" \/>\n<meta property=\"og:site_name\" content=\"intoscana\" \/>\n<meta property=\"article:publisher\" content=\"https:\/\/www.facebook.com\/intoscana.it\" \/>\n<meta property=\"article:published_time\" content=\"2022-05-24T14:47:37+00:00\" \/>\n<meta property=\"og:image\" content=\"https:\/\/www.intoscana.it\/wp-content\/uploads\/discoteca-concerto-nightlife.jpg\" \/>\n\t<meta property=\"og:image:width\" content=\"960\" \/>\n\t<meta property=\"og:image:height\" content=\"640\" \/>\n\t<meta property=\"og:image:type\" content=\"image\/jpeg\" \/>\n<meta name=\"author\" content=\"Redazione\" \/>\n<meta name=\"twitter:card\" content=\"summary_large_image\" \/>\n<meta name=\"twitter:creator\" content=\"@intoscana\" \/>\n<meta name=\"twitter:site\" content=\"@intoscana\" \/>\n<meta name=\"twitter:label1\" content=\"Written by\" \/>\n\t<meta name=\"twitter:data1\" content=\"Redazione\" \/>\n\t<meta name=\"twitter:label2\" content=\"Est. reading time\" \/>\n\t<meta name=\"twitter:data2\" content=\"3 minuti\" \/>\n<script type=\"application\/ld+json\" class=\"yoast-schema-graph\">{\"@context\":\"https:\/\/schema.org\",\"@graph\":[{\"@type\":\"WebPage\",\"@id\":\"https:\/\/www.intoscana.it\/it\/tre-passi-avanti-con-lestate-fiorentina-dal-primo-giugno-ricordando-erriquez\/\",\"url\":\"https:\/\/www.intoscana.it\/it\/tre-passi-avanti-con-lestate-fiorentina-dal-primo-giugno-ricordando-erriquez\/\",\"name\":\"\\\"Tre passi avanti\\\" con l'Estate Fiorentina: dal primo giugno, ricordando Erriquez - intoscana\",\"isPartOf\":{\"@id\":\"https:\/\/www.intoscana.it\/it\/#website\"},\"primaryImageOfPage\":{\"@id\":\"https:\/\/www.intoscana.it\/it\/tre-passi-avanti-con-lestate-fiorentina-dal-primo-giugno-ricordando-erriquez\/#primaryimage\"},\"image\":{\"@id\":\"https:\/\/www.intoscana.it\/it\/tre-passi-avanti-con-lestate-fiorentina-dal-primo-giugno-ricordando-erriquez\/#primaryimage\"},\"thumbnailUrl\":\"https:\/\/www.intoscana.it\/wp-content\/uploads\/discoteca-concerto-nightlife.jpg\",\"datePublished\":\"2022-05-24T14:47:37+00:00\",\"author\":{\"@id\":\"https:\/\/www.intoscana.it\/it\/#\/schema\/person\/9223810753230f20bd670fdd322661f8\"},\"description\":\"Budget record per la rassegna di eventi, concerti e spettacoli che animer\u00e0 la citt\u00e0 fino al 30 settembre. Si parte con la Bandabard\u00f2\",\"breadcrumb\":{\"@id\":\"https:\/\/www.intoscana.it\/it\/tre-passi-avanti-con-lestate-fiorentina-dal-primo-giugno-ricordando-erriquez\/#breadcrumb\"},\"inLanguage\":\"it-IT\",\"potentialAction\":[{\"@type\":\"ReadAction\",\"target\":[\"https:\/\/www.intoscana.it\/it\/tre-passi-avanti-con-lestate-fiorentina-dal-primo-giugno-ricordando-erriquez\/\"]}]},{\"@type\":\"ImageObject\",\"inLanguage\":\"it-IT\",\"@id\":\"https:\/\/www.intoscana.it\/it\/tre-passi-avanti-con-lestate-fiorentina-dal-primo-giugno-ricordando-erriquez\/#primaryimage\",\"url\":\"https:\/\/www.intoscana.it\/wp-content\/uploads\/discoteca-concerto-nightlife.jpg\",\"contentUrl\":\"https:\/\/www.intoscana.it\/wp-content\/uploads\/discoteca-concerto-nightlife.jpg\",\"width\":960,\"height\":640,\"caption\":\"Discoteca\"},{\"@type\":\"BreadcrumbList\",\"@id\":\"https:\/\/www.intoscana.it\/it\/tre-passi-avanti-con-lestate-fiorentina-dal-primo-giugno-ricordando-erriquez\/#breadcrumb\",\"itemListElement\":[{\"@type\":\"ListItem\",\"position\":1,\"name\":\"Home\",\"item\":\"https:\/\/www.intoscana.it\/it\/\"},{\"@type\":\"ListItem\",\"position\":2,\"name\":\"&#8220;Tre passi avanti&#8221; con l&#8217;Estate Fiorentina: dal primo giugno, ricordando Erriquez\"}]},{\"@type\":\"WebSite\",\"@id\":\"https:\/\/www.intoscana.it\/it\/#website\",\"url\":\"https:\/\/www.intoscana.it\/it\/\",\"name\":\"intoscana\",\"description\":\"\",\"potentialAction\":[{\"@type\":\"SearchAction\",\"target\":{\"@type\":\"EntryPoint\",\"urlTemplate\":\"https:\/\/www.intoscana.it\/it\/?s={search_term_string}\"},\"query-input\":{\"@type\":\"PropertyValueSpecification\",\"valueRequired\":true,\"valueName\":\"search_term_string\"}}],\"inLanguage\":\"it-IT\"},{\"@type\":\"Person\",\"@id\":\"https:\/\/www.intoscana.it\/it\/#\/schema\/person\/9223810753230f20bd670fdd322661f8\",\"name\":\"Redazione\",\"url\":\"https:\/\/www.intoscana.it\/it\/author\/redazione\/\"}]}<\/script>\n<!-- \/ Yoast SEO Premium plugin. -->","yoast_head_json":{"title":"\"Tre passi avanti\" con l'Estate Fiorentina: dal primo giugno, ricordando Erriquez - intoscana","description":"Budget record per la rassegna di eventi, concerti e spettacoli che animer\u00e0 la citt\u00e0 fino al 30 settembre. Si parte con la Bandabard\u00f2","robots":{"index":"index","follow":"follow","max-snippet":"max-snippet:-1","max-image-preview":"max-image-preview:large","max-video-preview":"max-video-preview:-1"},"canonical":"https:\/\/www.intoscana.it\/it\/tre-passi-avanti-con-lestate-fiorentina-dal-primo-giugno-ricordando-erriquez\/","og_locale":"it_IT","og_type":"article","og_title":"\"Tre passi avanti\" con l'Estate Fiorentina: dal primo giugno, ricordando Erriquez","og_description":"Budget record per la rassegna di eventi, concerti e spettacoli che animer\u00e0 la citt\u00e0 fino al 30 settembre. Si parte con la Bandabard\u00f2","og_url":"https:\/\/www.intoscana.it\/it\/tre-passi-avanti-con-lestate-fiorentina-dal-primo-giugno-ricordando-erriquez\/","og_site_name":"intoscana","article_publisher":"https:\/\/www.facebook.com\/intoscana.it","article_published_time":"2022-05-24T14:47:37+00:00","og_image":[{"width":960,"height":640,"url":"https:\/\/www.intoscana.it\/wp-content\/uploads\/discoteca-concerto-nightlife.jpg","type":"image\/jpeg"}],"author":"Redazione","twitter_card":"summary_large_image","twitter_creator":"@intoscana","twitter_site":"@intoscana","twitter_misc":{"Written by":"Redazione","Est. reading time":"3 minuti"},"schema":{"@context":"https:\/\/schema.org","@graph":[{"@type":"WebPage","@id":"https:\/\/www.intoscana.it\/it\/tre-passi-avanti-con-lestate-fiorentina-dal-primo-giugno-ricordando-erriquez\/","url":"https:\/\/www.intoscana.it\/it\/tre-passi-avanti-con-lestate-fiorentina-dal-primo-giugno-ricordando-erriquez\/","name":"\"Tre passi avanti\" con l'Estate Fiorentina: dal primo giugno, ricordando Erriquez - intoscana","isPartOf":{"@id":"https:\/\/www.intoscana.it\/it\/#website"},"primaryImageOfPage":{"@id":"https:\/\/www.intoscana.it\/it\/tre-passi-avanti-con-lestate-fiorentina-dal-primo-giugno-ricordando-erriquez\/#primaryimage"},"image":{"@id":"https:\/\/www.intoscana.it\/it\/tre-passi-avanti-con-lestate-fiorentina-dal-primo-giugno-ricordando-erriquez\/#primaryimage"},"thumbnailUrl":"https:\/\/www.intoscana.it\/wp-content\/uploads\/discoteca-concerto-nightlife.jpg","datePublished":"2022-05-24T14:47:37+00:00","author":{"@id":"https:\/\/www.intoscana.it\/it\/#\/schema\/person\/9223810753230f20bd670fdd322661f8"},"description":"Budget record per la rassegna di eventi, concerti e spettacoli che animer\u00e0 la citt\u00e0 fino al 30 settembre. Si parte con la Bandabard\u00f2","breadcrumb":{"@id":"https:\/\/www.intoscana.it\/it\/tre-passi-avanti-con-lestate-fiorentina-dal-primo-giugno-ricordando-erriquez\/#breadcrumb"},"inLanguage":"it-IT","potentialAction":[{"@type":"ReadAction","target":["https:\/\/www.intoscana.it\/it\/tre-passi-avanti-con-lestate-fiorentina-dal-primo-giugno-ricordando-erriquez\/"]}]},{"@type":"ImageObject","inLanguage":"it-IT","@id":"https:\/\/www.intoscana.it\/it\/tre-passi-avanti-con-lestate-fiorentina-dal-primo-giugno-ricordando-erriquez\/#primaryimage","url":"https:\/\/www.intoscana.it\/wp-content\/uploads\/discoteca-concerto-nightlife.jpg","contentUrl":"https:\/\/www.intoscana.it\/wp-content\/uploads\/discoteca-concerto-nightlife.jpg","width":960,"height":640,"caption":"Discoteca"},{"@type":"BreadcrumbList","@id":"https:\/\/www.intoscana.it\/it\/tre-passi-avanti-con-lestate-fiorentina-dal-primo-giugno-ricordando-erriquez\/#breadcrumb","itemListElement":[{"@type":"ListItem","position":1,"name":"Home","item":"https:\/\/www.intoscana.it\/it\/"},{"@type":"ListItem","position":2,"name":"&#8220;Tre passi avanti&#8221; con l&#8217;Estate Fiorentina: dal primo giugno, ricordando Erriquez"}]},{"@type":"WebSite","@id":"https:\/\/www.intoscana.it\/it\/#website","url":"https:\/\/www.intoscana.it\/it\/","name":"intoscana","description":"","potentialAction":[{"@type":"SearchAction","target":{"@type":"EntryPoint","urlTemplate":"https:\/\/www.intoscana.it\/it\/?s={search_term_string}"},"query-input":{"@type":"PropertyValueSpecification","valueRequired":true,"valueName":"search_term_string"}}],"inLanguage":"it-IT"},{"@type":"Person","@id":"https:\/\/www.intoscana.it\/it\/#\/schema\/person\/9223810753230f20bd670fdd322661f8","name":"Redazione","url":"https:\/\/www.intoscana.it\/it\/author\/redazione\/"}]}},"_links":{"self":[{"href":"https:\/\/www.intoscana.it\/it\/wp-json\/wp\/v2\/posts\/230354","targetHints":{"allow":["GET"]}}],"collection":[{"href":"https:\/\/www.intoscana.it\/it\/wp-json\/wp\/v2\/posts"}],"about":[{"href":"https:\/\/www.intoscana.it\/it\/wp-json\/wp\/v2\/types\/post"}],"author":[{"embeddable":true,"href":"https:\/\/www.intoscana.it\/it\/wp-json\/wp\/v2\/users\/525"}],"replies":[{"embeddable":true,"href":"https:\/\/www.intoscana.it\/it\/wp-json\/wp\/v2\/comments?post=230354"}],"version-history":[{"count":0,"href":"https:\/\/www.intoscana.it\/it\/wp-json\/wp\/v2\/posts\/230354\/revisions"}],"wp:featuredmedia":[{"embeddable":true,"href":"https:\/\/www.intoscana.it\/it\/wp-json\/wp\/v2\/media\/145787"}],"wp:attachment":[{"href":"https:\/\/www.intoscana.it\/it\/wp-json\/wp\/v2\/media?parent=230354"}],"wp:term":[{"taxonomy":"category","embeddable":true,"href":"https:\/\/www.intoscana.it\/it\/wp-json\/wp\/v2\/categories?post=230354"},{"taxonomy":"post_tag","embeddable":true,"href":"https:\/\/www.intoscana.it\/it\/wp-json\/wp\/v2\/tags?post=230354"}],"curies":[{"name":"wp","href":"https:\/\/api.w.org\/{rel}","templated":true}]}}