{"id":230485,"date":"2022-05-25T17:07:49","date_gmt":"2022-05-25T15:07:49","guid":{"rendered":"https:\/\/www.intoscana.it\/it\/?p=230485"},"modified":"2022-05-27T10:18:10","modified_gmt":"2022-05-27T08:18:10","slug":"toscani-nel-mondo-12-giovani-ritornano-per-formarsi-e-conoscere-i-loro-luoghi-di-origine","status":"publish","type":"post","link":"https:\/\/www.intoscana.it\/it\/toscani-nel-mondo-12-giovani-ritornano-per-formarsi-e-conoscere-i-loro-luoghi-di-origine\/","title":{"rendered":"Toscani nel mondo, 12 giovani ritornano per formarsi e conoscere i loro luoghi di origine"},"content":{"rendered":"<p>Arrivano dalla Svezia, dall\u2019Argentina e dal Brasile, ma le loro origini sono toscane e i primi di maggio sono tornati per seguire <mark>un percorso di formazione della durata di 90 giorni nel corso del quale svolgeranno uno stage in azienda, impareranno o perfezioneranno il loro italiano, conosceranno da vicino i luoghi che magari sono stati oggetto solo di racconti da parte dei loro familiari.<\/mark> Sono 12, tra ragazze e ragazzi tra i 18 e i 35 anni, beneficiari delle borse di formazione professionale <strong>\u201cMario Olla\u201d<\/strong> che da tempo la Regione promuove per contribuire al recupero e alla diffusione della memoria storica dell\u2019emigrazione toscana del mondo. Si tratta di management teatrale, architettura, ristorazione e viticoltura, grafica e web design sono i settori in cui si stanno impegnando.<\/p>\n<p>A Palazzo Strozzi Sacrati hanno incontrato il presidente della Regione <strong>Eugenio Giani<\/strong>. Con loro i rappresentanti di alcune aziende e realt\u00e0 che li hanno accolti: Elisa Guidi (direttrice di Artex), Nicola Menditto (direttore dell\u2019Azienda agricola Montepaldi), Isabella Valoriani (direttrice del Performing Arts Research Centre) e Laura Simoncini, direttrice del Cedit, il soggetto attuatore del progetto \u201cMemory of One\u2019s Tuscan roots\u201d\/Borse di Studio \u201cMario Olla\u201d.<\/p>\n<p>I giovani borsisti resteranno in Toscana <mark>fino a luglio prossimo. Seguiranno corsi di lingua italiana, lezioni e stage in azienda su industria 4.0 e imprenditorialit\u00e0 smart, nonch\u00e9 tour di artigianato artistico per conoscere i mestieri artigiani e artistici che fanno parte del \u201cfatto a mano made in Italy\u201d.<\/mark><\/p>\n<p>\u201c<em>La Toscana \u00e8 una delle realt\u00e0 che pi\u00f9 ha dato all\u2019emigrazione e offrire a ragazze e ragazzi la possibilit\u00e0 di ritornare, di rivivere le origini \u00e8 sempre molto bello<\/em> \u2013 ha detto il presidente Eugenio Giani &#8211; <em>Finalmente, <mark>dopo la fine dello stato di emergenza, abbiamo potuto riprendere l\u2019attivit\u00e0 di Toscani nel mondo e riavviare le iniziative di valorizzazione dei legami con i toscani che non sono residenti qui ma che vi sono magari nati oppure sono discendenti di famiglie toscane. Le borse di studio \u2018Mario Olla\u2019 sono un progetto molto efficace per consentire che le origini non rimangano un racconto di una serata con i nonni o i genitori e che ci sia la possibilit\u00e0 di riappropriarsi di un elemento fondamentale della propria identit\u00e0<\/em>\u201d.<\/mark><\/p>\n<h3><em>Lo borse &#8220;Mario Olla&#8221;<\/em><\/h3>\n<p>Le borse di formazione \u201cMario Olla\u201d sono un progetto formativo promosso nell&#8217;ambito delle politiche della Regione Toscana a favore dei <a href=\"https:\/\/www.toscaninelmondo.org\/\" target=\"_blank\" rel=\"noopener\"><strong>Toscani nel Mondo<\/strong><\/a> e rientrano tra le opportunit\u00e0 di <a href=\"https:\/\/giovanisi.it\/\" target=\"_blank\" rel=\"noopener\"><strong>Giovanis\u00ec<\/strong><\/a>, il progetto regionale per l\u2019autonomia dei giovani. L\u2019iniziativa ha avuto inizio nel 1997, si sono svolte 20 edizioni e 197 sono stati gli stagisti formati nel corso degli anni. Spesso, in seguito all\u2019esperienza di stage, ragazze e ragazzi sono riusciti a costruire anche veri e propri percorsi professionali.<\/p>\n<p>Prendono il nome da <strong>Mario Olla<\/strong>, il consigliere regionale che sul finire degli anni \u201870 apr\u00ec la strada alla nascita degli organismi regionali di rappresentanza dei toscani all&#8217;estero. Oggi, dopo la riforma della normativa regionale in materia nel 2020, quell\u2019organismo \u00e8 denominato \u201cConsiglio dei Toscani nel mondo\u201d ed \u00e8 in via di costituzione.<\/p>\n<h3><em>I toscani nel mondo<\/em><\/h3>\n<p>Secondo gli ultimi dati disponibili, i toscani nel mondo, stabilmente o temporaneamente residenti, sono una porzione non trascurabile del totale della popolazione regionale con netta prevalenza di presenze in Europa e in Sud America. Gli iscritti all\u2019Anagrafe degli Italiani Residenti all\u2019Estero nei comuni toscani sono in totale <mark>155.388, con incidenza del 4,1 % rispetto alla popolazione residente. A questi dati si aggiungono i cosiddetti \u201coriundi toscani\u201d, ossia i figli, i nipoti ed i pronipoti dei corregionali toscani emigrati all\u2019estero nei decenni passati e che non hanno pi\u00f9 la cittadinanza italiana, ma che costituiscono, in molti casi, l\u2019ossatura delle associazioni dei Toscani nel Mondo, in particolare in Sud America.<\/mark><\/p>\n","protected":false},"excerpt":{"rendered":"<p>Ragazze e ragazzi provenienti da Svezia, Argentina e Brasile resteranno in regione fino a luglio e parteciperanno a stage aziendali e corsi di italiano grazie alla borsa &#8220;Mario Olla&#8221;. Giani: &#8220;Le origini non sono solo un racconto&#8221;<\/p>\n","protected":false},"author":525,"featured_media":230494,"comment_status":"open","ping_status":"open","sticky":false,"template":"","format":"standard","meta":{"_acf_changed":false,"footnotes":""},"categories":[4],"tags":[158,244,1619],"class_list":["post-230485","post","type-post","status-publish","format-standard","has-post-thumbnail","hentry","category-storie","tag-eugenio-giani","tag-giovanisi","tag-toscani-nel-mondo"],"acf":[],"yoast_head":"<!-- This site is optimized with the Yoast SEO Premium plugin v24.2 (Yoast SEO v25.6) - https:\/\/yoast.com\/wordpress\/plugins\/seo\/ -->\n<title>Toscani nel mondo, 12 giovani ritornano per formarsi e conoscere i loro luoghi di origine - intoscana<\/title>\n<meta name=\"description\" content=\"Ragazze e ragazzi provenienti da Svezia, Argentina e Brasile resteranno in regione fino a luglio e parteciperanno a stage aziendali e corsi di italiano. Giani: &quot;Le origini non sono solo un racconto&quot;\" \/>\n<meta name=\"robots\" content=\"index, follow, max-snippet:-1, max-image-preview:large, max-video-preview:-1\" \/>\n<link rel=\"canonical\" href=\"https:\/\/www.intoscana.it\/it\/toscani-nel-mondo-12-giovani-ritornano-per-formarsi-e-conoscere-i-loro-luoghi-di-origine\/\" \/>\n<meta property=\"og:locale\" content=\"it_IT\" \/>\n<meta property=\"og:type\" content=\"article\" \/>\n<meta property=\"og:title\" content=\"Toscani nel mondo, 12 giovani ritornano per formarsi e conoscere i loro luoghi di origine\" \/>\n<meta property=\"og:description\" content=\"Ragazze e ragazzi provenienti da Svezia, Argentina e Brasile resteranno in regione fino a luglio e parteciperanno a stage aziendali e corsi di italiano. Giani: &quot;Le origini non sono solo un racconto&quot;\" \/>\n<meta property=\"og:url\" content=\"https:\/\/www.intoscana.it\/it\/toscani-nel-mondo-12-giovani-ritornano-per-formarsi-e-conoscere-i-loro-luoghi-di-origine\/\" \/>\n<meta property=\"og:site_name\" content=\"intoscana\" \/>\n<meta property=\"article:publisher\" content=\"https:\/\/www.facebook.com\/intoscana.it\" \/>\n<meta property=\"article:published_time\" content=\"2022-05-25T15:07:49+00:00\" \/>\n<meta property=\"article:modified_time\" content=\"2022-05-27T08:18:10+00:00\" \/>\n<meta property=\"og:image\" content=\"https:\/\/www.intoscana.it\/wp-content\/uploads\/borse-mario-olla-24-maggio-2022.jpeg\" \/>\n\t<meta property=\"og:image:width\" content=\"2016\" \/>\n\t<meta property=\"og:image:height\" content=\"1512\" \/>\n\t<meta property=\"og:image:type\" content=\"image\/jpeg\" \/>\n<meta name=\"author\" content=\"Redazione\" \/>\n<meta name=\"twitter:card\" content=\"summary_large_image\" \/>\n<meta name=\"twitter:creator\" content=\"@intoscana\" \/>\n<meta name=\"twitter:site\" content=\"@intoscana\" \/>\n<meta name=\"twitter:label1\" content=\"Written by\" \/>\n\t<meta name=\"twitter:data1\" content=\"Redazione\" \/>\n\t<meta name=\"twitter:label2\" content=\"Est. reading time\" \/>\n\t<meta name=\"twitter:data2\" content=\"3 minuti\" \/>\n<script type=\"application\/ld+json\" class=\"yoast-schema-graph\">{\"@context\":\"https:\/\/schema.org\",\"@graph\":[{\"@type\":\"WebPage\",\"@id\":\"https:\/\/www.intoscana.it\/it\/toscani-nel-mondo-12-giovani-ritornano-per-formarsi-e-conoscere-i-loro-luoghi-di-origine\/\",\"url\":\"https:\/\/www.intoscana.it\/it\/toscani-nel-mondo-12-giovani-ritornano-per-formarsi-e-conoscere-i-loro-luoghi-di-origine\/\",\"name\":\"Toscani nel mondo, 12 giovani ritornano per formarsi e conoscere i loro luoghi di origine - intoscana\",\"isPartOf\":{\"@id\":\"https:\/\/www.intoscana.it\/it\/#website\"},\"primaryImageOfPage\":{\"@id\":\"https:\/\/www.intoscana.it\/it\/toscani-nel-mondo-12-giovani-ritornano-per-formarsi-e-conoscere-i-loro-luoghi-di-origine\/#primaryimage\"},\"image\":{\"@id\":\"https:\/\/www.intoscana.it\/it\/toscani-nel-mondo-12-giovani-ritornano-per-formarsi-e-conoscere-i-loro-luoghi-di-origine\/#primaryimage\"},\"thumbnailUrl\":\"https:\/\/www.intoscana.it\/wp-content\/uploads\/borse-mario-olla-24-maggio-2022.jpeg\",\"datePublished\":\"2022-05-25T15:07:49+00:00\",\"dateModified\":\"2022-05-27T08:18:10+00:00\",\"author\":{\"@id\":\"https:\/\/www.intoscana.it\/it\/#\/schema\/person\/9223810753230f20bd670fdd322661f8\"},\"description\":\"Ragazze e ragazzi provenienti da Svezia, Argentina e Brasile resteranno in regione fino a luglio e parteciperanno a stage aziendali e corsi di italiano. Giani: \\\"Le origini non sono solo un racconto\\\"\",\"breadcrumb\":{\"@id\":\"https:\/\/www.intoscana.it\/it\/toscani-nel-mondo-12-giovani-ritornano-per-formarsi-e-conoscere-i-loro-luoghi-di-origine\/#breadcrumb\"},\"inLanguage\":\"it-IT\",\"potentialAction\":[{\"@type\":\"ReadAction\",\"target\":[\"https:\/\/www.intoscana.it\/it\/toscani-nel-mondo-12-giovani-ritornano-per-formarsi-e-conoscere-i-loro-luoghi-di-origine\/\"]}]},{\"@type\":\"ImageObject\",\"inLanguage\":\"it-IT\",\"@id\":\"https:\/\/www.intoscana.it\/it\/toscani-nel-mondo-12-giovani-ritornano-per-formarsi-e-conoscere-i-loro-luoghi-di-origine\/#primaryimage\",\"url\":\"https:\/\/www.intoscana.it\/wp-content\/uploads\/borse-mario-olla-24-maggio-2022.jpeg\",\"contentUrl\":\"https:\/\/www.intoscana.it\/wp-content\/uploads\/borse-mario-olla-24-maggio-2022.jpeg\",\"width\":2016,\"height\":1512},{\"@type\":\"BreadcrumbList\",\"@id\":\"https:\/\/www.intoscana.it\/it\/toscani-nel-mondo-12-giovani-ritornano-per-formarsi-e-conoscere-i-loro-luoghi-di-origine\/#breadcrumb\",\"itemListElement\":[{\"@type\":\"ListItem\",\"position\":1,\"name\":\"Home\",\"item\":\"https:\/\/www.intoscana.it\/it\/\"},{\"@type\":\"ListItem\",\"position\":2,\"name\":\"Toscani nel mondo, 12 giovani ritornano per formarsi e conoscere i loro luoghi di origine\"}]},{\"@type\":\"WebSite\",\"@id\":\"https:\/\/www.intoscana.it\/it\/#website\",\"url\":\"https:\/\/www.intoscana.it\/it\/\",\"name\":\"intoscana\",\"description\":\"\",\"potentialAction\":[{\"@type\":\"SearchAction\",\"target\":{\"@type\":\"EntryPoint\",\"urlTemplate\":\"https:\/\/www.intoscana.it\/it\/?s={search_term_string}\"},\"query-input\":{\"@type\":\"PropertyValueSpecification\",\"valueRequired\":true,\"valueName\":\"search_term_string\"}}],\"inLanguage\":\"it-IT\"},{\"@type\":\"Person\",\"@id\":\"https:\/\/www.intoscana.it\/it\/#\/schema\/person\/9223810753230f20bd670fdd322661f8\",\"name\":\"Redazione\",\"url\":\"https:\/\/www.intoscana.it\/it\/author\/redazione\/\"}]}<\/script>\n<!-- \/ Yoast SEO Premium plugin. -->","yoast_head_json":{"title":"Toscani nel mondo, 12 giovani ritornano per formarsi e conoscere i loro luoghi di origine - intoscana","description":"Ragazze e ragazzi provenienti da Svezia, Argentina e Brasile resteranno in regione fino a luglio e parteciperanno a stage aziendali e corsi di italiano. Giani: \"Le origini non sono solo un racconto\"","robots":{"index":"index","follow":"follow","max-snippet":"max-snippet:-1","max-image-preview":"max-image-preview:large","max-video-preview":"max-video-preview:-1"},"canonical":"https:\/\/www.intoscana.it\/it\/toscani-nel-mondo-12-giovani-ritornano-per-formarsi-e-conoscere-i-loro-luoghi-di-origine\/","og_locale":"it_IT","og_type":"article","og_title":"Toscani nel mondo, 12 giovani ritornano per formarsi e conoscere i loro luoghi di origine","og_description":"Ragazze e ragazzi provenienti da Svezia, Argentina e Brasile resteranno in regione fino a luglio e parteciperanno a stage aziendali e corsi di italiano. Giani: \"Le origini non sono solo un racconto\"","og_url":"https:\/\/www.intoscana.it\/it\/toscani-nel-mondo-12-giovani-ritornano-per-formarsi-e-conoscere-i-loro-luoghi-di-origine\/","og_site_name":"intoscana","article_publisher":"https:\/\/www.facebook.com\/intoscana.it","article_published_time":"2022-05-25T15:07:49+00:00","article_modified_time":"2022-05-27T08:18:10+00:00","og_image":[{"width":2016,"height":1512,"url":"https:\/\/www.intoscana.it\/wp-content\/uploads\/borse-mario-olla-24-maggio-2022.jpeg","type":"image\/jpeg"}],"author":"Redazione","twitter_card":"summary_large_image","twitter_creator":"@intoscana","twitter_site":"@intoscana","twitter_misc":{"Written by":"Redazione","Est. reading time":"3 minuti"},"schema":{"@context":"https:\/\/schema.org","@graph":[{"@type":"WebPage","@id":"https:\/\/www.intoscana.it\/it\/toscani-nel-mondo-12-giovani-ritornano-per-formarsi-e-conoscere-i-loro-luoghi-di-origine\/","url":"https:\/\/www.intoscana.it\/it\/toscani-nel-mondo-12-giovani-ritornano-per-formarsi-e-conoscere-i-loro-luoghi-di-origine\/","name":"Toscani nel mondo, 12 giovani ritornano per formarsi e conoscere i loro luoghi di origine - intoscana","isPartOf":{"@id":"https:\/\/www.intoscana.it\/it\/#website"},"primaryImageOfPage":{"@id":"https:\/\/www.intoscana.it\/it\/toscani-nel-mondo-12-giovani-ritornano-per-formarsi-e-conoscere-i-loro-luoghi-di-origine\/#primaryimage"},"image":{"@id":"https:\/\/www.intoscana.it\/it\/toscani-nel-mondo-12-giovani-ritornano-per-formarsi-e-conoscere-i-loro-luoghi-di-origine\/#primaryimage"},"thumbnailUrl":"https:\/\/www.intoscana.it\/wp-content\/uploads\/borse-mario-olla-24-maggio-2022.jpeg","datePublished":"2022-05-25T15:07:49+00:00","dateModified":"2022-05-27T08:18:10+00:00","author":{"@id":"https:\/\/www.intoscana.it\/it\/#\/schema\/person\/9223810753230f20bd670fdd322661f8"},"description":"Ragazze e ragazzi provenienti da Svezia, Argentina e Brasile resteranno in regione fino a luglio e parteciperanno a stage aziendali e corsi di italiano. Giani: \"Le origini non sono solo un racconto\"","breadcrumb":{"@id":"https:\/\/www.intoscana.it\/it\/toscani-nel-mondo-12-giovani-ritornano-per-formarsi-e-conoscere-i-loro-luoghi-di-origine\/#breadcrumb"},"inLanguage":"it-IT","potentialAction":[{"@type":"ReadAction","target":["https:\/\/www.intoscana.it\/it\/toscani-nel-mondo-12-giovani-ritornano-per-formarsi-e-conoscere-i-loro-luoghi-di-origine\/"]}]},{"@type":"ImageObject","inLanguage":"it-IT","@id":"https:\/\/www.intoscana.it\/it\/toscani-nel-mondo-12-giovani-ritornano-per-formarsi-e-conoscere-i-loro-luoghi-di-origine\/#primaryimage","url":"https:\/\/www.intoscana.it\/wp-content\/uploads\/borse-mario-olla-24-maggio-2022.jpeg","contentUrl":"https:\/\/www.intoscana.it\/wp-content\/uploads\/borse-mario-olla-24-maggio-2022.jpeg","width":2016,"height":1512},{"@type":"BreadcrumbList","@id":"https:\/\/www.intoscana.it\/it\/toscani-nel-mondo-12-giovani-ritornano-per-formarsi-e-conoscere-i-loro-luoghi-di-origine\/#breadcrumb","itemListElement":[{"@type":"ListItem","position":1,"name":"Home","item":"https:\/\/www.intoscana.it\/it\/"},{"@type":"ListItem","position":2,"name":"Toscani nel mondo, 12 giovani ritornano per formarsi e conoscere i loro luoghi di origine"}]},{"@type":"WebSite","@id":"https:\/\/www.intoscana.it\/it\/#website","url":"https:\/\/www.intoscana.it\/it\/","name":"intoscana","description":"","potentialAction":[{"@type":"SearchAction","target":{"@type":"EntryPoint","urlTemplate":"https:\/\/www.intoscana.it\/it\/?s={search_term_string}"},"query-input":{"@type":"PropertyValueSpecification","valueRequired":true,"valueName":"search_term_string"}}],"inLanguage":"it-IT"},{"@type":"Person","@id":"https:\/\/www.intoscana.it\/it\/#\/schema\/person\/9223810753230f20bd670fdd322661f8","name":"Redazione","url":"https:\/\/www.intoscana.it\/it\/author\/redazione\/"}]}},"_links":{"self":[{"href":"https:\/\/www.intoscana.it\/it\/wp-json\/wp\/v2\/posts\/230485","targetHints":{"allow":["GET"]}}],"collection":[{"href":"https:\/\/www.intoscana.it\/it\/wp-json\/wp\/v2\/posts"}],"about":[{"href":"https:\/\/www.intoscana.it\/it\/wp-json\/wp\/v2\/types\/post"}],"author":[{"embeddable":true,"href":"https:\/\/www.intoscana.it\/it\/wp-json\/wp\/v2\/users\/525"}],"replies":[{"embeddable":true,"href":"https:\/\/www.intoscana.it\/it\/wp-json\/wp\/v2\/comments?post=230485"}],"version-history":[{"count":0,"href":"https:\/\/www.intoscana.it\/it\/wp-json\/wp\/v2\/posts\/230485\/revisions"}],"wp:featuredmedia":[{"embeddable":true,"href":"https:\/\/www.intoscana.it\/it\/wp-json\/wp\/v2\/media\/230494"}],"wp:attachment":[{"href":"https:\/\/www.intoscana.it\/it\/wp-json\/wp\/v2\/media?parent=230485"}],"wp:term":[{"taxonomy":"category","embeddable":true,"href":"https:\/\/www.intoscana.it\/it\/wp-json\/wp\/v2\/categories?post=230485"},{"taxonomy":"post_tag","embeddable":true,"href":"https:\/\/www.intoscana.it\/it\/wp-json\/wp\/v2\/tags?post=230485"}],"curies":[{"name":"wp","href":"https:\/\/api.w.org\/{rel}","templated":true}]}}