{"id":230575,"date":"2022-05-26T14:20:56","date_gmt":"2022-05-26T12:20:56","guid":{"rendered":"https:\/\/www.intoscana.it\/it\/?p=230575"},"modified":"2022-05-26T14:26:50","modified_gmt":"2022-05-26T12:26:50","slug":"giorgio-mannucci-dalla-musica-al-cinema-con-musiche-per-film-che-non-esistono","status":"publish","type":"post","link":"https:\/\/www.intoscana.it\/it\/giorgio-mannucci-dalla-musica-al-cinema-con-musiche-per-film-che-non-esistono\/","title":{"rendered":"Giorgio Mannucci: dalla musica al cinema con &#8220;Musiche per film che non esistono&#8221;"},"content":{"rendered":"<p><strong>Cosa succede se un cantautore si mette per la prima volta dietro a una macchina da presa?<\/strong><\/p>\n<p>Il livornese <strong>Giorgio Mannucci<\/strong> ha vinto ben due premi al <strong><span class=\"nc684nl6\">Festival Internazionale della Cinematografia Sociale Tulipani di Seta Nera<\/span> di Roma<\/strong> per il videoclip di <strong><span class=\"nc684nl6\">Giulia Pratelli<\/span> <em>&#8220;Le cose da fare&#8221;<\/em><\/strong>: il miglior testo e il premio <strong>Sorriso <span class=\"nc684nl6\">ASviS &#8211; Alleanza Italiana per lo Sviluppo Sostenibile<\/span>.<\/strong><\/p>\n<p>Prima di approdare al cinema <strong>Giorgio ha pubblicato diversi album<\/strong> con band come <strong>Sinfonico Honolulu e Mandrake.<\/strong> Il suo primo album solista \u00e8 del 2017, si chiama <em><strong>&#8220;Acquario&#8221;<\/strong> <\/em>ed \u00e8 prodotto da Ale Bavo.<\/p>\n<p><strong>Ha vinto il premio Ernesto De Pascale al Rock Contest di Controradio<\/strong> ed \u00e8 tra i vincitori del concorso <strong>&#8220;Mai in Silenzio &#8211; musica contro la violenza di genere&#8221;<\/strong> indetto da Controradio Firenze e Regione Toscana con in giuria Brunori Sas e Irene Grandi.<\/p>\n<p>Nel 2020 ha pubblicato il singolo<em><strong> &#8220;Ogni notte scoperta&#8221;<\/strong> <\/em>struggente ritratto del periodo pandemico.<\/p>\n<p>Ma l&#8217;amore per il cinema di <strong>Giorgio Mannucci<\/strong> \u00e8 viscerale e ha radici nella sua anima creativa. A marzo 2022 ha pubblicato il disco <a href=\"https:\/\/www.youtube.com\/watch?v=zlntg235gpE&amp;list=OLAK5uy_nBf5VcaNMB_Q6RG13D7X6qLjAZvxEWxoM\" target=\"_blank\" rel=\"noopener\"> <em><strong>&#8220;Musiche per film che non esistono&#8221;<\/strong><\/em><\/a> nato per caso durante la pandemia.\u00a0Una raccolta di <strong>12 piccole colonne sonore<\/strong> di <strong>sensazioni, visioni e stati d\u2019animo,\u00a0<\/strong>brevi videoclip <strong>prodotti e montati proprio dallo stesso autore.\u00a0<\/strong><\/p>\n<p>&#8220;L&#8217;idea \u00e8 nata l&#8217;anno scorso durante l&#8217;estate &#8211; <strong>ci ha raccontato Giorgio Mannucci<\/strong> &#8211; ho acquistato questa telecamera tascabile perch\u00e8 ho sempre avuto il sogno di filmare avendo anche studiato cinema in passato all&#8217;Universit\u00e0. Ho sempre avuto questo amore cos\u00ec mi portavo in giro questa telecamera e filmavo cose che mi impressionavano. Trasferendole su computer mi sono detto:<strong> sono proprio belle! Cosa ci faccio? Allora ho pensato di realizzare anche le musiche<\/strong>. Quindi <strong>prima sono venuti i video e poi le canzoni,<\/strong> da suggestioni che provo vedendo le immagini, provo a immaginarmi la musica.<\/p>\n<p><strong>Mi pare che\u00a0ti sia piaciuto parecchio&#8230;<\/strong><\/p>\n<p><strong>E&#8217; una cosa che mi ha aiutato molto a sperimentare, \u00e8 molto libera,<\/strong> non deve seguire regole quindi per un artista \u00e8 una cosa molto bella e liberatoria. Io sono controcorrente, a volte faccio le cose in maniera anche con ingenuit\u00e0 e incoscienza, senza pensare troppo alle conseguenze. Per\u00f2 poi da questi video \u00e8 nata anche la voglia di farne un disco, <strong>un volume 1.<\/strong><\/p>\n<p><strong>So che sei un amante del cinema quali sono i tuoi registi preferiti?<\/strong><\/p>\n<p>Sicuramente<strong> Wes Anderson, Lynch, Kubrik, Hitchcock.<\/strong><\/p>\n<p><iframe loading=\"lazy\" title=\"YouTube video player\" src=\"https:\/\/www.youtube.com\/embed\/8QlvWwPfycw\" width=\"800\" height=\"500\" frameborder=\"0\" allowfullscreen=\"allowfullscreen\"><span data-mce-type=\"bookmark\" style=\"display: inline-block; width: 0px; overflow: hidden; line-height: 0;\" class=\"mce_SELRES_start\">\ufeff<\/span><\/iframe><\/p>\n<p><strong>In realt\u00e0 tu quest&#8217;anno ti sei proprio lanciato dall&#8217;altra pare della camera e hai fatto al regia per un video della cantautrice Giulia Pratelli<\/strong><\/p>\n<p>S\u00ec, <strong>Giulia ha visto i miei video e aveva voglia di fare un videoclip insieme a me sul tema della violenza sulle donne,<\/strong> un tema su cui io ho riflettuto parecchio. E&#8217; nata questa collaborazione ed \u00e8 nato un video con <strong>l&#8217;attrice Laura Rossi. <\/strong>Da questo trio \u00e8 nato un video che abbiamo presentato a un festival\u00a0internazionale di Roma che tratta la\u00a0cinematografia sociale, ed \u00e8 andata molto bene, abbiamo vinto due premi.<\/p>\n<p><strong>Se tu dovessi girare un film che tipo di film ti piacerebbe realizzare?<\/strong><\/p>\n<p>Sicuramente qualcosa dove c&#8217;\u00e8 della suspance, quindi forse un triller, un giallo.<\/p>\n<p><strong>Invece cosa ci puoi dire sul nuovo disco?<\/strong><\/p>\n<p>Il disco nuovo \u00e8 frutto di un lavoro di tantissimi anni, con la pandemia nel mezzo, quindi \u00e8 una collezione di brani dove c&#8217;\u00e8 tanto la mia citt\u00e0: Livorno. Ci sono almeno due o tre brani che sono molto attaccati a Livorno.<strong> Ci sono anche molte relazioni sentimentali che vanno male, temi che aiutano molto a scrivere<\/strong> (ride). Dovrebbe uscire entro il 2022 verso ottobre.<\/p>\n<div class=\"titleimg\">\n<figure id=\"post-230569 media-230569\" class=\"align-none\"><img decoding=\"async\" src=\"https:\/\/www.intoscana.it\/wp-content\/uploads\/277763966_6275694296175_1335236020779144072_n.jpg\" alt=\"\" \/><\/figure>\n<div class=\"titleimg\">Giorgio Mannucci<\/div>\n<\/div>\n<p>&nbsp;<\/p>\n","protected":false},"excerpt":{"rendered":"<p>Il cantautore livornese unisce a quello per la musica un grande amore per il cinema che l&#8217;ha portato a vincere anche due importanti premi in un festival internazionale<\/p>\n","protected":false},"author":518,"featured_media":230566,"comment_status":"open","ping_status":"open","sticky":false,"template":"","format":"standard","meta":{"_acf_changed":false,"footnotes":""},"categories":[14],"tags":[188,3138],"class_list":["post-230575","post","type-post","status-publish","format-standard","has-post-thumbnail","hentry","category-musica","tag-cinema","tag-interviste-agli-artisti"],"acf":[],"yoast_head":"<!-- This site is optimized with the Yoast SEO Premium plugin v24.2 (Yoast SEO v25.6) - https:\/\/yoast.com\/wordpress\/plugins\/seo\/ -->\n<title>Giorgio Mannucci: dalla musica al cinema con &quot;Musiche per film che non esistono&quot; - intoscana<\/title>\n<meta name=\"robots\" content=\"index, follow, max-snippet:-1, max-image-preview:large, max-video-preview:-1\" \/>\n<link rel=\"canonical\" href=\"https:\/\/www.intoscana.it\/it\/giorgio-mannucci-dalla-musica-al-cinema-con-musiche-per-film-che-non-esistono\/\" \/>\n<meta property=\"og:locale\" content=\"it_IT\" \/>\n<meta property=\"og:type\" content=\"article\" \/>\n<meta property=\"og:title\" content=\"Giorgio Mannucci: dalla musica al cinema con &quot;Musiche per film che non esistono&quot;\" \/>\n<meta property=\"og:description\" content=\"Il cantautore livornese unisce a quello per la musica un grande amore per il cinema che l&#039;ha portato a vincere anche due importanti premi in un festival internazionale\" \/>\n<meta property=\"og:url\" content=\"https:\/\/www.intoscana.it\/it\/giorgio-mannucci-dalla-musica-al-cinema-con-musiche-per-film-che-non-esistono\/\" \/>\n<meta property=\"og:site_name\" content=\"intoscana\" \/>\n<meta property=\"article:publisher\" content=\"https:\/\/www.facebook.com\/intoscana.it\" \/>\n<meta property=\"article:published_time\" content=\"2022-05-26T12:20:56+00:00\" \/>\n<meta property=\"article:modified_time\" content=\"2022-05-26T12:26:50+00:00\" \/>\n<meta property=\"og:image\" content=\"https:\/\/www.intoscana.it\/wp-content\/uploads\/275553026_3349744685252886_5677614868085620869_n.jpg\" \/>\n\t<meta property=\"og:image:width\" content=\"810\" \/>\n\t<meta property=\"og:image:height\" content=\"540\" \/>\n\t<meta property=\"og:image:type\" content=\"image\/jpeg\" \/>\n<meta name=\"author\" content=\"Costanza Baldini\" \/>\n<meta name=\"twitter:card\" content=\"summary_large_image\" \/>\n<meta name=\"twitter:creator\" content=\"@intoscana\" \/>\n<meta name=\"twitter:site\" content=\"@intoscana\" \/>\n<meta name=\"twitter:label1\" content=\"Written by\" \/>\n\t<meta name=\"twitter:data1\" content=\"Costanza Baldini\" \/>\n\t<meta name=\"twitter:label2\" content=\"Est. reading time\" \/>\n\t<meta name=\"twitter:data2\" content=\"3 minuti\" \/>\n<script type=\"application\/ld+json\" class=\"yoast-schema-graph\">{\"@context\":\"https:\/\/schema.org\",\"@graph\":[{\"@type\":\"WebPage\",\"@id\":\"https:\/\/www.intoscana.it\/it\/giorgio-mannucci-dalla-musica-al-cinema-con-musiche-per-film-che-non-esistono\/\",\"url\":\"https:\/\/www.intoscana.it\/it\/giorgio-mannucci-dalla-musica-al-cinema-con-musiche-per-film-che-non-esistono\/\",\"name\":\"Giorgio Mannucci: dalla musica al cinema con \\\"Musiche per film che non esistono\\\" - intoscana\",\"isPartOf\":{\"@id\":\"https:\/\/www.intoscana.it\/it\/#website\"},\"primaryImageOfPage\":{\"@id\":\"https:\/\/www.intoscana.it\/it\/giorgio-mannucci-dalla-musica-al-cinema-con-musiche-per-film-che-non-esistono\/#primaryimage\"},\"image\":{\"@id\":\"https:\/\/www.intoscana.it\/it\/giorgio-mannucci-dalla-musica-al-cinema-con-musiche-per-film-che-non-esistono\/#primaryimage\"},\"thumbnailUrl\":\"https:\/\/www.intoscana.it\/wp-content\/uploads\/275553026_3349744685252886_5677614868085620869_n.jpg\",\"datePublished\":\"2022-05-26T12:20:56+00:00\",\"dateModified\":\"2022-05-26T12:26:50+00:00\",\"author\":{\"@id\":\"https:\/\/www.intoscana.it\/it\/#\/schema\/person\/d469f35f09739bdf00bf5dd3f0647a82\"},\"breadcrumb\":{\"@id\":\"https:\/\/www.intoscana.it\/it\/giorgio-mannucci-dalla-musica-al-cinema-con-musiche-per-film-che-non-esistono\/#breadcrumb\"},\"inLanguage\":\"it-IT\",\"potentialAction\":[{\"@type\":\"ReadAction\",\"target\":[\"https:\/\/www.intoscana.it\/it\/giorgio-mannucci-dalla-musica-al-cinema-con-musiche-per-film-che-non-esistono\/\"]}]},{\"@type\":\"ImageObject\",\"inLanguage\":\"it-IT\",\"@id\":\"https:\/\/www.intoscana.it\/it\/giorgio-mannucci-dalla-musica-al-cinema-con-musiche-per-film-che-non-esistono\/#primaryimage\",\"url\":\"https:\/\/www.intoscana.it\/wp-content\/uploads\/275553026_3349744685252886_5677614868085620869_n.jpg\",\"contentUrl\":\"https:\/\/www.intoscana.it\/wp-content\/uploads\/275553026_3349744685252886_5677614868085620869_n.jpg\",\"width\":810,\"height\":540},{\"@type\":\"BreadcrumbList\",\"@id\":\"https:\/\/www.intoscana.it\/it\/giorgio-mannucci-dalla-musica-al-cinema-con-musiche-per-film-che-non-esistono\/#breadcrumb\",\"itemListElement\":[{\"@type\":\"ListItem\",\"position\":1,\"name\":\"Home\",\"item\":\"https:\/\/www.intoscana.it\/it\/\"},{\"@type\":\"ListItem\",\"position\":2,\"name\":\"Giorgio Mannucci: dalla musica al cinema con &#8220;Musiche per film che non esistono&#8221;\"}]},{\"@type\":\"WebSite\",\"@id\":\"https:\/\/www.intoscana.it\/it\/#website\",\"url\":\"https:\/\/www.intoscana.it\/it\/\",\"name\":\"intoscana\",\"description\":\"\",\"potentialAction\":[{\"@type\":\"SearchAction\",\"target\":{\"@type\":\"EntryPoint\",\"urlTemplate\":\"https:\/\/www.intoscana.it\/it\/?s={search_term_string}\"},\"query-input\":{\"@type\":\"PropertyValueSpecification\",\"valueRequired\":true,\"valueName\":\"search_term_string\"}}],\"inLanguage\":\"it-IT\"},{\"@type\":\"Person\",\"@id\":\"https:\/\/www.intoscana.it\/it\/#\/schema\/person\/d469f35f09739bdf00bf5dd3f0647a82\",\"name\":\"Costanza Baldini\",\"url\":\"https:\/\/www.intoscana.it\/it\/author\/costanza-baldini\/\"}]}<\/script>\n<!-- \/ Yoast SEO Premium plugin. -->","yoast_head_json":{"title":"Giorgio Mannucci: dalla musica al cinema con \"Musiche per film che non esistono\" - intoscana","robots":{"index":"index","follow":"follow","max-snippet":"max-snippet:-1","max-image-preview":"max-image-preview:large","max-video-preview":"max-video-preview:-1"},"canonical":"https:\/\/www.intoscana.it\/it\/giorgio-mannucci-dalla-musica-al-cinema-con-musiche-per-film-che-non-esistono\/","og_locale":"it_IT","og_type":"article","og_title":"Giorgio Mannucci: dalla musica al cinema con \"Musiche per film che non esistono\"","og_description":"Il cantautore livornese unisce a quello per la musica un grande amore per il cinema che l'ha portato a vincere anche due importanti premi in un festival internazionale","og_url":"https:\/\/www.intoscana.it\/it\/giorgio-mannucci-dalla-musica-al-cinema-con-musiche-per-film-che-non-esistono\/","og_site_name":"intoscana","article_publisher":"https:\/\/www.facebook.com\/intoscana.it","article_published_time":"2022-05-26T12:20:56+00:00","article_modified_time":"2022-05-26T12:26:50+00:00","og_image":[{"width":810,"height":540,"url":"https:\/\/www.intoscana.it\/wp-content\/uploads\/275553026_3349744685252886_5677614868085620869_n.jpg","type":"image\/jpeg"}],"author":"Costanza Baldini","twitter_card":"summary_large_image","twitter_creator":"@intoscana","twitter_site":"@intoscana","twitter_misc":{"Written by":"Costanza Baldini","Est. reading time":"3 minuti"},"schema":{"@context":"https:\/\/schema.org","@graph":[{"@type":"WebPage","@id":"https:\/\/www.intoscana.it\/it\/giorgio-mannucci-dalla-musica-al-cinema-con-musiche-per-film-che-non-esistono\/","url":"https:\/\/www.intoscana.it\/it\/giorgio-mannucci-dalla-musica-al-cinema-con-musiche-per-film-che-non-esistono\/","name":"Giorgio Mannucci: dalla musica al cinema con \"Musiche per film che non esistono\" - intoscana","isPartOf":{"@id":"https:\/\/www.intoscana.it\/it\/#website"},"primaryImageOfPage":{"@id":"https:\/\/www.intoscana.it\/it\/giorgio-mannucci-dalla-musica-al-cinema-con-musiche-per-film-che-non-esistono\/#primaryimage"},"image":{"@id":"https:\/\/www.intoscana.it\/it\/giorgio-mannucci-dalla-musica-al-cinema-con-musiche-per-film-che-non-esistono\/#primaryimage"},"thumbnailUrl":"https:\/\/www.intoscana.it\/wp-content\/uploads\/275553026_3349744685252886_5677614868085620869_n.jpg","datePublished":"2022-05-26T12:20:56+00:00","dateModified":"2022-05-26T12:26:50+00:00","author":{"@id":"https:\/\/www.intoscana.it\/it\/#\/schema\/person\/d469f35f09739bdf00bf5dd3f0647a82"},"breadcrumb":{"@id":"https:\/\/www.intoscana.it\/it\/giorgio-mannucci-dalla-musica-al-cinema-con-musiche-per-film-che-non-esistono\/#breadcrumb"},"inLanguage":"it-IT","potentialAction":[{"@type":"ReadAction","target":["https:\/\/www.intoscana.it\/it\/giorgio-mannucci-dalla-musica-al-cinema-con-musiche-per-film-che-non-esistono\/"]}]},{"@type":"ImageObject","inLanguage":"it-IT","@id":"https:\/\/www.intoscana.it\/it\/giorgio-mannucci-dalla-musica-al-cinema-con-musiche-per-film-che-non-esistono\/#primaryimage","url":"https:\/\/www.intoscana.it\/wp-content\/uploads\/275553026_3349744685252886_5677614868085620869_n.jpg","contentUrl":"https:\/\/www.intoscana.it\/wp-content\/uploads\/275553026_3349744685252886_5677614868085620869_n.jpg","width":810,"height":540},{"@type":"BreadcrumbList","@id":"https:\/\/www.intoscana.it\/it\/giorgio-mannucci-dalla-musica-al-cinema-con-musiche-per-film-che-non-esistono\/#breadcrumb","itemListElement":[{"@type":"ListItem","position":1,"name":"Home","item":"https:\/\/www.intoscana.it\/it\/"},{"@type":"ListItem","position":2,"name":"Giorgio Mannucci: dalla musica al cinema con &#8220;Musiche per film che non esistono&#8221;"}]},{"@type":"WebSite","@id":"https:\/\/www.intoscana.it\/it\/#website","url":"https:\/\/www.intoscana.it\/it\/","name":"intoscana","description":"","potentialAction":[{"@type":"SearchAction","target":{"@type":"EntryPoint","urlTemplate":"https:\/\/www.intoscana.it\/it\/?s={search_term_string}"},"query-input":{"@type":"PropertyValueSpecification","valueRequired":true,"valueName":"search_term_string"}}],"inLanguage":"it-IT"},{"@type":"Person","@id":"https:\/\/www.intoscana.it\/it\/#\/schema\/person\/d469f35f09739bdf00bf5dd3f0647a82","name":"Costanza Baldini","url":"https:\/\/www.intoscana.it\/it\/author\/costanza-baldini\/"}]}},"_links":{"self":[{"href":"https:\/\/www.intoscana.it\/it\/wp-json\/wp\/v2\/posts\/230575","targetHints":{"allow":["GET"]}}],"collection":[{"href":"https:\/\/www.intoscana.it\/it\/wp-json\/wp\/v2\/posts"}],"about":[{"href":"https:\/\/www.intoscana.it\/it\/wp-json\/wp\/v2\/types\/post"}],"author":[{"embeddable":true,"href":"https:\/\/www.intoscana.it\/it\/wp-json\/wp\/v2\/users\/518"}],"replies":[{"embeddable":true,"href":"https:\/\/www.intoscana.it\/it\/wp-json\/wp\/v2\/comments?post=230575"}],"version-history":[{"count":0,"href":"https:\/\/www.intoscana.it\/it\/wp-json\/wp\/v2\/posts\/230575\/revisions"}],"wp:featuredmedia":[{"embeddable":true,"href":"https:\/\/www.intoscana.it\/it\/wp-json\/wp\/v2\/media\/230566"}],"wp:attachment":[{"href":"https:\/\/www.intoscana.it\/it\/wp-json\/wp\/v2\/media?parent=230575"}],"wp:term":[{"taxonomy":"category","embeddable":true,"href":"https:\/\/www.intoscana.it\/it\/wp-json\/wp\/v2\/categories?post=230575"},{"taxonomy":"post_tag","embeddable":true,"href":"https:\/\/www.intoscana.it\/it\/wp-json\/wp\/v2\/tags?post=230575"}],"curies":[{"name":"wp","href":"https:\/\/api.w.org\/{rel}","templated":true}]}}