{"id":230585,"date":"2022-05-26T12:01:48","date_gmt":"2022-05-26T10:01:48","guid":{"rendered":"https:\/\/www.intoscana.it\/it\/?p=230585"},"modified":"2022-05-26T12:01:48","modified_gmt":"2022-05-26T10:01:48","slug":"covid-19-in-toscana-1-390-nuovi-casi-eta-media-43-anni-sono-9-i-decessi","status":"publish","type":"post","link":"https:\/\/www.intoscana.it\/it\/covid-19-in-toscana-1-390-nuovi-casi-eta-media-43-anni-sono-9-i-decessi\/","title":{"rendered":"Covid-19: in Toscana 1.390 nuovi casi, et\u00e0 media 43 anni. Sono 9 i decessi"},"content":{"rendered":"<p>In Toscana sono 1.146.405 i casi di positivit\u00e0 al Coronavirus, <strong>1.390 in pi\u00f9 rispetto a ieri<\/strong> (356 confermati con tampone molecolare e 1.034 da test rapido antigenico). I nuovi casi sono lo 0,1% in pi\u00f9 rispetto al totale del giorno precedente. I guariti crescono dello 0,2% e raggiungono quota 1.106.184 (96,5% dei casi totali).<\/p>\n<p><strong>Oggi sono stati eseguiti 1.865 tamponi molecolari e 9.811 tamponi antigenici rapidi<\/strong>, di questi l&#8217;11,9% \u00e8 risultato positivo. Sono invece 2.234 i soggetti testati oggi (con tampone antigenico e\/o molecolare, escludendo i tamponi di controllo), di cui il 62,2% \u00e8 risultato positivo. Gli attualmente positivi sono oggi 30.149, -3,7% rispetto a ieri. I ricoverati sono 328 (15 in meno rispetto a ieri), di cui 17 in terapia intensiva (2 in pi\u00f9). Oggi si registrano 9 nuovi decessi: 6 uomini e 3 donne con un&#8217;et\u00e0 media di 81,3 anni.<\/p>\n<p><strong>L&#8217;et\u00e0 media dei 1.390 nuovi positivi odierni \u00e8 di 43 anni circa<\/strong> (14% ha meno di 20 anni, 20% tra 20 e 39 anni, 33% tra 40 e 59 anni, 24% tra 60 e 79 anni, 7% ha 80 anni o pi\u00f9).<\/p>\n<h3>I casi di positivit\u00e0 sul territorio<\/h3>\n<p>Di seguito i casi di positivit\u00e0 sul territorio con la variazione rispetto a ieri (356 confermati con tampone molecolare e 1.034 da test rapido antigenico). Sono 318.569 i casi complessivi ad oggi a Firenze (387 in pi\u00f9 rispetto a ieri), 78.686 a Prato (71 in pi\u00f9), 91.871 a Pistoia (97 in pi\u00f9), 56.302 a Massa (65 in pi\u00f9), 120.238 a Lucca (160 in pi\u00f9), 131.660 a Pisa (159 in pi\u00f9), 101.877 a Livorno (143 in pi\u00f9), 104.566 ad Arezzo (108 in pi\u00f9), 80.833 a Siena (119 in pi\u00f9), 61.248 a Grosseto (81 in pi\u00f9). Sono 555 i casi positivi notificati in Toscana, ma residenti in altre regioni.<\/p>\n<p>Sono <strong>579 i casi riscontrati oggi nell&#8217;Asl Centro<\/strong>, 503 nella Nord Ovest, 308 nella Sud est.<\/p>\n<p>La Toscana si trova al 8\u00b0 posto in Italia come numerosit\u00e0 di casi (comprensivi di residenti e non residenti), con circa 31.044 casi per 100.000 abitanti (media italiana circa 29.226 x100.000, dato di ieri). Le province di notifica con il tasso pi\u00f9 alto sono Firenze con 31.907 casi x100.000 abitanti, Pistoia con 31.653, Pisa con 31.499, la pi\u00f9 bassa Grosseto con 28.115.<br \/>\nComplessivamente, 29.821 persone sono in isolamento a casa, poich\u00e9 presentano sintomi lievi che non richiedono cure ospedaliere, o risultano prive di sintomi (1.149 in meno rispetto a ieri, meno 3,7%).<\/p>\n<p><strong>Le persone ricoverate nei posti letto dedicati ai pazienti COVID oggi sono complessivamente 328<\/strong> (15 in meno rispetto a ieri, meno 4,4%), <strong>17 in terapia intensiva<\/strong> (2 in pi\u00f9 rispetto a ieri, pi\u00f9 13,3%).<\/p>\n<p><strong>Le persone complessivamente guarite sono 1.106.184<\/strong> (2.545 in pi\u00f9 rispetto a ieri, pi\u00f9 0,2%): 0 persone clinicamente guarite (stabili rispetto a ieri), divenute cio\u00e8 asintomatiche dopo aver presentato manifestazioni cliniche associate all&#8217;infezione e 1.106.184 (2.545 in pi\u00f9 rispetto a ieri, pi\u00f9 0,2%) dichiarate guarite a tutti gli effetti, le cosiddette guarigioni virali, con tampone negativo.<\/p>\n<h3>I decessi<\/h3>\n<p>Oggi si registrano <strong>9 nuovi decessi: 6 uomini e 3 donne con un&#8217;et\u00e0 media di 81,3 anni.<\/strong><\/p>\n<p>Relativamente alla provincia di residenza, le persone decedute sono: 3 a Firenze, 3 a Pistoia, 1 a Pisa, 2 a Livorno.<\/p>\n<p><strong>Sono 10.072 i deceduti dall&#8217;inizio dell&#8217;epidemia<\/strong> cosi ripartiti: 3.170 a Firenze, 834 a Prato, 902 a Pistoia, 654 a Massa Carrara, 944 a Lucca, 1.113 a Pisa, 738 a Livorno, 656 ad Arezzo, 534 a Siena, 388 a Grosseto, 139 persone sono decedute sul suolo toscano ma erano residenti fuori regione.<\/p>\n<p>Il tasso grezzo di mortalit\u00e0 toscano (numero di deceduti\/popolazione residente) per Covid-19 \u00e8 di 272,7 x100.000 residenti contro il 280,7 x100.000 della media italiana (10\u00b0 regione). Per quanto riguarda le province, il tasso di mortalit\u00e0 pi\u00f9 alto si riscontra a Massa Carrara (344,5 x100.000), Firenze (317,5 x100.000) e Prato (314,4 x100.000), il pi\u00f9 basso a Grosseto (178,1 x100.000).<\/p>\n","protected":false},"excerpt":{"rendered":"<p>Oggi sono stati eseguiti 1.865 tamponi molecolari e 9.811 tamponi antigenici rapidi, di questi l&#8217;11,9% \u00e8 risultato positivo. Sono invece 2.234 i soggetti testati oggi (con tampone antigenico e\/o molecolare, escludendo i tamponi di controllo), di cui il 62,2% \u00e8 risultato positivo<\/p>\n","protected":false},"author":525,"featured_media":154746,"comment_status":"open","ping_status":"open","sticky":false,"template":"","format":"standard","meta":{"_acf_changed":false,"footnotes":""},"categories":[494],"tags":[418],"class_list":["post-230585","post","type-post","status-publish","format-standard","has-post-thumbnail","hentry","category-attualita","tag-covid-19"],"acf":[],"yoast_head":"<!-- This site is optimized with the Yoast SEO Premium plugin v24.2 (Yoast SEO v25.6) - https:\/\/yoast.com\/wordpress\/plugins\/seo\/ -->\n<title>Covid-19: in Toscana 1.390 nuovi casi, et\u00e0 media 43 anni. Sono 9 i decessi - intoscana<\/title>\n<meta name=\"robots\" content=\"index, follow, max-snippet:-1, max-image-preview:large, max-video-preview:-1\" \/>\n<link rel=\"canonical\" href=\"https:\/\/www.intoscana.it\/it\/covid-19-in-toscana-1-390-nuovi-casi-eta-media-43-anni-sono-9-i-decessi\/\" \/>\n<meta property=\"og:locale\" content=\"it_IT\" \/>\n<meta property=\"og:type\" content=\"article\" \/>\n<meta property=\"og:title\" content=\"Covid-19: in Toscana 1.390 nuovi casi, et\u00e0 media 43 anni. Sono 9 i decessi\" \/>\n<meta property=\"og:description\" content=\"Oggi sono stati eseguiti 1.865 tamponi molecolari e 9.811 tamponi antigenici rapidi, di questi l&#039;11,9% \u00e8 risultato positivo. Sono invece 2.234 i soggetti testati oggi (con tampone antigenico e\/o molecolare, escludendo i tamponi di controllo), di cui il 62,2% \u00e8 risultato positivo\" \/>\n<meta property=\"og:url\" content=\"https:\/\/www.intoscana.it\/it\/covid-19-in-toscana-1-390-nuovi-casi-eta-media-43-anni-sono-9-i-decessi\/\" \/>\n<meta property=\"og:site_name\" content=\"intoscana\" \/>\n<meta property=\"article:publisher\" content=\"https:\/\/www.facebook.com\/intoscana.it\" \/>\n<meta property=\"article:published_time\" content=\"2022-05-26T10:01:48+00:00\" \/>\n<meta property=\"og:image\" content=\"https:\/\/www.intoscana.it\/wp-content\/uploads\/bambina-con-mascherina-scaled.jpg\" \/>\n\t<meta property=\"og:image:width\" content=\"2048\" \/>\n\t<meta property=\"og:image:height\" content=\"1366\" \/>\n\t<meta property=\"og:image:type\" content=\"image\/jpeg\" \/>\n<meta name=\"author\" content=\"Redazione\" \/>\n<meta name=\"twitter:card\" content=\"summary_large_image\" \/>\n<meta name=\"twitter:creator\" content=\"@intoscana\" \/>\n<meta name=\"twitter:site\" content=\"@intoscana\" \/>\n<meta name=\"twitter:label1\" content=\"Written by\" \/>\n\t<meta name=\"twitter:data1\" content=\"Redazione\" \/>\n\t<meta name=\"twitter:label2\" content=\"Est. reading time\" \/>\n\t<meta name=\"twitter:data2\" content=\"3 minuti\" \/>\n<script type=\"application\/ld+json\" class=\"yoast-schema-graph\">{\"@context\":\"https:\/\/schema.org\",\"@graph\":[{\"@type\":\"WebPage\",\"@id\":\"https:\/\/www.intoscana.it\/it\/covid-19-in-toscana-1-390-nuovi-casi-eta-media-43-anni-sono-9-i-decessi\/\",\"url\":\"https:\/\/www.intoscana.it\/it\/covid-19-in-toscana-1-390-nuovi-casi-eta-media-43-anni-sono-9-i-decessi\/\",\"name\":\"Covid-19: in Toscana 1.390 nuovi casi, et\u00e0 media 43 anni. Sono 9 i decessi - intoscana\",\"isPartOf\":{\"@id\":\"https:\/\/www.intoscana.it\/it\/#website\"},\"primaryImageOfPage\":{\"@id\":\"https:\/\/www.intoscana.it\/it\/covid-19-in-toscana-1-390-nuovi-casi-eta-media-43-anni-sono-9-i-decessi\/#primaryimage\"},\"image\":{\"@id\":\"https:\/\/www.intoscana.it\/it\/covid-19-in-toscana-1-390-nuovi-casi-eta-media-43-anni-sono-9-i-decessi\/#primaryimage\"},\"thumbnailUrl\":\"https:\/\/www.intoscana.it\/wp-content\/uploads\/bambina-con-mascherina-scaled.jpg\",\"datePublished\":\"2022-05-26T10:01:48+00:00\",\"author\":{\"@id\":\"https:\/\/www.intoscana.it\/it\/#\/schema\/person\/9223810753230f20bd670fdd322661f8\"},\"breadcrumb\":{\"@id\":\"https:\/\/www.intoscana.it\/it\/covid-19-in-toscana-1-390-nuovi-casi-eta-media-43-anni-sono-9-i-decessi\/#breadcrumb\"},\"inLanguage\":\"it-IT\",\"potentialAction\":[{\"@type\":\"ReadAction\",\"target\":[\"https:\/\/www.intoscana.it\/it\/covid-19-in-toscana-1-390-nuovi-casi-eta-media-43-anni-sono-9-i-decessi\/\"]}]},{\"@type\":\"ImageObject\",\"inLanguage\":\"it-IT\",\"@id\":\"https:\/\/www.intoscana.it\/it\/covid-19-in-toscana-1-390-nuovi-casi-eta-media-43-anni-sono-9-i-decessi\/#primaryimage\",\"url\":\"https:\/\/www.intoscana.it\/wp-content\/uploads\/bambina-con-mascherina-scaled.jpg\",\"contentUrl\":\"https:\/\/www.intoscana.it\/wp-content\/uploads\/bambina-con-mascherina-scaled.jpg\",\"width\":2048,\"height\":1366},{\"@type\":\"BreadcrumbList\",\"@id\":\"https:\/\/www.intoscana.it\/it\/covid-19-in-toscana-1-390-nuovi-casi-eta-media-43-anni-sono-9-i-decessi\/#breadcrumb\",\"itemListElement\":[{\"@type\":\"ListItem\",\"position\":1,\"name\":\"Home\",\"item\":\"https:\/\/www.intoscana.it\/it\/\"},{\"@type\":\"ListItem\",\"position\":2,\"name\":\"Covid-19: in Toscana 1.390 nuovi casi, et\u00e0 media 43 anni. Sono 9 i decessi\"}]},{\"@type\":\"WebSite\",\"@id\":\"https:\/\/www.intoscana.it\/it\/#website\",\"url\":\"https:\/\/www.intoscana.it\/it\/\",\"name\":\"intoscana\",\"description\":\"\",\"potentialAction\":[{\"@type\":\"SearchAction\",\"target\":{\"@type\":\"EntryPoint\",\"urlTemplate\":\"https:\/\/www.intoscana.it\/it\/?s={search_term_string}\"},\"query-input\":{\"@type\":\"PropertyValueSpecification\",\"valueRequired\":true,\"valueName\":\"search_term_string\"}}],\"inLanguage\":\"it-IT\"},{\"@type\":\"Person\",\"@id\":\"https:\/\/www.intoscana.it\/it\/#\/schema\/person\/9223810753230f20bd670fdd322661f8\",\"name\":\"Redazione\",\"url\":\"https:\/\/www.intoscana.it\/it\/author\/redazione\/\"}]}<\/script>\n<!-- \/ Yoast SEO Premium plugin. -->","yoast_head_json":{"title":"Covid-19: in Toscana 1.390 nuovi casi, et\u00e0 media 43 anni. Sono 9 i decessi - intoscana","robots":{"index":"index","follow":"follow","max-snippet":"max-snippet:-1","max-image-preview":"max-image-preview:large","max-video-preview":"max-video-preview:-1"},"canonical":"https:\/\/www.intoscana.it\/it\/covid-19-in-toscana-1-390-nuovi-casi-eta-media-43-anni-sono-9-i-decessi\/","og_locale":"it_IT","og_type":"article","og_title":"Covid-19: in Toscana 1.390 nuovi casi, et\u00e0 media 43 anni. Sono 9 i decessi","og_description":"Oggi sono stati eseguiti 1.865 tamponi molecolari e 9.811 tamponi antigenici rapidi, di questi l'11,9% \u00e8 risultato positivo. Sono invece 2.234 i soggetti testati oggi (con tampone antigenico e\/o molecolare, escludendo i tamponi di controllo), di cui il 62,2% \u00e8 risultato positivo","og_url":"https:\/\/www.intoscana.it\/it\/covid-19-in-toscana-1-390-nuovi-casi-eta-media-43-anni-sono-9-i-decessi\/","og_site_name":"intoscana","article_publisher":"https:\/\/www.facebook.com\/intoscana.it","article_published_time":"2022-05-26T10:01:48+00:00","og_image":[{"width":2048,"height":1366,"url":"https:\/\/www.intoscana.it\/wp-content\/uploads\/bambina-con-mascherina-scaled.jpg","type":"image\/jpeg"}],"author":"Redazione","twitter_card":"summary_large_image","twitter_creator":"@intoscana","twitter_site":"@intoscana","twitter_misc":{"Written by":"Redazione","Est. reading time":"3 minuti"},"schema":{"@context":"https:\/\/schema.org","@graph":[{"@type":"WebPage","@id":"https:\/\/www.intoscana.it\/it\/covid-19-in-toscana-1-390-nuovi-casi-eta-media-43-anni-sono-9-i-decessi\/","url":"https:\/\/www.intoscana.it\/it\/covid-19-in-toscana-1-390-nuovi-casi-eta-media-43-anni-sono-9-i-decessi\/","name":"Covid-19: in Toscana 1.390 nuovi casi, et\u00e0 media 43 anni. Sono 9 i decessi - intoscana","isPartOf":{"@id":"https:\/\/www.intoscana.it\/it\/#website"},"primaryImageOfPage":{"@id":"https:\/\/www.intoscana.it\/it\/covid-19-in-toscana-1-390-nuovi-casi-eta-media-43-anni-sono-9-i-decessi\/#primaryimage"},"image":{"@id":"https:\/\/www.intoscana.it\/it\/covid-19-in-toscana-1-390-nuovi-casi-eta-media-43-anni-sono-9-i-decessi\/#primaryimage"},"thumbnailUrl":"https:\/\/www.intoscana.it\/wp-content\/uploads\/bambina-con-mascherina-scaled.jpg","datePublished":"2022-05-26T10:01:48+00:00","author":{"@id":"https:\/\/www.intoscana.it\/it\/#\/schema\/person\/9223810753230f20bd670fdd322661f8"},"breadcrumb":{"@id":"https:\/\/www.intoscana.it\/it\/covid-19-in-toscana-1-390-nuovi-casi-eta-media-43-anni-sono-9-i-decessi\/#breadcrumb"},"inLanguage":"it-IT","potentialAction":[{"@type":"ReadAction","target":["https:\/\/www.intoscana.it\/it\/covid-19-in-toscana-1-390-nuovi-casi-eta-media-43-anni-sono-9-i-decessi\/"]}]},{"@type":"ImageObject","inLanguage":"it-IT","@id":"https:\/\/www.intoscana.it\/it\/covid-19-in-toscana-1-390-nuovi-casi-eta-media-43-anni-sono-9-i-decessi\/#primaryimage","url":"https:\/\/www.intoscana.it\/wp-content\/uploads\/bambina-con-mascherina-scaled.jpg","contentUrl":"https:\/\/www.intoscana.it\/wp-content\/uploads\/bambina-con-mascherina-scaled.jpg","width":2048,"height":1366},{"@type":"BreadcrumbList","@id":"https:\/\/www.intoscana.it\/it\/covid-19-in-toscana-1-390-nuovi-casi-eta-media-43-anni-sono-9-i-decessi\/#breadcrumb","itemListElement":[{"@type":"ListItem","position":1,"name":"Home","item":"https:\/\/www.intoscana.it\/it\/"},{"@type":"ListItem","position":2,"name":"Covid-19: in Toscana 1.390 nuovi casi, et\u00e0 media 43 anni. Sono 9 i decessi"}]},{"@type":"WebSite","@id":"https:\/\/www.intoscana.it\/it\/#website","url":"https:\/\/www.intoscana.it\/it\/","name":"intoscana","description":"","potentialAction":[{"@type":"SearchAction","target":{"@type":"EntryPoint","urlTemplate":"https:\/\/www.intoscana.it\/it\/?s={search_term_string}"},"query-input":{"@type":"PropertyValueSpecification","valueRequired":true,"valueName":"search_term_string"}}],"inLanguage":"it-IT"},{"@type":"Person","@id":"https:\/\/www.intoscana.it\/it\/#\/schema\/person\/9223810753230f20bd670fdd322661f8","name":"Redazione","url":"https:\/\/www.intoscana.it\/it\/author\/redazione\/"}]}},"_links":{"self":[{"href":"https:\/\/www.intoscana.it\/it\/wp-json\/wp\/v2\/posts\/230585","targetHints":{"allow":["GET"]}}],"collection":[{"href":"https:\/\/www.intoscana.it\/it\/wp-json\/wp\/v2\/posts"}],"about":[{"href":"https:\/\/www.intoscana.it\/it\/wp-json\/wp\/v2\/types\/post"}],"author":[{"embeddable":true,"href":"https:\/\/www.intoscana.it\/it\/wp-json\/wp\/v2\/users\/525"}],"replies":[{"embeddable":true,"href":"https:\/\/www.intoscana.it\/it\/wp-json\/wp\/v2\/comments?post=230585"}],"version-history":[{"count":0,"href":"https:\/\/www.intoscana.it\/it\/wp-json\/wp\/v2\/posts\/230585\/revisions"}],"wp:featuredmedia":[{"embeddable":true,"href":"https:\/\/www.intoscana.it\/it\/wp-json\/wp\/v2\/media\/154746"}],"wp:attachment":[{"href":"https:\/\/www.intoscana.it\/it\/wp-json\/wp\/v2\/media?parent=230585"}],"wp:term":[{"taxonomy":"category","embeddable":true,"href":"https:\/\/www.intoscana.it\/it\/wp-json\/wp\/v2\/categories?post=230585"},{"taxonomy":"post_tag","embeddable":true,"href":"https:\/\/www.intoscana.it\/it\/wp-json\/wp\/v2\/tags?post=230585"}],"curies":[{"name":"wp","href":"https:\/\/api.w.org\/{rel}","templated":true}]}}