{"id":230821,"date":"2022-05-27T12:03:09","date_gmt":"2022-05-27T10:03:09","guid":{"rendered":"https:\/\/www.intoscana.it\/it\/?p=230821"},"modified":"2022-05-27T12:04:15","modified_gmt":"2022-05-27T10:04:15","slug":"baggio-mancini-fondazione-niccolo-galli","status":"publish","type":"post","link":"https:\/\/www.intoscana.it\/it\/baggio-mancini-fondazione-niccolo-galli\/","title":{"rendered":"Baggio e Mancini a Firenze per i vent&#8217;anni della Fondazione Niccol\u00f2 Galli"},"content":{"rendered":"<p>Anche il divin codino e il ct della nazionale erano presenti alla serata in onore dei venti anni della Fondazione Galli. Era infatti il 2002 quando Niccol\u00f2 Galli, primogenito di Giovanni Galli, giovane promessa del calcio, scomparso prematuramente in un incidente stradale dopo un allenamento.<\/p>\n<p>Pochi mesi dopo la morte di Niccol\u00f2, il padre Giovanni e la famiglia fondarono l&#8217;associazione che porta il suo nome per sostenere e portare avanti progetti a sostegno di giovani che hanno dovuto fare i conti con i postumi di gravi incidenti stradali. E in questi venti anni sono state tante le attivit\u00e0 della fondazione. Ieri nel chiostro di Santa Maria Novella si \u00e8 tenuta una serata per ricordare Niccol\u00f2 e per aprire la XX edizione del Memorial Niccol\u00f2 Galli, riservato agli Esordienti, che si terr\u00e0 nel fine settimana.<\/p>\n<p>&#8220;Che emozione incontrare Roberto Baggio nella serata a ricordo di Niccol\u00f2 Galli, figlio di Giovanni e Anna, straordinario talento calcistico scomparso in un incidente stradale a quasi 18 anni nel 2001 e lasciando un vuoto incolmabile in tutti coloro che lo hanno conosciuto!&#8221; ha scritto sulla propria pagina Facebook il presidente della Regione Toscana, Eugenio Giani, presente anche lui alla serata insieme al presidente del consiglio regionale Antonio Mazzeo. Roberto Baggio infatti \u00e8 stato uno degli ospiti della serata, accanto a lui anche l&#8217;allenatore degli azzurri Roberto Mancini per manifestare la propria vicinanza all&#8217;attivit\u00e0 e agli scopi della fondazione.<\/p>\n<p><iframe loading=\"lazy\" style=\"border: none; overflow: hidden;\" src=\"https:\/\/www.facebook.com\/plugins\/post.php?href=https%3A%2F%2Fwww.facebook.com%2Feugeniogianiufficiale%2Fposts%2F564037935088909&amp;show_text=true&amp;width=500\" width=\"500\" height=\"649\" frameborder=\"0\" scrolling=\"no\" allowfullscreen=\"allowfullscreen\"><\/iframe><\/p>\n<p>&nbsp;<\/p>\n","protected":false},"excerpt":{"rendered":"<p>La fondazione dedicata al figlio dell&#8217;ex portiere Giovanni Galli, tragicamente scomparso in un incidente stradale nel 2002, ha compiuto venti anni e lo ha fatto in una serata al chiostro di Santa Maria Novella alla presente di alcune stelle del calcio italiano<\/p>\n","protected":false},"author":525,"featured_media":103132,"comment_status":"open","ping_status":"open","sticky":false,"template":"","format":"standard","meta":{"_acf_changed":false,"footnotes":""},"categories":[494],"tags":[290,221,5827,159],"class_list":["post-230821","post","type-post","status-publish","format-standard","has-post-thumbnail","hentry","category-attualita","tag-calcio","tag-giovani","tag-nazionale-calcio","tag-sport"],"acf":[],"yoast_head":"<!-- This site is optimized with the Yoast SEO Premium plugin v24.2 (Yoast SEO v25.6) - https:\/\/yoast.com\/wordpress\/plugins\/seo\/ -->\n<title>Baggio e Mancini al Firenze per i vent&#039;anni della Fondazione Niccol\u00f2 Galli<\/title>\n<meta name=\"description\" content=\"Tanti big del calcio per i venti anni della fondazione dedicata al figlio di Giovanni Galli, scomparso in un incidente stradale nel 2002\" \/>\n<meta name=\"robots\" content=\"index, follow, max-snippet:-1, max-image-preview:large, max-video-preview:-1\" \/>\n<link rel=\"canonical\" href=\"https:\/\/www.intoscana.it\/it\/baggio-mancini-fondazione-niccolo-galli\/\" \/>\n<meta property=\"og:locale\" content=\"it_IT\" \/>\n<meta property=\"og:type\" content=\"article\" \/>\n<meta property=\"og:title\" content=\"Baggio e Mancini a Firenze per i vent&#039;anni della Fondazione Niccol\u00f2 Galli\" \/>\n<meta property=\"og:description\" content=\"Tanti big del calcio per i venti anni della fondazione dedicata al figlio di Giovanni Galli, scomparso in un incidente stradale nel 2002\" \/>\n<meta property=\"og:url\" content=\"https:\/\/www.intoscana.it\/it\/baggio-mancini-fondazione-niccolo-galli\/\" \/>\n<meta property=\"og:site_name\" content=\"intoscana\" \/>\n<meta property=\"article:publisher\" content=\"https:\/\/www.facebook.com\/intoscana.it\" \/>\n<meta property=\"article:published_time\" content=\"2022-05-27T10:03:09+00:00\" \/>\n<meta property=\"article:modified_time\" content=\"2022-05-27T10:04:15+00:00\" \/>\n<meta property=\"og:image\" content=\"https:\/\/www.intoscana.it\/wp-content\/uploads\/b634c8328127f3b42c201a5610f9de9e-1.jpg\" \/>\n\t<meta property=\"og:image:width\" content=\"614\" \/>\n\t<meta property=\"og:image:height\" content=\"416\" \/>\n\t<meta property=\"og:image:type\" content=\"image\/jpeg\" \/>\n<meta name=\"author\" content=\"Redazione\" \/>\n<meta name=\"twitter:card\" content=\"summary_large_image\" \/>\n<meta name=\"twitter:creator\" content=\"@intoscana\" \/>\n<meta name=\"twitter:site\" content=\"@intoscana\" \/>\n<meta name=\"twitter:label1\" content=\"Written by\" \/>\n\t<meta name=\"twitter:data1\" content=\"Redazione\" \/>\n\t<meta name=\"twitter:label2\" content=\"Est. reading time\" \/>\n\t<meta name=\"twitter:data2\" content=\"1 minuto\" \/>\n<script type=\"application\/ld+json\" class=\"yoast-schema-graph\">{\"@context\":\"https:\/\/schema.org\",\"@graph\":[{\"@type\":\"WebPage\",\"@id\":\"https:\/\/www.intoscana.it\/it\/baggio-mancini-fondazione-niccolo-galli\/\",\"url\":\"https:\/\/www.intoscana.it\/it\/baggio-mancini-fondazione-niccolo-galli\/\",\"name\":\"Baggio e Mancini al Firenze per i vent'anni della Fondazione Niccol\u00f2 Galli\",\"isPartOf\":{\"@id\":\"https:\/\/www.intoscana.it\/it\/#website\"},\"primaryImageOfPage\":{\"@id\":\"https:\/\/www.intoscana.it\/it\/baggio-mancini-fondazione-niccolo-galli\/#primaryimage\"},\"image\":{\"@id\":\"https:\/\/www.intoscana.it\/it\/baggio-mancini-fondazione-niccolo-galli\/#primaryimage\"},\"thumbnailUrl\":\"https:\/\/www.intoscana.it\/wp-content\/uploads\/b634c8328127f3b42c201a5610f9de9e-1.jpg\",\"datePublished\":\"2022-05-27T10:03:09+00:00\",\"dateModified\":\"2022-05-27T10:04:15+00:00\",\"author\":{\"@id\":\"https:\/\/www.intoscana.it\/it\/#\/schema\/person\/9223810753230f20bd670fdd322661f8\"},\"description\":\"Tanti big del calcio per i venti anni della fondazione dedicata al figlio di Giovanni Galli, scomparso in un incidente stradale nel 2002\",\"breadcrumb\":{\"@id\":\"https:\/\/www.intoscana.it\/it\/baggio-mancini-fondazione-niccolo-galli\/#breadcrumb\"},\"inLanguage\":\"it-IT\",\"potentialAction\":[{\"@type\":\"ReadAction\",\"target\":[\"https:\/\/www.intoscana.it\/it\/baggio-mancini-fondazione-niccolo-galli\/\"]}]},{\"@type\":\"ImageObject\",\"inLanguage\":\"it-IT\",\"@id\":\"https:\/\/www.intoscana.it\/it\/baggio-mancini-fondazione-niccolo-galli\/#primaryimage\",\"url\":\"https:\/\/www.intoscana.it\/wp-content\/uploads\/b634c8328127f3b42c201a5610f9de9e-1.jpg\",\"contentUrl\":\"https:\/\/www.intoscana.it\/wp-content\/uploads\/b634c8328127f3b42c201a5610f9de9e-1.jpg\",\"width\":614,\"height\":416,\"caption\":\"roberto-baggio\"},{\"@type\":\"BreadcrumbList\",\"@id\":\"https:\/\/www.intoscana.it\/it\/baggio-mancini-fondazione-niccolo-galli\/#breadcrumb\",\"itemListElement\":[{\"@type\":\"ListItem\",\"position\":1,\"name\":\"Home\",\"item\":\"https:\/\/www.intoscana.it\/it\/\"},{\"@type\":\"ListItem\",\"position\":2,\"name\":\"Baggio e Mancini a Firenze per i vent&#8217;anni della Fondazione Niccol\u00f2 Galli\"}]},{\"@type\":\"WebSite\",\"@id\":\"https:\/\/www.intoscana.it\/it\/#website\",\"url\":\"https:\/\/www.intoscana.it\/it\/\",\"name\":\"intoscana\",\"description\":\"\",\"potentialAction\":[{\"@type\":\"SearchAction\",\"target\":{\"@type\":\"EntryPoint\",\"urlTemplate\":\"https:\/\/www.intoscana.it\/it\/?s={search_term_string}\"},\"query-input\":{\"@type\":\"PropertyValueSpecification\",\"valueRequired\":true,\"valueName\":\"search_term_string\"}}],\"inLanguage\":\"it-IT\"},{\"@type\":\"Person\",\"@id\":\"https:\/\/www.intoscana.it\/it\/#\/schema\/person\/9223810753230f20bd670fdd322661f8\",\"name\":\"Redazione\",\"url\":\"https:\/\/www.intoscana.it\/it\/author\/redazione\/\"}]}<\/script>\n<!-- \/ Yoast SEO Premium plugin. -->","yoast_head_json":{"title":"Baggio e Mancini al Firenze per i vent'anni della Fondazione Niccol\u00f2 Galli","description":"Tanti big del calcio per i venti anni della fondazione dedicata al figlio di Giovanni Galli, scomparso in un incidente stradale nel 2002","robots":{"index":"index","follow":"follow","max-snippet":"max-snippet:-1","max-image-preview":"max-image-preview:large","max-video-preview":"max-video-preview:-1"},"canonical":"https:\/\/www.intoscana.it\/it\/baggio-mancini-fondazione-niccolo-galli\/","og_locale":"it_IT","og_type":"article","og_title":"Baggio e Mancini a Firenze per i vent'anni della Fondazione Niccol\u00f2 Galli","og_description":"Tanti big del calcio per i venti anni della fondazione dedicata al figlio di Giovanni Galli, scomparso in un incidente stradale nel 2002","og_url":"https:\/\/www.intoscana.it\/it\/baggio-mancini-fondazione-niccolo-galli\/","og_site_name":"intoscana","article_publisher":"https:\/\/www.facebook.com\/intoscana.it","article_published_time":"2022-05-27T10:03:09+00:00","article_modified_time":"2022-05-27T10:04:15+00:00","og_image":[{"width":614,"height":416,"url":"https:\/\/www.intoscana.it\/wp-content\/uploads\/b634c8328127f3b42c201a5610f9de9e-1.jpg","type":"image\/jpeg"}],"author":"Redazione","twitter_card":"summary_large_image","twitter_creator":"@intoscana","twitter_site":"@intoscana","twitter_misc":{"Written by":"Redazione","Est. reading time":"1 minuto"},"schema":{"@context":"https:\/\/schema.org","@graph":[{"@type":"WebPage","@id":"https:\/\/www.intoscana.it\/it\/baggio-mancini-fondazione-niccolo-galli\/","url":"https:\/\/www.intoscana.it\/it\/baggio-mancini-fondazione-niccolo-galli\/","name":"Baggio e Mancini al Firenze per i vent'anni della Fondazione Niccol\u00f2 Galli","isPartOf":{"@id":"https:\/\/www.intoscana.it\/it\/#website"},"primaryImageOfPage":{"@id":"https:\/\/www.intoscana.it\/it\/baggio-mancini-fondazione-niccolo-galli\/#primaryimage"},"image":{"@id":"https:\/\/www.intoscana.it\/it\/baggio-mancini-fondazione-niccolo-galli\/#primaryimage"},"thumbnailUrl":"https:\/\/www.intoscana.it\/wp-content\/uploads\/b634c8328127f3b42c201a5610f9de9e-1.jpg","datePublished":"2022-05-27T10:03:09+00:00","dateModified":"2022-05-27T10:04:15+00:00","author":{"@id":"https:\/\/www.intoscana.it\/it\/#\/schema\/person\/9223810753230f20bd670fdd322661f8"},"description":"Tanti big del calcio per i venti anni della fondazione dedicata al figlio di Giovanni Galli, scomparso in un incidente stradale nel 2002","breadcrumb":{"@id":"https:\/\/www.intoscana.it\/it\/baggio-mancini-fondazione-niccolo-galli\/#breadcrumb"},"inLanguage":"it-IT","potentialAction":[{"@type":"ReadAction","target":["https:\/\/www.intoscana.it\/it\/baggio-mancini-fondazione-niccolo-galli\/"]}]},{"@type":"ImageObject","inLanguage":"it-IT","@id":"https:\/\/www.intoscana.it\/it\/baggio-mancini-fondazione-niccolo-galli\/#primaryimage","url":"https:\/\/www.intoscana.it\/wp-content\/uploads\/b634c8328127f3b42c201a5610f9de9e-1.jpg","contentUrl":"https:\/\/www.intoscana.it\/wp-content\/uploads\/b634c8328127f3b42c201a5610f9de9e-1.jpg","width":614,"height":416,"caption":"roberto-baggio"},{"@type":"BreadcrumbList","@id":"https:\/\/www.intoscana.it\/it\/baggio-mancini-fondazione-niccolo-galli\/#breadcrumb","itemListElement":[{"@type":"ListItem","position":1,"name":"Home","item":"https:\/\/www.intoscana.it\/it\/"},{"@type":"ListItem","position":2,"name":"Baggio e Mancini a Firenze per i vent&#8217;anni della Fondazione Niccol\u00f2 Galli"}]},{"@type":"WebSite","@id":"https:\/\/www.intoscana.it\/it\/#website","url":"https:\/\/www.intoscana.it\/it\/","name":"intoscana","description":"","potentialAction":[{"@type":"SearchAction","target":{"@type":"EntryPoint","urlTemplate":"https:\/\/www.intoscana.it\/it\/?s={search_term_string}"},"query-input":{"@type":"PropertyValueSpecification","valueRequired":true,"valueName":"search_term_string"}}],"inLanguage":"it-IT"},{"@type":"Person","@id":"https:\/\/www.intoscana.it\/it\/#\/schema\/person\/9223810753230f20bd670fdd322661f8","name":"Redazione","url":"https:\/\/www.intoscana.it\/it\/author\/redazione\/"}]}},"_links":{"self":[{"href":"https:\/\/www.intoscana.it\/it\/wp-json\/wp\/v2\/posts\/230821","targetHints":{"allow":["GET"]}}],"collection":[{"href":"https:\/\/www.intoscana.it\/it\/wp-json\/wp\/v2\/posts"}],"about":[{"href":"https:\/\/www.intoscana.it\/it\/wp-json\/wp\/v2\/types\/post"}],"author":[{"embeddable":true,"href":"https:\/\/www.intoscana.it\/it\/wp-json\/wp\/v2\/users\/525"}],"replies":[{"embeddable":true,"href":"https:\/\/www.intoscana.it\/it\/wp-json\/wp\/v2\/comments?post=230821"}],"version-history":[{"count":0,"href":"https:\/\/www.intoscana.it\/it\/wp-json\/wp\/v2\/posts\/230821\/revisions"}],"wp:featuredmedia":[{"embeddable":true,"href":"https:\/\/www.intoscana.it\/it\/wp-json\/wp\/v2\/media\/103132"}],"wp:attachment":[{"href":"https:\/\/www.intoscana.it\/it\/wp-json\/wp\/v2\/media?parent=230821"}],"wp:term":[{"taxonomy":"category","embeddable":true,"href":"https:\/\/www.intoscana.it\/it\/wp-json\/wp\/v2\/categories?post=230821"},{"taxonomy":"post_tag","embeddable":true,"href":"https:\/\/www.intoscana.it\/it\/wp-json\/wp\/v2\/tags?post=230821"}],"curies":[{"name":"wp","href":"https:\/\/api.w.org\/{rel}","templated":true}]}}