{"id":230928,"date":"2022-05-28T13:02:06","date_gmt":"2022-05-28T11:02:06","guid":{"rendered":"https:\/\/www.intoscana.it\/it\/?p=230928"},"modified":"2022-05-30T12:35:15","modified_gmt":"2022-05-30T10:35:15","slug":"covid-19-in-toscana-1-103nuovi-casi-eta-media-46-anni-tre-decessi","status":"publish","type":"post","link":"https:\/\/www.intoscana.it\/it\/covid-19-in-toscana-1-103nuovi-casi-eta-media-46-anni-tre-decessi\/","title":{"rendered":"Covid-19: in Toscana 1.103 nuovi casi, et\u00e0 media 46 anni. Tre decessi"},"content":{"rendered":"<p>In Toscana <strong>sono 1.148.566 i casi di positivit\u00e0 al Coronavirus, 1.103 in pi\u00f9 rispetto a ieri<\/strong> (265 confermati con tampone molecolare e 838 da test rapido antigenico). I nuovi casi sono lo 0,1% in pi\u00f9 rispetto al totale del giorno precedente. I guariti crescono dello 0,1% e raggiungono quota 1.109.256 (96,6% dei casi totali).<\/p>\n<p><strong>Oggi sono stati eseguiti 1.461 tamponi molecolari e 8.698 tamponi antigenici rapidi,<\/strong> di questi il 10,9% \u00e8 risultato positivo. Sono invece 1.789 i soggetti testati oggi (con tampone antigenico e\/o molecolare, escludendo i tamponi di controllo), di cui il 61,7% \u00e8 risultato positivo.<\/p>\n<p><strong>Gli attualmente positivi sono oggi 29.234,<\/strong> -1,7% rispetto a ieri. I ricoverati sono 319 (23 in meno rispetto a ieri), di cui 17 in terapia intensiva (1 in pi\u00f9). Purtroppo, oggi si registrano 3 nuovi decessi: un uomo e 2 donne con un&#8217;et\u00e0 media di 79 anni.<\/p>\n<p><strong>L&#8217;et\u00e0 media dei 1.103 nuovi positivi odierni \u00e8 di 47 anni<\/strong> circa (15% ha meno di 20 anni, 16% tra 20 e 39 anni, 30% tra 40 e 59 anni, 29% tra 60 e 79 anni, 10% ha 80 anni o pi\u00f9).<\/p>\n<h3>I casi di positivit\u00e0 sul territorio<\/h3>\n<p>Di seguito i casi di positivit\u00e0 sul territorio con la variazione rispetto a ieri (265 confermati con tampone molecolare e 838 da test rapido antigenico). Sono 319.181 i casi complessivi ad oggi a Firenze (328 in pi\u00f9 rispetto a ieri), 78.804 a Prato (60 in pi\u00f9), 92.000 a Pistoia (48 in pi\u00f9), 56.401 a Massa Carrara (56 in pi\u00f9), 120.458 a Lucca (129 in pi\u00f9), 131.933 a Pisa (126 in pi\u00f9), 102.054 a Livorno (91 in pi\u00f9), 104.746 ad Arezzo (91 in pi\u00f9), 81.023 a Siena (85 in pi\u00f9), 61.411 a Grosseto (89 in pi\u00f9). Sono 555 i casi positivi notificati in Toscana, ma residenti in altre regioni.<\/p>\n<p><strong>Sono 453 i casi riscontrati oggi nell&#8217;Asl Centro,<\/strong> 385 nella Nord Ovest, 265 nella Sud est.<\/p>\n<p>La Toscana si trova al 8\u00b0 posto in Italia come numerosit\u00e0 di casi (comprensivi di residenti e non residenti), con circa 31.102 casi per 100.000 abitanti (media italiana circa 29.298 x100.000, dato di ieri). Le province di notifica con il tasso pi\u00f9 alto sono Firenze con 31.968 casi x100.000 abitanti, Pistoia con 31.697, Pisa con 31.564, la pi\u00f9 bassa Grosseto con 28.190.<\/p>\n<p>Complessivamente, <strong>28.915 persone sono in isolamento a casa, poich\u00e9 presentano sintomi lievi<\/strong> che non richiedono cure ospedaliere, o risultano prive di sintomi (479 in meno rispetto a ieri, meno 1,6%).<\/p>\n<p><strong>Le persone ricoverate nei posti letto dedicati ai pazienti COVID oggi sono complessivamente 319<\/strong> (23 in meno rispetto a ieri, meno 6,7%), <strong>17 in terapia intensiva<\/strong> (1 in pi\u00f9 rispetto a ieri, pi\u00f9 6,3%).<\/p>\n<p><strong>Le persone complessivamente guarite sono 1.109.256<\/strong> (1.602 in pi\u00f9 rispetto a ieri, pi\u00f9 0,1%): 0 persone clinicamente guarite (stabili rispetto a ieri), divenute cio\u00e8 asintomatiche dopo aver presentato manifestazioni cliniche associate all&#8217;infezione e 1.109.256 (1.602 in pi\u00f9 rispetto a ieri, pi\u00f9 0,1%) dichiarate guarite a tutti gli effetti, le cosiddette guarigioni virali, con tampone negativo.<\/p>\n<h3>I decessi<\/h3>\n<p><strong>Oggi si registrano 3 nuovi decessi:<\/strong> un uomo e 2 donne, con un&#8217;et\u00e0 media di 79 anni.<\/p>\n<p>Relativamente alla provincia di residenza, le persone decedute sono 1 a Pisa e 2 a Livorno.<\/p>\n<p><strong>Sono 10.076 i deceduti dall&#8217;inizio dell&#8217;epidemia<\/strong> cosi ripartiti: 3.170 a Firenze, 834 a Prato, 902 a Pistoia, 654 a Massa Carrara, 945 a Lucca, 1.114 a Pisa, 740 a Livorno, 656 ad Arezzo, 534 a Siena, 388 a Grosseto, 139 persone sono decedute sul suolo toscano ma erano residenti fuori regione.<\/p>\n<p>Il tasso grezzo di mortalit\u00e0 toscano (numero di deceduti\/popolazione residente) per Covid-19 \u00e8 di 272,9 x100.000 residenti contro il 281 x100.000 della media italiana (10\u00b0 regione). Per quanto riguarda le province, il tasso di mortalit\u00e0 pi\u00f9 alto si riscontra a Massa Carrara (344,5 x100.000), Firenze (317,5 x100.000) e Prato (314,4 x100.000), il pi\u00f9 basso a Grosseto (178,1 x100.000).<\/p>\n<p>&nbsp;<\/p>\n","protected":false},"excerpt":{"rendered":"<p>Oggi sono stati eseguiti 1.461 tamponi molecolari e 8.698 tamponi antigenici rapidi, di questi il 10,9% \u00e8 risultato positivo<\/p>\n","protected":false},"author":525,"featured_media":185986,"comment_status":"open","ping_status":"open","sticky":false,"template":"","format":"standard","meta":{"_acf_changed":false,"footnotes":""},"categories":[494],"tags":[418],"class_list":["post-230928","post","type-post","status-publish","format-standard","has-post-thumbnail","hentry","category-attualita","tag-covid-19"],"acf":[],"yoast_head":"<!-- This site is optimized with the Yoast SEO Premium plugin v24.2 (Yoast SEO v25.6) - https:\/\/yoast.com\/wordpress\/plugins\/seo\/ -->\n<title>Covid-19: in Toscana 1.103 nuovi casi, et\u00e0 media 46 anni. Tre decessi - intoscana<\/title>\n<meta name=\"description\" content=\"Oggi sono stati eseguiti 1.461 tamponi molecolari e 8.698 tamponi antigenici rapidi, di questi il 10,9% \u00e8 risultato positivo\" \/>\n<meta name=\"robots\" content=\"index, follow, max-snippet:-1, max-image-preview:large, max-video-preview:-1\" \/>\n<link rel=\"canonical\" href=\"https:\/\/www.intoscana.it\/it\/covid-19-in-toscana-1-103nuovi-casi-eta-media-46-anni-tre-decessi\/\" \/>\n<meta property=\"og:locale\" content=\"it_IT\" \/>\n<meta property=\"og:type\" content=\"article\" \/>\n<meta property=\"og:title\" content=\"Covid-19: in Toscana 1.103 nuovi casi, et\u00e0 media 46 anni. Tre decessi\" \/>\n<meta property=\"og:description\" content=\"Oggi sono stati eseguiti 1.461 tamponi molecolari e 8.698 tamponi antigenici rapidi, di questi il 10,9% \u00e8 risultato positivo\" \/>\n<meta property=\"og:url\" content=\"https:\/\/www.intoscana.it\/it\/covid-19-in-toscana-1-103nuovi-casi-eta-media-46-anni-tre-decessi\/\" \/>\n<meta property=\"og:site_name\" content=\"intoscana\" \/>\n<meta property=\"article:publisher\" content=\"https:\/\/www.facebook.com\/intoscana.it\" \/>\n<meta property=\"article:published_time\" content=\"2022-05-28T11:02:06+00:00\" \/>\n<meta property=\"article:modified_time\" content=\"2022-05-30T10:35:15+00:00\" \/>\n<meta property=\"og:image\" content=\"https:\/\/www.intoscana.it\/wp-content\/uploads\/Ragazza-con-la-mascherina-Faith-Crabtree-Unsplash.jpg\" \/>\n\t<meta property=\"og:image:width\" content=\"1920\" \/>\n\t<meta property=\"og:image:height\" content=\"1280\" \/>\n\t<meta property=\"og:image:type\" content=\"image\/jpeg\" \/>\n<meta name=\"author\" content=\"Redazione\" \/>\n<meta name=\"twitter:card\" content=\"summary_large_image\" \/>\n<meta name=\"twitter:creator\" content=\"@intoscana\" \/>\n<meta name=\"twitter:site\" content=\"@intoscana\" \/>\n<meta name=\"twitter:label1\" content=\"Written by\" \/>\n\t<meta name=\"twitter:data1\" content=\"Redazione\" \/>\n\t<meta name=\"twitter:label2\" content=\"Est. reading time\" \/>\n\t<meta name=\"twitter:data2\" content=\"3 minuti\" \/>\n<script type=\"application\/ld+json\" class=\"yoast-schema-graph\">{\"@context\":\"https:\/\/schema.org\",\"@graph\":[{\"@type\":\"WebPage\",\"@id\":\"https:\/\/www.intoscana.it\/it\/covid-19-in-toscana-1-103nuovi-casi-eta-media-46-anni-tre-decessi\/\",\"url\":\"https:\/\/www.intoscana.it\/it\/covid-19-in-toscana-1-103nuovi-casi-eta-media-46-anni-tre-decessi\/\",\"name\":\"Covid-19: in Toscana 1.103 nuovi casi, et\u00e0 media 46 anni. Tre decessi - intoscana\",\"isPartOf\":{\"@id\":\"https:\/\/www.intoscana.it\/it\/#website\"},\"primaryImageOfPage\":{\"@id\":\"https:\/\/www.intoscana.it\/it\/covid-19-in-toscana-1-103nuovi-casi-eta-media-46-anni-tre-decessi\/#primaryimage\"},\"image\":{\"@id\":\"https:\/\/www.intoscana.it\/it\/covid-19-in-toscana-1-103nuovi-casi-eta-media-46-anni-tre-decessi\/#primaryimage\"},\"thumbnailUrl\":\"https:\/\/www.intoscana.it\/wp-content\/uploads\/Ragazza-con-la-mascherina-Faith-Crabtree-Unsplash.jpg\",\"datePublished\":\"2022-05-28T11:02:06+00:00\",\"dateModified\":\"2022-05-30T10:35:15+00:00\",\"author\":{\"@id\":\"https:\/\/www.intoscana.it\/it\/#\/schema\/person\/9223810753230f20bd670fdd322661f8\"},\"description\":\"Oggi sono stati eseguiti 1.461 tamponi molecolari e 8.698 tamponi antigenici rapidi, di questi il 10,9% \u00e8 risultato positivo\",\"breadcrumb\":{\"@id\":\"https:\/\/www.intoscana.it\/it\/covid-19-in-toscana-1-103nuovi-casi-eta-media-46-anni-tre-decessi\/#breadcrumb\"},\"inLanguage\":\"it-IT\",\"potentialAction\":[{\"@type\":\"ReadAction\",\"target\":[\"https:\/\/www.intoscana.it\/it\/covid-19-in-toscana-1-103nuovi-casi-eta-media-46-anni-tre-decessi\/\"]}]},{\"@type\":\"ImageObject\",\"inLanguage\":\"it-IT\",\"@id\":\"https:\/\/www.intoscana.it\/it\/covid-19-in-toscana-1-103nuovi-casi-eta-media-46-anni-tre-decessi\/#primaryimage\",\"url\":\"https:\/\/www.intoscana.it\/wp-content\/uploads\/Ragazza-con-la-mascherina-Faith-Crabtree-Unsplash.jpg\",\"contentUrl\":\"https:\/\/www.intoscana.it\/wp-content\/uploads\/Ragazza-con-la-mascherina-Faith-Crabtree-Unsplash.jpg\",\"width\":1920,\"height\":1280},{\"@type\":\"BreadcrumbList\",\"@id\":\"https:\/\/www.intoscana.it\/it\/covid-19-in-toscana-1-103nuovi-casi-eta-media-46-anni-tre-decessi\/#breadcrumb\",\"itemListElement\":[{\"@type\":\"ListItem\",\"position\":1,\"name\":\"Home\",\"item\":\"https:\/\/www.intoscana.it\/it\/\"},{\"@type\":\"ListItem\",\"position\":2,\"name\":\"Covid-19: in Toscana 1.103 nuovi casi, et\u00e0 media 46 anni. Tre decessi\"}]},{\"@type\":\"WebSite\",\"@id\":\"https:\/\/www.intoscana.it\/it\/#website\",\"url\":\"https:\/\/www.intoscana.it\/it\/\",\"name\":\"intoscana\",\"description\":\"\",\"potentialAction\":[{\"@type\":\"SearchAction\",\"target\":{\"@type\":\"EntryPoint\",\"urlTemplate\":\"https:\/\/www.intoscana.it\/it\/?s={search_term_string}\"},\"query-input\":{\"@type\":\"PropertyValueSpecification\",\"valueRequired\":true,\"valueName\":\"search_term_string\"}}],\"inLanguage\":\"it-IT\"},{\"@type\":\"Person\",\"@id\":\"https:\/\/www.intoscana.it\/it\/#\/schema\/person\/9223810753230f20bd670fdd322661f8\",\"name\":\"Redazione\",\"url\":\"https:\/\/www.intoscana.it\/it\/author\/redazione\/\"}]}<\/script>\n<!-- \/ Yoast SEO Premium plugin. -->","yoast_head_json":{"title":"Covid-19: in Toscana 1.103 nuovi casi, et\u00e0 media 46 anni. Tre decessi - intoscana","description":"Oggi sono stati eseguiti 1.461 tamponi molecolari e 8.698 tamponi antigenici rapidi, di questi il 10,9% \u00e8 risultato positivo","robots":{"index":"index","follow":"follow","max-snippet":"max-snippet:-1","max-image-preview":"max-image-preview:large","max-video-preview":"max-video-preview:-1"},"canonical":"https:\/\/www.intoscana.it\/it\/covid-19-in-toscana-1-103nuovi-casi-eta-media-46-anni-tre-decessi\/","og_locale":"it_IT","og_type":"article","og_title":"Covid-19: in Toscana 1.103 nuovi casi, et\u00e0 media 46 anni. Tre decessi","og_description":"Oggi sono stati eseguiti 1.461 tamponi molecolari e 8.698 tamponi antigenici rapidi, di questi il 10,9% \u00e8 risultato positivo","og_url":"https:\/\/www.intoscana.it\/it\/covid-19-in-toscana-1-103nuovi-casi-eta-media-46-anni-tre-decessi\/","og_site_name":"intoscana","article_publisher":"https:\/\/www.facebook.com\/intoscana.it","article_published_time":"2022-05-28T11:02:06+00:00","article_modified_time":"2022-05-30T10:35:15+00:00","og_image":[{"width":1920,"height":1280,"url":"https:\/\/www.intoscana.it\/wp-content\/uploads\/Ragazza-con-la-mascherina-Faith-Crabtree-Unsplash.jpg","type":"image\/jpeg"}],"author":"Redazione","twitter_card":"summary_large_image","twitter_creator":"@intoscana","twitter_site":"@intoscana","twitter_misc":{"Written by":"Redazione","Est. reading time":"3 minuti"},"schema":{"@context":"https:\/\/schema.org","@graph":[{"@type":"WebPage","@id":"https:\/\/www.intoscana.it\/it\/covid-19-in-toscana-1-103nuovi-casi-eta-media-46-anni-tre-decessi\/","url":"https:\/\/www.intoscana.it\/it\/covid-19-in-toscana-1-103nuovi-casi-eta-media-46-anni-tre-decessi\/","name":"Covid-19: in Toscana 1.103 nuovi casi, et\u00e0 media 46 anni. Tre decessi - intoscana","isPartOf":{"@id":"https:\/\/www.intoscana.it\/it\/#website"},"primaryImageOfPage":{"@id":"https:\/\/www.intoscana.it\/it\/covid-19-in-toscana-1-103nuovi-casi-eta-media-46-anni-tre-decessi\/#primaryimage"},"image":{"@id":"https:\/\/www.intoscana.it\/it\/covid-19-in-toscana-1-103nuovi-casi-eta-media-46-anni-tre-decessi\/#primaryimage"},"thumbnailUrl":"https:\/\/www.intoscana.it\/wp-content\/uploads\/Ragazza-con-la-mascherina-Faith-Crabtree-Unsplash.jpg","datePublished":"2022-05-28T11:02:06+00:00","dateModified":"2022-05-30T10:35:15+00:00","author":{"@id":"https:\/\/www.intoscana.it\/it\/#\/schema\/person\/9223810753230f20bd670fdd322661f8"},"description":"Oggi sono stati eseguiti 1.461 tamponi molecolari e 8.698 tamponi antigenici rapidi, di questi il 10,9% \u00e8 risultato positivo","breadcrumb":{"@id":"https:\/\/www.intoscana.it\/it\/covid-19-in-toscana-1-103nuovi-casi-eta-media-46-anni-tre-decessi\/#breadcrumb"},"inLanguage":"it-IT","potentialAction":[{"@type":"ReadAction","target":["https:\/\/www.intoscana.it\/it\/covid-19-in-toscana-1-103nuovi-casi-eta-media-46-anni-tre-decessi\/"]}]},{"@type":"ImageObject","inLanguage":"it-IT","@id":"https:\/\/www.intoscana.it\/it\/covid-19-in-toscana-1-103nuovi-casi-eta-media-46-anni-tre-decessi\/#primaryimage","url":"https:\/\/www.intoscana.it\/wp-content\/uploads\/Ragazza-con-la-mascherina-Faith-Crabtree-Unsplash.jpg","contentUrl":"https:\/\/www.intoscana.it\/wp-content\/uploads\/Ragazza-con-la-mascherina-Faith-Crabtree-Unsplash.jpg","width":1920,"height":1280},{"@type":"BreadcrumbList","@id":"https:\/\/www.intoscana.it\/it\/covid-19-in-toscana-1-103nuovi-casi-eta-media-46-anni-tre-decessi\/#breadcrumb","itemListElement":[{"@type":"ListItem","position":1,"name":"Home","item":"https:\/\/www.intoscana.it\/it\/"},{"@type":"ListItem","position":2,"name":"Covid-19: in Toscana 1.103 nuovi casi, et\u00e0 media 46 anni. Tre decessi"}]},{"@type":"WebSite","@id":"https:\/\/www.intoscana.it\/it\/#website","url":"https:\/\/www.intoscana.it\/it\/","name":"intoscana","description":"","potentialAction":[{"@type":"SearchAction","target":{"@type":"EntryPoint","urlTemplate":"https:\/\/www.intoscana.it\/it\/?s={search_term_string}"},"query-input":{"@type":"PropertyValueSpecification","valueRequired":true,"valueName":"search_term_string"}}],"inLanguage":"it-IT"},{"@type":"Person","@id":"https:\/\/www.intoscana.it\/it\/#\/schema\/person\/9223810753230f20bd670fdd322661f8","name":"Redazione","url":"https:\/\/www.intoscana.it\/it\/author\/redazione\/"}]}},"_links":{"self":[{"href":"https:\/\/www.intoscana.it\/it\/wp-json\/wp\/v2\/posts\/230928","targetHints":{"allow":["GET"]}}],"collection":[{"href":"https:\/\/www.intoscana.it\/it\/wp-json\/wp\/v2\/posts"}],"about":[{"href":"https:\/\/www.intoscana.it\/it\/wp-json\/wp\/v2\/types\/post"}],"author":[{"embeddable":true,"href":"https:\/\/www.intoscana.it\/it\/wp-json\/wp\/v2\/users\/525"}],"replies":[{"embeddable":true,"href":"https:\/\/www.intoscana.it\/it\/wp-json\/wp\/v2\/comments?post=230928"}],"version-history":[{"count":0,"href":"https:\/\/www.intoscana.it\/it\/wp-json\/wp\/v2\/posts\/230928\/revisions"}],"wp:featuredmedia":[{"embeddable":true,"href":"https:\/\/www.intoscana.it\/it\/wp-json\/wp\/v2\/media\/185986"}],"wp:attachment":[{"href":"https:\/\/www.intoscana.it\/it\/wp-json\/wp\/v2\/media?parent=230928"}],"wp:term":[{"taxonomy":"category","embeddable":true,"href":"https:\/\/www.intoscana.it\/it\/wp-json\/wp\/v2\/categories?post=230928"},{"taxonomy":"post_tag","embeddable":true,"href":"https:\/\/www.intoscana.it\/it\/wp-json\/wp\/v2\/tags?post=230928"}],"curies":[{"name":"wp","href":"https:\/\/api.w.org\/{rel}","templated":true}]}}