{"id":231066,"date":"2022-05-30T17:01:37","date_gmt":"2022-05-30T15:01:37","guid":{"rendered":"https:\/\/www.intoscana.it\/it\/?p=231066"},"modified":"2022-05-31T16:29:39","modified_gmt":"2022-05-31T14:29:39","slug":"bright-night-la-notte-dei-ricercatori-il-30-settembre-appuntamento-con-la-scienza","status":"publish","type":"post","link":"https:\/\/www.intoscana.it\/it\/bright-night-la-notte-dei-ricercatori-il-30-settembre-appuntamento-con-la-scienza\/","title":{"rendered":"Bright night, la notte dei ricercatori: il 30 settembre appuntamento con la scienza"},"content":{"rendered":"<p>Il 30 settembre sar\u00e0 la &#8220;<strong>Notte europea delle ricercatrici e dei ricercatori&#8221;<\/strong> e gi\u00e0 fervono i preparativi. La manifestazione, nata nel 2005 da un&#8217;idea della Commissione Europea, ha come obiettivo\u00a0 quello di diffondere la cultura scientifica.<\/p>\n<p>In Toscana la manifestazione prende il nome <strong>Bright night<\/strong>,\u00a0 l&#8217;acronimo di&#8221; brilliant researchers impact on growth health and trust in research&#8221; (i ricercatori di talento hanno un impatto sulla crescita, la salute e la fiducia nella ricerca).<\/p>\n<h3><em>Atenei e enti di ricerca uniti per una notte<\/em><\/h3>\n<p>Promotori della manifestazione sono tutti gli <strong>Atenei toscani<\/strong>, quindi Universit\u00e0 di Firenze, Pisa, Siena, Stranieri di Siena, Scuola Superiore Sant\u2019Anna di Pisa, Scuola Normale Superiore e Scuola IMT Alti Studi Lucca, insieme a un\u2019ampia rete di Enti di ricerca &#8211; fra cui il Consiglio Nazionale delle Ricerche, l\u2019Istituto Nazionale di Fisica Nucleare, l\u2019Istituto Nazionale di Geofisica e Vulcanologia, l\u2019European Gravitational Observatory, l\u2019Istituto Nazionale di Astrofisica. <mark>L&#8217;evento ha da sempre\u00a0 il sostegno della Regione Toscana, nell\u2019ambito del progetto <strong>Giovanis\u00ec<\/strong>.<\/mark><\/p>\n<p>Saranno tantissime le proposte rivolte ai cittadini per raccontare e mostrare il mondo delle scoperte e della conoscenza: mini-conferenze, webinar, video, esperimenti, contest, dimostrazioni, spettacoli, visite a musei scientifici e laboratori.<\/p>\n<p>Uno specifico filone di attivit\u00e0, con il nome \u201c<strong>Researchers at school\u201d<\/strong>, quest\u2019anno sar\u00e0 dedicato al mondo della scuola e porter\u00e0 i ricercatori dentro le aule scolastiche con lo scopo di sensibilizzare i pi\u00f9 giovani sul lavoro della ricerca, di evidenziarne l\u2019importanza nella vita quotidiana e superare le barriere di genere nei percorsi di carriera legati al mondo scientifico. sono previsti anche momenti di formazione dei docenti delle scuole da parte dei ricercatori. <mark>L&#8217;obiettivo per questa edizione \u00e8 raggiungere circa 2mila studenti, per circa 100 classi delle scuole toscane.<\/mark><\/p>\n<p>In attesa del 30 settembre sul sito <a href=\"https:\/\/www.bright-night.it\/cooming-soon\/\" target=\"_blank\" rel=\"noopener\">bright-night.it<\/a> saranno via via disponibili informazioni e anticipazioni delle iniziative dei partner toscani.<\/p>\n","protected":false},"excerpt":{"rendered":"<p>Tutti gli atenei e gli enti di ricerca toscani uniti per diffondere la cultura scientifica. Attivit\u00e0 anche nelle scuole: l&#8217;obiettivo \u00e8 raggiungere duemila studenti<\/p>\n","protected":false},"author":525,"featured_media":231067,"comment_status":"open","ping_status":"open","sticky":false,"template":"","format":"standard","meta":{"_acf_changed":false,"footnotes":""},"categories":[475],"tags":[244,4950],"class_list":["post-231066","post","type-post","status-publish","format-standard","has-post-thumbnail","hentry","category-innovazione","tag-giovanisi","tag-notte-dei-ricercatori"],"acf":[],"yoast_head":"<!-- This site is optimized with the Yoast SEO Premium plugin v24.2 (Yoast SEO v25.6) - https:\/\/yoast.com\/wordpress\/plugins\/seo\/ -->\n<title>Bright night, la notte dei ricercatori: il 30 settembre appuntamento con la scienza - intoscana<\/title>\n<meta name=\"description\" content=\"Tutti gli atenei e gli enti di ricerca toscani uniti per diffondere la cultura scientifica. Attivit\u00e0 anche nelle scuole: l&#039;obiettivo \u00e8 raggiungere duemila studenti\" \/>\n<meta name=\"robots\" content=\"index, follow, max-snippet:-1, max-image-preview:large, max-video-preview:-1\" \/>\n<link rel=\"canonical\" href=\"https:\/\/www.intoscana.it\/it\/bright-night-la-notte-dei-ricercatori-il-30-settembre-appuntamento-con-la-scienza\/\" \/>\n<meta property=\"og:locale\" content=\"it_IT\" \/>\n<meta property=\"og:type\" content=\"article\" \/>\n<meta property=\"og:title\" content=\"Bright night, la notte dei ricercatori: il 30 settembre appuntamento con la scienza\" \/>\n<meta property=\"og:description\" content=\"Tutti gli atenei e gli enti di ricerca toscani uniti per diffondere la cultura scientifica. Attivit\u00e0 anche nelle scuole: l&#039;obiettivo \u00e8 raggiungere duemila studenti\" \/>\n<meta property=\"og:url\" content=\"https:\/\/www.intoscana.it\/it\/bright-night-la-notte-dei-ricercatori-il-30-settembre-appuntamento-con-la-scienza\/\" \/>\n<meta property=\"og:site_name\" content=\"intoscana\" \/>\n<meta property=\"article:publisher\" content=\"https:\/\/www.facebook.com\/intoscana.it\" \/>\n<meta property=\"article:published_time\" content=\"2022-05-30T15:01:37+00:00\" \/>\n<meta property=\"article:modified_time\" content=\"2022-05-31T14:29:39+00:00\" \/>\n<meta property=\"og:image\" content=\"https:\/\/www.intoscana.it\/wp-content\/uploads\/Bright_Night_immagine_archivio.jpg\" \/>\n\t<meta property=\"og:image:width\" content=\"500\" \/>\n\t<meta property=\"og:image:height\" content=\"333\" \/>\n\t<meta property=\"og:image:type\" content=\"image\/jpeg\" \/>\n<meta name=\"author\" content=\"Redazione\" \/>\n<meta name=\"twitter:card\" content=\"summary_large_image\" \/>\n<meta name=\"twitter:creator\" content=\"@intoscana\" \/>\n<meta name=\"twitter:site\" content=\"@intoscana\" \/>\n<meta name=\"twitter:label1\" content=\"Written by\" \/>\n\t<meta name=\"twitter:data1\" content=\"Redazione\" \/>\n\t<meta name=\"twitter:label2\" content=\"Est. reading time\" \/>\n\t<meta name=\"twitter:data2\" content=\"2 minuti\" \/>\n<script type=\"application\/ld+json\" class=\"yoast-schema-graph\">{\"@context\":\"https:\/\/schema.org\",\"@graph\":[{\"@type\":\"WebPage\",\"@id\":\"https:\/\/www.intoscana.it\/it\/bright-night-la-notte-dei-ricercatori-il-30-settembre-appuntamento-con-la-scienza\/\",\"url\":\"https:\/\/www.intoscana.it\/it\/bright-night-la-notte-dei-ricercatori-il-30-settembre-appuntamento-con-la-scienza\/\",\"name\":\"Bright night, la notte dei ricercatori: il 30 settembre appuntamento con la scienza - intoscana\",\"isPartOf\":{\"@id\":\"https:\/\/www.intoscana.it\/it\/#website\"},\"primaryImageOfPage\":{\"@id\":\"https:\/\/www.intoscana.it\/it\/bright-night-la-notte-dei-ricercatori-il-30-settembre-appuntamento-con-la-scienza\/#primaryimage\"},\"image\":{\"@id\":\"https:\/\/www.intoscana.it\/it\/bright-night-la-notte-dei-ricercatori-il-30-settembre-appuntamento-con-la-scienza\/#primaryimage\"},\"thumbnailUrl\":\"https:\/\/www.intoscana.it\/wp-content\/uploads\/Bright_Night_immagine_archivio.jpg\",\"datePublished\":\"2022-05-30T15:01:37+00:00\",\"dateModified\":\"2022-05-31T14:29:39+00:00\",\"author\":{\"@id\":\"https:\/\/www.intoscana.it\/it\/#\/schema\/person\/9223810753230f20bd670fdd322661f8\"},\"description\":\"Tutti gli atenei e gli enti di ricerca toscani uniti per diffondere la cultura scientifica. Attivit\u00e0 anche nelle scuole: l'obiettivo \u00e8 raggiungere duemila studenti\",\"breadcrumb\":{\"@id\":\"https:\/\/www.intoscana.it\/it\/bright-night-la-notte-dei-ricercatori-il-30-settembre-appuntamento-con-la-scienza\/#breadcrumb\"},\"inLanguage\":\"it-IT\",\"potentialAction\":[{\"@type\":\"ReadAction\",\"target\":[\"https:\/\/www.intoscana.it\/it\/bright-night-la-notte-dei-ricercatori-il-30-settembre-appuntamento-con-la-scienza\/\"]}]},{\"@type\":\"ImageObject\",\"inLanguage\":\"it-IT\",\"@id\":\"https:\/\/www.intoscana.it\/it\/bright-night-la-notte-dei-ricercatori-il-30-settembre-appuntamento-con-la-scienza\/#primaryimage\",\"url\":\"https:\/\/www.intoscana.it\/wp-content\/uploads\/Bright_Night_immagine_archivio.jpg\",\"contentUrl\":\"https:\/\/www.intoscana.it\/wp-content\/uploads\/Bright_Night_immagine_archivio.jpg\",\"width\":500,\"height\":333,\"caption\":\"Bright Night. la Notte dei ricercatori\"},{\"@type\":\"BreadcrumbList\",\"@id\":\"https:\/\/www.intoscana.it\/it\/bright-night-la-notte-dei-ricercatori-il-30-settembre-appuntamento-con-la-scienza\/#breadcrumb\",\"itemListElement\":[{\"@type\":\"ListItem\",\"position\":1,\"name\":\"Home\",\"item\":\"https:\/\/www.intoscana.it\/it\/\"},{\"@type\":\"ListItem\",\"position\":2,\"name\":\"Bright night, la notte dei ricercatori: il 30 settembre appuntamento con la scienza\"}]},{\"@type\":\"WebSite\",\"@id\":\"https:\/\/www.intoscana.it\/it\/#website\",\"url\":\"https:\/\/www.intoscana.it\/it\/\",\"name\":\"intoscana\",\"description\":\"\",\"potentialAction\":[{\"@type\":\"SearchAction\",\"target\":{\"@type\":\"EntryPoint\",\"urlTemplate\":\"https:\/\/www.intoscana.it\/it\/?s={search_term_string}\"},\"query-input\":{\"@type\":\"PropertyValueSpecification\",\"valueRequired\":true,\"valueName\":\"search_term_string\"}}],\"inLanguage\":\"it-IT\"},{\"@type\":\"Person\",\"@id\":\"https:\/\/www.intoscana.it\/it\/#\/schema\/person\/9223810753230f20bd670fdd322661f8\",\"name\":\"Redazione\",\"url\":\"https:\/\/www.intoscana.it\/it\/author\/redazione\/\"}]}<\/script>\n<!-- \/ Yoast SEO Premium plugin. -->","yoast_head_json":{"title":"Bright night, la notte dei ricercatori: il 30 settembre appuntamento con la scienza - intoscana","description":"Tutti gli atenei e gli enti di ricerca toscani uniti per diffondere la cultura scientifica. Attivit\u00e0 anche nelle scuole: l'obiettivo \u00e8 raggiungere duemila studenti","robots":{"index":"index","follow":"follow","max-snippet":"max-snippet:-1","max-image-preview":"max-image-preview:large","max-video-preview":"max-video-preview:-1"},"canonical":"https:\/\/www.intoscana.it\/it\/bright-night-la-notte-dei-ricercatori-il-30-settembre-appuntamento-con-la-scienza\/","og_locale":"it_IT","og_type":"article","og_title":"Bright night, la notte dei ricercatori: il 30 settembre appuntamento con la scienza","og_description":"Tutti gli atenei e gli enti di ricerca toscani uniti per diffondere la cultura scientifica. Attivit\u00e0 anche nelle scuole: l'obiettivo \u00e8 raggiungere duemila studenti","og_url":"https:\/\/www.intoscana.it\/it\/bright-night-la-notte-dei-ricercatori-il-30-settembre-appuntamento-con-la-scienza\/","og_site_name":"intoscana","article_publisher":"https:\/\/www.facebook.com\/intoscana.it","article_published_time":"2022-05-30T15:01:37+00:00","article_modified_time":"2022-05-31T14:29:39+00:00","og_image":[{"width":500,"height":333,"url":"https:\/\/www.intoscana.it\/wp-content\/uploads\/Bright_Night_immagine_archivio.jpg","type":"image\/jpeg"}],"author":"Redazione","twitter_card":"summary_large_image","twitter_creator":"@intoscana","twitter_site":"@intoscana","twitter_misc":{"Written by":"Redazione","Est. reading time":"2 minuti"},"schema":{"@context":"https:\/\/schema.org","@graph":[{"@type":"WebPage","@id":"https:\/\/www.intoscana.it\/it\/bright-night-la-notte-dei-ricercatori-il-30-settembre-appuntamento-con-la-scienza\/","url":"https:\/\/www.intoscana.it\/it\/bright-night-la-notte-dei-ricercatori-il-30-settembre-appuntamento-con-la-scienza\/","name":"Bright night, la notte dei ricercatori: il 30 settembre appuntamento con la scienza - intoscana","isPartOf":{"@id":"https:\/\/www.intoscana.it\/it\/#website"},"primaryImageOfPage":{"@id":"https:\/\/www.intoscana.it\/it\/bright-night-la-notte-dei-ricercatori-il-30-settembre-appuntamento-con-la-scienza\/#primaryimage"},"image":{"@id":"https:\/\/www.intoscana.it\/it\/bright-night-la-notte-dei-ricercatori-il-30-settembre-appuntamento-con-la-scienza\/#primaryimage"},"thumbnailUrl":"https:\/\/www.intoscana.it\/wp-content\/uploads\/Bright_Night_immagine_archivio.jpg","datePublished":"2022-05-30T15:01:37+00:00","dateModified":"2022-05-31T14:29:39+00:00","author":{"@id":"https:\/\/www.intoscana.it\/it\/#\/schema\/person\/9223810753230f20bd670fdd322661f8"},"description":"Tutti gli atenei e gli enti di ricerca toscani uniti per diffondere la cultura scientifica. Attivit\u00e0 anche nelle scuole: l'obiettivo \u00e8 raggiungere duemila studenti","breadcrumb":{"@id":"https:\/\/www.intoscana.it\/it\/bright-night-la-notte-dei-ricercatori-il-30-settembre-appuntamento-con-la-scienza\/#breadcrumb"},"inLanguage":"it-IT","potentialAction":[{"@type":"ReadAction","target":["https:\/\/www.intoscana.it\/it\/bright-night-la-notte-dei-ricercatori-il-30-settembre-appuntamento-con-la-scienza\/"]}]},{"@type":"ImageObject","inLanguage":"it-IT","@id":"https:\/\/www.intoscana.it\/it\/bright-night-la-notte-dei-ricercatori-il-30-settembre-appuntamento-con-la-scienza\/#primaryimage","url":"https:\/\/www.intoscana.it\/wp-content\/uploads\/Bright_Night_immagine_archivio.jpg","contentUrl":"https:\/\/www.intoscana.it\/wp-content\/uploads\/Bright_Night_immagine_archivio.jpg","width":500,"height":333,"caption":"Bright Night. la Notte dei ricercatori"},{"@type":"BreadcrumbList","@id":"https:\/\/www.intoscana.it\/it\/bright-night-la-notte-dei-ricercatori-il-30-settembre-appuntamento-con-la-scienza\/#breadcrumb","itemListElement":[{"@type":"ListItem","position":1,"name":"Home","item":"https:\/\/www.intoscana.it\/it\/"},{"@type":"ListItem","position":2,"name":"Bright night, la notte dei ricercatori: il 30 settembre appuntamento con la scienza"}]},{"@type":"WebSite","@id":"https:\/\/www.intoscana.it\/it\/#website","url":"https:\/\/www.intoscana.it\/it\/","name":"intoscana","description":"","potentialAction":[{"@type":"SearchAction","target":{"@type":"EntryPoint","urlTemplate":"https:\/\/www.intoscana.it\/it\/?s={search_term_string}"},"query-input":{"@type":"PropertyValueSpecification","valueRequired":true,"valueName":"search_term_string"}}],"inLanguage":"it-IT"},{"@type":"Person","@id":"https:\/\/www.intoscana.it\/it\/#\/schema\/person\/9223810753230f20bd670fdd322661f8","name":"Redazione","url":"https:\/\/www.intoscana.it\/it\/author\/redazione\/"}]}},"_links":{"self":[{"href":"https:\/\/www.intoscana.it\/it\/wp-json\/wp\/v2\/posts\/231066","targetHints":{"allow":["GET"]}}],"collection":[{"href":"https:\/\/www.intoscana.it\/it\/wp-json\/wp\/v2\/posts"}],"about":[{"href":"https:\/\/www.intoscana.it\/it\/wp-json\/wp\/v2\/types\/post"}],"author":[{"embeddable":true,"href":"https:\/\/www.intoscana.it\/it\/wp-json\/wp\/v2\/users\/525"}],"replies":[{"embeddable":true,"href":"https:\/\/www.intoscana.it\/it\/wp-json\/wp\/v2\/comments?post=231066"}],"version-history":[{"count":0,"href":"https:\/\/www.intoscana.it\/it\/wp-json\/wp\/v2\/posts\/231066\/revisions"}],"wp:featuredmedia":[{"embeddable":true,"href":"https:\/\/www.intoscana.it\/it\/wp-json\/wp\/v2\/media\/231067"}],"wp:attachment":[{"href":"https:\/\/www.intoscana.it\/it\/wp-json\/wp\/v2\/media?parent=231066"}],"wp:term":[{"taxonomy":"category","embeddable":true,"href":"https:\/\/www.intoscana.it\/it\/wp-json\/wp\/v2\/categories?post=231066"},{"taxonomy":"post_tag","embeddable":true,"href":"https:\/\/www.intoscana.it\/it\/wp-json\/wp\/v2\/tags?post=231066"}],"curies":[{"name":"wp","href":"https:\/\/api.w.org\/{rel}","templated":true}]}}