{"id":231169,"date":"2022-05-31T13:08:34","date_gmt":"2022-05-31T11:08:34","guid":{"rendered":"https:\/\/www.intoscana.it\/it\/?p=231169"},"modified":"2022-06-01T16:02:53","modified_gmt":"2022-06-01T14:02:53","slug":"covid-19-1-430-nuovi-casi-eta-media-45-anni-otto-decessi","status":"publish","type":"post","link":"https:\/\/www.intoscana.it\/it\/covid-19-1-430-nuovi-casi-eta-media-45-anni-otto-decessi\/","title":{"rendered":"Covid-19: 1.430 nuovi casi, et\u00e0 media 45 anni. Otto decessi"},"content":{"rendered":"<p>In Toscana sono <strong>1.151.109 i casi<\/strong> di positivit\u00e0 al Covid-19, <strong>1.430 in pi\u00f9<\/strong> rispetto a ieri (212 confermati con tampone molecolare e 1.218 da test rapido antigenico). <strong>L&#8217;et\u00e0 media \u00e8 di 45 anni<\/strong>. I nuovi casi sono lo 0,1% in pi\u00f9 rispetto al totale del giorno precedente. <strong>I guariti<\/strong> crescono dello 0,2% e raggiungono <strong>quota 1.113.602<\/strong> (96,7% dei casi totali).<\/p>\n<p>Oggi sono stati eseguiti <strong>1.524 tamponi molecolari<\/strong> e <strong>11.668 tamponi antigenici<\/strong> rapidi, di questi il 10,8% \u00e8 risultato positivo. Sono invece 2.197 i soggetti testati oggi (con tampone antigenico e\/o molecolare, escludendo i tamponi di controllo), di cui il 65,1% \u00e8 risultato positivo. Gli attualmente <strong>positivi sono oggi 27.415<\/strong>, -0,9% rispetto a ieri.<\/p>\n<p>Sono <strong>319.835 i casi<\/strong> complessivi <strong>ad oggi a Firenze<\/strong> (367 in pi\u00f9 rispetto a ieri), 78.954 a Prato (90 in pi\u00f9), 92.161 a Pistoia (81 in pi\u00f9), 56.511 a Massa (61 in pi\u00f9), 120.735 a Lucca (152 in pi\u00f9), 132.262 a Pisa (187 in pi\u00f9), 102.313 a Livorno (126 in pi\u00f9), 104.938 ad Arezzo (109 in pi\u00f9), 81.239 a Siena (139 in pi\u00f9), 61.606 a Grosseto (118 in pi\u00f9). Sono 555 i casi positivi notificati in Toscana, ma residenti in altre regioni.<\/p>\n<p><strong>Sono 27.111<\/strong> le persone <strong>in isolamento a casa<\/strong>, poich\u00e9 presentano sintomi lievi che non richiedono cure ospedaliere, o risultano prive di sintomi (232 in meno rispetto a ieri, meno 0,8%).<\/p>\n<p><strong>Le persone ricoverate<\/strong> nei posti letto dedicati ai pazienti COVID oggi <strong>sono 304<\/strong> (19 in meno rispetto a ieri, meno 5,9%), <strong>18 in terapia intensiva<\/strong> (3 in meno rispetto a ieri, meno 14,3%).<\/p>\n<p>Oggi si registrano <strong>8 nuovi decessi<\/strong>: 2 uomini e 6 donne con un&#8217;et\u00e0 media di 87,4 anni. Relativamente alla provincia di residenza, le 8 persone decedute sono: 1 a Firenze, 1 a Prato, 2 a Pistoia, 2 a Pisa, 2 a Livorno.<\/p>\n<p>Sono <strong>10.092 i deceduti<\/strong> dall&#8217;inizio dell&#8217;epidemia cosi ripartiti: 3.175 a Firenze, 836 a Prato, 905 a Pistoia, 654 a Massa Carrara, 945 a Lucca, 1.117 a Pisa, 743 a Livorno, 656 ad Arezzo, 534 a Siena, 388 a Grosseto, 139 persone sono decedute sul suolo toscano ma erano residenti fuori regione.<\/p>\n","protected":false},"excerpt":{"rendered":"<p>Le persone ricoverate sono 304 (19 in meno rispetto a ieri, &#8211; 5,9%), 18 in terapia intensiva (3 in meno rispetto a ieri, &#8211; 14,3%)<\/p>\n","protected":false},"author":525,"featured_media":186934,"comment_status":"open","ping_status":"open","sticky":false,"template":"","format":"standard","meta":{"_acf_changed":false,"footnotes":""},"categories":[494],"tags":[418],"class_list":["post-231169","post","type-post","status-publish","format-standard","has-post-thumbnail","hentry","category-attualita","tag-covid-19"],"acf":[],"yoast_head":"<!-- This site is optimized with the Yoast SEO Premium plugin v24.2 (Yoast SEO v25.6) - https:\/\/yoast.com\/wordpress\/plugins\/seo\/ -->\n<title>Covid-19: 1.430 nuovi casi, et\u00e0 media 45 anni. Otto decessi - intoscana<\/title>\n<meta name=\"description\" content=\"Le persone ricoverate sono 304 (19 in meno rispetto a ieri, - 5,9%), 18 in terapia intensiva (3 in meno rispetto a ieri, - 14,3%)\" \/>\n<meta name=\"robots\" content=\"index, follow, max-snippet:-1, max-image-preview:large, max-video-preview:-1\" \/>\n<link rel=\"canonical\" href=\"https:\/\/www.intoscana.it\/it\/covid-19-1-430-nuovi-casi-eta-media-45-anni-otto-decessi\/\" \/>\n<meta property=\"og:locale\" content=\"it_IT\" \/>\n<meta property=\"og:type\" content=\"article\" \/>\n<meta property=\"og:title\" content=\"Covid-19: 1.430 nuovi casi, et\u00e0 media 45 anni. Otto decessi\" \/>\n<meta property=\"og:description\" content=\"Le persone ricoverate sono 304 (19 in meno rispetto a ieri, - 5,9%), 18 in terapia intensiva (3 in meno rispetto a ieri, - 14,3%)\" \/>\n<meta property=\"og:url\" content=\"https:\/\/www.intoscana.it\/it\/covid-19-1-430-nuovi-casi-eta-media-45-anni-otto-decessi\/\" \/>\n<meta property=\"og:site_name\" content=\"intoscana\" \/>\n<meta property=\"article:publisher\" content=\"https:\/\/www.facebook.com\/intoscana.it\" \/>\n<meta property=\"article:published_time\" content=\"2022-05-31T11:08:34+00:00\" \/>\n<meta property=\"article:modified_time\" content=\"2022-06-01T14:02:53+00:00\" \/>\n<meta property=\"og:image\" content=\"https:\/\/www.intoscana.it\/wp-content\/uploads\/covid-20-agosto-toscana.001-e1649680158312.jpeg\" \/>\n\t<meta property=\"og:image:width\" content=\"984\" \/>\n\t<meta property=\"og:image:height\" content=\"537\" \/>\n\t<meta property=\"og:image:type\" content=\"image\/jpeg\" \/>\n<meta name=\"author\" content=\"Redazione\" \/>\n<meta name=\"twitter:card\" content=\"summary_large_image\" \/>\n<meta name=\"twitter:creator\" content=\"@intoscana\" \/>\n<meta name=\"twitter:site\" content=\"@intoscana\" \/>\n<meta name=\"twitter:label1\" content=\"Written by\" \/>\n\t<meta name=\"twitter:data1\" content=\"Redazione\" \/>\n\t<meta name=\"twitter:label2\" content=\"Est. reading time\" \/>\n\t<meta name=\"twitter:data2\" content=\"1 minuto\" \/>\n<script type=\"application\/ld+json\" class=\"yoast-schema-graph\">{\"@context\":\"https:\/\/schema.org\",\"@graph\":[{\"@type\":\"WebPage\",\"@id\":\"https:\/\/www.intoscana.it\/it\/covid-19-1-430-nuovi-casi-eta-media-45-anni-otto-decessi\/\",\"url\":\"https:\/\/www.intoscana.it\/it\/covid-19-1-430-nuovi-casi-eta-media-45-anni-otto-decessi\/\",\"name\":\"Covid-19: 1.430 nuovi casi, et\u00e0 media 45 anni. Otto decessi - intoscana\",\"isPartOf\":{\"@id\":\"https:\/\/www.intoscana.it\/it\/#website\"},\"primaryImageOfPage\":{\"@id\":\"https:\/\/www.intoscana.it\/it\/covid-19-1-430-nuovi-casi-eta-media-45-anni-otto-decessi\/#primaryimage\"},\"image\":{\"@id\":\"https:\/\/www.intoscana.it\/it\/covid-19-1-430-nuovi-casi-eta-media-45-anni-otto-decessi\/#primaryimage\"},\"thumbnailUrl\":\"https:\/\/www.intoscana.it\/wp-content\/uploads\/covid-20-agosto-toscana.001-e1649680158312.jpeg\",\"datePublished\":\"2022-05-31T11:08:34+00:00\",\"dateModified\":\"2022-06-01T14:02:53+00:00\",\"author\":{\"@id\":\"https:\/\/www.intoscana.it\/it\/#\/schema\/person\/9223810753230f20bd670fdd322661f8\"},\"description\":\"Le persone ricoverate sono 304 (19 in meno rispetto a ieri, - 5,9%), 18 in terapia intensiva (3 in meno rispetto a ieri, - 14,3%)\",\"breadcrumb\":{\"@id\":\"https:\/\/www.intoscana.it\/it\/covid-19-1-430-nuovi-casi-eta-media-45-anni-otto-decessi\/#breadcrumb\"},\"inLanguage\":\"it-IT\",\"potentialAction\":[{\"@type\":\"ReadAction\",\"target\":[\"https:\/\/www.intoscana.it\/it\/covid-19-1-430-nuovi-casi-eta-media-45-anni-otto-decessi\/\"]}]},{\"@type\":\"ImageObject\",\"inLanguage\":\"it-IT\",\"@id\":\"https:\/\/www.intoscana.it\/it\/covid-19-1-430-nuovi-casi-eta-media-45-anni-otto-decessi\/#primaryimage\",\"url\":\"https:\/\/www.intoscana.it\/wp-content\/uploads\/covid-20-agosto-toscana.001-e1649680158312.jpeg\",\"contentUrl\":\"https:\/\/www.intoscana.it\/wp-content\/uploads\/covid-20-agosto-toscana.001-e1649680158312.jpeg\",\"width\":984,\"height\":537,\"caption\":\"Covid-19\"},{\"@type\":\"BreadcrumbList\",\"@id\":\"https:\/\/www.intoscana.it\/it\/covid-19-1-430-nuovi-casi-eta-media-45-anni-otto-decessi\/#breadcrumb\",\"itemListElement\":[{\"@type\":\"ListItem\",\"position\":1,\"name\":\"Home\",\"item\":\"https:\/\/www.intoscana.it\/it\/\"},{\"@type\":\"ListItem\",\"position\":2,\"name\":\"Covid-19: 1.430 nuovi casi, et\u00e0 media 45 anni. Otto decessi\"}]},{\"@type\":\"WebSite\",\"@id\":\"https:\/\/www.intoscana.it\/it\/#website\",\"url\":\"https:\/\/www.intoscana.it\/it\/\",\"name\":\"intoscana\",\"description\":\"\",\"potentialAction\":[{\"@type\":\"SearchAction\",\"target\":{\"@type\":\"EntryPoint\",\"urlTemplate\":\"https:\/\/www.intoscana.it\/it\/?s={search_term_string}\"},\"query-input\":{\"@type\":\"PropertyValueSpecification\",\"valueRequired\":true,\"valueName\":\"search_term_string\"}}],\"inLanguage\":\"it-IT\"},{\"@type\":\"Person\",\"@id\":\"https:\/\/www.intoscana.it\/it\/#\/schema\/person\/9223810753230f20bd670fdd322661f8\",\"name\":\"Redazione\",\"url\":\"https:\/\/www.intoscana.it\/it\/author\/redazione\/\"}]}<\/script>\n<!-- \/ Yoast SEO Premium plugin. -->","yoast_head_json":{"title":"Covid-19: 1.430 nuovi casi, et\u00e0 media 45 anni. Otto decessi - intoscana","description":"Le persone ricoverate sono 304 (19 in meno rispetto a ieri, - 5,9%), 18 in terapia intensiva (3 in meno rispetto a ieri, - 14,3%)","robots":{"index":"index","follow":"follow","max-snippet":"max-snippet:-1","max-image-preview":"max-image-preview:large","max-video-preview":"max-video-preview:-1"},"canonical":"https:\/\/www.intoscana.it\/it\/covid-19-1-430-nuovi-casi-eta-media-45-anni-otto-decessi\/","og_locale":"it_IT","og_type":"article","og_title":"Covid-19: 1.430 nuovi casi, et\u00e0 media 45 anni. Otto decessi","og_description":"Le persone ricoverate sono 304 (19 in meno rispetto a ieri, - 5,9%), 18 in terapia intensiva (3 in meno rispetto a ieri, - 14,3%)","og_url":"https:\/\/www.intoscana.it\/it\/covid-19-1-430-nuovi-casi-eta-media-45-anni-otto-decessi\/","og_site_name":"intoscana","article_publisher":"https:\/\/www.facebook.com\/intoscana.it","article_published_time":"2022-05-31T11:08:34+00:00","article_modified_time":"2022-06-01T14:02:53+00:00","og_image":[{"width":984,"height":537,"url":"https:\/\/www.intoscana.it\/wp-content\/uploads\/covid-20-agosto-toscana.001-e1649680158312.jpeg","type":"image\/jpeg"}],"author":"Redazione","twitter_card":"summary_large_image","twitter_creator":"@intoscana","twitter_site":"@intoscana","twitter_misc":{"Written by":"Redazione","Est. reading time":"1 minuto"},"schema":{"@context":"https:\/\/schema.org","@graph":[{"@type":"WebPage","@id":"https:\/\/www.intoscana.it\/it\/covid-19-1-430-nuovi-casi-eta-media-45-anni-otto-decessi\/","url":"https:\/\/www.intoscana.it\/it\/covid-19-1-430-nuovi-casi-eta-media-45-anni-otto-decessi\/","name":"Covid-19: 1.430 nuovi casi, et\u00e0 media 45 anni. Otto decessi - intoscana","isPartOf":{"@id":"https:\/\/www.intoscana.it\/it\/#website"},"primaryImageOfPage":{"@id":"https:\/\/www.intoscana.it\/it\/covid-19-1-430-nuovi-casi-eta-media-45-anni-otto-decessi\/#primaryimage"},"image":{"@id":"https:\/\/www.intoscana.it\/it\/covid-19-1-430-nuovi-casi-eta-media-45-anni-otto-decessi\/#primaryimage"},"thumbnailUrl":"https:\/\/www.intoscana.it\/wp-content\/uploads\/covid-20-agosto-toscana.001-e1649680158312.jpeg","datePublished":"2022-05-31T11:08:34+00:00","dateModified":"2022-06-01T14:02:53+00:00","author":{"@id":"https:\/\/www.intoscana.it\/it\/#\/schema\/person\/9223810753230f20bd670fdd322661f8"},"description":"Le persone ricoverate sono 304 (19 in meno rispetto a ieri, - 5,9%), 18 in terapia intensiva (3 in meno rispetto a ieri, - 14,3%)","breadcrumb":{"@id":"https:\/\/www.intoscana.it\/it\/covid-19-1-430-nuovi-casi-eta-media-45-anni-otto-decessi\/#breadcrumb"},"inLanguage":"it-IT","potentialAction":[{"@type":"ReadAction","target":["https:\/\/www.intoscana.it\/it\/covid-19-1-430-nuovi-casi-eta-media-45-anni-otto-decessi\/"]}]},{"@type":"ImageObject","inLanguage":"it-IT","@id":"https:\/\/www.intoscana.it\/it\/covid-19-1-430-nuovi-casi-eta-media-45-anni-otto-decessi\/#primaryimage","url":"https:\/\/www.intoscana.it\/wp-content\/uploads\/covid-20-agosto-toscana.001-e1649680158312.jpeg","contentUrl":"https:\/\/www.intoscana.it\/wp-content\/uploads\/covid-20-agosto-toscana.001-e1649680158312.jpeg","width":984,"height":537,"caption":"Covid-19"},{"@type":"BreadcrumbList","@id":"https:\/\/www.intoscana.it\/it\/covid-19-1-430-nuovi-casi-eta-media-45-anni-otto-decessi\/#breadcrumb","itemListElement":[{"@type":"ListItem","position":1,"name":"Home","item":"https:\/\/www.intoscana.it\/it\/"},{"@type":"ListItem","position":2,"name":"Covid-19: 1.430 nuovi casi, et\u00e0 media 45 anni. Otto decessi"}]},{"@type":"WebSite","@id":"https:\/\/www.intoscana.it\/it\/#website","url":"https:\/\/www.intoscana.it\/it\/","name":"intoscana","description":"","potentialAction":[{"@type":"SearchAction","target":{"@type":"EntryPoint","urlTemplate":"https:\/\/www.intoscana.it\/it\/?s={search_term_string}"},"query-input":{"@type":"PropertyValueSpecification","valueRequired":true,"valueName":"search_term_string"}}],"inLanguage":"it-IT"},{"@type":"Person","@id":"https:\/\/www.intoscana.it\/it\/#\/schema\/person\/9223810753230f20bd670fdd322661f8","name":"Redazione","url":"https:\/\/www.intoscana.it\/it\/author\/redazione\/"}]}},"_links":{"self":[{"href":"https:\/\/www.intoscana.it\/it\/wp-json\/wp\/v2\/posts\/231169","targetHints":{"allow":["GET"]}}],"collection":[{"href":"https:\/\/www.intoscana.it\/it\/wp-json\/wp\/v2\/posts"}],"about":[{"href":"https:\/\/www.intoscana.it\/it\/wp-json\/wp\/v2\/types\/post"}],"author":[{"embeddable":true,"href":"https:\/\/www.intoscana.it\/it\/wp-json\/wp\/v2\/users\/525"}],"replies":[{"embeddable":true,"href":"https:\/\/www.intoscana.it\/it\/wp-json\/wp\/v2\/comments?post=231169"}],"version-history":[{"count":0,"href":"https:\/\/www.intoscana.it\/it\/wp-json\/wp\/v2\/posts\/231169\/revisions"}],"wp:featuredmedia":[{"embeddable":true,"href":"https:\/\/www.intoscana.it\/it\/wp-json\/wp\/v2\/media\/186934"}],"wp:attachment":[{"href":"https:\/\/www.intoscana.it\/it\/wp-json\/wp\/v2\/media?parent=231169"}],"wp:term":[{"taxonomy":"category","embeddable":true,"href":"https:\/\/www.intoscana.it\/it\/wp-json\/wp\/v2\/categories?post=231169"},{"taxonomy":"post_tag","embeddable":true,"href":"https:\/\/www.intoscana.it\/it\/wp-json\/wp\/v2\/tags?post=231169"}],"curies":[{"name":"wp","href":"https:\/\/api.w.org\/{rel}","templated":true}]}}