{"id":231339,"date":"2022-06-01T14:40:43","date_gmt":"2022-06-01T12:40:43","guid":{"rendered":"https:\/\/www.intoscana.it\/it\/?p=231339"},"modified":"2022-06-03T09:49:26","modified_gmt":"2022-06-03T07:49:26","slug":"covid-19-bollettino-toscana-6","status":"publish","type":"post","link":"https:\/\/www.intoscana.it\/it\/covid-19-bollettino-toscana-6\/","title":{"rendered":"Covid-19: 969 nuovi casi, et\u00e0 media 49 anni. I decessi sono quattro"},"content":{"rendered":"<p>In Toscana sono <strong>1.152.078 i casi di positivit\u00e0<\/strong> al Coronavirus,<strong> 969 in pi\u00f9 rispetto a ieri<\/strong> (208 confermati con tampone molecolare e 761 da test rapido antigenico). <strong>L&#8217;et\u00e0 media \u00e8 di 49 anni<\/strong>. I nuovi casi sono lo 0,1% in pi\u00f9 rispetto al totale del giorno precedente. <strong>I guariti<\/strong> crescono dello 0,1% e raggiungono <strong>quota 1.115.145<\/strong> (96,8% dei casi totali).<\/p>\n<p>Oggi sono stati eseguiti <strong>1.306 tamponi molecolari e 8.433 tamponi antigenici<\/strong> rapidi, di questi il 9,9% \u00e8 risultato positivo. Sono invece 1.579 i soggetti testati oggi (con tampone antigenico e\/o molecolare, escludendo i tamponi di controllo), di cui il 61,4% \u00e8 risultato positivo. Gli attualmente <strong>positivi sono oggi 26.837<\/strong>, -2,1% rispetto a ieri.<\/p>\n<p>Sono <strong>320.094 i casi complessivi<\/strong> ad oggi a Firenze (259 in pi\u00f9 rispetto a ieri), 79.010 a Prato (56 in pi\u00f9), 92.226 a Pistoia (65 in pi\u00f9), 56.557 a Massa-Carrara (46 in pi\u00f9), 120.839 a Lucca (104 in pi\u00f9), 132.380 a Pisa (118 in pi\u00f9), 102.398 a Livorno (85 in pi\u00f9), 105.010 ad Arezzo (72 in pi\u00f9), 81.321 a Siena (82 in pi\u00f9), 61.688 a Grosseto (82 in pi\u00f9). Sono 555 i casi positivi notificati in Toscana, ma residenti in altre regioni.<\/p>\n<p>Sono <strong>26.566 le persone in isolamento<\/strong> a casa, poich\u00e9 presentano sintomi lievi che non richiedono cure ospedaliere, o risultano prive di sintomi (545 in meno rispetto a ieri, meno 2%).<\/p>\n<p><strong>Le persone ricoverate sono 71<\/strong> (33 in meno rispetto a ieri, meno 10,9%), <strong>15 in terapia intensiva<\/strong> (3 in meno rispetto a ieri, meno 16,7%).<\/p>\n<p>Purtroppo, oggi si registrano <strong>4 nuovi decessi<\/strong>: 2 uomini e 2 donne con un&#8217;et\u00e0 media di 85,5 anni (3 a Firenze, 1 a Pisa). Sono 10.096 i deceduti dall&#8217;inizio dell&#8217;epidemia cosi ripartiti: 3.178 a Firenze, 836 a Prato, 905 a Pistoia, 654 a Massa Carrara, 945 a Lucca, 1.118 a Pisa, 743 a Livorno, 656 ad Arezzo, 534 a Siena, 388 a Grosseto, 139 persone sono decedute sul suolo toscano ma erano residenti fuori regione.<\/p>\n","protected":false},"excerpt":{"rendered":"<p>Le persone ricoverate sono 271 (33 in meno rispetto a ieri, -10,9%), 15 in terapia intensiva (3 in meno rispetto a ieri, -16,7%)<\/p>\n","protected":false},"author":525,"featured_media":143865,"comment_status":"open","ping_status":"open","sticky":false,"template":"","format":"standard","meta":{"_acf_changed":false,"footnotes":""},"categories":[494],"tags":[418],"class_list":["post-231339","post","type-post","status-publish","format-standard","has-post-thumbnail","hentry","category-attualita","tag-covid-19"],"acf":[],"yoast_head":"<!-- This site is optimized with the Yoast SEO Premium plugin v24.2 (Yoast SEO v25.6) - https:\/\/yoast.com\/wordpress\/plugins\/seo\/ -->\n<title>Covid-19: 969 nuovi casi, et\u00e0 media 49 anni. I decessi sono quattro - intoscana<\/title>\n<meta name=\"description\" content=\"Le persone ricoverate sono 271 (33 in meno rispetto a ieri, -10,9%), 15 in terapia intensiva (3 in meno rispetto a ieri, -16,7%)\" \/>\n<meta name=\"robots\" content=\"index, follow, max-snippet:-1, max-image-preview:large, max-video-preview:-1\" \/>\n<link rel=\"canonical\" href=\"https:\/\/www.intoscana.it\/it\/covid-19-bollettino-toscana-6\/\" \/>\n<meta property=\"og:locale\" content=\"it_IT\" \/>\n<meta property=\"og:type\" content=\"article\" \/>\n<meta property=\"og:title\" content=\"Covid-19: 969 nuovi casi, et\u00e0 media 49 anni. I decessi sono quattro\" \/>\n<meta property=\"og:description\" content=\"Le persone ricoverate sono 271 (33 in meno rispetto a ieri, -10,9%), 15 in terapia intensiva (3 in meno rispetto a ieri, -16,7%)\" \/>\n<meta property=\"og:url\" content=\"https:\/\/www.intoscana.it\/it\/covid-19-bollettino-toscana-6\/\" \/>\n<meta property=\"og:site_name\" content=\"intoscana\" \/>\n<meta property=\"article:publisher\" content=\"https:\/\/www.facebook.com\/intoscana.it\" \/>\n<meta property=\"article:published_time\" content=\"2022-06-01T12:40:43+00:00\" \/>\n<meta property=\"article:modified_time\" content=\"2022-06-03T07:49:26+00:00\" \/>\n<meta property=\"og:image\" content=\"https:\/\/www.intoscana.it\/wp-content\/uploads\/ricerca-20.jpg\" \/>\n\t<meta property=\"og:image:width\" content=\"2000\" \/>\n\t<meta property=\"og:image:height\" content=\"1333\" \/>\n\t<meta property=\"og:image:type\" content=\"image\/jpeg\" \/>\n<meta name=\"author\" content=\"Redazione\" \/>\n<meta name=\"twitter:card\" content=\"summary_large_image\" \/>\n<meta name=\"twitter:creator\" content=\"@intoscana\" \/>\n<meta name=\"twitter:site\" content=\"@intoscana\" \/>\n<meta name=\"twitter:label1\" content=\"Written by\" \/>\n\t<meta name=\"twitter:data1\" content=\"Redazione\" \/>\n\t<meta name=\"twitter:label2\" content=\"Est. reading time\" \/>\n\t<meta name=\"twitter:data2\" content=\"1 minuto\" \/>\n<script type=\"application\/ld+json\" class=\"yoast-schema-graph\">{\"@context\":\"https:\/\/schema.org\",\"@graph\":[{\"@type\":\"WebPage\",\"@id\":\"https:\/\/www.intoscana.it\/it\/covid-19-bollettino-toscana-6\/\",\"url\":\"https:\/\/www.intoscana.it\/it\/covid-19-bollettino-toscana-6\/\",\"name\":\"Covid-19: 969 nuovi casi, et\u00e0 media 49 anni. I decessi sono quattro - intoscana\",\"isPartOf\":{\"@id\":\"https:\/\/www.intoscana.it\/it\/#website\"},\"primaryImageOfPage\":{\"@id\":\"https:\/\/www.intoscana.it\/it\/covid-19-bollettino-toscana-6\/#primaryimage\"},\"image\":{\"@id\":\"https:\/\/www.intoscana.it\/it\/covid-19-bollettino-toscana-6\/#primaryimage\"},\"thumbnailUrl\":\"https:\/\/www.intoscana.it\/wp-content\/uploads\/ricerca-20.jpg\",\"datePublished\":\"2022-06-01T12:40:43+00:00\",\"dateModified\":\"2022-06-03T07:49:26+00:00\",\"author\":{\"@id\":\"https:\/\/www.intoscana.it\/it\/#\/schema\/person\/9223810753230f20bd670fdd322661f8\"},\"description\":\"Le persone ricoverate sono 271 (33 in meno rispetto a ieri, -10,9%), 15 in terapia intensiva (3 in meno rispetto a ieri, -16,7%)\",\"breadcrumb\":{\"@id\":\"https:\/\/www.intoscana.it\/it\/covid-19-bollettino-toscana-6\/#breadcrumb\"},\"inLanguage\":\"it-IT\",\"potentialAction\":[{\"@type\":\"ReadAction\",\"target\":[\"https:\/\/www.intoscana.it\/it\/covid-19-bollettino-toscana-6\/\"]}]},{\"@type\":\"ImageObject\",\"inLanguage\":\"it-IT\",\"@id\":\"https:\/\/www.intoscana.it\/it\/covid-19-bollettino-toscana-6\/#primaryimage\",\"url\":\"https:\/\/www.intoscana.it\/wp-content\/uploads\/ricerca-20.jpg\",\"contentUrl\":\"https:\/\/www.intoscana.it\/wp-content\/uploads\/ricerca-20.jpg\",\"width\":2000,\"height\":1333,\"caption\":\"Ricerca scientifica\"},{\"@type\":\"BreadcrumbList\",\"@id\":\"https:\/\/www.intoscana.it\/it\/covid-19-bollettino-toscana-6\/#breadcrumb\",\"itemListElement\":[{\"@type\":\"ListItem\",\"position\":1,\"name\":\"Home\",\"item\":\"https:\/\/www.intoscana.it\/it\/\"},{\"@type\":\"ListItem\",\"position\":2,\"name\":\"Covid-19: 969 nuovi casi, et\u00e0 media 49 anni. I decessi sono quattro\"}]},{\"@type\":\"WebSite\",\"@id\":\"https:\/\/www.intoscana.it\/it\/#website\",\"url\":\"https:\/\/www.intoscana.it\/it\/\",\"name\":\"intoscana\",\"description\":\"\",\"potentialAction\":[{\"@type\":\"SearchAction\",\"target\":{\"@type\":\"EntryPoint\",\"urlTemplate\":\"https:\/\/www.intoscana.it\/it\/?s={search_term_string}\"},\"query-input\":{\"@type\":\"PropertyValueSpecification\",\"valueRequired\":true,\"valueName\":\"search_term_string\"}}],\"inLanguage\":\"it-IT\"},{\"@type\":\"Person\",\"@id\":\"https:\/\/www.intoscana.it\/it\/#\/schema\/person\/9223810753230f20bd670fdd322661f8\",\"name\":\"Redazione\",\"url\":\"https:\/\/www.intoscana.it\/it\/author\/redazione\/\"}]}<\/script>\n<!-- \/ Yoast SEO Premium plugin. -->","yoast_head_json":{"title":"Covid-19: 969 nuovi casi, et\u00e0 media 49 anni. I decessi sono quattro - intoscana","description":"Le persone ricoverate sono 271 (33 in meno rispetto a ieri, -10,9%), 15 in terapia intensiva (3 in meno rispetto a ieri, -16,7%)","robots":{"index":"index","follow":"follow","max-snippet":"max-snippet:-1","max-image-preview":"max-image-preview:large","max-video-preview":"max-video-preview:-1"},"canonical":"https:\/\/www.intoscana.it\/it\/covid-19-bollettino-toscana-6\/","og_locale":"it_IT","og_type":"article","og_title":"Covid-19: 969 nuovi casi, et\u00e0 media 49 anni. I decessi sono quattro","og_description":"Le persone ricoverate sono 271 (33 in meno rispetto a ieri, -10,9%), 15 in terapia intensiva (3 in meno rispetto a ieri, -16,7%)","og_url":"https:\/\/www.intoscana.it\/it\/covid-19-bollettino-toscana-6\/","og_site_name":"intoscana","article_publisher":"https:\/\/www.facebook.com\/intoscana.it","article_published_time":"2022-06-01T12:40:43+00:00","article_modified_time":"2022-06-03T07:49:26+00:00","og_image":[{"width":2000,"height":1333,"url":"https:\/\/www.intoscana.it\/wp-content\/uploads\/ricerca-20.jpg","type":"image\/jpeg"}],"author":"Redazione","twitter_card":"summary_large_image","twitter_creator":"@intoscana","twitter_site":"@intoscana","twitter_misc":{"Written by":"Redazione","Est. reading time":"1 minuto"},"schema":{"@context":"https:\/\/schema.org","@graph":[{"@type":"WebPage","@id":"https:\/\/www.intoscana.it\/it\/covid-19-bollettino-toscana-6\/","url":"https:\/\/www.intoscana.it\/it\/covid-19-bollettino-toscana-6\/","name":"Covid-19: 969 nuovi casi, et\u00e0 media 49 anni. I decessi sono quattro - intoscana","isPartOf":{"@id":"https:\/\/www.intoscana.it\/it\/#website"},"primaryImageOfPage":{"@id":"https:\/\/www.intoscana.it\/it\/covid-19-bollettino-toscana-6\/#primaryimage"},"image":{"@id":"https:\/\/www.intoscana.it\/it\/covid-19-bollettino-toscana-6\/#primaryimage"},"thumbnailUrl":"https:\/\/www.intoscana.it\/wp-content\/uploads\/ricerca-20.jpg","datePublished":"2022-06-01T12:40:43+00:00","dateModified":"2022-06-03T07:49:26+00:00","author":{"@id":"https:\/\/www.intoscana.it\/it\/#\/schema\/person\/9223810753230f20bd670fdd322661f8"},"description":"Le persone ricoverate sono 271 (33 in meno rispetto a ieri, -10,9%), 15 in terapia intensiva (3 in meno rispetto a ieri, -16,7%)","breadcrumb":{"@id":"https:\/\/www.intoscana.it\/it\/covid-19-bollettino-toscana-6\/#breadcrumb"},"inLanguage":"it-IT","potentialAction":[{"@type":"ReadAction","target":["https:\/\/www.intoscana.it\/it\/covid-19-bollettino-toscana-6\/"]}]},{"@type":"ImageObject","inLanguage":"it-IT","@id":"https:\/\/www.intoscana.it\/it\/covid-19-bollettino-toscana-6\/#primaryimage","url":"https:\/\/www.intoscana.it\/wp-content\/uploads\/ricerca-20.jpg","contentUrl":"https:\/\/www.intoscana.it\/wp-content\/uploads\/ricerca-20.jpg","width":2000,"height":1333,"caption":"Ricerca scientifica"},{"@type":"BreadcrumbList","@id":"https:\/\/www.intoscana.it\/it\/covid-19-bollettino-toscana-6\/#breadcrumb","itemListElement":[{"@type":"ListItem","position":1,"name":"Home","item":"https:\/\/www.intoscana.it\/it\/"},{"@type":"ListItem","position":2,"name":"Covid-19: 969 nuovi casi, et\u00e0 media 49 anni. I decessi sono quattro"}]},{"@type":"WebSite","@id":"https:\/\/www.intoscana.it\/it\/#website","url":"https:\/\/www.intoscana.it\/it\/","name":"intoscana","description":"","potentialAction":[{"@type":"SearchAction","target":{"@type":"EntryPoint","urlTemplate":"https:\/\/www.intoscana.it\/it\/?s={search_term_string}"},"query-input":{"@type":"PropertyValueSpecification","valueRequired":true,"valueName":"search_term_string"}}],"inLanguage":"it-IT"},{"@type":"Person","@id":"https:\/\/www.intoscana.it\/it\/#\/schema\/person\/9223810753230f20bd670fdd322661f8","name":"Redazione","url":"https:\/\/www.intoscana.it\/it\/author\/redazione\/"}]}},"_links":{"self":[{"href":"https:\/\/www.intoscana.it\/it\/wp-json\/wp\/v2\/posts\/231339","targetHints":{"allow":["GET"]}}],"collection":[{"href":"https:\/\/www.intoscana.it\/it\/wp-json\/wp\/v2\/posts"}],"about":[{"href":"https:\/\/www.intoscana.it\/it\/wp-json\/wp\/v2\/types\/post"}],"author":[{"embeddable":true,"href":"https:\/\/www.intoscana.it\/it\/wp-json\/wp\/v2\/users\/525"}],"replies":[{"embeddable":true,"href":"https:\/\/www.intoscana.it\/it\/wp-json\/wp\/v2\/comments?post=231339"}],"version-history":[{"count":0,"href":"https:\/\/www.intoscana.it\/it\/wp-json\/wp\/v2\/posts\/231339\/revisions"}],"wp:featuredmedia":[{"embeddable":true,"href":"https:\/\/www.intoscana.it\/it\/wp-json\/wp\/v2\/media\/143865"}],"wp:attachment":[{"href":"https:\/\/www.intoscana.it\/it\/wp-json\/wp\/v2\/media?parent=231339"}],"wp:term":[{"taxonomy":"category","embeddable":true,"href":"https:\/\/www.intoscana.it\/it\/wp-json\/wp\/v2\/categories?post=231339"},{"taxonomy":"post_tag","embeddable":true,"href":"https:\/\/www.intoscana.it\/it\/wp-json\/wp\/v2\/tags?post=231339"}],"curies":[{"name":"wp","href":"https:\/\/api.w.org\/{rel}","templated":true}]}}