{"id":231368,"date":"2022-06-01T15:41:29","date_gmt":"2022-06-01T13:41:29","guid":{"rendered":"https:\/\/www.intoscana.it\/it\/?p=231368"},"modified":"2022-06-01T15:42:08","modified_gmt":"2022-06-01T13:42:08","slug":"livorno-il-4-giugno-una-giornata-dedicata-alla-pulizia-dellarea-protetta-delle-secche-della-meloria","status":"publish","type":"post","link":"https:\/\/www.intoscana.it\/it\/livorno-il-4-giugno-una-giornata-dedicata-alla-pulizia-dellarea-protetta-delle-secche-della-meloria\/","title":{"rendered":"Livorno, il 4 giugno una giornata dedicata alla pulizia dell&#8217;area protetta delle Secche della Meloria"},"content":{"rendered":"<p>Una giornata interamente dedicata all\u2019ambiente, al mare e alla sua cura quella che si terr\u00e0 <strong>sabato 4 giugno<\/strong> nell\u2019area marina protetta delle <strong>Secche della Meloria<\/strong>. Si tratta della terza edizione di MPA &#8211; Meloria Protection &amp; Art, giornata che ha come obiettivo quello di far conoscere le bellezze ma anche le caratteristiche biologiche, faunistiche e ambientali, valorizzare e salvaguardare l\u2019area delle Secche della Meloria in provincia di <strong>Livorno<\/strong>.<\/p>\n<p>Tante le iniziative in programma messe in campo da Aplysia, in collaborazione con AMP Secche della Meloria e con il Parco Regionale Migliarino, San Rossore e Massaciuccoli, con il patrocinio del Comune di Livorno.<\/p>\n<h3>Il programma<\/h3>\n<p>Gli studenti della 3A del Liceo Cecioni e la 2A dell\u2019Istituto Nautico\u00a0avranno un ruolo importantissimo in questa giornata. Le due classi infatti sono risultate vincitrici del concorso &#8220;MPA &#8211; 2022&#8221;, e sabato, armati di sacchetti e guanti avranno il compito di <strong>raccogliere i rifiuti della parte a terra e dei bassi fondali intorno alla Torre e al Faro della Meloria<\/strong>. Questa attivit\u00e0 sar\u00e0 svolta insieme ai soci della Lega Navale che metteranno a disposizione le loro imbarcazioni per il trasporto, unit\u00e0 navali della Guardia Costiera e il 5\u00b0 nucleo subacqueo dislocato a Genova, il nucleo sommozzatori dei Vigili del Fuoco, i circoli nautici e i diving che hanno dato la loro adesione alla manifestazione. Inoltre, gli studenti parteciperanno ad un breve percorso snorkeling e ad una lezione di biologia marina.<\/p>\n<p>In contemporanea, dalle 9.30 alle 12.30, verr\u00e0 effettuata una<strong> pulizia delle spiagge dello Scoglio della Regina<\/strong> nella zona costiera compresa tra la Terrazza Mascagni e la spiaggia della Bellana, coordinata da Sons of the Ocean in collaborazione con Reset Livorno, Acchiaparifiuti e AAmps che vedr\u00e0 attivi partecipanti gli alunni delle classi quarte della scuola primaria di Villa Corridi. L\u2019azione si inserisce nel progetto di scienza partecipata \u2018PlasticheAmare\u2019 che vede il coinvolgimento del corso di laurea di scienze ambientali dell\u2019Universit\u00e0 di Pisa e di Thalassa-Marine Science and Communication. Al termine i sacchi raccolti saranno aperti a campione per la classificazione dei rifiuti insieme agli esperti.<\/p>\n<p>Presso lo Scoglio della Regina sar\u00e0 possibile osservare fino al 26 giugno i <strong>lavori realizzati con rifiuti raccolti sui nostri litorali<\/strong> dalla cooperativa sociale Brikke e Brakke e capire come creare arte da materiale di scarto. Inoltre, nel pomeriggio del 4 giugno dalle 15.30 alle 17, i maestri d\u2019arte della cooperativa condurranno un laboratorio gratuito di progettazione per il riuso creativo.<\/p>\n<p>Nel giardino mediterraneo dello Scoglio della Regina saranno presenti tutto il giorno <strong>spazi informativi sui progetti di ricerca<\/strong>, di sensibilizzazione e monitoraggio ambientale di enti, associazioni e istituti di ricerca: Area Marina Protetta Secche della Meloria e Parco Regionale Migliarino, San Rossore e Massaciuccoli; Capitaneria di Porto e Guardia Costiera di Livorno; Sons of the Ocean; Lega Navale Italiana sezione Livorno; Autorit\u00e0 di Sistema Portuale del Mar Tirreno Settentrionale; Cnr \u2013 Ibe; Consorzio Lamma; Cibm; Aamps in collaborazione con il centro Evviva.<\/p>\n<p>\u201c<em>Un\u2019importante iniziativa che da un lato promuove la consapevolezza degli studenti e della cittadinanza rispetto al tema dell\u2019area marina protetta della Meloria, e dall\u2019altro mette ancora una volta l\u2019accento sui gravissimi danni che una gestione sconsiderata dei rifiuti pu\u00f2 provocare direttamente sull\u2019ambiente e in particolare sul mare<\/em> \u2013 ha commentato l\u2019assessora all\u2019ambiente del Comune di Livorno, <strong>Giovanna Cepparello<\/strong> \u2013 <em>Ogni anno tonnellate di plastiche e di mozziconi vengono abbandonati. Livorno su questo tema sta facendo passi avanti, grazie ad iniziative come questa<\/em>\u201d.<\/p>\n<p>&nbsp;<\/p>\n","protected":false},"excerpt":{"rendered":"<p>L&#8217;iniziativa, alla sua terza edizione, mira a valorizzare l&#8217;area e far conoscere le sue bellezze e le sue caratteristiche biologiche, faunistiche e ambientali uniche<\/p>\n","protected":false},"author":525,"featured_media":231369,"comment_status":"open","ping_status":"open","sticky":false,"template":"","format":"standard","meta":{"_acf_changed":false,"footnotes":""},"categories":[19],"tags":[177,273],"class_list":["post-231368","post","type-post","status-publish","format-standard","has-post-thumbnail","hentry","category-ambiente","tag-ambiente","tag-livorno"],"acf":[],"yoast_head":"<!-- This site is optimized with the Yoast SEO Premium plugin v24.2 (Yoast SEO v25.6) - https:\/\/yoast.com\/wordpress\/plugins\/seo\/ -->\n<title>Livorno, il 4 giugno una giornata dedicata alla pulizia dell&#039;area protetta delle Secche della Meloria - intoscana<\/title>\n<meta name=\"robots\" content=\"index, follow, max-snippet:-1, max-image-preview:large, max-video-preview:-1\" \/>\n<link rel=\"canonical\" href=\"https:\/\/www.intoscana.it\/it\/livorno-il-4-giugno-una-giornata-dedicata-alla-pulizia-dellarea-protetta-delle-secche-della-meloria\/\" \/>\n<meta property=\"og:locale\" content=\"it_IT\" \/>\n<meta property=\"og:type\" content=\"article\" \/>\n<meta property=\"og:title\" content=\"Livorno, il 4 giugno una giornata dedicata alla pulizia dell&#039;area protetta delle Secche della Meloria\" \/>\n<meta property=\"og:description\" content=\"L&#039;iniziativa, alla sua terza edizione, mira a valorizzare l&#039;area e far conoscere le sue bellezze e le sue caratteristiche biologiche, faunistiche e ambientali uniche\" \/>\n<meta property=\"og:url\" content=\"https:\/\/www.intoscana.it\/it\/livorno-il-4-giugno-una-giornata-dedicata-alla-pulizia-dellarea-protetta-delle-secche-della-meloria\/\" \/>\n<meta property=\"og:site_name\" content=\"intoscana\" \/>\n<meta property=\"article:publisher\" content=\"https:\/\/www.facebook.com\/intoscana.it\" \/>\n<meta property=\"article:published_time\" content=\"2022-06-01T13:41:29+00:00\" \/>\n<meta property=\"article:modified_time\" content=\"2022-06-01T13:42:08+00:00\" \/>\n<meta property=\"og:image\" content=\"https:\/\/www.intoscana.it\/wp-content\/uploads\/secche-meloria-pulizia.jpeg\" \/>\n\t<meta property=\"og:image:width\" content=\"2048\" \/>\n\t<meta property=\"og:image:height\" content=\"1152\" \/>\n\t<meta property=\"og:image:type\" content=\"image\/jpeg\" \/>\n<meta name=\"author\" content=\"Redazione\" \/>\n<meta name=\"twitter:card\" content=\"summary_large_image\" \/>\n<meta name=\"twitter:creator\" content=\"@intoscana\" \/>\n<meta name=\"twitter:site\" content=\"@intoscana\" \/>\n<meta name=\"twitter:label1\" content=\"Written by\" \/>\n\t<meta name=\"twitter:data1\" content=\"Redazione\" \/>\n\t<meta name=\"twitter:label2\" content=\"Est. reading time\" \/>\n\t<meta name=\"twitter:data2\" content=\"3 minuti\" \/>\n<script type=\"application\/ld+json\" class=\"yoast-schema-graph\">{\"@context\":\"https:\/\/schema.org\",\"@graph\":[{\"@type\":\"WebPage\",\"@id\":\"https:\/\/www.intoscana.it\/it\/livorno-il-4-giugno-una-giornata-dedicata-alla-pulizia-dellarea-protetta-delle-secche-della-meloria\/\",\"url\":\"https:\/\/www.intoscana.it\/it\/livorno-il-4-giugno-una-giornata-dedicata-alla-pulizia-dellarea-protetta-delle-secche-della-meloria\/\",\"name\":\"Livorno, il 4 giugno una giornata dedicata alla pulizia dell'area protetta delle Secche della Meloria - intoscana\",\"isPartOf\":{\"@id\":\"https:\/\/www.intoscana.it\/it\/#website\"},\"primaryImageOfPage\":{\"@id\":\"https:\/\/www.intoscana.it\/it\/livorno-il-4-giugno-una-giornata-dedicata-alla-pulizia-dellarea-protetta-delle-secche-della-meloria\/#primaryimage\"},\"image\":{\"@id\":\"https:\/\/www.intoscana.it\/it\/livorno-il-4-giugno-una-giornata-dedicata-alla-pulizia-dellarea-protetta-delle-secche-della-meloria\/#primaryimage\"},\"thumbnailUrl\":\"https:\/\/www.intoscana.it\/wp-content\/uploads\/secche-meloria-pulizia.jpeg\",\"datePublished\":\"2022-06-01T13:41:29+00:00\",\"dateModified\":\"2022-06-01T13:42:08+00:00\",\"author\":{\"@id\":\"https:\/\/www.intoscana.it\/it\/#\/schema\/person\/9223810753230f20bd670fdd322661f8\"},\"breadcrumb\":{\"@id\":\"https:\/\/www.intoscana.it\/it\/livorno-il-4-giugno-una-giornata-dedicata-alla-pulizia-dellarea-protetta-delle-secche-della-meloria\/#breadcrumb\"},\"inLanguage\":\"it-IT\",\"potentialAction\":[{\"@type\":\"ReadAction\",\"target\":[\"https:\/\/www.intoscana.it\/it\/livorno-il-4-giugno-una-giornata-dedicata-alla-pulizia-dellarea-protetta-delle-secche-della-meloria\/\"]}]},{\"@type\":\"ImageObject\",\"inLanguage\":\"it-IT\",\"@id\":\"https:\/\/www.intoscana.it\/it\/livorno-il-4-giugno-una-giornata-dedicata-alla-pulizia-dellarea-protetta-delle-secche-della-meloria\/#primaryimage\",\"url\":\"https:\/\/www.intoscana.it\/wp-content\/uploads\/secche-meloria-pulizia.jpeg\",\"contentUrl\":\"https:\/\/www.intoscana.it\/wp-content\/uploads\/secche-meloria-pulizia.jpeg\",\"width\":2048,\"height\":1152},{\"@type\":\"BreadcrumbList\",\"@id\":\"https:\/\/www.intoscana.it\/it\/livorno-il-4-giugno-una-giornata-dedicata-alla-pulizia-dellarea-protetta-delle-secche-della-meloria\/#breadcrumb\",\"itemListElement\":[{\"@type\":\"ListItem\",\"position\":1,\"name\":\"Home\",\"item\":\"https:\/\/www.intoscana.it\/it\/\"},{\"@type\":\"ListItem\",\"position\":2,\"name\":\"Livorno, il 4 giugno una giornata dedicata alla pulizia dell&#8217;area protetta delle Secche della Meloria\"}]},{\"@type\":\"WebSite\",\"@id\":\"https:\/\/www.intoscana.it\/it\/#website\",\"url\":\"https:\/\/www.intoscana.it\/it\/\",\"name\":\"intoscana\",\"description\":\"\",\"potentialAction\":[{\"@type\":\"SearchAction\",\"target\":{\"@type\":\"EntryPoint\",\"urlTemplate\":\"https:\/\/www.intoscana.it\/it\/?s={search_term_string}\"},\"query-input\":{\"@type\":\"PropertyValueSpecification\",\"valueRequired\":true,\"valueName\":\"search_term_string\"}}],\"inLanguage\":\"it-IT\"},{\"@type\":\"Person\",\"@id\":\"https:\/\/www.intoscana.it\/it\/#\/schema\/person\/9223810753230f20bd670fdd322661f8\",\"name\":\"Redazione\",\"url\":\"https:\/\/www.intoscana.it\/it\/author\/redazione\/\"}]}<\/script>\n<!-- \/ Yoast SEO Premium plugin. -->","yoast_head_json":{"title":"Livorno, il 4 giugno una giornata dedicata alla pulizia dell'area protetta delle Secche della Meloria - intoscana","robots":{"index":"index","follow":"follow","max-snippet":"max-snippet:-1","max-image-preview":"max-image-preview:large","max-video-preview":"max-video-preview:-1"},"canonical":"https:\/\/www.intoscana.it\/it\/livorno-il-4-giugno-una-giornata-dedicata-alla-pulizia-dellarea-protetta-delle-secche-della-meloria\/","og_locale":"it_IT","og_type":"article","og_title":"Livorno, il 4 giugno una giornata dedicata alla pulizia dell'area protetta delle Secche della Meloria","og_description":"L'iniziativa, alla sua terza edizione, mira a valorizzare l'area e far conoscere le sue bellezze e le sue caratteristiche biologiche, faunistiche e ambientali uniche","og_url":"https:\/\/www.intoscana.it\/it\/livorno-il-4-giugno-una-giornata-dedicata-alla-pulizia-dellarea-protetta-delle-secche-della-meloria\/","og_site_name":"intoscana","article_publisher":"https:\/\/www.facebook.com\/intoscana.it","article_published_time":"2022-06-01T13:41:29+00:00","article_modified_time":"2022-06-01T13:42:08+00:00","og_image":[{"width":2048,"height":1152,"url":"https:\/\/www.intoscana.it\/wp-content\/uploads\/secche-meloria-pulizia.jpeg","type":"image\/jpeg"}],"author":"Redazione","twitter_card":"summary_large_image","twitter_creator":"@intoscana","twitter_site":"@intoscana","twitter_misc":{"Written by":"Redazione","Est. reading time":"3 minuti"},"schema":{"@context":"https:\/\/schema.org","@graph":[{"@type":"WebPage","@id":"https:\/\/www.intoscana.it\/it\/livorno-il-4-giugno-una-giornata-dedicata-alla-pulizia-dellarea-protetta-delle-secche-della-meloria\/","url":"https:\/\/www.intoscana.it\/it\/livorno-il-4-giugno-una-giornata-dedicata-alla-pulizia-dellarea-protetta-delle-secche-della-meloria\/","name":"Livorno, il 4 giugno una giornata dedicata alla pulizia dell'area protetta delle Secche della Meloria - intoscana","isPartOf":{"@id":"https:\/\/www.intoscana.it\/it\/#website"},"primaryImageOfPage":{"@id":"https:\/\/www.intoscana.it\/it\/livorno-il-4-giugno-una-giornata-dedicata-alla-pulizia-dellarea-protetta-delle-secche-della-meloria\/#primaryimage"},"image":{"@id":"https:\/\/www.intoscana.it\/it\/livorno-il-4-giugno-una-giornata-dedicata-alla-pulizia-dellarea-protetta-delle-secche-della-meloria\/#primaryimage"},"thumbnailUrl":"https:\/\/www.intoscana.it\/wp-content\/uploads\/secche-meloria-pulizia.jpeg","datePublished":"2022-06-01T13:41:29+00:00","dateModified":"2022-06-01T13:42:08+00:00","author":{"@id":"https:\/\/www.intoscana.it\/it\/#\/schema\/person\/9223810753230f20bd670fdd322661f8"},"breadcrumb":{"@id":"https:\/\/www.intoscana.it\/it\/livorno-il-4-giugno-una-giornata-dedicata-alla-pulizia-dellarea-protetta-delle-secche-della-meloria\/#breadcrumb"},"inLanguage":"it-IT","potentialAction":[{"@type":"ReadAction","target":["https:\/\/www.intoscana.it\/it\/livorno-il-4-giugno-una-giornata-dedicata-alla-pulizia-dellarea-protetta-delle-secche-della-meloria\/"]}]},{"@type":"ImageObject","inLanguage":"it-IT","@id":"https:\/\/www.intoscana.it\/it\/livorno-il-4-giugno-una-giornata-dedicata-alla-pulizia-dellarea-protetta-delle-secche-della-meloria\/#primaryimage","url":"https:\/\/www.intoscana.it\/wp-content\/uploads\/secche-meloria-pulizia.jpeg","contentUrl":"https:\/\/www.intoscana.it\/wp-content\/uploads\/secche-meloria-pulizia.jpeg","width":2048,"height":1152},{"@type":"BreadcrumbList","@id":"https:\/\/www.intoscana.it\/it\/livorno-il-4-giugno-una-giornata-dedicata-alla-pulizia-dellarea-protetta-delle-secche-della-meloria\/#breadcrumb","itemListElement":[{"@type":"ListItem","position":1,"name":"Home","item":"https:\/\/www.intoscana.it\/it\/"},{"@type":"ListItem","position":2,"name":"Livorno, il 4 giugno una giornata dedicata alla pulizia dell&#8217;area protetta delle Secche della Meloria"}]},{"@type":"WebSite","@id":"https:\/\/www.intoscana.it\/it\/#website","url":"https:\/\/www.intoscana.it\/it\/","name":"intoscana","description":"","potentialAction":[{"@type":"SearchAction","target":{"@type":"EntryPoint","urlTemplate":"https:\/\/www.intoscana.it\/it\/?s={search_term_string}"},"query-input":{"@type":"PropertyValueSpecification","valueRequired":true,"valueName":"search_term_string"}}],"inLanguage":"it-IT"},{"@type":"Person","@id":"https:\/\/www.intoscana.it\/it\/#\/schema\/person\/9223810753230f20bd670fdd322661f8","name":"Redazione","url":"https:\/\/www.intoscana.it\/it\/author\/redazione\/"}]}},"_links":{"self":[{"href":"https:\/\/www.intoscana.it\/it\/wp-json\/wp\/v2\/posts\/231368","targetHints":{"allow":["GET"]}}],"collection":[{"href":"https:\/\/www.intoscana.it\/it\/wp-json\/wp\/v2\/posts"}],"about":[{"href":"https:\/\/www.intoscana.it\/it\/wp-json\/wp\/v2\/types\/post"}],"author":[{"embeddable":true,"href":"https:\/\/www.intoscana.it\/it\/wp-json\/wp\/v2\/users\/525"}],"replies":[{"embeddable":true,"href":"https:\/\/www.intoscana.it\/it\/wp-json\/wp\/v2\/comments?post=231368"}],"version-history":[{"count":0,"href":"https:\/\/www.intoscana.it\/it\/wp-json\/wp\/v2\/posts\/231368\/revisions"}],"wp:featuredmedia":[{"embeddable":true,"href":"https:\/\/www.intoscana.it\/it\/wp-json\/wp\/v2\/media\/231369"}],"wp:attachment":[{"href":"https:\/\/www.intoscana.it\/it\/wp-json\/wp\/v2\/media?parent=231368"}],"wp:term":[{"taxonomy":"category","embeddable":true,"href":"https:\/\/www.intoscana.it\/it\/wp-json\/wp\/v2\/categories?post=231368"},{"taxonomy":"post_tag","embeddable":true,"href":"https:\/\/www.intoscana.it\/it\/wp-json\/wp\/v2\/tags?post=231368"}],"curies":[{"name":"wp","href":"https:\/\/api.w.org\/{rel}","templated":true}]}}