{"id":231501,"date":"2022-06-03T12:33:26","date_gmt":"2022-06-03T10:33:26","guid":{"rendered":"https:\/\/www.intoscana.it\/it\/?p=231501"},"modified":"2022-06-03T14:15:06","modified_gmt":"2022-06-03T12:15:06","slug":"il-sogno-di-martina-trevisan-sfuma-alla-semifinale-ma-il-suo-roland-garros-e-da-record-e-tra-le-30-piu-forti-al-mondo","status":"publish","type":"post","link":"https:\/\/www.intoscana.it\/it\/il-sogno-di-martina-trevisan-sfuma-alla-semifinale-ma-il-suo-roland-garros-e-da-record-e-tra-le-30-piu-forti-al-mondo\/","title":{"rendered":"Il sogno di Martina Trevisan sfuma alla semifinale, ma il suo Roland Garros \u00e8 da record: \u00e8 tra le 30 pi\u00f9 forti al mondo"},"content":{"rendered":"<p>Non ce l&#8217;ha fatta a raggiungere la vetta dello Slam parigino, ma <a href=\"https:\/\/www.intoscana.it\/it\/articolo\/martina-trevisan-conquista-la-semifinale-del-roland-garros-limpresa-storica-della-tennista-fiorentina\/\" target=\"_blank\" rel=\"noopener\"><strong>Martina Trevisan<\/strong><\/a> ha lasciato comunque il segno sulla terra rossa del <strong>Roland Garros<\/strong>. Contro la &#8220;nuova Williams&#8221;, come qualcuno gi\u00e0 chiama la 18enne americana &#8220;Coco&#8221; Gauss, si \u00e8 battuta, ha messo passione, ma non ha conquistato Parigi. <mark>Due set, 6-3 6-1, per chiudere questa meravigliosa corsa, frenata da un dolore alla coscia che l&#8217;ha costretta a giocare con una grande fasciatura. Per sua stessa ammissione, &#8220;<em>ha mancato un po&#8217; di lucidit\u00e0&#8221;<\/em> e in una partita del genere gli errori, anche i pi\u00f9 piccoli, si pagano.<\/mark><\/p>\n<p>Sul campo si vince o si perde, si sa, ma da Parigi non si torna a mani vuote, anzi: <mark>Martina \u00e8 oggi la tennista italiana pi\u00f9 forte, la numero 26 al mondo, superando anche Camila Giorgi. Entra cos\u00ec nell&#8217;olimpo delle top 30: una bella scalata nel ranking mondiale se si considera che partiva dalla posizione numero 59.<\/mark><\/p>\n<blockquote class=\"instagram-media\" style=\"background: #FFF; border: 0; border-radius: 3px; box-shadow: 0 0 1px 0 rgba(0,0,0,0.5),0 1px 10px 0 rgba(0,0,0,0.15); margin: 1px; max-width: 540px; min-width: 326px; padding: 0; width: calc(100% - 2px);\" data-instgrm-captioned=\"\" data-instgrm-permalink=\"https:\/\/www.instagram.com\/p\/CeTtpKHIWXF\/?utm_source=ig_embed&amp;utm_campaign=loading\" data-instgrm-version=\"14\">\n<div style=\"padding: 16px;\">\n<p>&nbsp;<\/p>\n<div style=\"display: flex; flex-direction: row; align-items: center;\">\n<div style=\"background-color: #f4f4f4; border-radius: 50%; flex-grow: 0; height: 40px; margin-right: 14px; width: 40px;\"><\/div>\n<div style=\"display: flex; flex-direction: column; flex-grow: 1; justify-content: center;\">\n<div style=\"background-color: #f4f4f4; border-radius: 4px; flex-grow: 0; height: 14px; margin-bottom: 6px; width: 100px;\"><\/div>\n<div style=\"background-color: #f4f4f4; border-radius: 4px; flex-grow: 0; height: 14px; width: 60px;\"><\/div>\n<\/div>\n<\/div>\n<div style=\"padding: 19% 0;\"><\/div>\n<div style=\"display: block; height: 50px; margin: 0 auto 12px; width: 50px;\"><\/div>\n<div style=\"padding-top: 8px;\">\n<div style=\"color: #3897f0; font-family: Arial,sans-serif; font-size: 14px; font-style: normal; font-weight: 550; line-height: 18px;\">Visualizza questo post su Instagram<\/div>\n<\/div>\n<div style=\"padding: 12.5% 0;\"><\/div>\n<div style=\"display: flex; flex-direction: row; margin-bottom: 14px; align-items: center;\">\n<div>\n<div style=\"background-color: #f4f4f4; border-radius: 50%; height: 12.5px; width: 12.5px; transform: translateX(0px) translateY(7px);\"><\/div>\n<div style=\"background-color: #f4f4f4; height: 12.5px; transform: rotate(-45deg) translateX(3px) translateY(1px); width: 12.5px; flex-grow: 0; margin-right: 14px; margin-left: 2px;\"><\/div>\n<div style=\"background-color: #f4f4f4; border-radius: 50%; height: 12.5px; width: 12.5px; transform: translateX(9px) translateY(-18px);\"><\/div>\n<\/div>\n<div style=\"margin-left: 8px;\">\n<div style=\"background-color: #f4f4f4; border-radius: 50%; flex-grow: 0; height: 20px; width: 20px;\"><\/div>\n<div style=\"width: 0; height: 0; border-top: 2px solid transparent; border-left: 6px solid #f4f4f4; border-bottom: 2px solid transparent; transform: translateX(16px) translateY(-4px) rotate(30deg);\"><\/div>\n<\/div>\n<div style=\"margin-left: auto;\">\n<div style=\"width: 0px; border-top: 8px solid #F4F4F4; border-right: 8px solid transparent; transform: translateY(16px);\"><\/div>\n<div style=\"background-color: #f4f4f4; flex-grow: 0; height: 12px; width: 16px; transform: translateY(-4px);\"><\/div>\n<div style=\"width: 0; height: 0; border-top: 8px solid #F4F4F4; border-left: 8px solid transparent; transform: translateY(-4px) translateX(8px);\"><\/div>\n<\/div>\n<\/div>\n<div style=\"display: flex; flex-direction: column; flex-grow: 1; justify-content: center; margin-bottom: 24px;\">\n<div style=\"background-color: #f4f4f4; border-radius: 4px; flex-grow: 0; height: 14px; margin-bottom: 6px; width: 224px;\"><\/div>\n<div style=\"background-color: #f4f4f4; border-radius: 4px; flex-grow: 0; height: 14px; width: 144px;\"><\/div>\n<\/div>\n<p>&nbsp;<\/p>\n<p style=\"color: #c9c8cd; font-family: Arial,sans-serif; font-size: 14px; line-height: 17px; margin-bottom: 0; margin-top: 8px; overflow: hidden; padding: 8px 0 7px; text-align: center; text-overflow: ellipsis; white-space: nowrap;\"><a style=\"color: #c9c8cd; font-family: Arial,sans-serif; font-size: 14px; font-style: normal; font-weight: normal; line-height: 17px; text-decoration: none;\" href=\"https:\/\/www.instagram.com\/p\/CeTtpKHIWXF\/?utm_source=ig_embed&amp;utm_campaign=loading\" target=\"_blank\" rel=\"noopener\">Un post condiviso da Roland-Garros (@rolandgarros)<\/a><\/p>\n<\/div>\n<\/blockquote>\n<p><script async src=\"\/\/www.instagram.com\/embed.js\"><\/script><\/p>\n<h3><em>Un po&#8217; di riposo e poi il torneo di Gaiba<\/em><\/h3>\n<p><em>&#8220;Nelle ultime due settimane sono cresciuta molto e il mio ranking \u00e8 cambiato, ma non credo di dover cambiare qualcosa. Ho fatto un percorso per arrivare fino a qua, voglio continuarlo, continuando a lavorare&#8221;<\/em>, ha detto <strong>Martina Trevisan<\/strong> nella conferenza stampa dopo la partita. <em>&#8220;Ora voglio godermi questo risultato, far\u00f2 un po&#8217; la turista a Parigi poi mi prender\u00f2 un po&#8217; di riposo prima di affrontare un torneo sull&#8217;erba, a Gaiba&#8221;.<\/em><\/p>\n<p>Riguardo al match contro la Gauss, la tennista fiorentina ha ammesso di non essere stata all&#8217;altezza dell&#8217;ultime prestazioni. <em>&#8220;Oggi sono un po&#8217; calata di lucidit\u00e0 e anche fisicamente. E di conseguenza, se il fisico viene a mancare in una partita del genere anche gli errori gratuiti aumentano<\/em> &#8211; ha spiegato Trevisan &#8211; <em>\u00c8 stato proprio un calo di energia, comunque Gauff \u00e8 una giocatrice consistente e in difesa \u00e8 veramente forte&#8221;<\/em>. <mark>&#8220;<em>Di queste tre settimane<\/em> &#8211; ha concluso &#8211; <em>conserver\u00f2 tutte le cose positive, perch\u00e9 forse tutti hanno dimenticato il mio titolo a Rabat, ma sono davvero felice&#8221;.<\/mark><\/em><\/p>\n<p><em>&#8220;Martina ha gi\u00e0 vinto il suo Roland Garros&#8221;<\/em>, ha detto anche il presidente Fit, <strong>Angelo Binaghi<\/strong>. La vittoria della tennista fiorentina sull&#8217;anoressia \u00e8 un punto in pi\u00f9, il pi\u00f9 importante: <em>&#8220;La storia sua e del suo team \u00e8 molto emozionante, per certi versi travolgente, tenendo conto di quanto successo di recente a Martina. Di sicuro \u00e8 inaspettata, e per questo ancora pi\u00f9 bella&#8221;<\/em>.<\/p>\n","protected":false},"excerpt":{"rendered":"<p>La tennista fiorentina \u00e8 la prima tra le italiane e dopo il torneo parigino \u00e8 la numero 26 nel ranking mondiale. &#8220;Ho fatto un percorso per arrivare fino a qui, voglio continuare&#8221;<\/p>\n","protected":false},"author":545,"featured_media":231503,"comment_status":"open","ping_status":"open","sticky":false,"template":"","format":"standard","meta":{"_acf_changed":false,"footnotes":""},"categories":[494],"tags":[6192],"class_list":["post-231501","post","type-post","status-publish","format-standard","has-post-thumbnail","hentry","category-attualita","tag-tennis"],"acf":[],"yoast_head":"<!-- This site is optimized with the Yoast SEO Premium plugin v24.2 (Yoast SEO v25.6) - https:\/\/yoast.com\/wordpress\/plugins\/seo\/ -->\n<title>Il sogno di Martina Trevisan sfuma alla semifinale, ma il suo Roland Garros \u00e8 da record: \u00e8 tra le 30 pi\u00f9 forti al mondo - intoscana<\/title>\n<meta name=\"description\" content=\"La tennista fiorentina \u00e8 la prima tra le italiane e dopo il torneo parigino \u00e8 la numero 26 nel ranking mondiale. &quot;Ho fatto un percorso per arrivare fino a qui, voglio continuare&quot;\" \/>\n<meta name=\"robots\" content=\"index, follow, max-snippet:-1, max-image-preview:large, max-video-preview:-1\" \/>\n<link rel=\"canonical\" href=\"https:\/\/www.intoscana.it\/it\/il-sogno-di-martina-trevisan-sfuma-alla-semifinale-ma-il-suo-roland-garros-e-da-record-e-tra-le-30-piu-forti-al-mondo\/\" \/>\n<meta property=\"og:locale\" content=\"it_IT\" \/>\n<meta property=\"og:type\" content=\"article\" \/>\n<meta property=\"og:title\" content=\"Il sogno di Martina Trevisan sfuma alla semifinale, ma il suo Roland Garros \u00e8 da record: \u00e8 tra le 30 pi\u00f9 forti al mondo\" \/>\n<meta property=\"og:description\" content=\"La tennista fiorentina \u00e8 la prima tra le italiane e dopo il torneo parigino \u00e8 la numero 26 nel ranking mondiale. &quot;Ho fatto un percorso per arrivare fino a qui, voglio continuare&quot;\" \/>\n<meta property=\"og:url\" content=\"https:\/\/www.intoscana.it\/it\/il-sogno-di-martina-trevisan-sfuma-alla-semifinale-ma-il-suo-roland-garros-e-da-record-e-tra-le-30-piu-forti-al-mondo\/\" \/>\n<meta property=\"og:site_name\" content=\"intoscana\" \/>\n<meta property=\"article:publisher\" content=\"https:\/\/www.facebook.com\/intoscana.it\" \/>\n<meta property=\"article:published_time\" content=\"2022-06-03T10:33:26+00:00\" \/>\n<meta property=\"article:modified_time\" content=\"2022-06-03T12:15:06+00:00\" \/>\n<meta property=\"og:image\" content=\"https:\/\/www.intoscana.it\/wp-content\/uploads\/shutterstock_2135929943-scaled-e1654258494719.jpg\" \/>\n\t<meta property=\"og:image:width\" content=\"1550\" \/>\n\t<meta property=\"og:image:height\" content=\"1035\" \/>\n\t<meta property=\"og:image:type\" content=\"image\/jpeg\" \/>\n<meta name=\"author\" content=\"Clara D&#039;Acunto\" \/>\n<meta name=\"twitter:card\" content=\"summary_large_image\" \/>\n<meta name=\"twitter:creator\" content=\"@intoscana\" \/>\n<meta name=\"twitter:site\" content=\"@intoscana\" \/>\n<meta name=\"twitter:label1\" content=\"Written by\" \/>\n\t<meta name=\"twitter:data1\" content=\"Clara D&#039;Acunto\" \/>\n\t<meta name=\"twitter:label2\" content=\"Est. reading time\" \/>\n\t<meta name=\"twitter:data2\" content=\"2 minuti\" \/>\n<script type=\"application\/ld+json\" class=\"yoast-schema-graph\">{\"@context\":\"https:\/\/schema.org\",\"@graph\":[{\"@type\":\"WebPage\",\"@id\":\"https:\/\/www.intoscana.it\/it\/il-sogno-di-martina-trevisan-sfuma-alla-semifinale-ma-il-suo-roland-garros-e-da-record-e-tra-le-30-piu-forti-al-mondo\/\",\"url\":\"https:\/\/www.intoscana.it\/it\/il-sogno-di-martina-trevisan-sfuma-alla-semifinale-ma-il-suo-roland-garros-e-da-record-e-tra-le-30-piu-forti-al-mondo\/\",\"name\":\"Il sogno di Martina Trevisan sfuma alla semifinale, ma il suo Roland Garros \u00e8 da record: \u00e8 tra le 30 pi\u00f9 forti al mondo - intoscana\",\"isPartOf\":{\"@id\":\"https:\/\/www.intoscana.it\/it\/#website\"},\"primaryImageOfPage\":{\"@id\":\"https:\/\/www.intoscana.it\/it\/il-sogno-di-martina-trevisan-sfuma-alla-semifinale-ma-il-suo-roland-garros-e-da-record-e-tra-le-30-piu-forti-al-mondo\/#primaryimage\"},\"image\":{\"@id\":\"https:\/\/www.intoscana.it\/it\/il-sogno-di-martina-trevisan-sfuma-alla-semifinale-ma-il-suo-roland-garros-e-da-record-e-tra-le-30-piu-forti-al-mondo\/#primaryimage\"},\"thumbnailUrl\":\"https:\/\/www.intoscana.it\/wp-content\/uploads\/shutterstock_2135929943-scaled-e1654258494719.jpg\",\"datePublished\":\"2022-06-03T10:33:26+00:00\",\"dateModified\":\"2022-06-03T12:15:06+00:00\",\"author\":{\"@id\":\"https:\/\/www.intoscana.it\/it\/#\/schema\/person\/137419af9ef5d385bde52864a841e6ce\"},\"description\":\"La tennista fiorentina \u00e8 la prima tra le italiane e dopo il torneo parigino \u00e8 la numero 26 nel ranking mondiale. \\\"Ho fatto un percorso per arrivare fino a qui, voglio continuare\\\"\",\"breadcrumb\":{\"@id\":\"https:\/\/www.intoscana.it\/it\/il-sogno-di-martina-trevisan-sfuma-alla-semifinale-ma-il-suo-roland-garros-e-da-record-e-tra-le-30-piu-forti-al-mondo\/#breadcrumb\"},\"inLanguage\":\"it-IT\",\"potentialAction\":[{\"@type\":\"ReadAction\",\"target\":[\"https:\/\/www.intoscana.it\/it\/il-sogno-di-martina-trevisan-sfuma-alla-semifinale-ma-il-suo-roland-garros-e-da-record-e-tra-le-30-piu-forti-al-mondo\/\"]}]},{\"@type\":\"ImageObject\",\"inLanguage\":\"it-IT\",\"@id\":\"https:\/\/www.intoscana.it\/it\/il-sogno-di-martina-trevisan-sfuma-alla-semifinale-ma-il-suo-roland-garros-e-da-record-e-tra-le-30-piu-forti-al-mondo\/#primaryimage\",\"url\":\"https:\/\/www.intoscana.it\/wp-content\/uploads\/shutterstock_2135929943-scaled-e1654258494719.jpg\",\"contentUrl\":\"https:\/\/www.intoscana.it\/wp-content\/uploads\/shutterstock_2135929943-scaled-e1654258494719.jpg\",\"width\":1550,\"height\":1035},{\"@type\":\"BreadcrumbList\",\"@id\":\"https:\/\/www.intoscana.it\/it\/il-sogno-di-martina-trevisan-sfuma-alla-semifinale-ma-il-suo-roland-garros-e-da-record-e-tra-le-30-piu-forti-al-mondo\/#breadcrumb\",\"itemListElement\":[{\"@type\":\"ListItem\",\"position\":1,\"name\":\"Home\",\"item\":\"https:\/\/www.intoscana.it\/it\/\"},{\"@type\":\"ListItem\",\"position\":2,\"name\":\"Il sogno di Martina Trevisan sfuma alla semifinale, ma il suo Roland Garros \u00e8 da record: \u00e8 tra le 30 pi\u00f9 forti al mondo\"}]},{\"@type\":\"WebSite\",\"@id\":\"https:\/\/www.intoscana.it\/it\/#website\",\"url\":\"https:\/\/www.intoscana.it\/it\/\",\"name\":\"intoscana\",\"description\":\"\",\"potentialAction\":[{\"@type\":\"SearchAction\",\"target\":{\"@type\":\"EntryPoint\",\"urlTemplate\":\"https:\/\/www.intoscana.it\/it\/?s={search_term_string}\"},\"query-input\":{\"@type\":\"PropertyValueSpecification\",\"valueRequired\":true,\"valueName\":\"search_term_string\"}}],\"inLanguage\":\"it-IT\"},{\"@type\":\"Person\",\"@id\":\"https:\/\/www.intoscana.it\/it\/#\/schema\/person\/137419af9ef5d385bde52864a841e6ce\",\"name\":\"Clara D'Acunto\",\"url\":\"https:\/\/www.intoscana.it\/it\/author\/clara-d_acunto\/\"}]}<\/script>\n<!-- \/ Yoast SEO Premium plugin. -->","yoast_head_json":{"title":"Il sogno di Martina Trevisan sfuma alla semifinale, ma il suo Roland Garros \u00e8 da record: \u00e8 tra le 30 pi\u00f9 forti al mondo - intoscana","description":"La tennista fiorentina \u00e8 la prima tra le italiane e dopo il torneo parigino \u00e8 la numero 26 nel ranking mondiale. \"Ho fatto un percorso per arrivare fino a qui, voglio continuare\"","robots":{"index":"index","follow":"follow","max-snippet":"max-snippet:-1","max-image-preview":"max-image-preview:large","max-video-preview":"max-video-preview:-1"},"canonical":"https:\/\/www.intoscana.it\/it\/il-sogno-di-martina-trevisan-sfuma-alla-semifinale-ma-il-suo-roland-garros-e-da-record-e-tra-le-30-piu-forti-al-mondo\/","og_locale":"it_IT","og_type":"article","og_title":"Il sogno di Martina Trevisan sfuma alla semifinale, ma il suo Roland Garros \u00e8 da record: \u00e8 tra le 30 pi\u00f9 forti al mondo","og_description":"La tennista fiorentina \u00e8 la prima tra le italiane e dopo il torneo parigino \u00e8 la numero 26 nel ranking mondiale. \"Ho fatto un percorso per arrivare fino a qui, voglio continuare\"","og_url":"https:\/\/www.intoscana.it\/it\/il-sogno-di-martina-trevisan-sfuma-alla-semifinale-ma-il-suo-roland-garros-e-da-record-e-tra-le-30-piu-forti-al-mondo\/","og_site_name":"intoscana","article_publisher":"https:\/\/www.facebook.com\/intoscana.it","article_published_time":"2022-06-03T10:33:26+00:00","article_modified_time":"2022-06-03T12:15:06+00:00","og_image":[{"width":1550,"height":1035,"url":"https:\/\/www.intoscana.it\/wp-content\/uploads\/shutterstock_2135929943-scaled-e1654258494719.jpg","type":"image\/jpeg"}],"author":"Clara D'Acunto","twitter_card":"summary_large_image","twitter_creator":"@intoscana","twitter_site":"@intoscana","twitter_misc":{"Written by":"Clara D'Acunto","Est. reading time":"2 minuti"},"schema":{"@context":"https:\/\/schema.org","@graph":[{"@type":"WebPage","@id":"https:\/\/www.intoscana.it\/it\/il-sogno-di-martina-trevisan-sfuma-alla-semifinale-ma-il-suo-roland-garros-e-da-record-e-tra-le-30-piu-forti-al-mondo\/","url":"https:\/\/www.intoscana.it\/it\/il-sogno-di-martina-trevisan-sfuma-alla-semifinale-ma-il-suo-roland-garros-e-da-record-e-tra-le-30-piu-forti-al-mondo\/","name":"Il sogno di Martina Trevisan sfuma alla semifinale, ma il suo Roland Garros \u00e8 da record: \u00e8 tra le 30 pi\u00f9 forti al mondo - intoscana","isPartOf":{"@id":"https:\/\/www.intoscana.it\/it\/#website"},"primaryImageOfPage":{"@id":"https:\/\/www.intoscana.it\/it\/il-sogno-di-martina-trevisan-sfuma-alla-semifinale-ma-il-suo-roland-garros-e-da-record-e-tra-le-30-piu-forti-al-mondo\/#primaryimage"},"image":{"@id":"https:\/\/www.intoscana.it\/it\/il-sogno-di-martina-trevisan-sfuma-alla-semifinale-ma-il-suo-roland-garros-e-da-record-e-tra-le-30-piu-forti-al-mondo\/#primaryimage"},"thumbnailUrl":"https:\/\/www.intoscana.it\/wp-content\/uploads\/shutterstock_2135929943-scaled-e1654258494719.jpg","datePublished":"2022-06-03T10:33:26+00:00","dateModified":"2022-06-03T12:15:06+00:00","author":{"@id":"https:\/\/www.intoscana.it\/it\/#\/schema\/person\/137419af9ef5d385bde52864a841e6ce"},"description":"La tennista fiorentina \u00e8 la prima tra le italiane e dopo il torneo parigino \u00e8 la numero 26 nel ranking mondiale. \"Ho fatto un percorso per arrivare fino a qui, voglio continuare\"","breadcrumb":{"@id":"https:\/\/www.intoscana.it\/it\/il-sogno-di-martina-trevisan-sfuma-alla-semifinale-ma-il-suo-roland-garros-e-da-record-e-tra-le-30-piu-forti-al-mondo\/#breadcrumb"},"inLanguage":"it-IT","potentialAction":[{"@type":"ReadAction","target":["https:\/\/www.intoscana.it\/it\/il-sogno-di-martina-trevisan-sfuma-alla-semifinale-ma-il-suo-roland-garros-e-da-record-e-tra-le-30-piu-forti-al-mondo\/"]}]},{"@type":"ImageObject","inLanguage":"it-IT","@id":"https:\/\/www.intoscana.it\/it\/il-sogno-di-martina-trevisan-sfuma-alla-semifinale-ma-il-suo-roland-garros-e-da-record-e-tra-le-30-piu-forti-al-mondo\/#primaryimage","url":"https:\/\/www.intoscana.it\/wp-content\/uploads\/shutterstock_2135929943-scaled-e1654258494719.jpg","contentUrl":"https:\/\/www.intoscana.it\/wp-content\/uploads\/shutterstock_2135929943-scaled-e1654258494719.jpg","width":1550,"height":1035},{"@type":"BreadcrumbList","@id":"https:\/\/www.intoscana.it\/it\/il-sogno-di-martina-trevisan-sfuma-alla-semifinale-ma-il-suo-roland-garros-e-da-record-e-tra-le-30-piu-forti-al-mondo\/#breadcrumb","itemListElement":[{"@type":"ListItem","position":1,"name":"Home","item":"https:\/\/www.intoscana.it\/it\/"},{"@type":"ListItem","position":2,"name":"Il sogno di Martina Trevisan sfuma alla semifinale, ma il suo Roland Garros \u00e8 da record: \u00e8 tra le 30 pi\u00f9 forti al mondo"}]},{"@type":"WebSite","@id":"https:\/\/www.intoscana.it\/it\/#website","url":"https:\/\/www.intoscana.it\/it\/","name":"intoscana","description":"","potentialAction":[{"@type":"SearchAction","target":{"@type":"EntryPoint","urlTemplate":"https:\/\/www.intoscana.it\/it\/?s={search_term_string}"},"query-input":{"@type":"PropertyValueSpecification","valueRequired":true,"valueName":"search_term_string"}}],"inLanguage":"it-IT"},{"@type":"Person","@id":"https:\/\/www.intoscana.it\/it\/#\/schema\/person\/137419af9ef5d385bde52864a841e6ce","name":"Clara D'Acunto","url":"https:\/\/www.intoscana.it\/it\/author\/clara-d_acunto\/"}]}},"_links":{"self":[{"href":"https:\/\/www.intoscana.it\/it\/wp-json\/wp\/v2\/posts\/231501","targetHints":{"allow":["GET"]}}],"collection":[{"href":"https:\/\/www.intoscana.it\/it\/wp-json\/wp\/v2\/posts"}],"about":[{"href":"https:\/\/www.intoscana.it\/it\/wp-json\/wp\/v2\/types\/post"}],"author":[{"embeddable":true,"href":"https:\/\/www.intoscana.it\/it\/wp-json\/wp\/v2\/users\/545"}],"replies":[{"embeddable":true,"href":"https:\/\/www.intoscana.it\/it\/wp-json\/wp\/v2\/comments?post=231501"}],"version-history":[{"count":0,"href":"https:\/\/www.intoscana.it\/it\/wp-json\/wp\/v2\/posts\/231501\/revisions"}],"wp:featuredmedia":[{"embeddable":true,"href":"https:\/\/www.intoscana.it\/it\/wp-json\/wp\/v2\/media\/231503"}],"wp:attachment":[{"href":"https:\/\/www.intoscana.it\/it\/wp-json\/wp\/v2\/media?parent=231501"}],"wp:term":[{"taxonomy":"category","embeddable":true,"href":"https:\/\/www.intoscana.it\/it\/wp-json\/wp\/v2\/categories?post=231501"},{"taxonomy":"post_tag","embeddable":true,"href":"https:\/\/www.intoscana.it\/it\/wp-json\/wp\/v2\/tags?post=231501"}],"curies":[{"name":"wp","href":"https:\/\/api.w.org\/{rel}","templated":true}]}}