{"id":231653,"date":"2022-06-04T11:32:15","date_gmt":"2022-06-04T09:32:15","guid":{"rendered":"https:\/\/www.intoscana.it\/it\/?p=231653"},"modified":"2022-06-04T11:38:27","modified_gmt":"2022-06-04T09:38:27","slug":"dal-pecci-alla-rocca-di-carmignano-artemusica-con-il-festival-delle-colline","status":"publish","type":"post","link":"https:\/\/www.intoscana.it\/it\/dal-pecci-alla-rocca-di-carmignano-artemusica-con-il-festival-delle-colline\/","title":{"rendered":"Dal Pecci alla Rocca di Carmignano, arte&#038;musica con il Festival delle Colline"},"content":{"rendered":"<p>Il Festival delle Colline da anni porta la musica in scenari bucolici e luoghi d&#8217;arte di Prato e dintorni. Quest&#8217;anno sette serate, <strong>dall&#8217;1 al 26 luglio<\/strong> in spazi come <mark>la Villa Medicea e la Chiesa di Bonistallo a Poggio a Caiano. E ancora il Centro per l&#8217;arte contemporanea Luigi Pecci a Prato, la Rocca di Carmignano<\/mark>.<\/p>\n<h3>Le Storie del Festival delle Colline<\/h3>\n<p><a href=\"http:\/\/www.festivaldellecolline.com\" target=\"_blank\" rel=\"noopener\">Il Festival delle Colline<\/a> ha scelto il tema &#8216;<em>Stories&#8217;<\/em> per la 43\/a edizione della manifestazione. Com&#8217;\u00e8 tradizione le scelte artistiche sono votate alla qualit\u00e0 e a location incantevoli. <mark>Micah P.Hinson, Ramy Essam, James Maddock, Rita Pay\u00e9s, Mishel Domenssain e Gnu Quartet<\/mark> gli ospiti.<\/p>\n<h3>La novit\u00e0 del Sound Bridge Contest<\/h3>\n<p>Si parte con una novit\u00e0,<a href=\"https:\/\/www.intoscana.it\/it\/articolo\/festival-delle-colline-contest\/\" target=\"_blank\" rel=\"noopener\"> <strong>il Sound Bridge Contest<\/strong>, concorso per musicisti under 26<\/a>. I cinque finalisti si daranno battaglia l&#8217;1 luglio <strong>all&#8217;Ex Fabrica di Prato<\/strong>. Il <strong>4 luglio<\/strong> il via con gli spettacoli. Sar\u00e0 <strong>Rita Pay\u00e9s<\/strong>, che viene dalla Spagna ed \u00e8 tra gli astri del nuovo jazz, a esibirsi il 4 luglio sul palco della <strong>Villa Medicea a Poggio a Caiano<\/strong>. A precedere la sua esibizione la vocalist fiorentina <strong>Jamila<\/strong>.<\/p>\n<p><strong>Il 12 luglio<\/strong> invece, <strong>al Centro Pecci<\/strong>, concerto di <strong>Ramy Essam<\/strong>, &#8220;<em>la voce della rivoluzione sul Nilo<\/em>&#8220;. Un evento in collaborazione con Prato Estate. Aprir\u00e0 la serata la cantautrice genovese <strong>Charlie Risso<\/strong>.<\/p>\n<figure id=\"post-143643 media-143643\" class=\"align-none\"><img decoding=\"async\" src=\"https:\/\/www.intoscana.it\/wp-content\/uploads\/festival-colline-centro-pecci-prato-pic-10.jpg\" alt=\"\" \/><\/figure>\n<div class=\"titleimg\">Festival delle Colline a Prato<\/div>\n<p><strong>Mishel Domenssain<\/strong>\u00a0si esibir\u00e0 <strong>il 17 luglio<\/strong> sul palco del Giardino della <strong>Chiesa di Bonistallo<\/strong> a Poggio a Caiano. Nata in una famiglia di circensi, ha duettato di recente con<strong> Caparezza<\/strong> nel brano &#8216;<em>El sendero<\/em>&#8216;,<\/p>\n<p>Poi <strong>Micah P. Hinson<\/strong>, erede del songwriting americano anni Novanta, protagonista alla <strong>Rocca di Carmignano il 21<\/strong>. Omaggio a Paganini con lo <strong>Gnu Quartet<\/strong> il 22 luglio a <strong>Villa Il Cerretino di Poggio a Caiano<\/strong>.<\/p>\n<p>A <strong>James Maddock<\/strong>, cantautore londinese con lunghi trascorsi a New York, il compito di chiudere il festival. Appuntamento<strong>\u00a0il 26, nel giardino della Chiesa di Bonistallo<\/strong> a Poggio a Caiano.<\/p>\n","protected":false},"excerpt":{"rendered":"<p>Sette serate, dall&#8217;1 al 26 luglio, per l&#8217;edizione n.43: tra gli ospiti Micah P.Hinson, Ramy Essam, James Maddock, Rita Pay\u00e9s, Mishel Domenssain e Gnu Quartet<\/p>\n","protected":false},"author":525,"featured_media":145546,"comment_status":"open","ping_status":"open","sticky":false,"template":"","format":"standard","meta":{"_acf_changed":false,"footnotes":""},"categories":[14],"tags":[228,259],"class_list":["post-231653","post","type-post","status-publish","format-standard","has-post-thumbnail","hentry","category-musica","tag-festival","tag-prato"],"acf":[],"yoast_head":"<!-- This site is optimized with the Yoast SEO Premium plugin v24.2 (Yoast SEO v25.6) - https:\/\/yoast.com\/wordpress\/plugins\/seo\/ -->\n<title>Dal Pecci alla Rocca di Carmignano torna il Festival delle Colline-intoscana<\/title>\n<meta name=\"description\" content=\"Sette serate, dall&#039;1 al 26 luglio: tra gli ospiti Micah P.Hinson, Ramy Essam, James Maddock, Rita Pay\u00e9s, Mishel Domenssain e Gnu Quartet\" \/>\n<meta name=\"robots\" content=\"index, follow, max-snippet:-1, max-image-preview:large, max-video-preview:-1\" \/>\n<link rel=\"canonical\" href=\"https:\/\/www.intoscana.it\/it\/dal-pecci-alla-rocca-di-carmignano-artemusica-con-il-festival-delle-colline\/\" \/>\n<meta property=\"og:locale\" content=\"it_IT\" \/>\n<meta property=\"og:type\" content=\"article\" \/>\n<meta property=\"og:title\" content=\"Dal Pecci alla Rocca di Carmignano, arte&amp;musica con il Festival delle Colline\" \/>\n<meta property=\"og:description\" content=\"Sette serate, dall&#039;1 al 26 luglio: tra gli ospiti Micah P.Hinson, Ramy Essam, James Maddock, Rita Pay\u00e9s, Mishel Domenssain e Gnu Quartet\" \/>\n<meta property=\"og:url\" content=\"https:\/\/www.intoscana.it\/it\/dal-pecci-alla-rocca-di-carmignano-artemusica-con-il-festival-delle-colline\/\" \/>\n<meta property=\"og:site_name\" content=\"intoscana\" \/>\n<meta property=\"article:publisher\" content=\"https:\/\/www.facebook.com\/intoscana.it\" \/>\n<meta property=\"article:published_time\" content=\"2022-06-04T09:32:15+00:00\" \/>\n<meta property=\"article:modified_time\" content=\"2022-06-04T09:38:27+00:00\" \/>\n<meta property=\"og:image\" content=\"https:\/\/www.intoscana.it\/wp-content\/uploads\/festival-delle-colline-1.jpg\" \/>\n\t<meta property=\"og:image:width\" content=\"1989\" \/>\n\t<meta property=\"og:image:height\" content=\"665\" \/>\n\t<meta property=\"og:image:type\" content=\"image\/jpeg\" \/>\n<meta name=\"author\" content=\"Redazione\" \/>\n<meta name=\"twitter:card\" content=\"summary_large_image\" \/>\n<meta name=\"twitter:creator\" content=\"@intoscana\" \/>\n<meta name=\"twitter:site\" content=\"@intoscana\" \/>\n<meta name=\"twitter:label1\" content=\"Written by\" \/>\n\t<meta name=\"twitter:data1\" content=\"Redazione\" \/>\n\t<meta name=\"twitter:label2\" content=\"Est. reading time\" \/>\n\t<meta name=\"twitter:data2\" content=\"2 minuti\" \/>\n<script type=\"application\/ld+json\" class=\"yoast-schema-graph\">{\"@context\":\"https:\/\/schema.org\",\"@graph\":[{\"@type\":\"WebPage\",\"@id\":\"https:\/\/www.intoscana.it\/it\/dal-pecci-alla-rocca-di-carmignano-artemusica-con-il-festival-delle-colline\/\",\"url\":\"https:\/\/www.intoscana.it\/it\/dal-pecci-alla-rocca-di-carmignano-artemusica-con-il-festival-delle-colline\/\",\"name\":\"Dal Pecci alla Rocca di Carmignano torna il Festival delle Colline-intoscana\",\"isPartOf\":{\"@id\":\"https:\/\/www.intoscana.it\/it\/#website\"},\"primaryImageOfPage\":{\"@id\":\"https:\/\/www.intoscana.it\/it\/dal-pecci-alla-rocca-di-carmignano-artemusica-con-il-festival-delle-colline\/#primaryimage\"},\"image\":{\"@id\":\"https:\/\/www.intoscana.it\/it\/dal-pecci-alla-rocca-di-carmignano-artemusica-con-il-festival-delle-colline\/#primaryimage\"},\"thumbnailUrl\":\"https:\/\/www.intoscana.it\/wp-content\/uploads\/festival-delle-colline-1.jpg\",\"datePublished\":\"2022-06-04T09:32:15+00:00\",\"dateModified\":\"2022-06-04T09:38:27+00:00\",\"author\":{\"@id\":\"https:\/\/www.intoscana.it\/it\/#\/schema\/person\/9223810753230f20bd670fdd322661f8\"},\"description\":\"Sette serate, dall'1 al 26 luglio: tra gli ospiti Micah P.Hinson, Ramy Essam, James Maddock, Rita Pay\u00e9s, Mishel Domenssain e Gnu Quartet\",\"breadcrumb\":{\"@id\":\"https:\/\/www.intoscana.it\/it\/dal-pecci-alla-rocca-di-carmignano-artemusica-con-il-festival-delle-colline\/#breadcrumb\"},\"inLanguage\":\"it-IT\",\"potentialAction\":[{\"@type\":\"ReadAction\",\"target\":[\"https:\/\/www.intoscana.it\/it\/dal-pecci-alla-rocca-di-carmignano-artemusica-con-il-festival-delle-colline\/\"]}]},{\"@type\":\"ImageObject\",\"inLanguage\":\"it-IT\",\"@id\":\"https:\/\/www.intoscana.it\/it\/dal-pecci-alla-rocca-di-carmignano-artemusica-con-il-festival-delle-colline\/#primaryimage\",\"url\":\"https:\/\/www.intoscana.it\/wp-content\/uploads\/festival-delle-colline-1.jpg\",\"contentUrl\":\"https:\/\/www.intoscana.it\/wp-content\/uploads\/festival-delle-colline-1.jpg\",\"width\":1989,\"height\":665,\"caption\":\"Festival delle Colline\"},{\"@type\":\"BreadcrumbList\",\"@id\":\"https:\/\/www.intoscana.it\/it\/dal-pecci-alla-rocca-di-carmignano-artemusica-con-il-festival-delle-colline\/#breadcrumb\",\"itemListElement\":[{\"@type\":\"ListItem\",\"position\":1,\"name\":\"Home\",\"item\":\"https:\/\/www.intoscana.it\/it\/\"},{\"@type\":\"ListItem\",\"position\":2,\"name\":\"Dal Pecci alla Rocca di Carmignano, arte&#038;musica con il Festival delle Colline\"}]},{\"@type\":\"WebSite\",\"@id\":\"https:\/\/www.intoscana.it\/it\/#website\",\"url\":\"https:\/\/www.intoscana.it\/it\/\",\"name\":\"intoscana\",\"description\":\"\",\"potentialAction\":[{\"@type\":\"SearchAction\",\"target\":{\"@type\":\"EntryPoint\",\"urlTemplate\":\"https:\/\/www.intoscana.it\/it\/?s={search_term_string}\"},\"query-input\":{\"@type\":\"PropertyValueSpecification\",\"valueRequired\":true,\"valueName\":\"search_term_string\"}}],\"inLanguage\":\"it-IT\"},{\"@type\":\"Person\",\"@id\":\"https:\/\/www.intoscana.it\/it\/#\/schema\/person\/9223810753230f20bd670fdd322661f8\",\"name\":\"Redazione\",\"url\":\"https:\/\/www.intoscana.it\/it\/author\/redazione\/\"}]}<\/script>\n<!-- \/ Yoast SEO Premium plugin. -->","yoast_head_json":{"title":"Dal Pecci alla Rocca di Carmignano torna il Festival delle Colline-intoscana","description":"Sette serate, dall'1 al 26 luglio: tra gli ospiti Micah P.Hinson, Ramy Essam, James Maddock, Rita Pay\u00e9s, Mishel Domenssain e Gnu Quartet","robots":{"index":"index","follow":"follow","max-snippet":"max-snippet:-1","max-image-preview":"max-image-preview:large","max-video-preview":"max-video-preview:-1"},"canonical":"https:\/\/www.intoscana.it\/it\/dal-pecci-alla-rocca-di-carmignano-artemusica-con-il-festival-delle-colline\/","og_locale":"it_IT","og_type":"article","og_title":"Dal Pecci alla Rocca di Carmignano, arte&musica con il Festival delle Colline","og_description":"Sette serate, dall'1 al 26 luglio: tra gli ospiti Micah P.Hinson, Ramy Essam, James Maddock, Rita Pay\u00e9s, Mishel Domenssain e Gnu Quartet","og_url":"https:\/\/www.intoscana.it\/it\/dal-pecci-alla-rocca-di-carmignano-artemusica-con-il-festival-delle-colline\/","og_site_name":"intoscana","article_publisher":"https:\/\/www.facebook.com\/intoscana.it","article_published_time":"2022-06-04T09:32:15+00:00","article_modified_time":"2022-06-04T09:38:27+00:00","og_image":[{"width":1989,"height":665,"url":"https:\/\/www.intoscana.it\/wp-content\/uploads\/festival-delle-colline-1.jpg","type":"image\/jpeg"}],"author":"Redazione","twitter_card":"summary_large_image","twitter_creator":"@intoscana","twitter_site":"@intoscana","twitter_misc":{"Written by":"Redazione","Est. reading time":"2 minuti"},"schema":{"@context":"https:\/\/schema.org","@graph":[{"@type":"WebPage","@id":"https:\/\/www.intoscana.it\/it\/dal-pecci-alla-rocca-di-carmignano-artemusica-con-il-festival-delle-colline\/","url":"https:\/\/www.intoscana.it\/it\/dal-pecci-alla-rocca-di-carmignano-artemusica-con-il-festival-delle-colline\/","name":"Dal Pecci alla Rocca di Carmignano torna il Festival delle Colline-intoscana","isPartOf":{"@id":"https:\/\/www.intoscana.it\/it\/#website"},"primaryImageOfPage":{"@id":"https:\/\/www.intoscana.it\/it\/dal-pecci-alla-rocca-di-carmignano-artemusica-con-il-festival-delle-colline\/#primaryimage"},"image":{"@id":"https:\/\/www.intoscana.it\/it\/dal-pecci-alla-rocca-di-carmignano-artemusica-con-il-festival-delle-colline\/#primaryimage"},"thumbnailUrl":"https:\/\/www.intoscana.it\/wp-content\/uploads\/festival-delle-colline-1.jpg","datePublished":"2022-06-04T09:32:15+00:00","dateModified":"2022-06-04T09:38:27+00:00","author":{"@id":"https:\/\/www.intoscana.it\/it\/#\/schema\/person\/9223810753230f20bd670fdd322661f8"},"description":"Sette serate, dall'1 al 26 luglio: tra gli ospiti Micah P.Hinson, Ramy Essam, James Maddock, Rita Pay\u00e9s, Mishel Domenssain e Gnu Quartet","breadcrumb":{"@id":"https:\/\/www.intoscana.it\/it\/dal-pecci-alla-rocca-di-carmignano-artemusica-con-il-festival-delle-colline\/#breadcrumb"},"inLanguage":"it-IT","potentialAction":[{"@type":"ReadAction","target":["https:\/\/www.intoscana.it\/it\/dal-pecci-alla-rocca-di-carmignano-artemusica-con-il-festival-delle-colline\/"]}]},{"@type":"ImageObject","inLanguage":"it-IT","@id":"https:\/\/www.intoscana.it\/it\/dal-pecci-alla-rocca-di-carmignano-artemusica-con-il-festival-delle-colline\/#primaryimage","url":"https:\/\/www.intoscana.it\/wp-content\/uploads\/festival-delle-colline-1.jpg","contentUrl":"https:\/\/www.intoscana.it\/wp-content\/uploads\/festival-delle-colline-1.jpg","width":1989,"height":665,"caption":"Festival delle Colline"},{"@type":"BreadcrumbList","@id":"https:\/\/www.intoscana.it\/it\/dal-pecci-alla-rocca-di-carmignano-artemusica-con-il-festival-delle-colline\/#breadcrumb","itemListElement":[{"@type":"ListItem","position":1,"name":"Home","item":"https:\/\/www.intoscana.it\/it\/"},{"@type":"ListItem","position":2,"name":"Dal Pecci alla Rocca di Carmignano, arte&#038;musica con il Festival delle Colline"}]},{"@type":"WebSite","@id":"https:\/\/www.intoscana.it\/it\/#website","url":"https:\/\/www.intoscana.it\/it\/","name":"intoscana","description":"","potentialAction":[{"@type":"SearchAction","target":{"@type":"EntryPoint","urlTemplate":"https:\/\/www.intoscana.it\/it\/?s={search_term_string}"},"query-input":{"@type":"PropertyValueSpecification","valueRequired":true,"valueName":"search_term_string"}}],"inLanguage":"it-IT"},{"@type":"Person","@id":"https:\/\/www.intoscana.it\/it\/#\/schema\/person\/9223810753230f20bd670fdd322661f8","name":"Redazione","url":"https:\/\/www.intoscana.it\/it\/author\/redazione\/"}]}},"_links":{"self":[{"href":"https:\/\/www.intoscana.it\/it\/wp-json\/wp\/v2\/posts\/231653","targetHints":{"allow":["GET"]}}],"collection":[{"href":"https:\/\/www.intoscana.it\/it\/wp-json\/wp\/v2\/posts"}],"about":[{"href":"https:\/\/www.intoscana.it\/it\/wp-json\/wp\/v2\/types\/post"}],"author":[{"embeddable":true,"href":"https:\/\/www.intoscana.it\/it\/wp-json\/wp\/v2\/users\/525"}],"replies":[{"embeddable":true,"href":"https:\/\/www.intoscana.it\/it\/wp-json\/wp\/v2\/comments?post=231653"}],"version-history":[{"count":0,"href":"https:\/\/www.intoscana.it\/it\/wp-json\/wp\/v2\/posts\/231653\/revisions"}],"wp:featuredmedia":[{"embeddable":true,"href":"https:\/\/www.intoscana.it\/it\/wp-json\/wp\/v2\/media\/145546"}],"wp:attachment":[{"href":"https:\/\/www.intoscana.it\/it\/wp-json\/wp\/v2\/media?parent=231653"}],"wp:term":[{"taxonomy":"category","embeddable":true,"href":"https:\/\/www.intoscana.it\/it\/wp-json\/wp\/v2\/categories?post=231653"},{"taxonomy":"post_tag","embeddable":true,"href":"https:\/\/www.intoscana.it\/it\/wp-json\/wp\/v2\/tags?post=231653"}],"curies":[{"name":"wp","href":"https:\/\/api.w.org\/{rel}","templated":true}]}}