{"id":231810,"date":"2022-06-06T12:04:23","date_gmt":"2022-06-06T10:04:23","guid":{"rendered":"https:\/\/www.intoscana.it\/it\/?p=231810"},"modified":"2022-06-06T12:05:11","modified_gmt":"2022-06-06T10:05:11","slug":"tra-limite-e-tinaia-torna-a-navigare-la-zattera-che-unisce-le-due-rive-dellarno","status":"publish","type":"post","link":"https:\/\/www.intoscana.it\/it\/tra-limite-e-tinaia-torna-a-navigare-la-zattera-che-unisce-le-due-rive-dellarno\/","title":{"rendered":"Tra Limite e Tinaia torna a navigare la zattera che unisce le due rive dell&#8217;Arno"},"content":{"rendered":"<p>Con l\u2019arrivo dell\u2019estate torna in funzione la \u201c<strong>Nave<\/strong>\u201d, il servizio traghetto speciale tra le rive dell\u2019Arno. \u201cLa Nave\u201d mette infatti, in comunicazione <strong>Limite sull\u2019Arno<\/strong> (Capraia e Limite) e <strong>Tinaia<\/strong> (Empoli), \u00e8 manovrata dai volontari della <strong>Canottieri Limite<\/strong> e si muove lungo una fune fissata sulle due sponde del fiume.<\/p>\n<p>Per Fabrizio Lensi vicepresidente della Canottieri Limite: \u201c<em>Anche quest\u2019anno riprendere il servizio Nave che da oltre vent\u2019anni unisce le sponde dei comuni di Capraia e Limite ed Empoli. Voglio ringraziare entrambe le amministrazioni per il supporto che anche quest\u2019anno ci hanno riconosciuto<\/em>\u201d.<\/p>\n<h3>Orari<\/h3>\n<p>Il servizio, al suo <strong>21esimo anno di attivit\u00e0<\/strong>, sar\u00e0 in funzione per tutta l\u2019estate per volte la settimana. Si pu\u00f2 salire dal lungarno Trento e Trieste lato Limite sull\u2019Arno e da via della Tinaia lato Empoli, il servizio sar\u00e0 disponibile fino al <strong>25 settembre<\/strong> compreso: il gioved\u00ec mattina dalle 8,30 alle 12,30; il sabato pomeriggio dalle 17,00 alle 20,00 e la domenica dalle 9,00 alle 12,00 e dalle 17,00 alle 20,00.<\/p>\n<p>In occasione dell\u2019inaugurazione, il sindaco di Capraia e Limite ha evidenziato l\u2019utilit\u00e0 del traghetto e la tradizione storica che rappresenta per i territori. L\u2019ultimo \u201cnavalestro\u201d in servizio tra le due sponde chiuse la propria attivit\u00e0 tra il 1977 ed il 1978 per essere riattivato nell\u2019anno 2000 dalle due amministrazioni. Un\u2019antica tradizione che ben rappresenta il legame con il fiume, la volont\u00e0 di valorizzarlo in termini di <strong>mobilit\u00e0 alternativa e sostenibile<\/strong>, incentivandone la salvaguardia ambientale. Inoltre, la \u201cNave\u201d rappresenta anche uno dei simboli del \u201cPatto per l\u2019Arno\u201d.<\/p>\n<p>La sindaca di Empoli ha poi sottolineato che \u00e8 sempre un grande piacere poter rinnovare questa tradizione cos\u00ec importante per le nostre comunit\u00e0 che vivono in riva all\u2019Arno: ricorda la bellezza di avere nel nostro territorio il fiume che ha dato origine a tutta la vita delle nostre citt\u00e0 e dei nostri borghi.<\/p>\n<h3>Patto per l\u2019Arno<\/h3>\n<p>La \u201cNave\u201d rappresenta anche uno dei simboli del \u201c<strong>Patto per l\u2019Arno<\/strong>\u201d, il progetto dei Consorzi di Bonifica, Autorit\u00e0 di Bacino Distrettuale e Anci Toscana che vuole favorire e riunire processi partecipativi territoriali per la stipula di diversi Contratti di Fiume lungo tutto il corso del fiume Arno, dalla sorgente in Casentino fino allo sbocco in mare. Andando anche ad incentivare il rilancio della navigabilit\u00e0 del fiume come attivit\u00e0 che porta valore al territorio sia in termini turistici che per la comunit\u00e0.<\/p>\n","protected":false},"excerpt":{"rendered":"<p>Il servizio completamente gratuito sar\u00e0 attivo tre volte a settimana fino al 25 settembre. Per il sindaco di Capraia e Limite \u00e8 una antica tradizione da valorizzare come mobilit\u00e0 alternativa e sostenibile<\/p>\n","protected":false},"author":507,"featured_media":231811,"comment_status":"open","ping_status":"open","sticky":false,"template":"","format":"standard","meta":{"_acf_changed":false,"footnotes":""},"categories":[19],"tags":[245,4904,1577],"class_list":["post-231810","post","type-post","status-publish","format-standard","has-post-thumbnail","hentry","category-ambiente","tag-arno","tag-empoli","tag-muoversi-in-toscana"],"acf":[],"yoast_head":"<!-- This site is optimized with the Yoast SEO Premium plugin v24.2 (Yoast SEO v25.6) - https:\/\/yoast.com\/wordpress\/plugins\/seo\/ -->\n<title>Tra Limite e Tinaia torna a navigare la zattera che unisce le due rive dell&#039;Arno - intoscana<\/title>\n<meta name=\"robots\" content=\"index, follow, max-snippet:-1, max-image-preview:large, max-video-preview:-1\" \/>\n<link rel=\"canonical\" href=\"https:\/\/www.intoscana.it\/it\/tra-limite-e-tinaia-torna-a-navigare-la-zattera-che-unisce-le-due-rive-dellarno\/\" \/>\n<meta property=\"og:locale\" content=\"it_IT\" \/>\n<meta property=\"og:type\" content=\"article\" \/>\n<meta property=\"og:title\" content=\"Tra Limite e Tinaia torna a navigare la zattera che unisce le due rive dell&#039;Arno\" \/>\n<meta property=\"og:description\" content=\"Il servizio completamente gratuito sar\u00e0 attivo tre volte a settimana fino al 25 settembre. Per il sindaco di Capraia e Limite \u00e8 una antica tradizione da valorizzare come mobilit\u00e0 alternativa e sostenibile\" \/>\n<meta property=\"og:url\" content=\"https:\/\/www.intoscana.it\/it\/tra-limite-e-tinaia-torna-a-navigare-la-zattera-che-unisce-le-due-rive-dellarno\/\" \/>\n<meta property=\"og:site_name\" content=\"intoscana\" \/>\n<meta property=\"article:publisher\" content=\"https:\/\/www.facebook.com\/intoscana.it\" \/>\n<meta property=\"article:published_time\" content=\"2022-06-06T10:04:23+00:00\" \/>\n<meta property=\"article:modified_time\" content=\"2022-06-06T10:05:11+00:00\" \/>\n<meta property=\"og:image\" content=\"https:\/\/www.intoscana.it\/wp-content\/uploads\/zattera_capraia.jpeg\" \/>\n\t<meta property=\"og:image:width\" content=\"960\" \/>\n\t<meta property=\"og:image:height\" content=\"540\" \/>\n\t<meta property=\"og:image:type\" content=\"image\/jpeg\" \/>\n<meta name=\"author\" content=\"Chiara Bianchini\" \/>\n<meta name=\"twitter:card\" content=\"summary_large_image\" \/>\n<meta name=\"twitter:creator\" content=\"@intoscana\" \/>\n<meta name=\"twitter:site\" content=\"@intoscana\" \/>\n<meta name=\"twitter:label1\" content=\"Written by\" \/>\n\t<meta name=\"twitter:data1\" content=\"Chiara Bianchini\" \/>\n\t<meta name=\"twitter:label2\" content=\"Est. reading time\" \/>\n\t<meta name=\"twitter:data2\" content=\"2 minuti\" \/>\n<script type=\"application\/ld+json\" class=\"yoast-schema-graph\">{\"@context\":\"https:\/\/schema.org\",\"@graph\":[{\"@type\":\"WebPage\",\"@id\":\"https:\/\/www.intoscana.it\/it\/tra-limite-e-tinaia-torna-a-navigare-la-zattera-che-unisce-le-due-rive-dellarno\/\",\"url\":\"https:\/\/www.intoscana.it\/it\/tra-limite-e-tinaia-torna-a-navigare-la-zattera-che-unisce-le-due-rive-dellarno\/\",\"name\":\"Tra Limite e Tinaia torna a navigare la zattera che unisce le due rive dell'Arno - intoscana\",\"isPartOf\":{\"@id\":\"https:\/\/www.intoscana.it\/it\/#website\"},\"primaryImageOfPage\":{\"@id\":\"https:\/\/www.intoscana.it\/it\/tra-limite-e-tinaia-torna-a-navigare-la-zattera-che-unisce-le-due-rive-dellarno\/#primaryimage\"},\"image\":{\"@id\":\"https:\/\/www.intoscana.it\/it\/tra-limite-e-tinaia-torna-a-navigare-la-zattera-che-unisce-le-due-rive-dellarno\/#primaryimage\"},\"thumbnailUrl\":\"https:\/\/www.intoscana.it\/wp-content\/uploads\/zattera_capraia.jpeg\",\"datePublished\":\"2022-06-06T10:04:23+00:00\",\"dateModified\":\"2022-06-06T10:05:11+00:00\",\"author\":{\"@id\":\"https:\/\/www.intoscana.it\/it\/#\/schema\/person\/010af92117f50561886339ad5b873a41\"},\"breadcrumb\":{\"@id\":\"https:\/\/www.intoscana.it\/it\/tra-limite-e-tinaia-torna-a-navigare-la-zattera-che-unisce-le-due-rive-dellarno\/#breadcrumb\"},\"inLanguage\":\"it-IT\",\"potentialAction\":[{\"@type\":\"ReadAction\",\"target\":[\"https:\/\/www.intoscana.it\/it\/tra-limite-e-tinaia-torna-a-navigare-la-zattera-che-unisce-le-due-rive-dellarno\/\"]}]},{\"@type\":\"ImageObject\",\"inLanguage\":\"it-IT\",\"@id\":\"https:\/\/www.intoscana.it\/it\/tra-limite-e-tinaia-torna-a-navigare-la-zattera-che-unisce-le-due-rive-dellarno\/#primaryimage\",\"url\":\"https:\/\/www.intoscana.it\/wp-content\/uploads\/zattera_capraia.jpeg\",\"contentUrl\":\"https:\/\/www.intoscana.it\/wp-content\/uploads\/zattera_capraia.jpeg\",\"width\":960,\"height\":540},{\"@type\":\"BreadcrumbList\",\"@id\":\"https:\/\/www.intoscana.it\/it\/tra-limite-e-tinaia-torna-a-navigare-la-zattera-che-unisce-le-due-rive-dellarno\/#breadcrumb\",\"itemListElement\":[{\"@type\":\"ListItem\",\"position\":1,\"name\":\"Home\",\"item\":\"https:\/\/www.intoscana.it\/it\/\"},{\"@type\":\"ListItem\",\"position\":2,\"name\":\"Tra Limite e Tinaia torna a navigare la zattera che unisce le due rive dell&#8217;Arno\"}]},{\"@type\":\"WebSite\",\"@id\":\"https:\/\/www.intoscana.it\/it\/#website\",\"url\":\"https:\/\/www.intoscana.it\/it\/\",\"name\":\"intoscana\",\"description\":\"\",\"potentialAction\":[{\"@type\":\"SearchAction\",\"target\":{\"@type\":\"EntryPoint\",\"urlTemplate\":\"https:\/\/www.intoscana.it\/it\/?s={search_term_string}\"},\"query-input\":{\"@type\":\"PropertyValueSpecification\",\"valueRequired\":true,\"valueName\":\"search_term_string\"}}],\"inLanguage\":\"it-IT\"},{\"@type\":\"Person\",\"@id\":\"https:\/\/www.intoscana.it\/it\/#\/schema\/person\/010af92117f50561886339ad5b873a41\",\"name\":\"Chiara Bianchini\",\"sameAs\":[\"c.bianchini@fst.it\"],\"url\":\"https:\/\/www.intoscana.it\/it\/author\/chiara-bianchini\/\"}]}<\/script>\n<!-- \/ Yoast SEO Premium plugin. -->","yoast_head_json":{"title":"Tra Limite e Tinaia torna a navigare la zattera che unisce le due rive dell'Arno - intoscana","robots":{"index":"index","follow":"follow","max-snippet":"max-snippet:-1","max-image-preview":"max-image-preview:large","max-video-preview":"max-video-preview:-1"},"canonical":"https:\/\/www.intoscana.it\/it\/tra-limite-e-tinaia-torna-a-navigare-la-zattera-che-unisce-le-due-rive-dellarno\/","og_locale":"it_IT","og_type":"article","og_title":"Tra Limite e Tinaia torna a navigare la zattera che unisce le due rive dell'Arno","og_description":"Il servizio completamente gratuito sar\u00e0 attivo tre volte a settimana fino al 25 settembre. Per il sindaco di Capraia e Limite \u00e8 una antica tradizione da valorizzare come mobilit\u00e0 alternativa e sostenibile","og_url":"https:\/\/www.intoscana.it\/it\/tra-limite-e-tinaia-torna-a-navigare-la-zattera-che-unisce-le-due-rive-dellarno\/","og_site_name":"intoscana","article_publisher":"https:\/\/www.facebook.com\/intoscana.it","article_published_time":"2022-06-06T10:04:23+00:00","article_modified_time":"2022-06-06T10:05:11+00:00","og_image":[{"width":960,"height":540,"url":"https:\/\/www.intoscana.it\/wp-content\/uploads\/zattera_capraia.jpeg","type":"image\/jpeg"}],"author":"Chiara Bianchini","twitter_card":"summary_large_image","twitter_creator":"@intoscana","twitter_site":"@intoscana","twitter_misc":{"Written by":"Chiara Bianchini","Est. reading time":"2 minuti"},"schema":{"@context":"https:\/\/schema.org","@graph":[{"@type":"WebPage","@id":"https:\/\/www.intoscana.it\/it\/tra-limite-e-tinaia-torna-a-navigare-la-zattera-che-unisce-le-due-rive-dellarno\/","url":"https:\/\/www.intoscana.it\/it\/tra-limite-e-tinaia-torna-a-navigare-la-zattera-che-unisce-le-due-rive-dellarno\/","name":"Tra Limite e Tinaia torna a navigare la zattera che unisce le due rive dell'Arno - intoscana","isPartOf":{"@id":"https:\/\/www.intoscana.it\/it\/#website"},"primaryImageOfPage":{"@id":"https:\/\/www.intoscana.it\/it\/tra-limite-e-tinaia-torna-a-navigare-la-zattera-che-unisce-le-due-rive-dellarno\/#primaryimage"},"image":{"@id":"https:\/\/www.intoscana.it\/it\/tra-limite-e-tinaia-torna-a-navigare-la-zattera-che-unisce-le-due-rive-dellarno\/#primaryimage"},"thumbnailUrl":"https:\/\/www.intoscana.it\/wp-content\/uploads\/zattera_capraia.jpeg","datePublished":"2022-06-06T10:04:23+00:00","dateModified":"2022-06-06T10:05:11+00:00","author":{"@id":"https:\/\/www.intoscana.it\/it\/#\/schema\/person\/010af92117f50561886339ad5b873a41"},"breadcrumb":{"@id":"https:\/\/www.intoscana.it\/it\/tra-limite-e-tinaia-torna-a-navigare-la-zattera-che-unisce-le-due-rive-dellarno\/#breadcrumb"},"inLanguage":"it-IT","potentialAction":[{"@type":"ReadAction","target":["https:\/\/www.intoscana.it\/it\/tra-limite-e-tinaia-torna-a-navigare-la-zattera-che-unisce-le-due-rive-dellarno\/"]}]},{"@type":"ImageObject","inLanguage":"it-IT","@id":"https:\/\/www.intoscana.it\/it\/tra-limite-e-tinaia-torna-a-navigare-la-zattera-che-unisce-le-due-rive-dellarno\/#primaryimage","url":"https:\/\/www.intoscana.it\/wp-content\/uploads\/zattera_capraia.jpeg","contentUrl":"https:\/\/www.intoscana.it\/wp-content\/uploads\/zattera_capraia.jpeg","width":960,"height":540},{"@type":"BreadcrumbList","@id":"https:\/\/www.intoscana.it\/it\/tra-limite-e-tinaia-torna-a-navigare-la-zattera-che-unisce-le-due-rive-dellarno\/#breadcrumb","itemListElement":[{"@type":"ListItem","position":1,"name":"Home","item":"https:\/\/www.intoscana.it\/it\/"},{"@type":"ListItem","position":2,"name":"Tra Limite e Tinaia torna a navigare la zattera che unisce le due rive dell&#8217;Arno"}]},{"@type":"WebSite","@id":"https:\/\/www.intoscana.it\/it\/#website","url":"https:\/\/www.intoscana.it\/it\/","name":"intoscana","description":"","potentialAction":[{"@type":"SearchAction","target":{"@type":"EntryPoint","urlTemplate":"https:\/\/www.intoscana.it\/it\/?s={search_term_string}"},"query-input":{"@type":"PropertyValueSpecification","valueRequired":true,"valueName":"search_term_string"}}],"inLanguage":"it-IT"},{"@type":"Person","@id":"https:\/\/www.intoscana.it\/it\/#\/schema\/person\/010af92117f50561886339ad5b873a41","name":"Chiara Bianchini","sameAs":["c.bianchini@fst.it"],"url":"https:\/\/www.intoscana.it\/it\/author\/chiara-bianchini\/"}]}},"_links":{"self":[{"href":"https:\/\/www.intoscana.it\/it\/wp-json\/wp\/v2\/posts\/231810","targetHints":{"allow":["GET"]}}],"collection":[{"href":"https:\/\/www.intoscana.it\/it\/wp-json\/wp\/v2\/posts"}],"about":[{"href":"https:\/\/www.intoscana.it\/it\/wp-json\/wp\/v2\/types\/post"}],"author":[{"embeddable":true,"href":"https:\/\/www.intoscana.it\/it\/wp-json\/wp\/v2\/users\/507"}],"replies":[{"embeddable":true,"href":"https:\/\/www.intoscana.it\/it\/wp-json\/wp\/v2\/comments?post=231810"}],"version-history":[{"count":0,"href":"https:\/\/www.intoscana.it\/it\/wp-json\/wp\/v2\/posts\/231810\/revisions"}],"wp:featuredmedia":[{"embeddable":true,"href":"https:\/\/www.intoscana.it\/it\/wp-json\/wp\/v2\/media\/231811"}],"wp:attachment":[{"href":"https:\/\/www.intoscana.it\/it\/wp-json\/wp\/v2\/media?parent=231810"}],"wp:term":[{"taxonomy":"category","embeddable":true,"href":"https:\/\/www.intoscana.it\/it\/wp-json\/wp\/v2\/categories?post=231810"},{"taxonomy":"post_tag","embeddable":true,"href":"https:\/\/www.intoscana.it\/it\/wp-json\/wp\/v2\/tags?post=231810"}],"curies":[{"name":"wp","href":"https:\/\/api.w.org\/{rel}","templated":true}]}}