{"id":231828,"date":"2022-06-06T13:25:11","date_gmt":"2022-06-06T11:25:11","guid":{"rendered":"https:\/\/www.intoscana.it\/it\/?p=231828"},"modified":"2022-06-07T12:50:36","modified_gmt":"2022-06-07T10:50:36","slug":"covid-317-nuovi-casi-aumentano-i-ricoveri-12-i-decessi","status":"publish","type":"post","link":"https:\/\/www.intoscana.it\/it\/covid-317-nuovi-casi-aumentano-i-ricoveri-12-i-decessi\/","title":{"rendered":"Covid, 317 nuovi casi: aumentano i ricoveri, 12 i decessi"},"content":{"rendered":"<p>I nuovi casi di <strong>Covid <\/strong>registrati in Toscana nelle ultime 24 ore sono 317 su 2.603 test di cui 422 tamponi molecolari e 2.181 test rapidi. Il tasso dei nuovi positivi \u00e8 12,18% (58,4% sulle prime diagnosi). <mark>L&#8217;et\u00e0 media \u00e8 di 47 anni: 12% ha meno di 20 anni, 23% tra 20 e 39 anni, 38% tra 40 e 59 anni, 18% tra 60 e 79 anni, 9% ha 80 anni o pi\u00f9.<\/mark><\/p>\n<p>I <strong>ricoverati<\/strong> sono 242 (10 in pi\u00f9 rispetto a ieri), di cui 18 in terapia intensiva (3 in pi\u00f9). <mark><\/mark>Oggi si registrano 12 nuovi decessi: 7 uomini e 5 donne con un&#8217;et\u00e0 media di 84,5 anni.[\/mark[<\/p>\n<h3><em>I casi di positivit\u00e0 sul territorio <\/em><\/h3>\n<p>Sono 321.072 i casi complessivi ad oggi a Firenze (74 in pi\u00f9 rispetto a ieri), 79.215 a Prato (18 in pi\u00f9), 92.489 a Pistoia (27 in pi\u00f9), 56.720 a Massa e Carrara (10 in pi\u00f9), 121.214 a Lucca (34 in pi\u00f9), 133.017 a Pisa (59 in pi\u00f9), 102.774 a Livorno (31 in pi\u00f9), 105.288 ad Arezzo (25 in pi\u00f9), 81.643 a Siena (16 in pi\u00f9), 61.950 a Grosseto (23 in pi\u00f9).<\/p>\n<p>Complessivamente, 23.903 persone sono in <strong>isolamento<\/strong> a casa, poich\u00e9 presentano sintomi lievi che non richiedono cure ospedaliere, o risultano prive di sintomi (1.142 in meno rispetto a ieri, meno 4,6%).<\/p>\n<p>Sono 10.113 i deceduti dall&#8217;inizio dell&#8217;epidemia: 3.182 a Firenze, 836 a Prato, 908 a Pistoia, 654 a Massa Carrara, 947 a Lucca, 1.123 a Pisa, 743 a Livorno, 657 ad Arezzo, 535 a Siena, 389 a Grosseto, 139 persone sono decedute sul suolo toscano ma erano residenti fuori regione.<\/p>\n","protected":false},"excerpt":{"rendered":"<p>Il tasso di positivit\u00e0 \u00e8 del 12,18%. L&#8217;et\u00e0 media dei contagiati \u00e8 di 47 anni<\/p>\n","protected":false},"author":525,"featured_media":194415,"comment_status":"open","ping_status":"open","sticky":false,"template":"","format":"standard","meta":{"_acf_changed":false,"footnotes":""},"categories":[494],"tags":[418],"class_list":["post-231828","post","type-post","status-publish","format-standard","has-post-thumbnail","hentry","category-attualita","tag-covid-19"],"acf":[],"yoast_head":"<!-- This site is optimized with the Yoast SEO Premium plugin v24.2 (Yoast SEO v25.6) - https:\/\/yoast.com\/wordpress\/plugins\/seo\/ -->\n<title>Covid, 317 nuovi casi: aumentano i ricoveri, 12 i decessi - intoscana<\/title>\n<meta name=\"description\" content=\"Il tasso di positivit\u00e0 \u00e8 del 12,18%. L&#039;et\u00e0 media dei contagiati \u00e8 di 47 anni\" \/>\n<meta name=\"robots\" content=\"index, follow, max-snippet:-1, max-image-preview:large, max-video-preview:-1\" \/>\n<link rel=\"canonical\" href=\"https:\/\/www.intoscana.it\/it\/covid-317-nuovi-casi-aumentano-i-ricoveri-12-i-decessi\/\" \/>\n<meta property=\"og:locale\" content=\"it_IT\" \/>\n<meta property=\"og:type\" content=\"article\" \/>\n<meta property=\"og:title\" content=\"Covid, 317 nuovi casi: aumentano i ricoveri, 12 i decessi\" \/>\n<meta property=\"og:description\" content=\"Il tasso di positivit\u00e0 \u00e8 del 12,18%. L&#039;et\u00e0 media dei contagiati \u00e8 di 47 anni\" \/>\n<meta property=\"og:url\" content=\"https:\/\/www.intoscana.it\/it\/covid-317-nuovi-casi-aumentano-i-ricoveri-12-i-decessi\/\" \/>\n<meta property=\"og:site_name\" content=\"intoscana\" \/>\n<meta property=\"article:publisher\" content=\"https:\/\/www.facebook.com\/intoscana.it\" \/>\n<meta property=\"article:published_time\" content=\"2022-06-06T11:25:11+00:00\" \/>\n<meta property=\"article:modified_time\" content=\"2022-06-07T10:50:36+00:00\" \/>\n<meta property=\"og:image\" content=\"https:\/\/www.intoscana.it\/wp-content\/uploads\/vaccino-terza-dose-scaled.jpg\" \/>\n\t<meta property=\"og:image:width\" content=\"2048\" \/>\n\t<meta property=\"og:image:height\" content=\"1247\" \/>\n\t<meta property=\"og:image:type\" content=\"image\/jpeg\" \/>\n<meta name=\"author\" content=\"Redazione\" \/>\n<meta name=\"twitter:card\" content=\"summary_large_image\" \/>\n<meta name=\"twitter:creator\" content=\"@intoscana\" \/>\n<meta name=\"twitter:site\" content=\"@intoscana\" \/>\n<meta name=\"twitter:label1\" content=\"Written by\" \/>\n\t<meta name=\"twitter:data1\" content=\"Redazione\" \/>\n\t<meta name=\"twitter:label2\" content=\"Est. reading time\" \/>\n\t<meta name=\"twitter:data2\" content=\"1 minuto\" \/>\n<script type=\"application\/ld+json\" class=\"yoast-schema-graph\">{\"@context\":\"https:\/\/schema.org\",\"@graph\":[{\"@type\":\"WebPage\",\"@id\":\"https:\/\/www.intoscana.it\/it\/covid-317-nuovi-casi-aumentano-i-ricoveri-12-i-decessi\/\",\"url\":\"https:\/\/www.intoscana.it\/it\/covid-317-nuovi-casi-aumentano-i-ricoveri-12-i-decessi\/\",\"name\":\"Covid, 317 nuovi casi: aumentano i ricoveri, 12 i decessi - intoscana\",\"isPartOf\":{\"@id\":\"https:\/\/www.intoscana.it\/it\/#website\"},\"primaryImageOfPage\":{\"@id\":\"https:\/\/www.intoscana.it\/it\/covid-317-nuovi-casi-aumentano-i-ricoveri-12-i-decessi\/#primaryimage\"},\"image\":{\"@id\":\"https:\/\/www.intoscana.it\/it\/covid-317-nuovi-casi-aumentano-i-ricoveri-12-i-decessi\/#primaryimage\"},\"thumbnailUrl\":\"https:\/\/www.intoscana.it\/wp-content\/uploads\/vaccino-terza-dose-scaled.jpg\",\"datePublished\":\"2022-06-06T11:25:11+00:00\",\"dateModified\":\"2022-06-07T10:50:36+00:00\",\"author\":{\"@id\":\"https:\/\/www.intoscana.it\/it\/#\/schema\/person\/9223810753230f20bd670fdd322661f8\"},\"description\":\"Il tasso di positivit\u00e0 \u00e8 del 12,18%. L'et\u00e0 media dei contagiati \u00e8 di 47 anni\",\"breadcrumb\":{\"@id\":\"https:\/\/www.intoscana.it\/it\/covid-317-nuovi-casi-aumentano-i-ricoveri-12-i-decessi\/#breadcrumb\"},\"inLanguage\":\"it-IT\",\"potentialAction\":[{\"@type\":\"ReadAction\",\"target\":[\"https:\/\/www.intoscana.it\/it\/covid-317-nuovi-casi-aumentano-i-ricoveri-12-i-decessi\/\"]}]},{\"@type\":\"ImageObject\",\"inLanguage\":\"it-IT\",\"@id\":\"https:\/\/www.intoscana.it\/it\/covid-317-nuovi-casi-aumentano-i-ricoveri-12-i-decessi\/#primaryimage\",\"url\":\"https:\/\/www.intoscana.it\/wp-content\/uploads\/vaccino-terza-dose-scaled.jpg\",\"contentUrl\":\"https:\/\/www.intoscana.it\/wp-content\/uploads\/vaccino-terza-dose-scaled.jpg\",\"width\":2048,\"height\":1247},{\"@type\":\"BreadcrumbList\",\"@id\":\"https:\/\/www.intoscana.it\/it\/covid-317-nuovi-casi-aumentano-i-ricoveri-12-i-decessi\/#breadcrumb\",\"itemListElement\":[{\"@type\":\"ListItem\",\"position\":1,\"name\":\"Home\",\"item\":\"https:\/\/www.intoscana.it\/it\/\"},{\"@type\":\"ListItem\",\"position\":2,\"name\":\"Covid, 317 nuovi casi: aumentano i ricoveri, 12 i decessi\"}]},{\"@type\":\"WebSite\",\"@id\":\"https:\/\/www.intoscana.it\/it\/#website\",\"url\":\"https:\/\/www.intoscana.it\/it\/\",\"name\":\"intoscana\",\"description\":\"\",\"potentialAction\":[{\"@type\":\"SearchAction\",\"target\":{\"@type\":\"EntryPoint\",\"urlTemplate\":\"https:\/\/www.intoscana.it\/it\/?s={search_term_string}\"},\"query-input\":{\"@type\":\"PropertyValueSpecification\",\"valueRequired\":true,\"valueName\":\"search_term_string\"}}],\"inLanguage\":\"it-IT\"},{\"@type\":\"Person\",\"@id\":\"https:\/\/www.intoscana.it\/it\/#\/schema\/person\/9223810753230f20bd670fdd322661f8\",\"name\":\"Redazione\",\"url\":\"https:\/\/www.intoscana.it\/it\/author\/redazione\/\"}]}<\/script>\n<!-- \/ Yoast SEO Premium plugin. -->","yoast_head_json":{"title":"Covid, 317 nuovi casi: aumentano i ricoveri, 12 i decessi - intoscana","description":"Il tasso di positivit\u00e0 \u00e8 del 12,18%. L'et\u00e0 media dei contagiati \u00e8 di 47 anni","robots":{"index":"index","follow":"follow","max-snippet":"max-snippet:-1","max-image-preview":"max-image-preview:large","max-video-preview":"max-video-preview:-1"},"canonical":"https:\/\/www.intoscana.it\/it\/covid-317-nuovi-casi-aumentano-i-ricoveri-12-i-decessi\/","og_locale":"it_IT","og_type":"article","og_title":"Covid, 317 nuovi casi: aumentano i ricoveri, 12 i decessi","og_description":"Il tasso di positivit\u00e0 \u00e8 del 12,18%. L'et\u00e0 media dei contagiati \u00e8 di 47 anni","og_url":"https:\/\/www.intoscana.it\/it\/covid-317-nuovi-casi-aumentano-i-ricoveri-12-i-decessi\/","og_site_name":"intoscana","article_publisher":"https:\/\/www.facebook.com\/intoscana.it","article_published_time":"2022-06-06T11:25:11+00:00","article_modified_time":"2022-06-07T10:50:36+00:00","og_image":[{"width":2048,"height":1247,"url":"https:\/\/www.intoscana.it\/wp-content\/uploads\/vaccino-terza-dose-scaled.jpg","type":"image\/jpeg"}],"author":"Redazione","twitter_card":"summary_large_image","twitter_creator":"@intoscana","twitter_site":"@intoscana","twitter_misc":{"Written by":"Redazione","Est. reading time":"1 minuto"},"schema":{"@context":"https:\/\/schema.org","@graph":[{"@type":"WebPage","@id":"https:\/\/www.intoscana.it\/it\/covid-317-nuovi-casi-aumentano-i-ricoveri-12-i-decessi\/","url":"https:\/\/www.intoscana.it\/it\/covid-317-nuovi-casi-aumentano-i-ricoveri-12-i-decessi\/","name":"Covid, 317 nuovi casi: aumentano i ricoveri, 12 i decessi - intoscana","isPartOf":{"@id":"https:\/\/www.intoscana.it\/it\/#website"},"primaryImageOfPage":{"@id":"https:\/\/www.intoscana.it\/it\/covid-317-nuovi-casi-aumentano-i-ricoveri-12-i-decessi\/#primaryimage"},"image":{"@id":"https:\/\/www.intoscana.it\/it\/covid-317-nuovi-casi-aumentano-i-ricoveri-12-i-decessi\/#primaryimage"},"thumbnailUrl":"https:\/\/www.intoscana.it\/wp-content\/uploads\/vaccino-terza-dose-scaled.jpg","datePublished":"2022-06-06T11:25:11+00:00","dateModified":"2022-06-07T10:50:36+00:00","author":{"@id":"https:\/\/www.intoscana.it\/it\/#\/schema\/person\/9223810753230f20bd670fdd322661f8"},"description":"Il tasso di positivit\u00e0 \u00e8 del 12,18%. L'et\u00e0 media dei contagiati \u00e8 di 47 anni","breadcrumb":{"@id":"https:\/\/www.intoscana.it\/it\/covid-317-nuovi-casi-aumentano-i-ricoveri-12-i-decessi\/#breadcrumb"},"inLanguage":"it-IT","potentialAction":[{"@type":"ReadAction","target":["https:\/\/www.intoscana.it\/it\/covid-317-nuovi-casi-aumentano-i-ricoveri-12-i-decessi\/"]}]},{"@type":"ImageObject","inLanguage":"it-IT","@id":"https:\/\/www.intoscana.it\/it\/covid-317-nuovi-casi-aumentano-i-ricoveri-12-i-decessi\/#primaryimage","url":"https:\/\/www.intoscana.it\/wp-content\/uploads\/vaccino-terza-dose-scaled.jpg","contentUrl":"https:\/\/www.intoscana.it\/wp-content\/uploads\/vaccino-terza-dose-scaled.jpg","width":2048,"height":1247},{"@type":"BreadcrumbList","@id":"https:\/\/www.intoscana.it\/it\/covid-317-nuovi-casi-aumentano-i-ricoveri-12-i-decessi\/#breadcrumb","itemListElement":[{"@type":"ListItem","position":1,"name":"Home","item":"https:\/\/www.intoscana.it\/it\/"},{"@type":"ListItem","position":2,"name":"Covid, 317 nuovi casi: aumentano i ricoveri, 12 i decessi"}]},{"@type":"WebSite","@id":"https:\/\/www.intoscana.it\/it\/#website","url":"https:\/\/www.intoscana.it\/it\/","name":"intoscana","description":"","potentialAction":[{"@type":"SearchAction","target":{"@type":"EntryPoint","urlTemplate":"https:\/\/www.intoscana.it\/it\/?s={search_term_string}"},"query-input":{"@type":"PropertyValueSpecification","valueRequired":true,"valueName":"search_term_string"}}],"inLanguage":"it-IT"},{"@type":"Person","@id":"https:\/\/www.intoscana.it\/it\/#\/schema\/person\/9223810753230f20bd670fdd322661f8","name":"Redazione","url":"https:\/\/www.intoscana.it\/it\/author\/redazione\/"}]}},"_links":{"self":[{"href":"https:\/\/www.intoscana.it\/it\/wp-json\/wp\/v2\/posts\/231828","targetHints":{"allow":["GET"]}}],"collection":[{"href":"https:\/\/www.intoscana.it\/it\/wp-json\/wp\/v2\/posts"}],"about":[{"href":"https:\/\/www.intoscana.it\/it\/wp-json\/wp\/v2\/types\/post"}],"author":[{"embeddable":true,"href":"https:\/\/www.intoscana.it\/it\/wp-json\/wp\/v2\/users\/525"}],"replies":[{"embeddable":true,"href":"https:\/\/www.intoscana.it\/it\/wp-json\/wp\/v2\/comments?post=231828"}],"version-history":[{"count":0,"href":"https:\/\/www.intoscana.it\/it\/wp-json\/wp\/v2\/posts\/231828\/revisions"}],"wp:featuredmedia":[{"embeddable":true,"href":"https:\/\/www.intoscana.it\/it\/wp-json\/wp\/v2\/media\/194415"}],"wp:attachment":[{"href":"https:\/\/www.intoscana.it\/it\/wp-json\/wp\/v2\/media?parent=231828"}],"wp:term":[{"taxonomy":"category","embeddable":true,"href":"https:\/\/www.intoscana.it\/it\/wp-json\/wp\/v2\/categories?post=231828"},{"taxonomy":"post_tag","embeddable":true,"href":"https:\/\/www.intoscana.it\/it\/wp-json\/wp\/v2\/tags?post=231828"}],"curies":[{"name":"wp","href":"https:\/\/api.w.org\/{rel}","templated":true}]}}