{"id":231968,"date":"2022-06-08T16:06:13","date_gmt":"2022-06-08T14:06:13","guid":{"rendered":"https:\/\/www.intoscana.it\/it\/?p=231968"},"modified":"2022-06-08T16:45:37","modified_gmt":"2022-06-08T14:45:37","slug":"nel-borgo-di-pedona-il-ristorante-amato-da-fabrizio-de-andre","status":"publish","type":"post","link":"https:\/\/www.intoscana.it\/it\/nel-borgo-di-pedona-il-ristorante-amato-da-fabrizio-de-andre\/","title":{"rendered":"Nel borgo di Pedona il ristorante amato da Fabrizio De Andr\u00e9"},"content":{"rendered":"<p><span style=\"color: #000000;\">L&#8217;aria quass\u00f9 \u00e8 fresca e la vista si spinge verso l&#8217;infinito e oltre. Da <strong>Pedona<\/strong> lo sguardo pu\u00f2 raggiungere il mare, le verdi Apuane, la piana, le zone di confine e arrivare ad accarezzare la <strong>Liguria<\/strong>. Chiss\u00e0 se anche questo fu uno dei motivi\u00a0 che portarono Fabrizio De Andr\u00e9 a frequentare il <a style=\"color: #000000;\" href=\"https:\/\/www.intoscana.it\/it\/dettaglio-video\/e-via-andare-da-pedona-a-camaiore\/\" target=\"_blank\" rel=\"noopener\"><strong>borgo camaiorese<\/strong><\/a>, spesso ospite della famiglia Quirici.<\/span><\/p>\n<p><span style=\"color: #000000;\">Pedona fu per l&#8217;artista luogo di creazione ma anche di contatto diretto con le pi\u00f9 antiche esperienze di sapori, quelli tramandati di famiglia in famiglia e custoditi dalle abili mani di <strong>Graziella Gabrielli<\/strong> che &#8211; insieme al marito <strong>Francesco Cecchi<\/strong> &#8211; fond\u00f2 nel 1963 il<strong> ristorante &#8220;Il Soggiorno&#8221;<\/strong>, oggi unica attivit\u00e0 del borgo.<\/span><\/p>\n<p><span class=\"citazione\"> C&#8217;\u00e8 la Pania che svetta imponente sullo sfondo e poi il monte Prana, fiero dei suoi 1200 metri di altezza, c&#8217;\u00e8 un verde lussureggiante che spinge sull&#8217;acceleratore della scala dei colori <\/span><\/p>\n<p><span style=\"color: #000000;\">Una storia che racconta lo stesso <strong>Francesco<\/strong>, affiancato con orgoglio dal genero<a style=\"color: #000000;\" href=\"https:\/\/www.youtube.com\/watch?v=JdFDPV9srKM&amp;feature=emb_title\" target=\"_blank\" rel=\"noopener\"><strong> Daniele<\/strong><\/a> mentre ci incontriamo nella sala-veranda totalmente finestrata, un affresco contemporaneo della bellezza del paesaggio. C&#8217;\u00e8 la Pania che svetta imponente sullo sfondo e poi il monte Prana, fiero dei suoi 1200 metri di altezza. C&#8217;\u00e8 un verde lussureggiante che spinge sull&#8217;acceleratore della scala dei colori. Sfumature che toccano i toni del muschio, del verde oltremare, lo smeraldo che brilla sotto i raggi del sole. Ci sono punte di nero che affondano per dare profondit\u00e0 e ricordarci che quel verde custodisce cascate, torrenti, ruderi, tesori da esplorare come arditi avventurieri o come dolci amanti del cammino lento. Colori che puntellano il sogno.<\/span><\/p>\n<div class=\"titleimg\">\n<figure id=\"post-232380 media-232380\" class=\"align-none\"><span style=\"color: #000000;\"><img decoding=\"async\" src=\"https:\/\/www.intoscana.it\/wp-content\/uploads\/Chiesa-di-San-Jacopo-a-Pedona-Camaiore.png\" alt=\"\" \/><\/span><\/figure>\n<div class=\"titleimg\"><span style=\"color: #000000;\">Chiesa di San Jacopo a Pedona, <a style=\"color: #000000;\" href=\"https:\/\/www.intoscana.it\/it\/tv\/risultati-ricerca\/?q=camaiore\" target=\"_blank\" rel=\"noopener\">Camaiore<\/a><\/span><\/div>\n<\/div>\n<h3><span style=\"color: #000000;\">I tordelli con la &#8220;d&#8221;, patrimonio e identit\u00e0 camaiorese<\/span><\/h3>\n<p><span style=\"color: #000000;\">&#8220;De Andr\u00e9 veniva da noi a cena &#8211; ricorda <strong>Daniele Francesconi<\/strong>. <em>Spesso si faceva portare anche direttamente i piatti a casa perch\u00e8 era una persona molto riservata&#8221;.<\/em> Cosa amava di pi\u00f9? <em>&#8220;I nostri tordelli&#8221;<\/em>, risponde spedito mentre mi spiega la\u00a0 ricetta del ripieno passo passo. E aggiunge.<em> &#8220;I nostri non sono i classici tortelli, si chiamano &#8220;tordelli&#8221;, con la &#8220;d&#8221;.<\/em> <\/span><\/p>\n<p><span class=\"citazione\"> De Andr\u00e9\u00a0veniva da noi a cena. Cosa amava di pi\u00f9? &#8220;I nostri tordelli&#8221;<\/span><\/p>\n<p><span style=\"color: #000000;\">Quella lettera che fa la differenza e segna chiara la loro identit\u00e0.<em> &#8220;Nel nostro ripieno c&#8217;\u00e8 sopratutto manzo, pane ammollato, uovo, spezie, sale e pepe e poi la pasta che facciamo noi, a mano&#8221;.<\/em><\/span><\/p>\n<p><span style=\"color: #000000;\">Poi torna a parlare dei gusti gastronomici di <strong>De Andr\u00e9<\/strong>. <em>&#8220;Prendeva anche il pollo e il coniglio fritto, con le verdure&#8221;.<\/em><\/span><\/p>\n<p><span style=\"color: #000000;\">Il fritto a Pedona \u00e8 un&#8217;arte. Asciutto, croccante, l&#8217;olio \u00e8 l&#8217;elemento dell&#8217;esaltazione della materia prima. Si chiama saper fare e qui, in questo <strong>ristorante familiare<\/strong> quella sapienza tra i fornelli \u00e8 uno dei pilastri che si sono fortificati negli anni, di generazione in generazione.<\/span><\/p>\n<h3><span style=\"color: #000000;\">Cucina povera, pilastro da sempre<\/span><\/h3>\n<p><span class=\"citazione\"> Tramandare la &#8220;cucina povera&#8221; \u00e8 una missione e oggi questo \u00e8 il<strong> lusso gastronomico<\/strong> pi\u00f9 grande <\/span><\/p>\n<p><span style=\"color: #000000;\">Tramandare la &#8220;cucina povera&#8221; \u00e8 una missione e oggi questo \u00e8 il<strong> lusso gastronomico<\/strong> pi\u00f9 grande perch\u00e9 in questo minuscolo borgo si ritrovano sapori altrove dimenticati, quella semplicit\u00e0 e la sintesi che sono forse i traguardi pi\u00f9 difficili da perseguire ma qui no, sono di casa. Il menu \u00e8 un salto indietro nel tempo. La cucina racconta epoche, persone, luoghi. E questo luogo altro non \u00e8 che una magnifica macchina del tempo per un viaggio nel gusto e nelle storie.<\/span><\/p>\n<figure id=\"post-232379 media-232379\" class=\"align-none\"><span style=\"color: #000000;\"><img decoding=\"async\" src=\"https:\/\/www.intoscana.it\/wp-content\/uploads\/Daniele-Francesconi-spiega-la-ricetta-dei-tordelli-camaioresi-.png\" alt=\"\" \/><\/span><\/figure>\n<div class=\"titleimg\"><span style=\"color: #000000;\">Daniele Francesconi spiega la ricetta dei tordelli camaioresi<\/span><\/div>\n<p><span style=\"color: #000000;\"><p><span class=\"citazione\"> Ai tavoli del Soggiorno siedono anche Marcello Lippi e Ivano Fossati <\/span><\/p><\/span><\/p>\n<p><span style=\"color: #000000;\"><em>&#8220;Quando abbiamo aperto non c&#8217;era ancora la strada per Camaiore&#8221;<\/em>, racconta il signor Francesco che ogni giorno \u00e8 l\u00ec, nel suo ristorante, insieme alla moglie.\u00a0 Oggi al timone dell&#8217;attivit\u00e0\u00a0e del piccolo alimentari ci sono i figli Angelo e Francesca e poi Daniela, la regina dei tordelli e lo stesso Daniele che si occupa non solo dei commensali ma anche della cantina del ristorante che oggi vede molti altri personaggi noti sedersi ai loro tavoli dal mister <strong>Marcello Lippi<\/strong> all&#8217;ex arbitro<strong> Collina<\/strong> e poi ancora il cantautore<strong> Ivano Fossati<\/strong> .<\/span><\/p>\n<figure id=\"post-232385 media-232385\" class=\"align-none\"><span style=\"color: #000000;\"><img decoding=\"async\" src=\"https:\/\/www.intoscana.it\/wp-content\/uploads\/Il-Soggiorno-ristorante-a-Pedona.jpeg\" alt=\"\" \/><\/span><\/figure>\n<div class=\"titleimg\"><span style=\"color: #000000;\">Il Soggiorno, ristorante a Pedona &#8211; foto credits Famiglia Cecchi (Il Soggiorno di Pedona)<\/span><\/div>\n<p><span style=\"color: #000000;\">Qui si seguono i tempi della natura. La primavera regala i fiori di zucca ed ecco che in tavola si trova anche la <strong>scarpaccia<\/strong><em>. &#8220;Che qui facciamo rigorosamente salata&#8221;<\/em>, puntualizza Angelo Cecchi spiegando che altrove, sulla costa, si usa mettere lo zucchero nell&#8217;impasto. E quando invece \u00e8 tempo di funghi ecco che diventano i protagonisti pi\u00f9 interessanti, alla brace come ricco accompagnamento alla bistecca, o semplicemente fritti.<\/span><\/p>\n<figure id=\"post-232386 media-232386\" class=\"align-none\"><\/figure>\n<div class=\"titleimg\">\n<figure id=\"post-232384 media-232384\" class=\"align-none\"><span style=\"color: #000000;\"><img decoding=\"async\" src=\"https:\/\/www.intoscana.it\/wp-content\/uploads\/Francesco-Cecchi-fondatore-del-ristorante-Il-Soggiorno-di-Pedona-.png\" alt=\"\" \/><\/span><\/figure>\n<div class=\"titleimg\"><span style=\"color: #000000;\">Francesco Cecchi, fondatore del ristorante Il Soggiorno di Pedona<\/span><\/div>\n<\/div>\n<p><span style=\"color: #000000;\">A tenere alta la bandiera della tradizione \u00e8 la signora<strong> Graziella<\/strong>. L&#8217;impronta in cucina \u00e8 tutta sua e dentro si ritrova anche tanto di ci\u00f2 che le ha insegnato la sua famiglia. C&#8217;\u00e8 vita. C&#8217;\u00e8 casa. Esperienza. Fatica. Passione. C&#8217;\u00e8 dedizione: a parlare sono i piatti e\u00a0 sorrisi non troppo invadenti ma sinceri. La <strong>conversazione<\/strong> finito il servizio diventa il dessert che non dimentichi prima di ripartire per un&#8217;altra meta. <strong>Santa Lucia<\/strong>,<strong> Casoli<\/strong>, <strong>Metato<\/strong>, <strong>Monteggiori<\/strong>. O <strong>Camaiore<\/strong> stessa. O ancora il mare. La musica prende spazio nell&#8217;auto, si spande nelle curve, in mezzo al verde, alla luce che si infila prepotente sull&#8217;asfalto.<\/span><\/p>\n<p><span style=\"color: #000000;\"><p><span class=\"citazione\"> Dalla playlist passa<strong> &#8220;Amore che vieni, amore che vai&#8221;<\/strong>. Poesia senza tempo, come quella che tramandano al Soggiorno, cucina di memoria <\/span><\/p><\/span><\/p>\n<h3><span style=\"color: #000000;\"><strong>Poesia per il palato<\/strong><\/span><\/h3>\n<p><span style=\"color: #000000;\">Dalla playlist passa<strong> &#8220;Amore che vieni, amore che vai&#8221;<\/strong>. Poesia senza tempo, come quella che tramandano al Soggiorno, cucina di memoria. Di sani valori, di rispetto delle materie prime e della terra. Musica per il palato. Quella che seppe apprezzare anche un grande maestro come De Andr\u00e9.<\/span><\/p>\n<p><span style=\"color: #000000;\">Armonia di suoni, equilibrio di sapori. Identit\u00e0. Ispirazione. Arte. E la bellezza straordinaria di una terra che si prende la scena. Un filo di malinconia che impreziosisce i sentimenti. Il sole che li rende vivi. E l&#8217;essere umano che a volte trova quella<strong> sequenza di note<\/strong> che ti entra dentro senza chiedere il permesso. <strong>Quanta vita<\/strong>. Quanta <strong>familiarit\u00e0<\/strong>. Quanti <strong>cammini<\/strong> da intraprendere, luoghi che diventano passaggio, arrivo, fuga o semplicemente punto di incontro.<\/span><\/p>\n<p><span style=\"color: #000000;\">Il Soggiorno \u00e8 cos\u00ec. Un magnifico ritrovo in cima alla collina, una<strong> vedetta della vita<\/strong>. E&#8217; l&#8217;incastro perfetto tra le parole e la musica e quella cucina che non conosce tempo e mode. E&#8217; lei l&#8217;unica vera regina, da sempre. Un castello, una roccaforte, un orizzonte. Una tavola. E la bellezza eterna dello stare insieme.<\/span><\/p>\n<\/div>\n","protected":false},"excerpt":{"rendered":"<p>Il cantautore genovese sceglieva tordelli e fritto misto quando cenava nel cuore del borgo di Pedona, sulle colline camaioresi. Oggi questo ristorante, una magnifica macchina del tempo dei sapori, vede tra i suoi ospiti anche Marcello Lippi, l&#039;ex arbitro Collina e Ivano Fossati<\/p>\n","protected":false},"author":513,"featured_media":232386,"comment_status":"open","ping_status":"open","sticky":false,"template":"","format":"standard","meta":{"_acf_changed":false,"footnotes":""},"categories":[8],"tags":[3830,5580,3934,3196,5022],"class_list":["post-231968","post","type-post","status-publish","format-standard","has-post-thumbnail","hentry","category-enogastronomia","tag-borghi","tag-camaiore","tag-e-via-andare","tag-musicisti","tag-ristoranti"],"acf":[],"yoast_head":"<!-- This site is optimized with the Yoast SEO Premium plugin v24.2 (Yoast SEO v25.6) - https:\/\/yoast.com\/wordpress\/plugins\/seo\/ -->\n<title>Nel borgo di Pedona il ristorante amato da Fabrizio De Andr\u00e9 - intoscana<\/title>\n<meta name=\"description\" content=\"I tordelli e il fritto misto erano i piatti del Soggiorno di Pedona pi\u00f9 amati da Fabrizio De Andr\u00e8 durante i soggiorni a Villa Quirici.\" \/>\n<meta name=\"robots\" content=\"index, follow, max-snippet:-1, max-image-preview:large, max-video-preview:-1\" \/>\n<link rel=\"canonical\" href=\"https:\/\/www.intoscana.it\/it\/nel-borgo-di-pedona-il-ristorante-amato-da-fabrizio-de-andre\/\" \/>\n<meta property=\"og:locale\" content=\"it_IT\" \/>\n<meta property=\"og:type\" content=\"article\" \/>\n<meta property=\"og:title\" content=\"Nel borgo di Pedona il ristorante amato da Fabrizio De Andr\u00e9\" \/>\n<meta property=\"og:description\" content=\"I tordelli e il fritto misto erano i piatti del Soggiorno di Pedona pi\u00f9 amati da Fabrizio De Andr\u00e8 durante i soggiorni a Villa Quirici.\" \/>\n<meta property=\"og:url\" content=\"https:\/\/www.intoscana.it\/it\/nel-borgo-di-pedona-il-ristorante-amato-da-fabrizio-de-andre\/\" \/>\n<meta property=\"og:site_name\" content=\"intoscana\" \/>\n<meta property=\"article:publisher\" content=\"https:\/\/www.facebook.com\/intoscana.it\" \/>\n<meta property=\"article:published_time\" content=\"2022-06-08T14:06:13+00:00\" \/>\n<meta property=\"article:modified_time\" content=\"2022-06-08T14:45:37+00:00\" \/>\n<meta property=\"og:image\" content=\"https:\/\/www.intoscana.it\/wp-content\/uploads\/Il-soggiorno-di-Pedona.jpeg\" \/>\n\t<meta property=\"og:image:width\" content=\"1872\" \/>\n\t<meta property=\"og:image:height\" content=\"1236\" \/>\n\t<meta property=\"og:image:type\" content=\"image\/jpeg\" \/>\n<meta name=\"author\" content=\"Simona Bellocci\" \/>\n<meta name=\"twitter:card\" content=\"summary_large_image\" \/>\n<meta name=\"twitter:creator\" content=\"@intoscana\" \/>\n<meta name=\"twitter:site\" content=\"@intoscana\" \/>\n<meta name=\"twitter:label1\" content=\"Written by\" \/>\n\t<meta name=\"twitter:data1\" content=\"Simona Bellocci\" \/>\n\t<meta name=\"twitter:label2\" content=\"Est. reading time\" \/>\n\t<meta name=\"twitter:data2\" content=\"5 minuti\" \/>\n<script type=\"application\/ld+json\" class=\"yoast-schema-graph\">{\"@context\":\"https:\/\/schema.org\",\"@graph\":[{\"@type\":\"WebPage\",\"@id\":\"https:\/\/www.intoscana.it\/it\/nel-borgo-di-pedona-il-ristorante-amato-da-fabrizio-de-andre\/\",\"url\":\"https:\/\/www.intoscana.it\/it\/nel-borgo-di-pedona-il-ristorante-amato-da-fabrizio-de-andre\/\",\"name\":\"Nel borgo di Pedona il ristorante amato da Fabrizio De Andr\u00e9 - intoscana\",\"isPartOf\":{\"@id\":\"https:\/\/www.intoscana.it\/it\/#website\"},\"primaryImageOfPage\":{\"@id\":\"https:\/\/www.intoscana.it\/it\/nel-borgo-di-pedona-il-ristorante-amato-da-fabrizio-de-andre\/#primaryimage\"},\"image\":{\"@id\":\"https:\/\/www.intoscana.it\/it\/nel-borgo-di-pedona-il-ristorante-amato-da-fabrizio-de-andre\/#primaryimage\"},\"thumbnailUrl\":\"https:\/\/www.intoscana.it\/wp-content\/uploads\/Il-soggiorno-di-Pedona.jpeg\",\"datePublished\":\"2022-06-08T14:06:13+00:00\",\"dateModified\":\"2022-06-08T14:45:37+00:00\",\"author\":{\"@id\":\"https:\/\/www.intoscana.it\/it\/#\/schema\/person\/43a95334a6f068317e0b7acba24f9e87\"},\"description\":\"I tordelli e il fritto misto erano i piatti del Soggiorno di Pedona pi\u00f9 amati da Fabrizio De Andr\u00e8 durante i soggiorni a Villa Quirici.\",\"breadcrumb\":{\"@id\":\"https:\/\/www.intoscana.it\/it\/nel-borgo-di-pedona-il-ristorante-amato-da-fabrizio-de-andre\/#breadcrumb\"},\"inLanguage\":\"it-IT\",\"potentialAction\":[{\"@type\":\"ReadAction\",\"target\":[\"https:\/\/www.intoscana.it\/it\/nel-borgo-di-pedona-il-ristorante-amato-da-fabrizio-de-andre\/\"]}]},{\"@type\":\"ImageObject\",\"inLanguage\":\"it-IT\",\"@id\":\"https:\/\/www.intoscana.it\/it\/nel-borgo-di-pedona-il-ristorante-amato-da-fabrizio-de-andre\/#primaryimage\",\"url\":\"https:\/\/www.intoscana.it\/wp-content\/uploads\/Il-soggiorno-di-Pedona.jpeg\",\"contentUrl\":\"https:\/\/www.intoscana.it\/wp-content\/uploads\/Il-soggiorno-di-Pedona.jpeg\",\"width\":1872,\"height\":1236},{\"@type\":\"BreadcrumbList\",\"@id\":\"https:\/\/www.intoscana.it\/it\/nel-borgo-di-pedona-il-ristorante-amato-da-fabrizio-de-andre\/#breadcrumb\",\"itemListElement\":[{\"@type\":\"ListItem\",\"position\":1,\"name\":\"Home\",\"item\":\"https:\/\/www.intoscana.it\/it\/\"},{\"@type\":\"ListItem\",\"position\":2,\"name\":\"Nel borgo di Pedona il ristorante amato da Fabrizio De Andr\u00e9\"}]},{\"@type\":\"WebSite\",\"@id\":\"https:\/\/www.intoscana.it\/it\/#website\",\"url\":\"https:\/\/www.intoscana.it\/it\/\",\"name\":\"intoscana\",\"description\":\"\",\"potentialAction\":[{\"@type\":\"SearchAction\",\"target\":{\"@type\":\"EntryPoint\",\"urlTemplate\":\"https:\/\/www.intoscana.it\/it\/?s={search_term_string}\"},\"query-input\":{\"@type\":\"PropertyValueSpecification\",\"valueRequired\":true,\"valueName\":\"search_term_string\"}}],\"inLanguage\":\"it-IT\"},{\"@type\":\"Person\",\"@id\":\"https:\/\/www.intoscana.it\/it\/#\/schema\/person\/43a95334a6f068317e0b7acba24f9e87\",\"name\":\"Simona Bellocci\",\"url\":\"https:\/\/www.intoscana.it\/it\/author\/simona-bellocci\/\"}]}<\/script>\n<!-- \/ Yoast SEO Premium plugin. -->","yoast_head_json":{"title":"Nel borgo di Pedona il ristorante amato da Fabrizio De Andr\u00e9 - intoscana","description":"I tordelli e il fritto misto erano i piatti del Soggiorno di Pedona pi\u00f9 amati da Fabrizio De Andr\u00e8 durante i soggiorni a Villa Quirici.","robots":{"index":"index","follow":"follow","max-snippet":"max-snippet:-1","max-image-preview":"max-image-preview:large","max-video-preview":"max-video-preview:-1"},"canonical":"https:\/\/www.intoscana.it\/it\/nel-borgo-di-pedona-il-ristorante-amato-da-fabrizio-de-andre\/","og_locale":"it_IT","og_type":"article","og_title":"Nel borgo di Pedona il ristorante amato da Fabrizio De Andr\u00e9","og_description":"I tordelli e il fritto misto erano i piatti del Soggiorno di Pedona pi\u00f9 amati da Fabrizio De Andr\u00e8 durante i soggiorni a Villa Quirici.","og_url":"https:\/\/www.intoscana.it\/it\/nel-borgo-di-pedona-il-ristorante-amato-da-fabrizio-de-andre\/","og_site_name":"intoscana","article_publisher":"https:\/\/www.facebook.com\/intoscana.it","article_published_time":"2022-06-08T14:06:13+00:00","article_modified_time":"2022-06-08T14:45:37+00:00","og_image":[{"width":1872,"height":1236,"url":"https:\/\/www.intoscana.it\/wp-content\/uploads\/Il-soggiorno-di-Pedona.jpeg","type":"image\/jpeg"}],"author":"Simona Bellocci","twitter_card":"summary_large_image","twitter_creator":"@intoscana","twitter_site":"@intoscana","twitter_misc":{"Written by":"Simona Bellocci","Est. reading time":"5 minuti"},"schema":{"@context":"https:\/\/schema.org","@graph":[{"@type":"WebPage","@id":"https:\/\/www.intoscana.it\/it\/nel-borgo-di-pedona-il-ristorante-amato-da-fabrizio-de-andre\/","url":"https:\/\/www.intoscana.it\/it\/nel-borgo-di-pedona-il-ristorante-amato-da-fabrizio-de-andre\/","name":"Nel borgo di Pedona il ristorante amato da Fabrizio De Andr\u00e9 - intoscana","isPartOf":{"@id":"https:\/\/www.intoscana.it\/it\/#website"},"primaryImageOfPage":{"@id":"https:\/\/www.intoscana.it\/it\/nel-borgo-di-pedona-il-ristorante-amato-da-fabrizio-de-andre\/#primaryimage"},"image":{"@id":"https:\/\/www.intoscana.it\/it\/nel-borgo-di-pedona-il-ristorante-amato-da-fabrizio-de-andre\/#primaryimage"},"thumbnailUrl":"https:\/\/www.intoscana.it\/wp-content\/uploads\/Il-soggiorno-di-Pedona.jpeg","datePublished":"2022-06-08T14:06:13+00:00","dateModified":"2022-06-08T14:45:37+00:00","author":{"@id":"https:\/\/www.intoscana.it\/it\/#\/schema\/person\/43a95334a6f068317e0b7acba24f9e87"},"description":"I tordelli e il fritto misto erano i piatti del Soggiorno di Pedona pi\u00f9 amati da Fabrizio De Andr\u00e8 durante i soggiorni a Villa Quirici.","breadcrumb":{"@id":"https:\/\/www.intoscana.it\/it\/nel-borgo-di-pedona-il-ristorante-amato-da-fabrizio-de-andre\/#breadcrumb"},"inLanguage":"it-IT","potentialAction":[{"@type":"ReadAction","target":["https:\/\/www.intoscana.it\/it\/nel-borgo-di-pedona-il-ristorante-amato-da-fabrizio-de-andre\/"]}]},{"@type":"ImageObject","inLanguage":"it-IT","@id":"https:\/\/www.intoscana.it\/it\/nel-borgo-di-pedona-il-ristorante-amato-da-fabrizio-de-andre\/#primaryimage","url":"https:\/\/www.intoscana.it\/wp-content\/uploads\/Il-soggiorno-di-Pedona.jpeg","contentUrl":"https:\/\/www.intoscana.it\/wp-content\/uploads\/Il-soggiorno-di-Pedona.jpeg","width":1872,"height":1236},{"@type":"BreadcrumbList","@id":"https:\/\/www.intoscana.it\/it\/nel-borgo-di-pedona-il-ristorante-amato-da-fabrizio-de-andre\/#breadcrumb","itemListElement":[{"@type":"ListItem","position":1,"name":"Home","item":"https:\/\/www.intoscana.it\/it\/"},{"@type":"ListItem","position":2,"name":"Nel borgo di Pedona il ristorante amato da Fabrizio De Andr\u00e9"}]},{"@type":"WebSite","@id":"https:\/\/www.intoscana.it\/it\/#website","url":"https:\/\/www.intoscana.it\/it\/","name":"intoscana","description":"","potentialAction":[{"@type":"SearchAction","target":{"@type":"EntryPoint","urlTemplate":"https:\/\/www.intoscana.it\/it\/?s={search_term_string}"},"query-input":{"@type":"PropertyValueSpecification","valueRequired":true,"valueName":"search_term_string"}}],"inLanguage":"it-IT"},{"@type":"Person","@id":"https:\/\/www.intoscana.it\/it\/#\/schema\/person\/43a95334a6f068317e0b7acba24f9e87","name":"Simona Bellocci","url":"https:\/\/www.intoscana.it\/it\/author\/simona-bellocci\/"}]}},"_links":{"self":[{"href":"https:\/\/www.intoscana.it\/it\/wp-json\/wp\/v2\/posts\/231968","targetHints":{"allow":["GET"]}}],"collection":[{"href":"https:\/\/www.intoscana.it\/it\/wp-json\/wp\/v2\/posts"}],"about":[{"href":"https:\/\/www.intoscana.it\/it\/wp-json\/wp\/v2\/types\/post"}],"author":[{"embeddable":true,"href":"https:\/\/www.intoscana.it\/it\/wp-json\/wp\/v2\/users\/513"}],"replies":[{"embeddable":true,"href":"https:\/\/www.intoscana.it\/it\/wp-json\/wp\/v2\/comments?post=231968"}],"version-history":[{"count":0,"href":"https:\/\/www.intoscana.it\/it\/wp-json\/wp\/v2\/posts\/231968\/revisions"}],"wp:featuredmedia":[{"embeddable":true,"href":"https:\/\/www.intoscana.it\/it\/wp-json\/wp\/v2\/media\/232386"}],"wp:attachment":[{"href":"https:\/\/www.intoscana.it\/it\/wp-json\/wp\/v2\/media?parent=231968"}],"wp:term":[{"taxonomy":"category","embeddable":true,"href":"https:\/\/www.intoscana.it\/it\/wp-json\/wp\/v2\/categories?post=231968"},{"taxonomy":"post_tag","embeddable":true,"href":"https:\/\/www.intoscana.it\/it\/wp-json\/wp\/v2\/tags?post=231968"}],"curies":[{"name":"wp","href":"https:\/\/api.w.org\/{rel}","templated":true}]}}