{"id":232098,"date":"2022-06-07T12:59:42","date_gmt":"2022-06-07T10:59:42","guid":{"rendered":"https:\/\/www.intoscana.it\/it\/?p=232098"},"modified":"2022-06-07T12:59:42","modified_gmt":"2022-06-07T10:59:42","slug":"covid-19-in-toscana-1-628-nuovi-casi-eta-media-41-anni-un-decesso","status":"publish","type":"post","link":"https:\/\/www.intoscana.it\/it\/covid-19-in-toscana-1-628-nuovi-casi-eta-media-41-anni-un-decesso\/","title":{"rendered":"Covid-19: in Toscana 1.628 nuovi casi, et\u00e0 media 41 anni. Un decesso"},"content":{"rendered":"<p><strong>In Toscana sono 1.157.565 i casi di positivit\u00e0 al Coronavirus,<\/strong> 1.628 in pi\u00f9 rispetto a ieri (221 confermati con tampone molecolare e 1.407 da test rapido antigenico). I nuovi casi sono lo 0,1% in pi\u00f9 rispetto al totale del giorno precedente. I guariti crescono dello 0,2% e raggiungono quota 1.123.786 (97,1% dei casi totali).<\/p>\n<p><strong>Oggi sono stati eseguiti 1.499 tamponi molecolari e 10.770 tamponi antigenici rapidi<\/strong>, di questi il 13,3% \u00e8 risultato positivo. Sono invece 2.512 i soggetti testati oggi (con tampone antigenico e\/o molecolare, escludendo i tamponi di controllo), di cui il 64,8% \u00e8 risultato positivo.<\/p>\n<p>Gli attualmente positivi sono oggi 23.665, -2% rispetto a ieri. I ricoverati sono 239 (3 in meno rispetto a ieri), di cui 19 in terapia intensiva (1 in pi\u00f9). <strong>Oggi si registra 1 nuovo decesso: un uomo di 82 anni.<\/strong><\/p>\n<p><strong>L&#8217;et\u00e0 media dei 1.628 nuovi positivi odierni \u00e8 di 41 anni circa<\/strong> (11% ha meno di 20 anni, 21% tra 20 e 39 anni, 37% tra 40 e 59 anni, 23% tra 60 e 79 anni, 6% ha 80 anni o pi\u00f9).<\/p>\n<h3>I casi di positivit\u00e0 sul territorio<\/h3>\n<p><strong>Sono 321.438 i casi complessivi ad oggi a Firenze<\/strong> (366 in pi\u00f9 rispetto a ieri), 79.301 a Prato (86 in pi\u00f9), 92.600 a Pistoia (111 in pi\u00f9), 56.799 a Massa-Carrara (79 in pi\u00f9), 121.368 a Lucca (154 in pi\u00f9), 133.314 a Pisa (297 in pi\u00f9), 102.960 a Livorno (186 in pi\u00f9), 105.414 ad Arezzo (126 in pi\u00f9), 81.755 a Siena (112 in pi\u00f9), 62.061 a Grosseto (111 in pi\u00f9). Sono 555 i casi positivi notificati in Toscana, ma residenti in altre regioni.<\/p>\n<p>Sono 580 i casi riscontrati oggi nell&#8217;Asl Centro, 699 nella Nord Ovest, 349 nella Sud Est.<\/p>\n<p><strong>La Toscana si trova al 8\u00b0 posto in Italia come numerosit\u00e0 di casi<\/strong> (comprensivi di residenti e non residenti), con circa 31.346 casi per 100.000 abitanti (media italiana circa 29.567 per 100.000, dato di ieri). Le province di notifica con il tasso pi\u00f9 alto sono Firenze con 32.194 casi per 100.000 abitanti, Pistoia con 31.904, Pisa con 31.895, la pi\u00f9 bassa Grosseto con 28.488.<br \/>\nComplessivamente, 23.426 persone sono in isolamento a casa, poich\u00e9 presentano sintomi lievi che non richiedono cure ospedaliere, o risultano prive di sintomi (477 in meno rispetto a ieri, meno 2%).<\/p>\n<p><strong>Le persone ricoverate nei posti letto dedicati ai pazienti COVID oggi sono complessivamente 239<\/strong> (3 in meno rispetto a ieri, meno 1,2%), <strong>19 in terapia intensiva<\/strong> (1 in pi\u00f9 rispetto a ieri, pi\u00f9 5,6%).<\/p>\n<p><strong>Le persone complessivamente guarite sono 1.123.786<\/strong> (2.107 in pi\u00f9 rispetto a ieri, pi\u00f9 0,2%): 0 persone clinicamente guarite (stabili rispetto a ieri), divenute cio\u00e8 asintomatiche dopo aver presentato manifestazioni cliniche associate all&#8217;infezione e 1.123.786 (2.107 in pi\u00f9 rispetto a ieri, pi\u00f9 0,2%) dichiarate guarite a tutti gli effetti, le cosiddette guarigioni virali, con tampone negativo.<\/p>\n<h3>I decessi<\/h3>\n<p>Relativamente alla provincia di residenza,<strong> la persona deceduta \u00e8 a Arezzo.<\/strong><\/p>\n<p><strong>Sono 10.114 i deceduti dall&#8217;inizio dell&#8217;epidemia<\/strong> cosi ripartiti: 3.182 a Firenze, 836 a Prato, 908 a Pistoia, 654 a Massa-Carrara, 947 a Lucca, 1.123 a Pisa, 743 a Livorno, 658 ad Arezzo, 535 a Siena, 389 a Grosseto, 139 persone sono decedute sul suolo toscano ma erano residenti fuori regione.<\/p>\n<p>Il tasso grezzo di mortalit\u00e0 toscano (numero di deceduti\/popolazione residente) per Covid-19 \u00e8 di 273,9 per 100.000 residenti contro il 282 per 100.000 della media italiana (10\u00b0 regione). Per quanto riguarda le province, il tasso di mortalit\u00e0 pi\u00f9 alto si riscontra a Massa-Carrara (344,5 per 100.000), Firenze (318,7 per 100.000) e Prato (315,2 per 100.000), il pi\u00f9 basso a Grosseto (178,6 per 100.000).<\/p>\n","protected":false},"excerpt":{"rendered":"<p>I ricoverati sono 239 (3 in meno rispetto a ieri), di cui 19 in terapia intensiva (1 in pi\u00f9)<\/p>\n","protected":false},"author":525,"featured_media":222673,"comment_status":"open","ping_status":"open","sticky":false,"template":"","format":"standard","meta":{"_acf_changed":false,"footnotes":""},"categories":[494],"tags":[418],"class_list":["post-232098","post","type-post","status-publish","format-standard","has-post-thumbnail","hentry","category-attualita","tag-covid-19"],"acf":[],"yoast_head":"<!-- This site is optimized with the Yoast SEO Premium plugin v24.2 (Yoast SEO v25.6) - https:\/\/yoast.com\/wordpress\/plugins\/seo\/ -->\n<title>Covid-19: in Toscana 1.628 nuovi casi, et\u00e0 media 41 anni. Un decesso - intoscana<\/title>\n<meta name=\"description\" content=\"I ricoverati sono 239 (3 in meno rispetto a ieri), di cui 19 in terapia intensiva (1 in pi\u00f9)\" \/>\n<meta name=\"robots\" content=\"index, follow, max-snippet:-1, max-image-preview:large, max-video-preview:-1\" \/>\n<link rel=\"canonical\" href=\"https:\/\/www.intoscana.it\/it\/covid-19-in-toscana-1-628-nuovi-casi-eta-media-41-anni-un-decesso\/\" \/>\n<meta property=\"og:locale\" content=\"it_IT\" \/>\n<meta property=\"og:type\" content=\"article\" \/>\n<meta property=\"og:title\" content=\"Covid-19: in Toscana 1.628 nuovi casi, et\u00e0 media 41 anni. Un decesso\" \/>\n<meta property=\"og:description\" content=\"I ricoverati sono 239 (3 in meno rispetto a ieri), di cui 19 in terapia intensiva (1 in pi\u00f9)\" \/>\n<meta property=\"og:url\" content=\"https:\/\/www.intoscana.it\/it\/covid-19-in-toscana-1-628-nuovi-casi-eta-media-41-anni-un-decesso\/\" \/>\n<meta property=\"og:site_name\" content=\"intoscana\" \/>\n<meta property=\"article:publisher\" content=\"https:\/\/www.facebook.com\/intoscana.it\" \/>\n<meta property=\"article:published_time\" content=\"2022-06-07T10:59:42+00:00\" \/>\n<meta property=\"og:image\" content=\"https:\/\/www.intoscana.it\/wp-content\/uploads\/Ragazza-con-mascherina-Jan-Babora\u0301k-Unsplash.jpg\" \/>\n\t<meta property=\"og:image:width\" content=\"1920\" \/>\n\t<meta property=\"og:image:height\" content=\"1280\" \/>\n\t<meta property=\"og:image:type\" content=\"image\/jpeg\" \/>\n<meta name=\"author\" content=\"Redazione\" \/>\n<meta name=\"twitter:card\" content=\"summary_large_image\" \/>\n<meta name=\"twitter:creator\" content=\"@intoscana\" \/>\n<meta name=\"twitter:site\" content=\"@intoscana\" \/>\n<meta name=\"twitter:label1\" content=\"Written by\" \/>\n\t<meta name=\"twitter:data1\" content=\"Redazione\" \/>\n\t<meta name=\"twitter:label2\" content=\"Est. reading time\" \/>\n\t<meta name=\"twitter:data2\" content=\"2 minuti\" \/>\n<script type=\"application\/ld+json\" class=\"yoast-schema-graph\">{\"@context\":\"https:\/\/schema.org\",\"@graph\":[{\"@type\":\"WebPage\",\"@id\":\"https:\/\/www.intoscana.it\/it\/covid-19-in-toscana-1-628-nuovi-casi-eta-media-41-anni-un-decesso\/\",\"url\":\"https:\/\/www.intoscana.it\/it\/covid-19-in-toscana-1-628-nuovi-casi-eta-media-41-anni-un-decesso\/\",\"name\":\"Covid-19: in Toscana 1.628 nuovi casi, et\u00e0 media 41 anni. Un decesso - intoscana\",\"isPartOf\":{\"@id\":\"https:\/\/www.intoscana.it\/it\/#website\"},\"primaryImageOfPage\":{\"@id\":\"https:\/\/www.intoscana.it\/it\/covid-19-in-toscana-1-628-nuovi-casi-eta-media-41-anni-un-decesso\/#primaryimage\"},\"image\":{\"@id\":\"https:\/\/www.intoscana.it\/it\/covid-19-in-toscana-1-628-nuovi-casi-eta-media-41-anni-un-decesso\/#primaryimage\"},\"thumbnailUrl\":\"https:\/\/www.intoscana.it\/wp-content\/uploads\/Ragazza-con-mascherina-Jan-Babora\u0301k-Unsplash.jpg\",\"datePublished\":\"2022-06-07T10:59:42+00:00\",\"author\":{\"@id\":\"https:\/\/www.intoscana.it\/it\/#\/schema\/person\/9223810753230f20bd670fdd322661f8\"},\"description\":\"I ricoverati sono 239 (3 in meno rispetto a ieri), di cui 19 in terapia intensiva (1 in pi\u00f9)\",\"breadcrumb\":{\"@id\":\"https:\/\/www.intoscana.it\/it\/covid-19-in-toscana-1-628-nuovi-casi-eta-media-41-anni-un-decesso\/#breadcrumb\"},\"inLanguage\":\"it-IT\",\"potentialAction\":[{\"@type\":\"ReadAction\",\"target\":[\"https:\/\/www.intoscana.it\/it\/covid-19-in-toscana-1-628-nuovi-casi-eta-media-41-anni-un-decesso\/\"]}]},{\"@type\":\"ImageObject\",\"inLanguage\":\"it-IT\",\"@id\":\"https:\/\/www.intoscana.it\/it\/covid-19-in-toscana-1-628-nuovi-casi-eta-media-41-anni-un-decesso\/#primaryimage\",\"url\":\"https:\/\/www.intoscana.it\/wp-content\/uploads\/Ragazza-con-mascherina-Jan-Babora\u0301k-Unsplash.jpg\",\"contentUrl\":\"https:\/\/www.intoscana.it\/wp-content\/uploads\/Ragazza-con-mascherina-Jan-Babora\u0301k-Unsplash.jpg\",\"width\":1920,\"height\":1280},{\"@type\":\"BreadcrumbList\",\"@id\":\"https:\/\/www.intoscana.it\/it\/covid-19-in-toscana-1-628-nuovi-casi-eta-media-41-anni-un-decesso\/#breadcrumb\",\"itemListElement\":[{\"@type\":\"ListItem\",\"position\":1,\"name\":\"Home\",\"item\":\"https:\/\/www.intoscana.it\/it\/\"},{\"@type\":\"ListItem\",\"position\":2,\"name\":\"Covid-19: in Toscana 1.628 nuovi casi, et\u00e0 media 41 anni. Un decesso\"}]},{\"@type\":\"WebSite\",\"@id\":\"https:\/\/www.intoscana.it\/it\/#website\",\"url\":\"https:\/\/www.intoscana.it\/it\/\",\"name\":\"intoscana\",\"description\":\"\",\"potentialAction\":[{\"@type\":\"SearchAction\",\"target\":{\"@type\":\"EntryPoint\",\"urlTemplate\":\"https:\/\/www.intoscana.it\/it\/?s={search_term_string}\"},\"query-input\":{\"@type\":\"PropertyValueSpecification\",\"valueRequired\":true,\"valueName\":\"search_term_string\"}}],\"inLanguage\":\"it-IT\"},{\"@type\":\"Person\",\"@id\":\"https:\/\/www.intoscana.it\/it\/#\/schema\/person\/9223810753230f20bd670fdd322661f8\",\"name\":\"Redazione\",\"url\":\"https:\/\/www.intoscana.it\/it\/author\/redazione\/\"}]}<\/script>\n<!-- \/ Yoast SEO Premium plugin. -->","yoast_head_json":{"title":"Covid-19: in Toscana 1.628 nuovi casi, et\u00e0 media 41 anni. Un decesso - intoscana","description":"I ricoverati sono 239 (3 in meno rispetto a ieri), di cui 19 in terapia intensiva (1 in pi\u00f9)","robots":{"index":"index","follow":"follow","max-snippet":"max-snippet:-1","max-image-preview":"max-image-preview:large","max-video-preview":"max-video-preview:-1"},"canonical":"https:\/\/www.intoscana.it\/it\/covid-19-in-toscana-1-628-nuovi-casi-eta-media-41-anni-un-decesso\/","og_locale":"it_IT","og_type":"article","og_title":"Covid-19: in Toscana 1.628 nuovi casi, et\u00e0 media 41 anni. Un decesso","og_description":"I ricoverati sono 239 (3 in meno rispetto a ieri), di cui 19 in terapia intensiva (1 in pi\u00f9)","og_url":"https:\/\/www.intoscana.it\/it\/covid-19-in-toscana-1-628-nuovi-casi-eta-media-41-anni-un-decesso\/","og_site_name":"intoscana","article_publisher":"https:\/\/www.facebook.com\/intoscana.it","article_published_time":"2022-06-07T10:59:42+00:00","og_image":[{"width":1920,"height":1280,"url":"https:\/\/www.intoscana.it\/wp-content\/uploads\/Ragazza-con-mascherina-Jan-Babora\u0301k-Unsplash.jpg","type":"image\/jpeg"}],"author":"Redazione","twitter_card":"summary_large_image","twitter_creator":"@intoscana","twitter_site":"@intoscana","twitter_misc":{"Written by":"Redazione","Est. reading time":"2 minuti"},"schema":{"@context":"https:\/\/schema.org","@graph":[{"@type":"WebPage","@id":"https:\/\/www.intoscana.it\/it\/covid-19-in-toscana-1-628-nuovi-casi-eta-media-41-anni-un-decesso\/","url":"https:\/\/www.intoscana.it\/it\/covid-19-in-toscana-1-628-nuovi-casi-eta-media-41-anni-un-decesso\/","name":"Covid-19: in Toscana 1.628 nuovi casi, et\u00e0 media 41 anni. Un decesso - intoscana","isPartOf":{"@id":"https:\/\/www.intoscana.it\/it\/#website"},"primaryImageOfPage":{"@id":"https:\/\/www.intoscana.it\/it\/covid-19-in-toscana-1-628-nuovi-casi-eta-media-41-anni-un-decesso\/#primaryimage"},"image":{"@id":"https:\/\/www.intoscana.it\/it\/covid-19-in-toscana-1-628-nuovi-casi-eta-media-41-anni-un-decesso\/#primaryimage"},"thumbnailUrl":"https:\/\/www.intoscana.it\/wp-content\/uploads\/Ragazza-con-mascherina-Jan-Babora\u0301k-Unsplash.jpg","datePublished":"2022-06-07T10:59:42+00:00","author":{"@id":"https:\/\/www.intoscana.it\/it\/#\/schema\/person\/9223810753230f20bd670fdd322661f8"},"description":"I ricoverati sono 239 (3 in meno rispetto a ieri), di cui 19 in terapia intensiva (1 in pi\u00f9)","breadcrumb":{"@id":"https:\/\/www.intoscana.it\/it\/covid-19-in-toscana-1-628-nuovi-casi-eta-media-41-anni-un-decesso\/#breadcrumb"},"inLanguage":"it-IT","potentialAction":[{"@type":"ReadAction","target":["https:\/\/www.intoscana.it\/it\/covid-19-in-toscana-1-628-nuovi-casi-eta-media-41-anni-un-decesso\/"]}]},{"@type":"ImageObject","inLanguage":"it-IT","@id":"https:\/\/www.intoscana.it\/it\/covid-19-in-toscana-1-628-nuovi-casi-eta-media-41-anni-un-decesso\/#primaryimage","url":"https:\/\/www.intoscana.it\/wp-content\/uploads\/Ragazza-con-mascherina-Jan-Babora\u0301k-Unsplash.jpg","contentUrl":"https:\/\/www.intoscana.it\/wp-content\/uploads\/Ragazza-con-mascherina-Jan-Babora\u0301k-Unsplash.jpg","width":1920,"height":1280},{"@type":"BreadcrumbList","@id":"https:\/\/www.intoscana.it\/it\/covid-19-in-toscana-1-628-nuovi-casi-eta-media-41-anni-un-decesso\/#breadcrumb","itemListElement":[{"@type":"ListItem","position":1,"name":"Home","item":"https:\/\/www.intoscana.it\/it\/"},{"@type":"ListItem","position":2,"name":"Covid-19: in Toscana 1.628 nuovi casi, et\u00e0 media 41 anni. Un decesso"}]},{"@type":"WebSite","@id":"https:\/\/www.intoscana.it\/it\/#website","url":"https:\/\/www.intoscana.it\/it\/","name":"intoscana","description":"","potentialAction":[{"@type":"SearchAction","target":{"@type":"EntryPoint","urlTemplate":"https:\/\/www.intoscana.it\/it\/?s={search_term_string}"},"query-input":{"@type":"PropertyValueSpecification","valueRequired":true,"valueName":"search_term_string"}}],"inLanguage":"it-IT"},{"@type":"Person","@id":"https:\/\/www.intoscana.it\/it\/#\/schema\/person\/9223810753230f20bd670fdd322661f8","name":"Redazione","url":"https:\/\/www.intoscana.it\/it\/author\/redazione\/"}]}},"_links":{"self":[{"href":"https:\/\/www.intoscana.it\/it\/wp-json\/wp\/v2\/posts\/232098","targetHints":{"allow":["GET"]}}],"collection":[{"href":"https:\/\/www.intoscana.it\/it\/wp-json\/wp\/v2\/posts"}],"about":[{"href":"https:\/\/www.intoscana.it\/it\/wp-json\/wp\/v2\/types\/post"}],"author":[{"embeddable":true,"href":"https:\/\/www.intoscana.it\/it\/wp-json\/wp\/v2\/users\/525"}],"replies":[{"embeddable":true,"href":"https:\/\/www.intoscana.it\/it\/wp-json\/wp\/v2\/comments?post=232098"}],"version-history":[{"count":0,"href":"https:\/\/www.intoscana.it\/it\/wp-json\/wp\/v2\/posts\/232098\/revisions"}],"wp:featuredmedia":[{"embeddable":true,"href":"https:\/\/www.intoscana.it\/it\/wp-json\/wp\/v2\/media\/222673"}],"wp:attachment":[{"href":"https:\/\/www.intoscana.it\/it\/wp-json\/wp\/v2\/media?parent=232098"}],"wp:term":[{"taxonomy":"category","embeddable":true,"href":"https:\/\/www.intoscana.it\/it\/wp-json\/wp\/v2\/categories?post=232098"},{"taxonomy":"post_tag","embeddable":true,"href":"https:\/\/www.intoscana.it\/it\/wp-json\/wp\/v2\/tags?post=232098"}],"curies":[{"name":"wp","href":"https:\/\/api.w.org\/{rel}","templated":true}]}}