{"id":232266,"date":"2022-06-10T16:30:49","date_gmt":"2022-06-10T14:30:49","guid":{"rendered":"https:\/\/www.intoscana.it\/it\/?p=232266"},"modified":"2022-06-10T16:33:08","modified_gmt":"2022-06-10T14:33:08","slug":"primavera-dimpresa-un-premio-per-linnovazione-e-la-creativita-sono-116-le-imprese-candidate","status":"publish","type":"post","link":"https:\/\/www.intoscana.it\/it\/primavera-dimpresa-un-premio-per-linnovazione-e-la-creativita-sono-116-le-imprese-candidate\/","title":{"rendered":"Un premio per la creativit\u00e0 e l&#8217;innovazione: sono 116 le imprese candidate"},"content":{"rendered":"<p>Centosedici idee imprenditoriali innovative, sostenibili e creative. Sono le candidate al premio <a href=\"https:\/\/www.intoscana.it\/it\/articolo\/creativita-e-innovazione-idee-imprenditoriali-in-gara-per-il-concorso-primavera-dimpresa\/\" target=\"_blank\" rel=\"noopener\"><strong>Primavera d&#8217;Impresa 2022<\/strong><\/a>, concorso organizzato dalla cooperativa Crisis, rivolto a micro, piccole e medie imprese che sono riuscite, innovandosi, a raggiungere una maggiore competitivit\u00e0. Dopo Pisa, Prato, Livorno e l\u2019edizione solo on line del 2021, stavolta tocca a Firenze: una vetrina, ma anche un\u2019occasione di scambio ed un\u2019opportunit\u00e0 per fare rete.<\/p>\n<p>\u201c<em>Si tratta di un evento che sta crescendo anno dopo anno<\/em> \u2013 commenta il presidente della Toscana, <strong>Eugenio Giani<\/strong> \u2013 e<em> quei progetti rapprentano un segno di creativit\u00e0, di dinamismo imprenditoriale e idee nuove nella nostra economia: brillantezza, inventiva e genialit\u00e0 che mettono insieme l\u2019eccellenza del nostro essere toscani, che come Regione intendiamo valorizzare, ma anche i giovani, perch\u00e9 molte di queste imprese lavorano assieme a start up. E valorizzare la creativit\u00e0 dei giovani, sul piano economico e su quello sociali, \u00e8 un altro obiettivo dell\u2019agenda di questa giunta\u201d<\/em>.<\/p>\n<h3><em>Un premio alla creativit\u00e0 e all&#8217;innovazione<\/em><\/h3>\n<p>L\u2019evento conclusivo dell&#8217;edizione 2022 di Primavera d&#8217;Impresa si terr\u00e0, di nuovo in presenza,<mark>il 14 e 15 giugno al Palazzo Congressi di piazza Adua a Firenze, con la premiazione delle prime tre aziende che si sono distinte per azioni che hanno garantito un maggior sviluppo ed un nuovo approccio del business a vantaggio della comunit\u00e0.<\/mark><\/p>\n<p>Obiettivo di <strong>Primavera d\u2019Impresa<\/strong> \u00e8 contribuire a far conoscere le migliori esperienze di lavoro, ricerca e innovazione e divulgare l\u2019innovazione a livello territoriale e nazionale. Lo scopo \u00e8 anche incentivare la conoscenza e il confronto di enti pubblici, associazioni, giornalisti, micro, piccole e medie imprese su novit\u00e0, innovazioni e nuovi approcci di fare business per lo sviluppo dei territori.<\/p>\n<p><mark>\u201c<em>Quella di quest&#8217;anno \u00e8 un&#8217;edizione record, con il maggior numero di candidati dalla nascita del premio e tutti con progetti caratterizzati da profili di alto livello<\/mark> &#8211; <\/em>\u00a0conferma <strong>Cristina Nati<\/strong>, presidente della cooperativa Crisis &#8211; <em>\u00c8 la dimostrazione della voglia del mondo imprenditoriale, soprattutto delle piccole e medie imprese, di ripartire e di mettersi in gioco. Questo concorso vuole essere un&#8217;iniziativa per premiarle ma anche un&#8217;occasione di formazione e informazione e un&#8217;opportunit\u00e0 per fare rete: soprattutto per le piccole e medie imprese \u00e8 importante creare collaborazioni e scambi virtuosi con istituzioni, mondo accademico, altre aziende\u201d<\/em><\/p>\n<p>Nei due giorni di iniziative ci sar\u00e0 spazio per incontri tra aziende, dibatti e seminari collettivi. Si parler\u00e0 delle infrastrutture che possono aiutare i territori a decollare e ad essere pi\u00f9 competitivi, ma anche di come organizzare l\u2019azienda in modo vincente o della qualit\u00e0 del lavoro e della sostenibilit\u00e0 economica. Ci saranno focus dedicati al turismo dopo la pandemia, al Pnrr e al binomio tecnologia e ambiente.<\/p>\n<p>Durante l&#8217;evento si potr\u00e0 visitare anche la mostra <a href=\"https:\/\/www.intoscana.it\/it\/articolo\/primavera-dimpresa-un-concorso-fotografico-per-capire-la-toscana-con-gli-occhi-dei-ragazzi\/\">\u201cIl futuro in un click: idee per lo sviluppo del Paese\u201d<\/a>, con le foto selezionate per il concorso fotografico organizzato da Associazione 46\u00b0Parallelo \u2013 editrice fra l\u2019altro dell\u2019Atlante delle Guerre e dei Conflitti del Mondo e creatrice del concorso fotografico internazionale Wars \u2013 e da Primavera d\u2019Impresa.<\/p>\n","protected":false},"excerpt":{"rendered":"<p>Il 14 e il 15 giugno, a Firenze,\u00a0 evento conclusivo dell&#8217;iniziativa nata per sostenere le piccole e medie realt\u00e0 toscane. Giani: &#8220;Valorizzare le idee dei giovani&#8221;<\/p>\n","protected":false},"author":525,"featured_media":232281,"comment_status":"open","ping_status":"open","sticky":false,"template":"","format":"standard","meta":{"_acf_changed":false,"footnotes":""},"categories":[475],"tags":[1635],"class_list":["post-232266","post","type-post","status-publish","format-standard","has-post-thumbnail","hentry","category-innovazione","tag-primavera-dimpresa"],"acf":[],"yoast_head":"<!-- This site is optimized with the Yoast SEO Premium plugin v24.2 (Yoast SEO v25.6) - https:\/\/yoast.com\/wordpress\/plugins\/seo\/ -->\n<title>Un premio per la creativit\u00e0 e l&#039;innovazione: sono 116 le imprese candidate - intoscana<\/title>\n<meta name=\"description\" content=\"Il 14 e il 15 giugno, a Firenze,\u00a0 evento conclusivo dell&#039;iniziativa nata per sostenere le piccole e medie imprese toscane\" \/>\n<meta name=\"robots\" content=\"index, follow, max-snippet:-1, max-image-preview:large, max-video-preview:-1\" \/>\n<link rel=\"canonical\" href=\"https:\/\/www.intoscana.it\/it\/primavera-dimpresa-un-premio-per-linnovazione-e-la-creativita-sono-116-le-imprese-candidate\/\" \/>\n<meta property=\"og:locale\" content=\"it_IT\" \/>\n<meta property=\"og:type\" content=\"article\" \/>\n<meta property=\"og:title\" content=\"Un premio per la creativit\u00e0 e l&#039;innovazione: sono 116 le imprese candidate\" \/>\n<meta property=\"og:description\" content=\"Il 14 e il 15 giugno, a Firenze,\u00a0 evento conclusivo dell&#039;iniziativa nata per sostenere le piccole e medie imprese toscane\" \/>\n<meta property=\"og:url\" content=\"https:\/\/www.intoscana.it\/it\/primavera-dimpresa-un-premio-per-linnovazione-e-la-creativita-sono-116-le-imprese-candidate\/\" \/>\n<meta property=\"og:site_name\" content=\"intoscana\" \/>\n<meta property=\"article:publisher\" content=\"https:\/\/www.facebook.com\/intoscana.it\" \/>\n<meta property=\"article:published_time\" content=\"2022-06-10T14:30:49+00:00\" \/>\n<meta property=\"article:modified_time\" content=\"2022-06-10T14:33:08+00:00\" \/>\n<meta property=\"og:image\" content=\"https:\/\/www.intoscana.it\/wp-content\/uploads\/shutterstock_2024842343-scaled.jpg\" \/>\n\t<meta property=\"og:image:width\" content=\"2048\" \/>\n\t<meta property=\"og:image:height\" content=\"1365\" \/>\n\t<meta property=\"og:image:type\" content=\"image\/jpeg\" \/>\n<meta name=\"author\" content=\"Redazione\" \/>\n<meta name=\"twitter:card\" content=\"summary_large_image\" \/>\n<meta name=\"twitter:creator\" content=\"@intoscana\" \/>\n<meta name=\"twitter:site\" content=\"@intoscana\" \/>\n<meta name=\"twitter:label1\" content=\"Written by\" \/>\n\t<meta name=\"twitter:data1\" content=\"Redazione\" \/>\n\t<meta name=\"twitter:label2\" content=\"Est. reading time\" \/>\n\t<meta name=\"twitter:data2\" content=\"2 minuti\" \/>\n<script type=\"application\/ld+json\" class=\"yoast-schema-graph\">{\"@context\":\"https:\/\/schema.org\",\"@graph\":[{\"@type\":\"WebPage\",\"@id\":\"https:\/\/www.intoscana.it\/it\/primavera-dimpresa-un-premio-per-linnovazione-e-la-creativita-sono-116-le-imprese-candidate\/\",\"url\":\"https:\/\/www.intoscana.it\/it\/primavera-dimpresa-un-premio-per-linnovazione-e-la-creativita-sono-116-le-imprese-candidate\/\",\"name\":\"Un premio per la creativit\u00e0 e l'innovazione: sono 116 le imprese candidate - intoscana\",\"isPartOf\":{\"@id\":\"https:\/\/www.intoscana.it\/it\/#website\"},\"primaryImageOfPage\":{\"@id\":\"https:\/\/www.intoscana.it\/it\/primavera-dimpresa-un-premio-per-linnovazione-e-la-creativita-sono-116-le-imprese-candidate\/#primaryimage\"},\"image\":{\"@id\":\"https:\/\/www.intoscana.it\/it\/primavera-dimpresa-un-premio-per-linnovazione-e-la-creativita-sono-116-le-imprese-candidate\/#primaryimage\"},\"thumbnailUrl\":\"https:\/\/www.intoscana.it\/wp-content\/uploads\/shutterstock_2024842343-scaled.jpg\",\"datePublished\":\"2022-06-10T14:30:49+00:00\",\"dateModified\":\"2022-06-10T14:33:08+00:00\",\"author\":{\"@id\":\"https:\/\/www.intoscana.it\/it\/#\/schema\/person\/9223810753230f20bd670fdd322661f8\"},\"description\":\"Il 14 e il 15 giugno, a Firenze,\u00a0 evento conclusivo dell'iniziativa nata per sostenere le piccole e medie imprese toscane\",\"breadcrumb\":{\"@id\":\"https:\/\/www.intoscana.it\/it\/primavera-dimpresa-un-premio-per-linnovazione-e-la-creativita-sono-116-le-imprese-candidate\/#breadcrumb\"},\"inLanguage\":\"it-IT\",\"potentialAction\":[{\"@type\":\"ReadAction\",\"target\":[\"https:\/\/www.intoscana.it\/it\/primavera-dimpresa-un-premio-per-linnovazione-e-la-creativita-sono-116-le-imprese-candidate\/\"]}]},{\"@type\":\"ImageObject\",\"inLanguage\":\"it-IT\",\"@id\":\"https:\/\/www.intoscana.it\/it\/primavera-dimpresa-un-premio-per-linnovazione-e-la-creativita-sono-116-le-imprese-candidate\/#primaryimage\",\"url\":\"https:\/\/www.intoscana.it\/wp-content\/uploads\/shutterstock_2024842343-scaled.jpg\",\"contentUrl\":\"https:\/\/www.intoscana.it\/wp-content\/uploads\/shutterstock_2024842343-scaled.jpg\",\"width\":2048,\"height\":1365,\"caption\":\"Innovazione, startup e progetti imprenditoriali in Toscana\"},{\"@type\":\"BreadcrumbList\",\"@id\":\"https:\/\/www.intoscana.it\/it\/primavera-dimpresa-un-premio-per-linnovazione-e-la-creativita-sono-116-le-imprese-candidate\/#breadcrumb\",\"itemListElement\":[{\"@type\":\"ListItem\",\"position\":1,\"name\":\"Home\",\"item\":\"https:\/\/www.intoscana.it\/it\/\"},{\"@type\":\"ListItem\",\"position\":2,\"name\":\"Un premio per la creativit\u00e0 e l&#8217;innovazione: sono 116 le imprese candidate\"}]},{\"@type\":\"WebSite\",\"@id\":\"https:\/\/www.intoscana.it\/it\/#website\",\"url\":\"https:\/\/www.intoscana.it\/it\/\",\"name\":\"intoscana\",\"description\":\"\",\"potentialAction\":[{\"@type\":\"SearchAction\",\"target\":{\"@type\":\"EntryPoint\",\"urlTemplate\":\"https:\/\/www.intoscana.it\/it\/?s={search_term_string}\"},\"query-input\":{\"@type\":\"PropertyValueSpecification\",\"valueRequired\":true,\"valueName\":\"search_term_string\"}}],\"inLanguage\":\"it-IT\"},{\"@type\":\"Person\",\"@id\":\"https:\/\/www.intoscana.it\/it\/#\/schema\/person\/9223810753230f20bd670fdd322661f8\",\"name\":\"Redazione\",\"url\":\"https:\/\/www.intoscana.it\/it\/author\/redazione\/\"}]}<\/script>\n<!-- \/ Yoast SEO Premium plugin. -->","yoast_head_json":{"title":"Un premio per la creativit\u00e0 e l'innovazione: sono 116 le imprese candidate - intoscana","description":"Il 14 e il 15 giugno, a Firenze,\u00a0 evento conclusivo dell'iniziativa nata per sostenere le piccole e medie imprese toscane","robots":{"index":"index","follow":"follow","max-snippet":"max-snippet:-1","max-image-preview":"max-image-preview:large","max-video-preview":"max-video-preview:-1"},"canonical":"https:\/\/www.intoscana.it\/it\/primavera-dimpresa-un-premio-per-linnovazione-e-la-creativita-sono-116-le-imprese-candidate\/","og_locale":"it_IT","og_type":"article","og_title":"Un premio per la creativit\u00e0 e l'innovazione: sono 116 le imprese candidate","og_description":"Il 14 e il 15 giugno, a Firenze,\u00a0 evento conclusivo dell'iniziativa nata per sostenere le piccole e medie imprese toscane","og_url":"https:\/\/www.intoscana.it\/it\/primavera-dimpresa-un-premio-per-linnovazione-e-la-creativita-sono-116-le-imprese-candidate\/","og_site_name":"intoscana","article_publisher":"https:\/\/www.facebook.com\/intoscana.it","article_published_time":"2022-06-10T14:30:49+00:00","article_modified_time":"2022-06-10T14:33:08+00:00","og_image":[{"width":2048,"height":1365,"url":"https:\/\/www.intoscana.it\/wp-content\/uploads\/shutterstock_2024842343-scaled.jpg","type":"image\/jpeg"}],"author":"Redazione","twitter_card":"summary_large_image","twitter_creator":"@intoscana","twitter_site":"@intoscana","twitter_misc":{"Written by":"Redazione","Est. reading time":"2 minuti"},"schema":{"@context":"https:\/\/schema.org","@graph":[{"@type":"WebPage","@id":"https:\/\/www.intoscana.it\/it\/primavera-dimpresa-un-premio-per-linnovazione-e-la-creativita-sono-116-le-imprese-candidate\/","url":"https:\/\/www.intoscana.it\/it\/primavera-dimpresa-un-premio-per-linnovazione-e-la-creativita-sono-116-le-imprese-candidate\/","name":"Un premio per la creativit\u00e0 e l'innovazione: sono 116 le imprese candidate - intoscana","isPartOf":{"@id":"https:\/\/www.intoscana.it\/it\/#website"},"primaryImageOfPage":{"@id":"https:\/\/www.intoscana.it\/it\/primavera-dimpresa-un-premio-per-linnovazione-e-la-creativita-sono-116-le-imprese-candidate\/#primaryimage"},"image":{"@id":"https:\/\/www.intoscana.it\/it\/primavera-dimpresa-un-premio-per-linnovazione-e-la-creativita-sono-116-le-imprese-candidate\/#primaryimage"},"thumbnailUrl":"https:\/\/www.intoscana.it\/wp-content\/uploads\/shutterstock_2024842343-scaled.jpg","datePublished":"2022-06-10T14:30:49+00:00","dateModified":"2022-06-10T14:33:08+00:00","author":{"@id":"https:\/\/www.intoscana.it\/it\/#\/schema\/person\/9223810753230f20bd670fdd322661f8"},"description":"Il 14 e il 15 giugno, a Firenze,\u00a0 evento conclusivo dell'iniziativa nata per sostenere le piccole e medie imprese toscane","breadcrumb":{"@id":"https:\/\/www.intoscana.it\/it\/primavera-dimpresa-un-premio-per-linnovazione-e-la-creativita-sono-116-le-imprese-candidate\/#breadcrumb"},"inLanguage":"it-IT","potentialAction":[{"@type":"ReadAction","target":["https:\/\/www.intoscana.it\/it\/primavera-dimpresa-un-premio-per-linnovazione-e-la-creativita-sono-116-le-imprese-candidate\/"]}]},{"@type":"ImageObject","inLanguage":"it-IT","@id":"https:\/\/www.intoscana.it\/it\/primavera-dimpresa-un-premio-per-linnovazione-e-la-creativita-sono-116-le-imprese-candidate\/#primaryimage","url":"https:\/\/www.intoscana.it\/wp-content\/uploads\/shutterstock_2024842343-scaled.jpg","contentUrl":"https:\/\/www.intoscana.it\/wp-content\/uploads\/shutterstock_2024842343-scaled.jpg","width":2048,"height":1365,"caption":"Innovazione, startup e progetti imprenditoriali in Toscana"},{"@type":"BreadcrumbList","@id":"https:\/\/www.intoscana.it\/it\/primavera-dimpresa-un-premio-per-linnovazione-e-la-creativita-sono-116-le-imprese-candidate\/#breadcrumb","itemListElement":[{"@type":"ListItem","position":1,"name":"Home","item":"https:\/\/www.intoscana.it\/it\/"},{"@type":"ListItem","position":2,"name":"Un premio per la creativit\u00e0 e l&#8217;innovazione: sono 116 le imprese candidate"}]},{"@type":"WebSite","@id":"https:\/\/www.intoscana.it\/it\/#website","url":"https:\/\/www.intoscana.it\/it\/","name":"intoscana","description":"","potentialAction":[{"@type":"SearchAction","target":{"@type":"EntryPoint","urlTemplate":"https:\/\/www.intoscana.it\/it\/?s={search_term_string}"},"query-input":{"@type":"PropertyValueSpecification","valueRequired":true,"valueName":"search_term_string"}}],"inLanguage":"it-IT"},{"@type":"Person","@id":"https:\/\/www.intoscana.it\/it\/#\/schema\/person\/9223810753230f20bd670fdd322661f8","name":"Redazione","url":"https:\/\/www.intoscana.it\/it\/author\/redazione\/"}]}},"_links":{"self":[{"href":"https:\/\/www.intoscana.it\/it\/wp-json\/wp\/v2\/posts\/232266","targetHints":{"allow":["GET"]}}],"collection":[{"href":"https:\/\/www.intoscana.it\/it\/wp-json\/wp\/v2\/posts"}],"about":[{"href":"https:\/\/www.intoscana.it\/it\/wp-json\/wp\/v2\/types\/post"}],"author":[{"embeddable":true,"href":"https:\/\/www.intoscana.it\/it\/wp-json\/wp\/v2\/users\/525"}],"replies":[{"embeddable":true,"href":"https:\/\/www.intoscana.it\/it\/wp-json\/wp\/v2\/comments?post=232266"}],"version-history":[{"count":0,"href":"https:\/\/www.intoscana.it\/it\/wp-json\/wp\/v2\/posts\/232266\/revisions"}],"wp:featuredmedia":[{"embeddable":true,"href":"https:\/\/www.intoscana.it\/it\/wp-json\/wp\/v2\/media\/232281"}],"wp:attachment":[{"href":"https:\/\/www.intoscana.it\/it\/wp-json\/wp\/v2\/media?parent=232266"}],"wp:term":[{"taxonomy":"category","embeddable":true,"href":"https:\/\/www.intoscana.it\/it\/wp-json\/wp\/v2\/categories?post=232266"},{"taxonomy":"post_tag","embeddable":true,"href":"https:\/\/www.intoscana.it\/it\/wp-json\/wp\/v2\/tags?post=232266"}],"curies":[{"name":"wp","href":"https:\/\/api.w.org\/{rel}","templated":true}]}}