{"id":232283,"date":"2022-06-08T12:31:01","date_gmt":"2022-06-08T10:31:01","guid":{"rendered":"https:\/\/www.intoscana.it\/it\/?p=232283"},"modified":"2022-06-08T12:31:01","modified_gmt":"2022-06-08T10:31:01","slug":"covid-19-1273-nuovi-casi-in-toscana-e-2-decessi","status":"publish","type":"post","link":"https:\/\/www.intoscana.it\/it\/covid-19-1273-nuovi-casi-in-toscana-e-2-decessi\/","title":{"rendered":"Covid-19: 1273 nuovi casi in Toscana e 2 decessi"},"content":{"rendered":"<p><strong>Sono 1.273 i nuovi casi di Covid-19 oggi in Toscana<\/strong>, 301 confermati con tampone molecolare e 972 da test rapido antigenico, pari allo 0,1% in pi\u00f9 rispetto al totale del giorno precedente. I guariti crescono dello 0,1% e raggiungono quota 1.124.980 (97,1% dei casi totali).<strong> Oggi sono stati eseguiti 1.496 tamponi molecolari e 8.183 tamponi antigenici rapidi, di questi il 13,2% \u00e8 risultato positivo.<\/strong> Sono invece 2.050 i soggetti testati oggi (con tampone antigenico e\/o molecolare, escludendo i tamponi di controllo), di cui il 62,1% \u00e8 risultato positivo. Gli attualmente positivi sono oggi 23.742, +0,3% rispetto a ieri. I ricoverati sono 230 (9 in meno rispetto a ieri), di cui 15 in terapia intensiva (4 in meno).<strong><br \/>\n<\/strong><strong>Si registrano 2 nuovi decessi: un uomo e una donna con un&#8217;et\u00e0 media di 92,5 anni (1 a Pisa, 1 a Livorno).<\/strong><\/p>\n<p>Questi i dati &#8211; accertati alle ore 12 di oggi sulla base delle richieste della Protezione Civile Nazionale &#8211; relativi all&#8217;andamento dell&#8217;epidemia in regione.<\/p>\n<h3>L&#8217;et\u00e0 media dei nuovi casi \u00e8 47 anni<\/h3>\n<p><strong>L&#8217;et\u00e0 media dei 1.273 nuovi positivi odierni \u00e8 di 47 anni circa<\/strong> (11% ha meno di 20 anni, 22% tra 20 e 39 anni, 36% tra 40 e 59 anni, 22% tra 60 e 79 anni, 9% ha 80 anni o pi\u00f9).<\/p>\n<p>Di seguito i casi di positivit\u00e0 sul territorio con la variazione rispetto a ieri (301 confermati con tampone molecolare e 972 da test rapido antigenico). Sono 321.775 i casi complessivi ad oggi a Firenze (337 in pi\u00f9 rispetto a ieri), 79.361 a Prato (60 in pi\u00f9), 92.693 a Pistoia (93 in pi\u00f9), 56.863 a Massa (64 in pi\u00f9), 121.501 a Lucca (133 in pi\u00f9), 133.506 a Pisa (192 in pi\u00f9), 103.097 a Livorno (137 in pi\u00f9), 105.486 ad Arezzo (72 in pi\u00f9), 81.874 a Siena (119 in pi\u00f9), 62.127 a Grosseto (66 in pi\u00f9). Sono 555 i casi positivi notificati in Toscana, ma residenti in altre regioni. Sono 498 i casi riscontrati oggi nell&#8217;Asl Centro, 518 nella Nord Ovest, 257 nella Sud est.<\/p>\n<p><strong>La Toscana si trova al 8\u00b0 posto in Italia come numerosit\u00e0 di casi<\/strong> (comprensivi di residenti e non residenti), con circa 31.380 casi per 100.000 abitanti (media italiana circa 29.616i). Le province di notifica con il tasso pi\u00f9 alto sono Firenze con 32.228 casi, Pisa con 31.941, Pistoia con 31.936, la pi\u00f9 bassa Grosseto con 28.519.<\/p>\n<h3>In diminuzione i ricoveri, 1194 guariti in pi\u00f9<\/h3>\n<p><strong>Le persone ricoverate sono complessivamente 230 (9 in meno rispetto a ieri, meno 3,8%)<\/strong>, 15 in terapia intensiva (4 in meno rispetto a ieri, meno 21,1%).<br \/>\n<strong>Le persone complessivamente guarite sono 1.124.980 (1.194 in pi\u00f9 rispetto a ieri, pi\u00f9 0,1%)<\/strong>: 0 persone clinicamente guarite (stabili rispetto a ieri), divenute cio\u00e8 asintomatiche dopo aver presentato manifestazioni cliniche associate all&#8217;infezione e 1.124.980 (1.194 in pi\u00f9 rispetto a ieri, pi\u00f9 0,1%) dichiarate guarite a tutti gli effetti, le cosiddette guarigioni virali, con tampone negativo.<\/p>\n<p><strong>Complessivamente, 23.512 persone sono in isolamento a casa<\/strong>, poich\u00e9 presentano sintomi lievi che non richiedono cure ospedaliere, o risultano prive di sintomi (86 in pi\u00f9 rispetto a ieri, pi\u00f9 0,4%).<\/p>\n<p>Sono 10.116 i deceduti dall&#8217;inizio dell&#8217;epidemia cosi ripartiti: 3.182 a Firenze, 836 a Prato, 908 a Pistoia, 654 a Massa Carrara, 947 a Lucca, 1.124 a Pisa, 744 a Livorno, 658 ad Arezzo, 535 a Siena, 389 a Grosseto, 139 persone sono decedute sul suolo toscano ma erano residenti fuori regione.<\/p>\n","protected":false},"excerpt":{"rendered":"<p>Oggi sono stati eseguiti 1.496 tamponi molecolari e 8.183 tamponi antigenici rapidi, di cui il 13,2% \u00e8 risultato positivo<\/p>\n","protected":false},"author":525,"featured_media":202281,"comment_status":"open","ping_status":"open","sticky":false,"template":"","format":"standard","meta":{"_acf_changed":false,"footnotes":""},"categories":[494],"tags":[418],"class_list":["post-232283","post","type-post","status-publish","format-standard","has-post-thumbnail","hentry","category-attualita","tag-covid-19"],"acf":[],"yoast_head":"<!-- This site is optimized with the Yoast SEO Premium plugin v24.2 (Yoast SEO v25.6) - https:\/\/yoast.com\/wordpress\/plugins\/seo\/ -->\n<title>Covid-19: 1273 nuovi casi in Toscana e 2 decessi - intoscana<\/title>\n<meta name=\"robots\" content=\"index, follow, max-snippet:-1, max-image-preview:large, max-video-preview:-1\" \/>\n<link rel=\"canonical\" href=\"https:\/\/www.intoscana.it\/it\/covid-19-1273-nuovi-casi-in-toscana-e-2-decessi\/\" \/>\n<meta property=\"og:locale\" content=\"it_IT\" \/>\n<meta property=\"og:type\" content=\"article\" \/>\n<meta property=\"og:title\" content=\"Covid-19: 1273 nuovi casi in Toscana e 2 decessi\" \/>\n<meta property=\"og:description\" content=\"Oggi sono stati eseguiti 1.496 tamponi molecolari e 8.183 tamponi antigenici rapidi, di cui il 13,2% \u00e8 risultato positivo\" \/>\n<meta property=\"og:url\" content=\"https:\/\/www.intoscana.it\/it\/covid-19-1273-nuovi-casi-in-toscana-e-2-decessi\/\" \/>\n<meta property=\"og:site_name\" content=\"intoscana\" \/>\n<meta property=\"article:publisher\" content=\"https:\/\/www.facebook.com\/intoscana.it\" \/>\n<meta property=\"article:published_time\" content=\"2022-06-08T10:31:01+00:00\" \/>\n<meta property=\"og:image\" content=\"https:\/\/www.intoscana.it\/wp-content\/uploads\/PFI_0683-scaled.jpg\" \/>\n\t<meta property=\"og:image:width\" content=\"2048\" \/>\n\t<meta property=\"og:image:height\" content=\"1363\" \/>\n\t<meta property=\"og:image:type\" content=\"image\/jpeg\" \/>\n<meta name=\"author\" content=\"Redazione\" \/>\n<meta name=\"twitter:card\" content=\"summary_large_image\" \/>\n<meta name=\"twitter:creator\" content=\"@intoscana\" \/>\n<meta name=\"twitter:site\" content=\"@intoscana\" \/>\n<meta name=\"twitter:label1\" content=\"Written by\" \/>\n\t<meta name=\"twitter:data1\" content=\"Redazione\" \/>\n\t<meta name=\"twitter:label2\" content=\"Est. reading time\" \/>\n\t<meta name=\"twitter:data2\" content=\"2 minuti\" \/>\n<script type=\"application\/ld+json\" class=\"yoast-schema-graph\">{\"@context\":\"https:\/\/schema.org\",\"@graph\":[{\"@type\":\"WebPage\",\"@id\":\"https:\/\/www.intoscana.it\/it\/covid-19-1273-nuovi-casi-in-toscana-e-2-decessi\/\",\"url\":\"https:\/\/www.intoscana.it\/it\/covid-19-1273-nuovi-casi-in-toscana-e-2-decessi\/\",\"name\":\"Covid-19: 1273 nuovi casi in Toscana e 2 decessi - intoscana\",\"isPartOf\":{\"@id\":\"https:\/\/www.intoscana.it\/it\/#website\"},\"primaryImageOfPage\":{\"@id\":\"https:\/\/www.intoscana.it\/it\/covid-19-1273-nuovi-casi-in-toscana-e-2-decessi\/#primaryimage\"},\"image\":{\"@id\":\"https:\/\/www.intoscana.it\/it\/covid-19-1273-nuovi-casi-in-toscana-e-2-decessi\/#primaryimage\"},\"thumbnailUrl\":\"https:\/\/www.intoscana.it\/wp-content\/uploads\/PFI_0683-scaled.jpg\",\"datePublished\":\"2022-06-08T10:31:01+00:00\",\"author\":{\"@id\":\"https:\/\/www.intoscana.it\/it\/#\/schema\/person\/9223810753230f20bd670fdd322661f8\"},\"breadcrumb\":{\"@id\":\"https:\/\/www.intoscana.it\/it\/covid-19-1273-nuovi-casi-in-toscana-e-2-decessi\/#breadcrumb\"},\"inLanguage\":\"it-IT\",\"potentialAction\":[{\"@type\":\"ReadAction\",\"target\":[\"https:\/\/www.intoscana.it\/it\/covid-19-1273-nuovi-casi-in-toscana-e-2-decessi\/\"]}]},{\"@type\":\"ImageObject\",\"inLanguage\":\"it-IT\",\"@id\":\"https:\/\/www.intoscana.it\/it\/covid-19-1273-nuovi-casi-in-toscana-e-2-decessi\/#primaryimage\",\"url\":\"https:\/\/www.intoscana.it\/wp-content\/uploads\/PFI_0683-scaled.jpg\",\"contentUrl\":\"https:\/\/www.intoscana.it\/wp-content\/uploads\/PFI_0683-scaled.jpg\",\"width\":2048,\"height\":1363,\"caption\":\"Covid, l'hub vaccinale al Mandela Forum\"},{\"@type\":\"BreadcrumbList\",\"@id\":\"https:\/\/www.intoscana.it\/it\/covid-19-1273-nuovi-casi-in-toscana-e-2-decessi\/#breadcrumb\",\"itemListElement\":[{\"@type\":\"ListItem\",\"position\":1,\"name\":\"Home\",\"item\":\"https:\/\/www.intoscana.it\/it\/\"},{\"@type\":\"ListItem\",\"position\":2,\"name\":\"Covid-19: 1273 nuovi casi in Toscana e 2 decessi\"}]},{\"@type\":\"WebSite\",\"@id\":\"https:\/\/www.intoscana.it\/it\/#website\",\"url\":\"https:\/\/www.intoscana.it\/it\/\",\"name\":\"intoscana\",\"description\":\"\",\"potentialAction\":[{\"@type\":\"SearchAction\",\"target\":{\"@type\":\"EntryPoint\",\"urlTemplate\":\"https:\/\/www.intoscana.it\/it\/?s={search_term_string}\"},\"query-input\":{\"@type\":\"PropertyValueSpecification\",\"valueRequired\":true,\"valueName\":\"search_term_string\"}}],\"inLanguage\":\"it-IT\"},{\"@type\":\"Person\",\"@id\":\"https:\/\/www.intoscana.it\/it\/#\/schema\/person\/9223810753230f20bd670fdd322661f8\",\"name\":\"Redazione\",\"url\":\"https:\/\/www.intoscana.it\/it\/author\/redazione\/\"}]}<\/script>\n<!-- \/ Yoast SEO Premium plugin. -->","yoast_head_json":{"title":"Covid-19: 1273 nuovi casi in Toscana e 2 decessi - intoscana","robots":{"index":"index","follow":"follow","max-snippet":"max-snippet:-1","max-image-preview":"max-image-preview:large","max-video-preview":"max-video-preview:-1"},"canonical":"https:\/\/www.intoscana.it\/it\/covid-19-1273-nuovi-casi-in-toscana-e-2-decessi\/","og_locale":"it_IT","og_type":"article","og_title":"Covid-19: 1273 nuovi casi in Toscana e 2 decessi","og_description":"Oggi sono stati eseguiti 1.496 tamponi molecolari e 8.183 tamponi antigenici rapidi, di cui il 13,2% \u00e8 risultato positivo","og_url":"https:\/\/www.intoscana.it\/it\/covid-19-1273-nuovi-casi-in-toscana-e-2-decessi\/","og_site_name":"intoscana","article_publisher":"https:\/\/www.facebook.com\/intoscana.it","article_published_time":"2022-06-08T10:31:01+00:00","og_image":[{"width":2048,"height":1363,"url":"https:\/\/www.intoscana.it\/wp-content\/uploads\/PFI_0683-scaled.jpg","type":"image\/jpeg"}],"author":"Redazione","twitter_card":"summary_large_image","twitter_creator":"@intoscana","twitter_site":"@intoscana","twitter_misc":{"Written by":"Redazione","Est. reading time":"2 minuti"},"schema":{"@context":"https:\/\/schema.org","@graph":[{"@type":"WebPage","@id":"https:\/\/www.intoscana.it\/it\/covid-19-1273-nuovi-casi-in-toscana-e-2-decessi\/","url":"https:\/\/www.intoscana.it\/it\/covid-19-1273-nuovi-casi-in-toscana-e-2-decessi\/","name":"Covid-19: 1273 nuovi casi in Toscana e 2 decessi - intoscana","isPartOf":{"@id":"https:\/\/www.intoscana.it\/it\/#website"},"primaryImageOfPage":{"@id":"https:\/\/www.intoscana.it\/it\/covid-19-1273-nuovi-casi-in-toscana-e-2-decessi\/#primaryimage"},"image":{"@id":"https:\/\/www.intoscana.it\/it\/covid-19-1273-nuovi-casi-in-toscana-e-2-decessi\/#primaryimage"},"thumbnailUrl":"https:\/\/www.intoscana.it\/wp-content\/uploads\/PFI_0683-scaled.jpg","datePublished":"2022-06-08T10:31:01+00:00","author":{"@id":"https:\/\/www.intoscana.it\/it\/#\/schema\/person\/9223810753230f20bd670fdd322661f8"},"breadcrumb":{"@id":"https:\/\/www.intoscana.it\/it\/covid-19-1273-nuovi-casi-in-toscana-e-2-decessi\/#breadcrumb"},"inLanguage":"it-IT","potentialAction":[{"@type":"ReadAction","target":["https:\/\/www.intoscana.it\/it\/covid-19-1273-nuovi-casi-in-toscana-e-2-decessi\/"]}]},{"@type":"ImageObject","inLanguage":"it-IT","@id":"https:\/\/www.intoscana.it\/it\/covid-19-1273-nuovi-casi-in-toscana-e-2-decessi\/#primaryimage","url":"https:\/\/www.intoscana.it\/wp-content\/uploads\/PFI_0683-scaled.jpg","contentUrl":"https:\/\/www.intoscana.it\/wp-content\/uploads\/PFI_0683-scaled.jpg","width":2048,"height":1363,"caption":"Covid, l'hub vaccinale al Mandela Forum"},{"@type":"BreadcrumbList","@id":"https:\/\/www.intoscana.it\/it\/covid-19-1273-nuovi-casi-in-toscana-e-2-decessi\/#breadcrumb","itemListElement":[{"@type":"ListItem","position":1,"name":"Home","item":"https:\/\/www.intoscana.it\/it\/"},{"@type":"ListItem","position":2,"name":"Covid-19: 1273 nuovi casi in Toscana e 2 decessi"}]},{"@type":"WebSite","@id":"https:\/\/www.intoscana.it\/it\/#website","url":"https:\/\/www.intoscana.it\/it\/","name":"intoscana","description":"","potentialAction":[{"@type":"SearchAction","target":{"@type":"EntryPoint","urlTemplate":"https:\/\/www.intoscana.it\/it\/?s={search_term_string}"},"query-input":{"@type":"PropertyValueSpecification","valueRequired":true,"valueName":"search_term_string"}}],"inLanguage":"it-IT"},{"@type":"Person","@id":"https:\/\/www.intoscana.it\/it\/#\/schema\/person\/9223810753230f20bd670fdd322661f8","name":"Redazione","url":"https:\/\/www.intoscana.it\/it\/author\/redazione\/"}]}},"_links":{"self":[{"href":"https:\/\/www.intoscana.it\/it\/wp-json\/wp\/v2\/posts\/232283","targetHints":{"allow":["GET"]}}],"collection":[{"href":"https:\/\/www.intoscana.it\/it\/wp-json\/wp\/v2\/posts"}],"about":[{"href":"https:\/\/www.intoscana.it\/it\/wp-json\/wp\/v2\/types\/post"}],"author":[{"embeddable":true,"href":"https:\/\/www.intoscana.it\/it\/wp-json\/wp\/v2\/users\/525"}],"replies":[{"embeddable":true,"href":"https:\/\/www.intoscana.it\/it\/wp-json\/wp\/v2\/comments?post=232283"}],"version-history":[{"count":0,"href":"https:\/\/www.intoscana.it\/it\/wp-json\/wp\/v2\/posts\/232283\/revisions"}],"wp:featuredmedia":[{"embeddable":true,"href":"https:\/\/www.intoscana.it\/it\/wp-json\/wp\/v2\/media\/202281"}],"wp:attachment":[{"href":"https:\/\/www.intoscana.it\/it\/wp-json\/wp\/v2\/media?parent=232283"}],"wp:term":[{"taxonomy":"category","embeddable":true,"href":"https:\/\/www.intoscana.it\/it\/wp-json\/wp\/v2\/categories?post=232283"},{"taxonomy":"post_tag","embeddable":true,"href":"https:\/\/www.intoscana.it\/it\/wp-json\/wp\/v2\/tags?post=232283"}],"curies":[{"name":"wp","href":"https:\/\/api.w.org\/{rel}","templated":true}]}}