{"id":232508,"date":"2022-06-09T13:10:33","date_gmt":"2022-06-09T11:10:33","guid":{"rendered":"https:\/\/www.intoscana.it\/it\/?p=232508"},"modified":"2022-06-09T13:10:33","modified_gmt":"2022-06-09T11:10:33","slug":"covid-19-in-toscana-1-394-nuovi-casi-eta-media-48-anni-i-decessi-sono-due","status":"publish","type":"post","link":"https:\/\/www.intoscana.it\/it\/covid-19-in-toscana-1-394-nuovi-casi-eta-media-48-anni-i-decessi-sono-due\/","title":{"rendered":"Covid-19: in Toscana 1.394 nuovi casi, et\u00e0 media 48 anni. I decessi sono due"},"content":{"rendered":"<p>In Toscana sono 1.160.232 i casi di positivit\u00e0 al Coronavirus, <strong>1.394 in pi\u00f9 rispetto a ieri<\/strong> (309 confermati con tampone molecolare e 1.085 da test rapido antigenico). I nuovi casi sono lo 0,1% in pi\u00f9 rispetto al totale del giorno precedente. I guariti crescono dello 0,1% e raggiungono quota 1.126.276 (97,1% dei casi totali).<\/p>\n<p><strong>Oggi sono stati eseguiti 1.590 tamponi molecolari e 8.388 tamponi antigenici rapidi,<\/strong> di questi il 14% \u00e8 risultato positivo. Sono invece 2.293 i soggetti testati oggi (con tampone antigenico e\/o molecolare, escludendo i tamponi di controllo), di cui il 60,8% \u00e8 risultato positivo.<\/p>\n<p><strong>Gli attualmente positivi sono oggi 23.838, +0,4% rispetto a ieri<\/strong>. I ricoverati sono 223 (7 in meno rispetto a ieri), di cui <strong>17 in terapia intensiva<\/strong> (2 in pi\u00f9). Oggi si registrano 2 nuovi decessi: un uomo e una donna con un&#8217;et\u00e0 media di 87 anni.<\/p>\n<p>L&#8217;et\u00e0 media dei 1.394 nuovi positivi odierni \u00e8 di 48 anni circa (10% ha meno di 20 anni, 23% tra 20 e 39 anni, 37% tra 40 e 59 anni, 24% tra 60 e 79 anni, 6% ha 80 anni o pi\u00f9).<\/p>\n<h3>I casi di positivit\u00e0 sul territorio<\/h3>\n<p>Di seguito i casi di positivit\u00e0 sul territorio con la variazione rispetto a ieri (309 confermati con tampone molecolare e 1.085 da test rapido antigenico). Sono 322.189 i casi complessivi ad oggi a Firenze (414 in pi\u00f9 rispetto a ieri), 79.427 a Prato (66 in pi\u00f9), 92.783 a Pistoia (90 in pi\u00f9), 56.930 a Massa (67 in pi\u00f9), 121.631 a Lucca (130 in pi\u00f9), 133.724 a Pisa (218 in pi\u00f9), 103.238 a Livorno (141 in pi\u00f9), 105.582 ad Arezzo (96 in pi\u00f9), 81.972 a Siena (98 in pi\u00f9), 62.201 a Grosseto (74 in pi\u00f9). Sono 555 i casi positivi notificati in Toscana, ma residenti in altre regioni.<\/p>\n<p>Sono 595 i casi riscontrati oggi nell&#8217;Asl Centro, 531 nella Nord Ovest, 268 nella Sud est.<\/p>\n<p>La Toscana si trova al 8\u00b0 posto in Italia come numerosit\u00e0 di casi (comprensivi di residenti e non residenti), con circa 31.418 casi per 100.000 abitanti (media italiana circa 29.654 x100.000, dato di ieri). Le province di notifica con il tasso pi\u00f9 alto sono Firenze con 32.270 casi x100.000 abitanti, Pisa con 31.993, Pistoia con 31.967, la pi\u00f9 bassa Grosseto con 28.553.<br \/>\nComplessivamente, 23.615 persone sono in isolamento a casa, poich\u00e9 presentano sintomi lievi che non richiedono cure ospedaliere, o risultano prive di sintomi (103 in pi\u00f9 rispetto a ieri, pi\u00f9 0,4%).<\/p>\n<p><strong>Le persone ricoverate nei posti letto dedicati ai pazienti COVID oggi sono complessivamente 223<\/strong> (7 in meno rispetto a ieri, meno 3%), 17 in terapia intensiva (2 in pi\u00f9 rispetto a ieri, pi\u00f9 13,3%).<\/p>\n<p><strong>Le persone complessivamente guarite sono 1.126.276<\/strong> (1.296 in pi\u00f9 rispetto a ieri, pi\u00f9 0,1%): 0 persone clinicamente guarite (stabili rispetto a ieri), divenute cio\u00e8 asintomatiche dopo aver presentato manifestazioni cliniche associate all&#8217;infezione e 1.126.276 (1.296 in pi\u00f9 rispetto a ieri, pi\u00f9 0,1%) dichiarate guarite a tutti gli effetti, le cosiddette guarigioni virali, con tampone negativo.<\/p>\n<h3>I decessi<\/h3>\n<p>Oggi si registrano<strong> 2 nuovi decessi: un uomo e una donna con un&#8217;et\u00e0 media di 87 anni.<\/strong><\/p>\n<p>Relativamente alla provincia di residenza, le persone decedute sono a Firenze.<\/p>\n<p><strong>Sono 10.118 i deceduti dall&#8217;inizio dell&#8217;epidemia<\/strong> cosi ripartiti: 3.184 a Firenze, 836 a Prato, 908 a Pistoia, 654 a Massa Carrara, 947 a Lucca, 1.124 a Pisa, 744 a Livorno, 658 ad Arezzo, 535 a Siena, 389 a Grosseto, 139 persone sono decedute sul suolo toscano ma erano residenti fuori regione.<\/p>\n<p>Il tasso grezzo di mortalit\u00e0 toscano (numero di deceduti\/popolazione residente) per Covid-19 \u00e8 di 274,0 x100.000 residenti contro il 282,2 x100.000 della media italiana (10\u00b0 regione). Per quanto riguarda le province, il tasso di mortalit\u00e0 pi\u00f9 alto si riscontra a Massa Carrara (344,5 x100.000), Firenze (318,9 x100.000) e Prato (315,2 x100.000), il pi\u00f9 basso a Grosseto (178,6 x100.000).<\/p>\n","protected":false},"excerpt":{"rendered":"<p>Oggi sono stati eseguiti 1.590 tamponi molecolari e 8.388 tamponi antigenici rapidi, ricoverati sono 223 di cui 17 in terapia intensiva<\/p>\n","protected":false},"author":525,"featured_media":143699,"comment_status":"open","ping_status":"open","sticky":false,"template":"","format":"standard","meta":{"_acf_changed":false,"footnotes":""},"categories":[494],"tags":[4868,418],"class_list":["post-232508","post","type-post","status-publish","format-standard","has-post-thumbnail","hentry","category-attualita","tag-bollettino-covid-toscana","tag-covid-19"],"acf":[],"yoast_head":"<!-- This site is optimized with the Yoast SEO Premium plugin v24.2 (Yoast SEO v25.6) - https:\/\/yoast.com\/wordpress\/plugins\/seo\/ -->\n<title>Covid-19: in Toscana 1.394 nuovi casi, et\u00e0 media 48 anni. I decessi sono due - intoscana<\/title>\n<meta name=\"description\" content=\"Oggi sono stati eseguiti 1.590 tamponi molecolari e 8.388 tamponi antigenici rapidi, ricoverati sono 223 di cui 17 in terapia intensiva\" \/>\n<meta name=\"robots\" content=\"index, follow, max-snippet:-1, max-image-preview:large, max-video-preview:-1\" \/>\n<link rel=\"canonical\" href=\"https:\/\/www.intoscana.it\/it\/covid-19-in-toscana-1-394-nuovi-casi-eta-media-48-anni-i-decessi-sono-due\/\" \/>\n<meta property=\"og:locale\" content=\"it_IT\" \/>\n<meta property=\"og:type\" content=\"article\" \/>\n<meta property=\"og:title\" content=\"Covid-19: in Toscana 1.394 nuovi casi, et\u00e0 media 48 anni. I decessi sono due\" \/>\n<meta property=\"og:description\" content=\"Oggi sono stati eseguiti 1.590 tamponi molecolari e 8.388 tamponi antigenici rapidi, ricoverati sono 223 di cui 17 in terapia intensiva\" \/>\n<meta property=\"og:url\" content=\"https:\/\/www.intoscana.it\/it\/covid-19-in-toscana-1-394-nuovi-casi-eta-media-48-anni-i-decessi-sono-due\/\" \/>\n<meta property=\"og:site_name\" content=\"intoscana\" \/>\n<meta property=\"article:publisher\" content=\"https:\/\/www.facebook.com\/intoscana.it\" \/>\n<meta property=\"article:published_time\" content=\"2022-06-09T11:10:33+00:00\" \/>\n<meta property=\"og:image\" content=\"https:\/\/www.intoscana.it\/wp-content\/uploads\/shutterstock_1632557005-1.jpg\" \/>\n\t<meta property=\"og:image:width\" content=\"2000\" \/>\n\t<meta property=\"og:image:height\" content=\"1333\" \/>\n\t<meta property=\"og:image:type\" content=\"image\/jpeg\" \/>\n<meta name=\"author\" content=\"Redazione\" \/>\n<meta name=\"twitter:card\" content=\"summary_large_image\" \/>\n<meta name=\"twitter:creator\" content=\"@intoscana\" \/>\n<meta name=\"twitter:site\" content=\"@intoscana\" \/>\n<meta name=\"twitter:label1\" content=\"Written by\" \/>\n\t<meta name=\"twitter:data1\" content=\"Redazione\" \/>\n\t<meta name=\"twitter:label2\" content=\"Est. reading time\" \/>\n\t<meta name=\"twitter:data2\" content=\"3 minuti\" \/>\n<script type=\"application\/ld+json\" class=\"yoast-schema-graph\">{\"@context\":\"https:\/\/schema.org\",\"@graph\":[{\"@type\":\"WebPage\",\"@id\":\"https:\/\/www.intoscana.it\/it\/covid-19-in-toscana-1-394-nuovi-casi-eta-media-48-anni-i-decessi-sono-due\/\",\"url\":\"https:\/\/www.intoscana.it\/it\/covid-19-in-toscana-1-394-nuovi-casi-eta-media-48-anni-i-decessi-sono-due\/\",\"name\":\"Covid-19: in Toscana 1.394 nuovi casi, et\u00e0 media 48 anni. I decessi sono due - intoscana\",\"isPartOf\":{\"@id\":\"https:\/\/www.intoscana.it\/it\/#website\"},\"primaryImageOfPage\":{\"@id\":\"https:\/\/www.intoscana.it\/it\/covid-19-in-toscana-1-394-nuovi-casi-eta-media-48-anni-i-decessi-sono-due\/#primaryimage\"},\"image\":{\"@id\":\"https:\/\/www.intoscana.it\/it\/covid-19-in-toscana-1-394-nuovi-casi-eta-media-48-anni-i-decessi-sono-due\/#primaryimage\"},\"thumbnailUrl\":\"https:\/\/www.intoscana.it\/wp-content\/uploads\/shutterstock_1632557005-1.jpg\",\"datePublished\":\"2022-06-09T11:10:33+00:00\",\"author\":{\"@id\":\"https:\/\/www.intoscana.it\/it\/#\/schema\/person\/9223810753230f20bd670fdd322661f8\"},\"description\":\"Oggi sono stati eseguiti 1.590 tamponi molecolari e 8.388 tamponi antigenici rapidi, ricoverati sono 223 di cui 17 in terapia intensiva\",\"breadcrumb\":{\"@id\":\"https:\/\/www.intoscana.it\/it\/covid-19-in-toscana-1-394-nuovi-casi-eta-media-48-anni-i-decessi-sono-due\/#breadcrumb\"},\"inLanguage\":\"it-IT\",\"potentialAction\":[{\"@type\":\"ReadAction\",\"target\":[\"https:\/\/www.intoscana.it\/it\/covid-19-in-toscana-1-394-nuovi-casi-eta-media-48-anni-i-decessi-sono-due\/\"]}]},{\"@type\":\"ImageObject\",\"inLanguage\":\"it-IT\",\"@id\":\"https:\/\/www.intoscana.it\/it\/covid-19-in-toscana-1-394-nuovi-casi-eta-media-48-anni-i-decessi-sono-due\/#primaryimage\",\"url\":\"https:\/\/www.intoscana.it\/wp-content\/uploads\/shutterstock_1632557005-1.jpg\",\"contentUrl\":\"https:\/\/www.intoscana.it\/wp-content\/uploads\/shutterstock_1632557005-1.jpg\",\"width\":2000,\"height\":1333,\"caption\":\"Mascherine contro il Coronavirus\"},{\"@type\":\"BreadcrumbList\",\"@id\":\"https:\/\/www.intoscana.it\/it\/covid-19-in-toscana-1-394-nuovi-casi-eta-media-48-anni-i-decessi-sono-due\/#breadcrumb\",\"itemListElement\":[{\"@type\":\"ListItem\",\"position\":1,\"name\":\"Home\",\"item\":\"https:\/\/www.intoscana.it\/it\/\"},{\"@type\":\"ListItem\",\"position\":2,\"name\":\"Covid-19: in Toscana 1.394 nuovi casi, et\u00e0 media 48 anni. I decessi sono due\"}]},{\"@type\":\"WebSite\",\"@id\":\"https:\/\/www.intoscana.it\/it\/#website\",\"url\":\"https:\/\/www.intoscana.it\/it\/\",\"name\":\"intoscana\",\"description\":\"\",\"potentialAction\":[{\"@type\":\"SearchAction\",\"target\":{\"@type\":\"EntryPoint\",\"urlTemplate\":\"https:\/\/www.intoscana.it\/it\/?s={search_term_string}\"},\"query-input\":{\"@type\":\"PropertyValueSpecification\",\"valueRequired\":true,\"valueName\":\"search_term_string\"}}],\"inLanguage\":\"it-IT\"},{\"@type\":\"Person\",\"@id\":\"https:\/\/www.intoscana.it\/it\/#\/schema\/person\/9223810753230f20bd670fdd322661f8\",\"name\":\"Redazione\",\"url\":\"https:\/\/www.intoscana.it\/it\/author\/redazione\/\"}]}<\/script>\n<!-- \/ Yoast SEO Premium plugin. -->","yoast_head_json":{"title":"Covid-19: in Toscana 1.394 nuovi casi, et\u00e0 media 48 anni. I decessi sono due - intoscana","description":"Oggi sono stati eseguiti 1.590 tamponi molecolari e 8.388 tamponi antigenici rapidi, ricoverati sono 223 di cui 17 in terapia intensiva","robots":{"index":"index","follow":"follow","max-snippet":"max-snippet:-1","max-image-preview":"max-image-preview:large","max-video-preview":"max-video-preview:-1"},"canonical":"https:\/\/www.intoscana.it\/it\/covid-19-in-toscana-1-394-nuovi-casi-eta-media-48-anni-i-decessi-sono-due\/","og_locale":"it_IT","og_type":"article","og_title":"Covid-19: in Toscana 1.394 nuovi casi, et\u00e0 media 48 anni. I decessi sono due","og_description":"Oggi sono stati eseguiti 1.590 tamponi molecolari e 8.388 tamponi antigenici rapidi, ricoverati sono 223 di cui 17 in terapia intensiva","og_url":"https:\/\/www.intoscana.it\/it\/covid-19-in-toscana-1-394-nuovi-casi-eta-media-48-anni-i-decessi-sono-due\/","og_site_name":"intoscana","article_publisher":"https:\/\/www.facebook.com\/intoscana.it","article_published_time":"2022-06-09T11:10:33+00:00","og_image":[{"width":2000,"height":1333,"url":"https:\/\/www.intoscana.it\/wp-content\/uploads\/shutterstock_1632557005-1.jpg","type":"image\/jpeg"}],"author":"Redazione","twitter_card":"summary_large_image","twitter_creator":"@intoscana","twitter_site":"@intoscana","twitter_misc":{"Written by":"Redazione","Est. reading time":"3 minuti"},"schema":{"@context":"https:\/\/schema.org","@graph":[{"@type":"WebPage","@id":"https:\/\/www.intoscana.it\/it\/covid-19-in-toscana-1-394-nuovi-casi-eta-media-48-anni-i-decessi-sono-due\/","url":"https:\/\/www.intoscana.it\/it\/covid-19-in-toscana-1-394-nuovi-casi-eta-media-48-anni-i-decessi-sono-due\/","name":"Covid-19: in Toscana 1.394 nuovi casi, et\u00e0 media 48 anni. I decessi sono due - intoscana","isPartOf":{"@id":"https:\/\/www.intoscana.it\/it\/#website"},"primaryImageOfPage":{"@id":"https:\/\/www.intoscana.it\/it\/covid-19-in-toscana-1-394-nuovi-casi-eta-media-48-anni-i-decessi-sono-due\/#primaryimage"},"image":{"@id":"https:\/\/www.intoscana.it\/it\/covid-19-in-toscana-1-394-nuovi-casi-eta-media-48-anni-i-decessi-sono-due\/#primaryimage"},"thumbnailUrl":"https:\/\/www.intoscana.it\/wp-content\/uploads\/shutterstock_1632557005-1.jpg","datePublished":"2022-06-09T11:10:33+00:00","author":{"@id":"https:\/\/www.intoscana.it\/it\/#\/schema\/person\/9223810753230f20bd670fdd322661f8"},"description":"Oggi sono stati eseguiti 1.590 tamponi molecolari e 8.388 tamponi antigenici rapidi, ricoverati sono 223 di cui 17 in terapia intensiva","breadcrumb":{"@id":"https:\/\/www.intoscana.it\/it\/covid-19-in-toscana-1-394-nuovi-casi-eta-media-48-anni-i-decessi-sono-due\/#breadcrumb"},"inLanguage":"it-IT","potentialAction":[{"@type":"ReadAction","target":["https:\/\/www.intoscana.it\/it\/covid-19-in-toscana-1-394-nuovi-casi-eta-media-48-anni-i-decessi-sono-due\/"]}]},{"@type":"ImageObject","inLanguage":"it-IT","@id":"https:\/\/www.intoscana.it\/it\/covid-19-in-toscana-1-394-nuovi-casi-eta-media-48-anni-i-decessi-sono-due\/#primaryimage","url":"https:\/\/www.intoscana.it\/wp-content\/uploads\/shutterstock_1632557005-1.jpg","contentUrl":"https:\/\/www.intoscana.it\/wp-content\/uploads\/shutterstock_1632557005-1.jpg","width":2000,"height":1333,"caption":"Mascherine contro il Coronavirus"},{"@type":"BreadcrumbList","@id":"https:\/\/www.intoscana.it\/it\/covid-19-in-toscana-1-394-nuovi-casi-eta-media-48-anni-i-decessi-sono-due\/#breadcrumb","itemListElement":[{"@type":"ListItem","position":1,"name":"Home","item":"https:\/\/www.intoscana.it\/it\/"},{"@type":"ListItem","position":2,"name":"Covid-19: in Toscana 1.394 nuovi casi, et\u00e0 media 48 anni. I decessi sono due"}]},{"@type":"WebSite","@id":"https:\/\/www.intoscana.it\/it\/#website","url":"https:\/\/www.intoscana.it\/it\/","name":"intoscana","description":"","potentialAction":[{"@type":"SearchAction","target":{"@type":"EntryPoint","urlTemplate":"https:\/\/www.intoscana.it\/it\/?s={search_term_string}"},"query-input":{"@type":"PropertyValueSpecification","valueRequired":true,"valueName":"search_term_string"}}],"inLanguage":"it-IT"},{"@type":"Person","@id":"https:\/\/www.intoscana.it\/it\/#\/schema\/person\/9223810753230f20bd670fdd322661f8","name":"Redazione","url":"https:\/\/www.intoscana.it\/it\/author\/redazione\/"}]}},"_links":{"self":[{"href":"https:\/\/www.intoscana.it\/it\/wp-json\/wp\/v2\/posts\/232508","targetHints":{"allow":["GET"]}}],"collection":[{"href":"https:\/\/www.intoscana.it\/it\/wp-json\/wp\/v2\/posts"}],"about":[{"href":"https:\/\/www.intoscana.it\/it\/wp-json\/wp\/v2\/types\/post"}],"author":[{"embeddable":true,"href":"https:\/\/www.intoscana.it\/it\/wp-json\/wp\/v2\/users\/525"}],"replies":[{"embeddable":true,"href":"https:\/\/www.intoscana.it\/it\/wp-json\/wp\/v2\/comments?post=232508"}],"version-history":[{"count":0,"href":"https:\/\/www.intoscana.it\/it\/wp-json\/wp\/v2\/posts\/232508\/revisions"}],"wp:featuredmedia":[{"embeddable":true,"href":"https:\/\/www.intoscana.it\/it\/wp-json\/wp\/v2\/media\/143699"}],"wp:attachment":[{"href":"https:\/\/www.intoscana.it\/it\/wp-json\/wp\/v2\/media?parent=232508"}],"wp:term":[{"taxonomy":"category","embeddable":true,"href":"https:\/\/www.intoscana.it\/it\/wp-json\/wp\/v2\/categories?post=232508"},{"taxonomy":"post_tag","embeddable":true,"href":"https:\/\/www.intoscana.it\/it\/wp-json\/wp\/v2\/tags?post=232508"}],"curies":[{"name":"wp","href":"https:\/\/api.w.org\/{rel}","templated":true}]}}