{"id":232640,"date":"2022-06-10T12:28:16","date_gmt":"2022-06-10T10:28:16","guid":{"rendered":"https:\/\/www.intoscana.it\/it\/?p=232640"},"modified":"2022-06-13T09:09:19","modified_gmt":"2022-06-13T07:09:19","slug":"covid-1-103-nuovi-casi","status":"publish","type":"post","link":"https:\/\/www.intoscana.it\/it\/covid-1-103-nuovi-casi\/","title":{"rendered":"Covid: 1.103 nuovi casi, due decessi"},"content":{"rendered":"<p>In Toscana sono <strong>1.161.335<\/strong> i casi di positivit\u00e0 al Coronavirus, <strong>1.103 in pi\u00f9 rispetto a ieri: <\/strong>241 confermati con tampone molecolare e 862 da test rapido antigenico).<\/p>\n<h3>I nuovi casi<\/h3>\n<p><mark>I nuovi casi sono lo 0,1% in pi\u00f9 rispetto al totale del giorno precedente <\/mark>.<\/p>\n<p>Oggi sono stati eseguiti 1.253 tamponi molecolari e 7.413 tamponi antigenici rapidi, di questi il 12,7% \u00e8 risultato positivo. Sono invece 1.815 i soggetti testati oggi (con tampone antigenico e\/o molecolare, escludendo i tamponi di controllo), di cui il 60,8% \u00e8 risultato positivo. Gli attualmente positivi sono oggi 24.143, +1,3% rispetto a ieri.<\/p>\n<p><mark>L&#8217;et\u00e0 media dei 1.103 nuovi positivi odierni \u00e8 di 48 anni circa <\/mark> (9% ha meno di 20 anni, 23% tra 20 e 39 anni, 34% tra 40 e 59 anni, 25% tra 60 e 79 anni, 9% ha 80 anni o pi\u00f9).<\/p>\n<h3>Distribuzione sul territorio<\/h3>\n<p>Di seguito i casi di positivit\u00e0 sul territorio con la variazione rispetto a ieri (241 confermati con tampone molecolare e 862 da test rapido antigenico). Sono 322.497 i casi complessivi ad oggi a Firenze (308 in pi\u00f9 rispetto a ieri), 79.494 a Prato (67 in pi\u00f9), 92.870 a Pistoia (87 in pi\u00f9), 56.974 a Massa (44 in pi\u00f9), 121.748 a Lucca (117 in pi\u00f9), 133.915 a Pisa (191 in pi\u00f9), 103.339 a Livorno (101 in pi\u00f9), 105.648 ad Arezzo (66 in pi\u00f9), 82.042 a Siena (70 in pi\u00f9), 62.253 a Grosseto (52 in pi\u00f9). Sono 555 i casi positivi notificati in Toscana, ma residenti in altre regioni.<\/p>\n<p>Sono 471 i casi riscontrati oggi nell&#8217;Asl Centro, 444 nella Nord Ovest, 188 nella Sud est.<\/p>\n<p>La Toscana si trova al 8\u00b0 posto in Italia come numerosit\u00e0 di casi (comprensivi di residenti e non residenti), con circa 31.448 casi per 100.000 abitanti (media italiana circa 29.694 x100.000, dato di ieri). Le province di notifica con il tasso pi\u00f9 alto sono Firenze con 32.300 casi x100.000 abitanti, Pisa con 32.038, Pistoia con 31.997, la pi\u00f9 bassa Grosseto con 28.577.<\/p>\n<h3>La situazione nel dettaglio<\/h3>\n<p>Complessivamente, 23.928 persone sono in isolamento a casa, poich\u00e9 presentano sintomi lievi che non richiedono cure ospedaliere, o risultano prive di sintomi (313 in pi\u00f9 rispetto a ieri, pi\u00f9 1,3%).<\/p>\n<p>Le persone <strong>ricoverate<\/strong> nei posti letto dedicati ai pazienti Covid oggi sono complessivamente 215 (8 in meno rispetto a ieri, meno 3,6%), 16 in terapia intensiva (1 in meno rispetto a ieri, meno 5,9%).<\/p>\n<p>Le persone complessivamente <strong>guarite<\/strong> sono 1.127.067 (791 in pi\u00f9 rispetto a ieri, pi\u00f9 0,1%): 0 persone clinicamente guarite (stabili rispetto a ieri), divenute cio\u00e8 asintomatiche dopo aver presentato manifestazioni cliniche associate all&#8217;infezione e 1.127.067 (791 in pi\u00f9 rispetto a ieri, pi\u00f9 0,1%) dichiarate guarite a tutti gli effetti, le cosiddette guarigioni virali, con tampone negativo.<\/p>\n<h3>Mortalit\u00e0<\/h3>\n<p>Oggi si registrano <strong>7 nuovi decessi<\/strong>: 2 uomini e 5 donne con un&#8217;et\u00e0 media di 84,1 anni.<\/p>\n<p>Relativamente alla provincia di residenza, le persone decedute sono: 1 a Firenze, 2 a Prato, 1 a Pistoia, 2 a Lucca, 1 a Siena.<\/p>\n<p>Sono 10.125 i deceduti dall&#8217;inizio dell&#8217;epidemia cosi ripartiti: 3.185 a Firenze, 838 a Prato, 909 a Pistoia, 654 a Massa Carrara, 949 a Lucca, 1.124 a Pisa, 744 a Livorno, 658 ad Arezzo, 536 a Siena, 389 a Grosseto, 139 persone sono decedute sul suolo toscano ma erano residenti fuori regione.<\/p>\n<p>Il tasso grezzo di mortalit\u00e0 toscano (numero di deceduti\/popolazione residente) per Covid-19 \u00e8 di 274,2 x100.000 residenti contro il 282,3 x100.000 della media italiana (10\u00b0 regione). Per quanto riguarda le province, il tasso di mortalit\u00e0 pi\u00f9 alto si riscontra a Massa Carrara (344,5 x100.000), Firenze (319,0 x100.000) e Prato (315,9 x100.000), il pi\u00f9 basso a Grosseto (178,6 x100.000).<\/p>\n","protected":false},"excerpt":{"rendered":"<p>I nuovi casi sono lo 0,1% in pi\u00f9 rispetto al totale del giorno precedente Crescono i guariti e scendono i ricoveri<\/p>\n","protected":false},"author":525,"featured_media":145428,"comment_status":"open","ping_status":"open","sticky":false,"template":"","format":"standard","meta":{"_acf_changed":false,"footnotes":""},"categories":[494],"tags":[4868,4809,349],"class_list":["post-232640","post","type-post","status-publish","format-standard","has-post-thumbnail","hentry","category-attualita","tag-bollettino-covid-toscana","tag-covid","tag-sanita"],"acf":[],"yoast_head":"<!-- This site is optimized with the Yoast SEO Premium plugin v24.2 (Yoast SEO v25.6) - https:\/\/yoast.com\/wordpress\/plugins\/seo\/ -->\n<title>Covid, 1.103 nuovi casi, due decessi<\/title>\n<meta name=\"description\" content=\"I nuovi casi sono lo 0,1% in pi\u00f9 rispetto al totale del giorno precedente Crescono i guariti e scendono i ricoveri\" \/>\n<meta name=\"robots\" content=\"index, follow, max-snippet:-1, max-image-preview:large, max-video-preview:-1\" \/>\n<link rel=\"canonical\" href=\"https:\/\/www.intoscana.it\/it\/covid-1-103-nuovi-casi\/\" \/>\n<meta property=\"og:locale\" content=\"it_IT\" \/>\n<meta property=\"og:type\" content=\"article\" \/>\n<meta property=\"og:title\" content=\"Covid: 1.103 nuovi casi, due decessi\" \/>\n<meta property=\"og:description\" content=\"I nuovi casi sono lo 0,1% in pi\u00f9 rispetto al totale del giorno precedente Crescono i guariti e scendono i ricoveri\" \/>\n<meta property=\"og:url\" content=\"https:\/\/www.intoscana.it\/it\/covid-1-103-nuovi-casi\/\" \/>\n<meta property=\"og:site_name\" content=\"intoscana\" \/>\n<meta property=\"article:publisher\" content=\"https:\/\/www.facebook.com\/intoscana.it\" \/>\n<meta property=\"article:published_time\" content=\"2022-06-10T10:28:16+00:00\" \/>\n<meta property=\"article:modified_time\" content=\"2022-06-13T07:09:19+00:00\" \/>\n<meta property=\"og:image\" content=\"https:\/\/www.intoscana.it\/wp-content\/uploads\/analisi-dati-santari-covid-1.jpg\" \/>\n\t<meta property=\"og:image:width\" content=\"1000\" \/>\n\t<meta property=\"og:image:height\" content=\"632\" \/>\n\t<meta property=\"og:image:type\" content=\"image\/jpeg\" \/>\n<meta name=\"author\" content=\"Redazione\" \/>\n<meta name=\"twitter:card\" content=\"summary_large_image\" \/>\n<meta name=\"twitter:creator\" content=\"@intoscana\" \/>\n<meta name=\"twitter:site\" content=\"@intoscana\" \/>\n<meta name=\"twitter:label1\" content=\"Written by\" \/>\n\t<meta name=\"twitter:data1\" content=\"Redazione\" \/>\n\t<meta name=\"twitter:label2\" content=\"Est. reading time\" \/>\n\t<meta name=\"twitter:data2\" content=\"2 minuti\" \/>\n<script type=\"application\/ld+json\" class=\"yoast-schema-graph\">{\"@context\":\"https:\/\/schema.org\",\"@graph\":[{\"@type\":\"WebPage\",\"@id\":\"https:\/\/www.intoscana.it\/it\/covid-1-103-nuovi-casi\/\",\"url\":\"https:\/\/www.intoscana.it\/it\/covid-1-103-nuovi-casi\/\",\"name\":\"Covid, 1.103 nuovi casi, due decessi\",\"isPartOf\":{\"@id\":\"https:\/\/www.intoscana.it\/it\/#website\"},\"primaryImageOfPage\":{\"@id\":\"https:\/\/www.intoscana.it\/it\/covid-1-103-nuovi-casi\/#primaryimage\"},\"image\":{\"@id\":\"https:\/\/www.intoscana.it\/it\/covid-1-103-nuovi-casi\/#primaryimage\"},\"thumbnailUrl\":\"https:\/\/www.intoscana.it\/wp-content\/uploads\/analisi-dati-santari-covid-1.jpg\",\"datePublished\":\"2022-06-10T10:28:16+00:00\",\"dateModified\":\"2022-06-13T07:09:19+00:00\",\"author\":{\"@id\":\"https:\/\/www.intoscana.it\/it\/#\/schema\/person\/9223810753230f20bd670fdd322661f8\"},\"description\":\"I nuovi casi sono lo 0,1% in pi\u00f9 rispetto al totale del giorno precedente Crescono i guariti e scendono i ricoveri\",\"breadcrumb\":{\"@id\":\"https:\/\/www.intoscana.it\/it\/covid-1-103-nuovi-casi\/#breadcrumb\"},\"inLanguage\":\"it-IT\",\"potentialAction\":[{\"@type\":\"ReadAction\",\"target\":[\"https:\/\/www.intoscana.it\/it\/covid-1-103-nuovi-casi\/\"]}]},{\"@type\":\"ImageObject\",\"inLanguage\":\"it-IT\",\"@id\":\"https:\/\/www.intoscana.it\/it\/covid-1-103-nuovi-casi\/#primaryimage\",\"url\":\"https:\/\/www.intoscana.it\/wp-content\/uploads\/analisi-dati-santari-covid-1.jpg\",\"contentUrl\":\"https:\/\/www.intoscana.it\/wp-content\/uploads\/analisi-dati-santari-covid-1.jpg\",\"width\":1000,\"height\":632},{\"@type\":\"BreadcrumbList\",\"@id\":\"https:\/\/www.intoscana.it\/it\/covid-1-103-nuovi-casi\/#breadcrumb\",\"itemListElement\":[{\"@type\":\"ListItem\",\"position\":1,\"name\":\"Home\",\"item\":\"https:\/\/www.intoscana.it\/it\/\"},{\"@type\":\"ListItem\",\"position\":2,\"name\":\"Covid: 1.103 nuovi casi, due decessi\"}]},{\"@type\":\"WebSite\",\"@id\":\"https:\/\/www.intoscana.it\/it\/#website\",\"url\":\"https:\/\/www.intoscana.it\/it\/\",\"name\":\"intoscana\",\"description\":\"\",\"potentialAction\":[{\"@type\":\"SearchAction\",\"target\":{\"@type\":\"EntryPoint\",\"urlTemplate\":\"https:\/\/www.intoscana.it\/it\/?s={search_term_string}\"},\"query-input\":{\"@type\":\"PropertyValueSpecification\",\"valueRequired\":true,\"valueName\":\"search_term_string\"}}],\"inLanguage\":\"it-IT\"},{\"@type\":\"Person\",\"@id\":\"https:\/\/www.intoscana.it\/it\/#\/schema\/person\/9223810753230f20bd670fdd322661f8\",\"name\":\"Redazione\",\"url\":\"https:\/\/www.intoscana.it\/it\/author\/redazione\/\"}]}<\/script>\n<!-- \/ Yoast SEO Premium plugin. -->","yoast_head_json":{"title":"Covid, 1.103 nuovi casi, due decessi","description":"I nuovi casi sono lo 0,1% in pi\u00f9 rispetto al totale del giorno precedente Crescono i guariti e scendono i ricoveri","robots":{"index":"index","follow":"follow","max-snippet":"max-snippet:-1","max-image-preview":"max-image-preview:large","max-video-preview":"max-video-preview:-1"},"canonical":"https:\/\/www.intoscana.it\/it\/covid-1-103-nuovi-casi\/","og_locale":"it_IT","og_type":"article","og_title":"Covid: 1.103 nuovi casi, due decessi","og_description":"I nuovi casi sono lo 0,1% in pi\u00f9 rispetto al totale del giorno precedente Crescono i guariti e scendono i ricoveri","og_url":"https:\/\/www.intoscana.it\/it\/covid-1-103-nuovi-casi\/","og_site_name":"intoscana","article_publisher":"https:\/\/www.facebook.com\/intoscana.it","article_published_time":"2022-06-10T10:28:16+00:00","article_modified_time":"2022-06-13T07:09:19+00:00","og_image":[{"width":1000,"height":632,"url":"https:\/\/www.intoscana.it\/wp-content\/uploads\/analisi-dati-santari-covid-1.jpg","type":"image\/jpeg"}],"author":"Redazione","twitter_card":"summary_large_image","twitter_creator":"@intoscana","twitter_site":"@intoscana","twitter_misc":{"Written by":"Redazione","Est. reading time":"2 minuti"},"schema":{"@context":"https:\/\/schema.org","@graph":[{"@type":"WebPage","@id":"https:\/\/www.intoscana.it\/it\/covid-1-103-nuovi-casi\/","url":"https:\/\/www.intoscana.it\/it\/covid-1-103-nuovi-casi\/","name":"Covid, 1.103 nuovi casi, due decessi","isPartOf":{"@id":"https:\/\/www.intoscana.it\/it\/#website"},"primaryImageOfPage":{"@id":"https:\/\/www.intoscana.it\/it\/covid-1-103-nuovi-casi\/#primaryimage"},"image":{"@id":"https:\/\/www.intoscana.it\/it\/covid-1-103-nuovi-casi\/#primaryimage"},"thumbnailUrl":"https:\/\/www.intoscana.it\/wp-content\/uploads\/analisi-dati-santari-covid-1.jpg","datePublished":"2022-06-10T10:28:16+00:00","dateModified":"2022-06-13T07:09:19+00:00","author":{"@id":"https:\/\/www.intoscana.it\/it\/#\/schema\/person\/9223810753230f20bd670fdd322661f8"},"description":"I nuovi casi sono lo 0,1% in pi\u00f9 rispetto al totale del giorno precedente Crescono i guariti e scendono i ricoveri","breadcrumb":{"@id":"https:\/\/www.intoscana.it\/it\/covid-1-103-nuovi-casi\/#breadcrumb"},"inLanguage":"it-IT","potentialAction":[{"@type":"ReadAction","target":["https:\/\/www.intoscana.it\/it\/covid-1-103-nuovi-casi\/"]}]},{"@type":"ImageObject","inLanguage":"it-IT","@id":"https:\/\/www.intoscana.it\/it\/covid-1-103-nuovi-casi\/#primaryimage","url":"https:\/\/www.intoscana.it\/wp-content\/uploads\/analisi-dati-santari-covid-1.jpg","contentUrl":"https:\/\/www.intoscana.it\/wp-content\/uploads\/analisi-dati-santari-covid-1.jpg","width":1000,"height":632},{"@type":"BreadcrumbList","@id":"https:\/\/www.intoscana.it\/it\/covid-1-103-nuovi-casi\/#breadcrumb","itemListElement":[{"@type":"ListItem","position":1,"name":"Home","item":"https:\/\/www.intoscana.it\/it\/"},{"@type":"ListItem","position":2,"name":"Covid: 1.103 nuovi casi, due decessi"}]},{"@type":"WebSite","@id":"https:\/\/www.intoscana.it\/it\/#website","url":"https:\/\/www.intoscana.it\/it\/","name":"intoscana","description":"","potentialAction":[{"@type":"SearchAction","target":{"@type":"EntryPoint","urlTemplate":"https:\/\/www.intoscana.it\/it\/?s={search_term_string}"},"query-input":{"@type":"PropertyValueSpecification","valueRequired":true,"valueName":"search_term_string"}}],"inLanguage":"it-IT"},{"@type":"Person","@id":"https:\/\/www.intoscana.it\/it\/#\/schema\/person\/9223810753230f20bd670fdd322661f8","name":"Redazione","url":"https:\/\/www.intoscana.it\/it\/author\/redazione\/"}]}},"_links":{"self":[{"href":"https:\/\/www.intoscana.it\/it\/wp-json\/wp\/v2\/posts\/232640","targetHints":{"allow":["GET"]}}],"collection":[{"href":"https:\/\/www.intoscana.it\/it\/wp-json\/wp\/v2\/posts"}],"about":[{"href":"https:\/\/www.intoscana.it\/it\/wp-json\/wp\/v2\/types\/post"}],"author":[{"embeddable":true,"href":"https:\/\/www.intoscana.it\/it\/wp-json\/wp\/v2\/users\/525"}],"replies":[{"embeddable":true,"href":"https:\/\/www.intoscana.it\/it\/wp-json\/wp\/v2\/comments?post=232640"}],"version-history":[{"count":0,"href":"https:\/\/www.intoscana.it\/it\/wp-json\/wp\/v2\/posts\/232640\/revisions"}],"wp:featuredmedia":[{"embeddable":true,"href":"https:\/\/www.intoscana.it\/it\/wp-json\/wp\/v2\/media\/145428"}],"wp:attachment":[{"href":"https:\/\/www.intoscana.it\/it\/wp-json\/wp\/v2\/media?parent=232640"}],"wp:term":[{"taxonomy":"category","embeddable":true,"href":"https:\/\/www.intoscana.it\/it\/wp-json\/wp\/v2\/categories?post=232640"},{"taxonomy":"post_tag","embeddable":true,"href":"https:\/\/www.intoscana.it\/it\/wp-json\/wp\/v2\/tags?post=232640"}],"curies":[{"name":"wp","href":"https:\/\/api.w.org\/{rel}","templated":true}]}}