{"id":232745,"date":"2022-06-11T13:19:31","date_gmt":"2022-06-11T11:19:31","guid":{"rendered":"https:\/\/www.intoscana.it\/it\/?p=232745"},"modified":"2022-06-14T10:13:12","modified_gmt":"2022-06-14T08:13:12","slug":"covid-19-1177-nuovi-casi-in-toscana-e-un-decesso","status":"publish","type":"post","link":"https:\/\/www.intoscana.it\/it\/covid-19-1177-nuovi-casi-in-toscana-e-un-decesso\/","title":{"rendered":"Covid-19: 1177 nuovi casi in Toscana e un decesso"},"content":{"rendered":"<p><strong>Sono 1.177 i nuovi casi di Covid-19 oggi in Toscana,<\/strong> 264 confermati con tampone molecolare e 913 da test rapido antigenico, pari allo 0,1% in pi\u00f9 rispetto al totale del giorno precedente.\u00a0 I guariti crescono dello 0,1% e raggiungono quota 1.127.728 (97% dei casi totali).<\/p>\n<p><strong>Oggi sono stati eseguiti 1.123 tamponi molecolari e 7.613 tamponi antigenici rapidi<\/strong>, di questi il 13,5% \u00e8 risultato positivo. Sono invece 1.847 i soggetti testati oggi (con tampone antigenico e\/o molecolare, escludendo i tamponi di controllo), di cui il 63,7% \u00e8 risultato positivo. Gli attualmente positivi sono oggi 24.658, +2,1% rispetto a ieri. <strong>I ricoverati sono 200 (15 in meno rispetto a ieri),<\/strong> di cui 13 in terapia intensiva (3 in meno). Oggi si registra un<strong>\u00a0nuovo decesso: un uomo di 80 anni.<\/strong><\/p>\n<p>Questi i dati &#8211; accertati alle ore 12 di oggi sulla base delle richieste della Protezione Civile Nazionale &#8211; relativi all&#8217;andamento dell&#8217;epidemia in regione.<\/p>\n<h3>L&#8217;et\u00e0 media dei nuovi positivi \u00e8 44 anni<\/h3>\n<p>L&#8217;et\u00e0 media dei 1.177 nuovi positivi odierni \u00e8 di 44 anni circa (9% ha meno di 20 anni, 20% tra 20 e 39 anni, 36% tra 40 e 59 anni, 28% tra 60 e 79 anni, 7% ha 80 anni o pi\u00f9).<\/p>\n<p><strong>Di seguito i casi di positivit\u00e0 sul territorio con la variazione rispetto a ieri<\/strong>. Sono 322.798 i casi complessivi ad oggi a Firenze (301 in pi\u00f9 rispetto a ieri), 79.544 a Prato (50 in pi\u00f9), 92.968 a Pistoia (98 in pi\u00f9), 57.029 a Massa-Carrara (55 in pi\u00f9), 121.874 a Lucca (126 in pi\u00f9), 134.121 a Pisa (206 in pi\u00f9), 103.455 a Livorno (116 in pi\u00f9), 105.730 ad Arezzo (82 in pi\u00f9), 82.128 a Siena (86 in pi\u00f9), 62.310 a Grosseto (57 in pi\u00f9). Sono 555 i casi positivi notificati in Toscana, ma residenti in altre regioni.<\/p>\n<p><strong>Sono 476 i casi riscontrati oggi nell&#8217;Asl Centro, 476 nella Nord Ovest, 225 nella Sud Est.<\/strong><\/p>\n<p>La Toscana si trova al 8\u00b0 posto in Italia come numerosit\u00e0 di casi (comprensivi di residenti e non residenti), con circa 31.480 casi per 100.000 abitanti (media italiana circa 29.731 per 100.000, dato di ieri). Le province di notifica con il tasso pi\u00f9 alto sono Firenze con 32.331 casi per 100.000 abitanti, Pisa con 32.088, Pistoia con 32.031, la pi\u00f9 bassa Grosseto con 28.603.<\/p>\n<h3>In diminuzione i ricoverati, 661 guariti in pi\u00f9<\/h3>\n<p>Complessivamente, <strong>24.458 persone sono in isolamento a casa,<\/strong> poich\u00e9 presentano sintomi lievi che non richiedono cure ospedaliere, o risultano prive di sintomi (530 in pi\u00f9 rispetto a ieri, pi\u00f9 2,2%).<br \/>\n<strong>Le persone ricoverate nei posti letto dedicati ai pazienti Covid oggi sono complessivamente 200<\/strong> (15 in meno rispetto a ieri, meno 7%), 13 in terapia intensiva (3 in meno rispetto a ieri, meno 18,8%).<\/p>\n<p><strong>Le persone complessivamente guarite sono 1.127.728 (661 in pi\u00f9 rispetto a ieri, pi\u00f9 0,1%):<\/strong> 0 persone clinicamente guarite (stabili rispetto a ieri), divenute cio\u00e8 asintomatiche dopo aver presentato manifestazioni cliniche associate all&#8217;infezione e 1.127.728 (661 in pi\u00f9 rispetto a ieri, pi\u00f9 0,1%) dichiarate guarite a tutti gli effetti, le cosiddette guarigioni virali, con tampone negativo.<\/p>\n<h3>Un decesso a Pisa<\/h3>\n<p><strong>Relativamente alla provincia di residenza, la persona deceduta \u00e8 a Pisa.<\/strong><\/p>\n<p>Sono <strong>10.126 i deceduti dall&#8217;inizio dell&#8217;epidemia cosi ripartiti<\/strong>: 3.185 a Firenze, 838 a Prato, 909 a Pistoia, 654 a Massa-Carrara, 949 a Lucca, 1.125 a Pisa, 744 a Livorno, 658 ad Arezzo, 536 a Siena, 389 a Grosseto, 139 persone sono decedute sul suolo toscano ma erano residenti fuori regione.<\/p>\n<p>Il tasso grezzo di mortalit\u00e0 toscano (numero di deceduti\/popolazione residente) per Covid-19 \u00e8 di 274,2 per 100.000 residenti contro il 282,4 per 100.000 della media italiana (10\u00b0 regione). Per quanto riguarda le province, il tasso di mortalit\u00e0 pi\u00f9 alto si riscontra a Massa-Carrara (344,5 per 100.000), Firenze (319,0 per 100.000) e Prato (315,9 per 100.000), il pi\u00f9 basso a Grosseto (178,6 per 100.000).<\/p>\n","protected":false},"excerpt":{"rendered":"<p>L&#8217;et\u00e0 media dei nuovi positivi \u00e8 di 44 anni. Oggi sono stati eseguiti 1.123 tamponi molecolari e 7.613 antigenici rapidi<\/p>\n","protected":false},"author":525,"featured_media":191044,"comment_status":"open","ping_status":"open","sticky":false,"template":"","format":"standard","meta":{"_acf_changed":false,"footnotes":""},"categories":[494],"tags":[4868,418],"class_list":["post-232745","post","type-post","status-publish","format-standard","has-post-thumbnail","hentry","category-attualita","tag-bollettino-covid-toscana","tag-covid-19"],"acf":[],"yoast_head":"<!-- This site is optimized with the Yoast SEO Premium plugin v24.2 (Yoast SEO v25.6) - https:\/\/yoast.com\/wordpress\/plugins\/seo\/ -->\n<title>Covid-19: 1177 nuovi casi in Toscana e un decesso - intoscana<\/title>\n<meta name=\"description\" content=\"Sono 1177 i nuovi casi oggi in Toscana di Covid-19, con un&#039;et\u00e0 media di 44, e si registra anche un decesso in provincia di Pisa.\" \/>\n<meta name=\"robots\" content=\"index, follow, max-snippet:-1, max-image-preview:large, max-video-preview:-1\" \/>\n<link rel=\"canonical\" href=\"https:\/\/www.intoscana.it\/it\/covid-19-1177-nuovi-casi-in-toscana-e-un-decesso\/\" \/>\n<meta property=\"og:locale\" content=\"it_IT\" \/>\n<meta property=\"og:type\" content=\"article\" \/>\n<meta property=\"og:title\" content=\"Covid-19: 1177 nuovi casi in Toscana e un decesso\" \/>\n<meta property=\"og:description\" content=\"Sono 1177 i nuovi casi oggi in Toscana di Covid-19, con un&#039;et\u00e0 media di 44, e si registra anche un decesso in provincia di Pisa.\" \/>\n<meta property=\"og:url\" content=\"https:\/\/www.intoscana.it\/it\/covid-19-1177-nuovi-casi-in-toscana-e-un-decesso\/\" \/>\n<meta property=\"og:site_name\" content=\"intoscana\" \/>\n<meta property=\"article:publisher\" content=\"https:\/\/www.facebook.com\/intoscana.it\" \/>\n<meta property=\"article:published_time\" content=\"2022-06-11T11:19:31+00:00\" \/>\n<meta property=\"article:modified_time\" content=\"2022-06-14T08:13:12+00:00\" \/>\n<meta property=\"og:image\" content=\"https:\/\/www.intoscana.it\/wp-content\/uploads\/Ragazze-con-mascherina-Masao-Mask-Unsplash.jpg\" \/>\n\t<meta property=\"og:image:width\" content=\"1920\" \/>\n\t<meta property=\"og:image:height\" content=\"1280\" \/>\n\t<meta property=\"og:image:type\" content=\"image\/jpeg\" \/>\n<meta name=\"author\" content=\"Redazione\" \/>\n<meta name=\"twitter:card\" content=\"summary_large_image\" \/>\n<meta name=\"twitter:creator\" content=\"@intoscana\" \/>\n<meta name=\"twitter:site\" content=\"@intoscana\" \/>\n<meta name=\"twitter:label1\" content=\"Written by\" \/>\n\t<meta name=\"twitter:data1\" content=\"Redazione\" \/>\n\t<meta name=\"twitter:label2\" content=\"Est. reading time\" \/>\n\t<meta name=\"twitter:data2\" content=\"3 minuti\" \/>\n<script type=\"application\/ld+json\" class=\"yoast-schema-graph\">{\"@context\":\"https:\/\/schema.org\",\"@graph\":[{\"@type\":\"WebPage\",\"@id\":\"https:\/\/www.intoscana.it\/it\/covid-19-1177-nuovi-casi-in-toscana-e-un-decesso\/\",\"url\":\"https:\/\/www.intoscana.it\/it\/covid-19-1177-nuovi-casi-in-toscana-e-un-decesso\/\",\"name\":\"Covid-19: 1177 nuovi casi in Toscana e un decesso - intoscana\",\"isPartOf\":{\"@id\":\"https:\/\/www.intoscana.it\/it\/#website\"},\"primaryImageOfPage\":{\"@id\":\"https:\/\/www.intoscana.it\/it\/covid-19-1177-nuovi-casi-in-toscana-e-un-decesso\/#primaryimage\"},\"image\":{\"@id\":\"https:\/\/www.intoscana.it\/it\/covid-19-1177-nuovi-casi-in-toscana-e-un-decesso\/#primaryimage\"},\"thumbnailUrl\":\"https:\/\/www.intoscana.it\/wp-content\/uploads\/Ragazze-con-mascherina-Masao-Mask-Unsplash.jpg\",\"datePublished\":\"2022-06-11T11:19:31+00:00\",\"dateModified\":\"2022-06-14T08:13:12+00:00\",\"author\":{\"@id\":\"https:\/\/www.intoscana.it\/it\/#\/schema\/person\/9223810753230f20bd670fdd322661f8\"},\"description\":\"Sono 1177 i nuovi casi oggi in Toscana di Covid-19, con un'et\u00e0 media di 44, e si registra anche un decesso in provincia di Pisa.\",\"breadcrumb\":{\"@id\":\"https:\/\/www.intoscana.it\/it\/covid-19-1177-nuovi-casi-in-toscana-e-un-decesso\/#breadcrumb\"},\"inLanguage\":\"it-IT\",\"potentialAction\":[{\"@type\":\"ReadAction\",\"target\":[\"https:\/\/www.intoscana.it\/it\/covid-19-1177-nuovi-casi-in-toscana-e-un-decesso\/\"]}]},{\"@type\":\"ImageObject\",\"inLanguage\":\"it-IT\",\"@id\":\"https:\/\/www.intoscana.it\/it\/covid-19-1177-nuovi-casi-in-toscana-e-un-decesso\/#primaryimage\",\"url\":\"https:\/\/www.intoscana.it\/wp-content\/uploads\/Ragazze-con-mascherina-Masao-Mask-Unsplash.jpg\",\"contentUrl\":\"https:\/\/www.intoscana.it\/wp-content\/uploads\/Ragazze-con-mascherina-Masao-Mask-Unsplash.jpg\",\"width\":1920,\"height\":1280,\"caption\":\"Ragazze con mascherina\"},{\"@type\":\"BreadcrumbList\",\"@id\":\"https:\/\/www.intoscana.it\/it\/covid-19-1177-nuovi-casi-in-toscana-e-un-decesso\/#breadcrumb\",\"itemListElement\":[{\"@type\":\"ListItem\",\"position\":1,\"name\":\"Home\",\"item\":\"https:\/\/www.intoscana.it\/it\/\"},{\"@type\":\"ListItem\",\"position\":2,\"name\":\"Covid-19: 1177 nuovi casi in Toscana e un decesso\"}]},{\"@type\":\"WebSite\",\"@id\":\"https:\/\/www.intoscana.it\/it\/#website\",\"url\":\"https:\/\/www.intoscana.it\/it\/\",\"name\":\"intoscana\",\"description\":\"\",\"potentialAction\":[{\"@type\":\"SearchAction\",\"target\":{\"@type\":\"EntryPoint\",\"urlTemplate\":\"https:\/\/www.intoscana.it\/it\/?s={search_term_string}\"},\"query-input\":{\"@type\":\"PropertyValueSpecification\",\"valueRequired\":true,\"valueName\":\"search_term_string\"}}],\"inLanguage\":\"it-IT\"},{\"@type\":\"Person\",\"@id\":\"https:\/\/www.intoscana.it\/it\/#\/schema\/person\/9223810753230f20bd670fdd322661f8\",\"name\":\"Redazione\",\"url\":\"https:\/\/www.intoscana.it\/it\/author\/redazione\/\"}]}<\/script>\n<!-- \/ Yoast SEO Premium plugin. -->","yoast_head_json":{"title":"Covid-19: 1177 nuovi casi in Toscana e un decesso - intoscana","description":"Sono 1177 i nuovi casi oggi in Toscana di Covid-19, con un'et\u00e0 media di 44, e si registra anche un decesso in provincia di Pisa.","robots":{"index":"index","follow":"follow","max-snippet":"max-snippet:-1","max-image-preview":"max-image-preview:large","max-video-preview":"max-video-preview:-1"},"canonical":"https:\/\/www.intoscana.it\/it\/covid-19-1177-nuovi-casi-in-toscana-e-un-decesso\/","og_locale":"it_IT","og_type":"article","og_title":"Covid-19: 1177 nuovi casi in Toscana e un decesso","og_description":"Sono 1177 i nuovi casi oggi in Toscana di Covid-19, con un'et\u00e0 media di 44, e si registra anche un decesso in provincia di Pisa.","og_url":"https:\/\/www.intoscana.it\/it\/covid-19-1177-nuovi-casi-in-toscana-e-un-decesso\/","og_site_name":"intoscana","article_publisher":"https:\/\/www.facebook.com\/intoscana.it","article_published_time":"2022-06-11T11:19:31+00:00","article_modified_time":"2022-06-14T08:13:12+00:00","og_image":[{"width":1920,"height":1280,"url":"https:\/\/www.intoscana.it\/wp-content\/uploads\/Ragazze-con-mascherina-Masao-Mask-Unsplash.jpg","type":"image\/jpeg"}],"author":"Redazione","twitter_card":"summary_large_image","twitter_creator":"@intoscana","twitter_site":"@intoscana","twitter_misc":{"Written by":"Redazione","Est. reading time":"3 minuti"},"schema":{"@context":"https:\/\/schema.org","@graph":[{"@type":"WebPage","@id":"https:\/\/www.intoscana.it\/it\/covid-19-1177-nuovi-casi-in-toscana-e-un-decesso\/","url":"https:\/\/www.intoscana.it\/it\/covid-19-1177-nuovi-casi-in-toscana-e-un-decesso\/","name":"Covid-19: 1177 nuovi casi in Toscana e un decesso - intoscana","isPartOf":{"@id":"https:\/\/www.intoscana.it\/it\/#website"},"primaryImageOfPage":{"@id":"https:\/\/www.intoscana.it\/it\/covid-19-1177-nuovi-casi-in-toscana-e-un-decesso\/#primaryimage"},"image":{"@id":"https:\/\/www.intoscana.it\/it\/covid-19-1177-nuovi-casi-in-toscana-e-un-decesso\/#primaryimage"},"thumbnailUrl":"https:\/\/www.intoscana.it\/wp-content\/uploads\/Ragazze-con-mascherina-Masao-Mask-Unsplash.jpg","datePublished":"2022-06-11T11:19:31+00:00","dateModified":"2022-06-14T08:13:12+00:00","author":{"@id":"https:\/\/www.intoscana.it\/it\/#\/schema\/person\/9223810753230f20bd670fdd322661f8"},"description":"Sono 1177 i nuovi casi oggi in Toscana di Covid-19, con un'et\u00e0 media di 44, e si registra anche un decesso in provincia di Pisa.","breadcrumb":{"@id":"https:\/\/www.intoscana.it\/it\/covid-19-1177-nuovi-casi-in-toscana-e-un-decesso\/#breadcrumb"},"inLanguage":"it-IT","potentialAction":[{"@type":"ReadAction","target":["https:\/\/www.intoscana.it\/it\/covid-19-1177-nuovi-casi-in-toscana-e-un-decesso\/"]}]},{"@type":"ImageObject","inLanguage":"it-IT","@id":"https:\/\/www.intoscana.it\/it\/covid-19-1177-nuovi-casi-in-toscana-e-un-decesso\/#primaryimage","url":"https:\/\/www.intoscana.it\/wp-content\/uploads\/Ragazze-con-mascherina-Masao-Mask-Unsplash.jpg","contentUrl":"https:\/\/www.intoscana.it\/wp-content\/uploads\/Ragazze-con-mascherina-Masao-Mask-Unsplash.jpg","width":1920,"height":1280,"caption":"Ragazze con mascherina"},{"@type":"BreadcrumbList","@id":"https:\/\/www.intoscana.it\/it\/covid-19-1177-nuovi-casi-in-toscana-e-un-decesso\/#breadcrumb","itemListElement":[{"@type":"ListItem","position":1,"name":"Home","item":"https:\/\/www.intoscana.it\/it\/"},{"@type":"ListItem","position":2,"name":"Covid-19: 1177 nuovi casi in Toscana e un decesso"}]},{"@type":"WebSite","@id":"https:\/\/www.intoscana.it\/it\/#website","url":"https:\/\/www.intoscana.it\/it\/","name":"intoscana","description":"","potentialAction":[{"@type":"SearchAction","target":{"@type":"EntryPoint","urlTemplate":"https:\/\/www.intoscana.it\/it\/?s={search_term_string}"},"query-input":{"@type":"PropertyValueSpecification","valueRequired":true,"valueName":"search_term_string"}}],"inLanguage":"it-IT"},{"@type":"Person","@id":"https:\/\/www.intoscana.it\/it\/#\/schema\/person\/9223810753230f20bd670fdd322661f8","name":"Redazione","url":"https:\/\/www.intoscana.it\/it\/author\/redazione\/"}]}},"_links":{"self":[{"href":"https:\/\/www.intoscana.it\/it\/wp-json\/wp\/v2\/posts\/232745","targetHints":{"allow":["GET"]}}],"collection":[{"href":"https:\/\/www.intoscana.it\/it\/wp-json\/wp\/v2\/posts"}],"about":[{"href":"https:\/\/www.intoscana.it\/it\/wp-json\/wp\/v2\/types\/post"}],"author":[{"embeddable":true,"href":"https:\/\/www.intoscana.it\/it\/wp-json\/wp\/v2\/users\/525"}],"replies":[{"embeddable":true,"href":"https:\/\/www.intoscana.it\/it\/wp-json\/wp\/v2\/comments?post=232745"}],"version-history":[{"count":0,"href":"https:\/\/www.intoscana.it\/it\/wp-json\/wp\/v2\/posts\/232745\/revisions"}],"wp:featuredmedia":[{"embeddable":true,"href":"https:\/\/www.intoscana.it\/it\/wp-json\/wp\/v2\/media\/191044"}],"wp:attachment":[{"href":"https:\/\/www.intoscana.it\/it\/wp-json\/wp\/v2\/media?parent=232745"}],"wp:term":[{"taxonomy":"category","embeddable":true,"href":"https:\/\/www.intoscana.it\/it\/wp-json\/wp\/v2\/categories?post=232745"},{"taxonomy":"post_tag","embeddable":true,"href":"https:\/\/www.intoscana.it\/it\/wp-json\/wp\/v2\/tags?post=232745"}],"curies":[{"name":"wp","href":"https:\/\/api.w.org\/{rel}","templated":true}]}}