{"id":232796,"date":"2022-06-13T08:27:20","date_gmt":"2022-06-13T06:27:20","guid":{"rendered":"https:\/\/www.intoscana.it\/it\/?p=232796"},"modified":"2022-06-18T15:43:26","modified_gmt":"2022-06-18T13:43:26","slug":"firenze-rocks-2022","status":"publish","type":"post","link":"https:\/\/www.intoscana.it\/it\/firenze-rocks-2022\/","title":{"rendered":"Firenze capitale del rock mondiale con Green Day, Muse, Red Hot Chili Peppers e Metallica"},"content":{"rendered":"<p>Ci siamo! Ruggiscono i motori per<a href=\"https:\/\/www.firenzerocks.it\" target=\"_blank\" rel=\"noopener\"> <strong>Firenze Rocks<\/strong><\/a>, il pi\u00f9 importante festival italiano, uno tra i pi\u00f9 prestigiosi in Europa, che si svolger\u00e0<strong> dal 16 al 19 giugno alla Visarno Arena,<\/strong> il grande parco cittadino situato nel cuore di Firenze.<\/p>\n<p>Si inizia<strong> gioved\u00ec 16 giugno<\/strong> con i <strong>Green Day.<\/strong> Dopo trent\u2019anni di carriera, coronata da 5 Grammi Awards e l\u2019ingresso nella mitica Rock and Roll Hall of Fame, il gruppo californiano guidato da Billie Joe Amstrong porta in Italia il suo ultimo album,<em><strong> Father of All Motherfuckers<\/strong><\/em>. Uscito nel 2020, il trio l\u2019ha definito un \u201cdisco di sopravvivenza al caos\u201d per fronteggiare con energia punk rock i 50 anni compiuti quest\u2019anno dai tre membri del gruppo.<\/p>\n<p>I GD saranno preceduti sul palco da un\u2019altra band americana che ha legato la sua storia a quella dell\u2019alternative rock mondiale: i <strong>Weezer,<\/strong> capitanati da <strong>Rivers Cuomo<\/strong>, che proprio nel 2022 hanno annunciato l\u2019uscita di quattro nuovi album, ciascuno dedicato a una stagione dell\u2019anno e di cui il primo capitolo, Spring, \u00e8 stato pubblicato lo scorso marzo.<\/p>\n<p>Nella line-up della giornata l\u2019esibizione del<strong> cantautore toscano Matteo Crea<\/strong> che porter\u00e0 sul palco di Firenze Rocks il suo singolo d\u2019esordio \u201cA casa dei miei\u201d, appena pubblicato da Latarma Records, e alcuni nuovi inediti. Ad accompagnarlo ci saranno Stefano Rossi al basso, Michele Mariola alla chitarra ed Evita Polidoro alla batteria.<\/p>\n<p>Sul palco della Visarno Arena il 16 giugno ci saranno anche i <strong>Radio Days,<\/strong> portabandiera del power-pop in Italia e uno dei gruppi di riferimento della scena in Europa, come testimoniano i loro 350 concerti che hanno toccato diverse nazioni. Merito del successo di questo gruppo \u00e8 un sound che mescola melodie cristalline all\u2019influenza del punk rock di fine anni Settanta, messo a punto sin dal loro esordio nei primi 2000 e letteralmente esploso con gli ultimi due lavori in studio Get Some Action e Back In The Day.<\/p>\n<figure id=\"post-73805 media-73805\" class=\"align-none\"><img decoding=\"async\" src=\"https:\/\/www.intoscana.it\/wp-content\/uploads\/rs-green-day-1f762dc4-b80d-40c9-99ba-363d779c600f-1.jpg\" alt=\"\" \/><\/figure>\n<div class=\"titleimg\"><em>Green Day<\/em><\/div>\n<p><strong>Venerd\u00ec 17 \u2013 in esclusiva per l\u2019Italia<\/strong> \u2013 saliranno sul palco i<strong> MUSE, la band britannica di Matt Bellamy,<\/strong> legatissima al nostro Paese e in particolare alla citt\u00e0 di Firenze, sar\u00e0 anticipata da un\u2019altra delle formazioni pi\u00f9 importanti della scena musicale inglese: i<strong> Placebo.<\/strong> In attesa dell\u2019uscita del loro prossimo album <em><strong>Will of the People<\/strong> <\/em>prevista ad agosto, i Muse, ad oggi considerati una delle migliori band rock-progressive di tutti i tempi, tornano a tre anni di distanza dall\u2019ultimo show italiano per incendiare il palco con la loro marcata e rivoluzionaria potenza live.<\/p>\n<p>Attesissimo anche il concerto-evento dei <strong>Placebo<\/strong>, band che ha lasciato un indelebile segno nel rock degli anni 2000, grazie anche al suo carismatico leader Brian Molko, e che lo scorso marzo \u00e8 ritornato in prima linea sulla scena mondiale pubblicando \u2013 dopo ben nove anni \u2013 il suo nuovo disco, <em><strong>Never Let Me Go.<\/strong><\/em><\/p>\n<p>Nella stessa giornata, arriveranno sul palco di Firenze Rocks altre due incredibili band: gli esplosivi <strong>Ramona Flowers,<\/strong> formazione di punta nella nuova scena indipendente targata UK dove si sono contraddistinti per le loro travolgente sonorit\u00e0 electro-pop di cui \u00e8 testimone l\u2019ultimo singolo \u201cUp All Night\u201d, e per la prima volta in Italia i <strong>The Mysterines,<\/strong> quartetto di Liverpool trainato dalla potente voce della cantante Lia Metcalfe e che ha appena esordito con l\u2019album Reeling, un mix tra grunge, garage e classic rock.<\/p>\n<figure id=\"post-211661 media-211661\" class=\"align-none\"><img decoding=\"async\" src=\"https:\/\/www.intoscana.it\/wp-content\/uploads\/PLACEBO_PRESS.08-pic.jpg\" alt=\"\" \/><\/figure>\n<div class=\"titleimg\"><em>Placebo<\/em><\/div>\n<p><strong>Sabato 18 giugno<\/strong> protagonisti della giornata sono i <strong>Red Hot Chili Peppers<\/strong> che festeggiano il ritorno nel gruppo di Jack Frusciante, una delle colonne portanti del loro inconfondibile sound funk rock, impresso come marchio di fabbrica anche nel loro recentissimo disco <em><strong>Unlimited love<\/strong><\/em>. Una serata sold out di fortissimo impatto dove la band simbolo della California, che in Italia manca dal 2018, sar\u00e0 preceduta dall\u2019esibizione di <strong>una leggenda dell\u2019hip hop mondiale: NAS<\/strong>. Considerato tra i migliori MC contemporanei, nel 2021 si \u00e8 aggiudicato il suo primo Grammy Award per il miglior album rap con King\u2019s Disease.<\/p>\n<p>A fargli da apripista<strong> il rapper italiano Tedua,<\/strong> protagonista della Nuova Scuola Genovese e uno dei volti pi\u00f9 importanti del rap italiano degli ultimi anni, e \u2013 nella stessa giornata \u2013 la coloratissima energia della <strong>popstar californiana Remi Wolf,<\/strong> nuovo idolo della generazione Z.<\/p>\n<p>La Visarno Arena sar\u00e0 la dimensione ideale anche per apprezzare live la presenza scenica dei travolgenti <strong>Savana Funk, band bolognese<\/strong> che unisce funk, rock e blues con jam incendiarie, groove irresistibili e sonorit\u00e0 multiculturali. Dopo aver partecipato a importanti Festival europei, hanno pubblicato nel 2021 il loro terzo album, Tindouf, un mix visionario e psichedelico. I Savana Funk sono: Aldo Betto (chitarra), Blake Franchetto (basso), Youssef Ait Bouazza (batteria) e Nicola Peruch (tastiere, synth, modulatori).<\/p>\n<figure id=\"post-232797 media-232797\" class=\"align-none\"><img decoding=\"async\" src=\"https:\/\/www.intoscana.it\/wp-content\/uploads\/Flea-Red-Hot-Chili-PeppersShutterstock-scaled.jpg\" alt=\"\" \/><\/figure>\n<div class=\"titleimg\"><em>Flea, Red Hot Chili Peppers &#8211; \u00a9 Andrea Raffin &#8211; Shutterstock<\/em><\/div>\n<p><strong>Domenica 19 giugno,<\/strong> a chiusura del Festival, sar\u00e0 la volta dei <strong>Metallica.<\/strong> Con pi\u00f9 di 100 milioni di dischi venduti al mondo e innumerevoli premi ricevuti in oltre 40 anni di carriera, la band di San Francisco e il suo storico frontman James Hetfield non hanno bisogno di presentazioni. A cedergli il testimone dell\u2019heavy metal mondiale ci saranno sul palco i Greta Van Fleet, che con questa data italiana riprenderanno il tour del loro ultimo album<em><strong> The Battle at Garden\u2019s Gate<\/strong><\/em>, uscito nel 2021, che ha definitivamente incoronato il gruppo guidato dai tre fratelli Kiszka l\u2019erede ufficiale del nuovo hard rock internazionale.<\/p>\n<p>Sar\u00e0 un live imperdibile di quest\u2019ultima giornata <strong>l\u2019esibizione di uno dei pi\u00f9 celebri chitarristi della storia, Jerry Cantrell<\/strong>. Fondatore e leader degli Alice in Chains, Cantrell arriva in Italia con Brighten, il suo terzo progetto da solista in vent\u2019anni, pronto a illuminare la strada del rock nella serata finale del Festival.<\/p>\n<p>Calcheranno per primi il palco i <strong>The Blind Monkeys,<\/strong> formazione milanese nata nel 2016 con un\u2019impronta rock ricca di variet\u00e0 timbriche e che segue la tradizione del cantautorato italiano; influenze quest\u2019ultime entrambe confluite anche nel loro primo album Argini, uscito nel 2020. La band \u00e8 composta da Federico Arduini (voce e chitarra), Paolo Malocco (chitarra), Edoardo Buonfino (tastiere), Giacomo Moroni (batteria) e Nicola Rulli (basso).<\/p>\n<figure id=\"post-98046 media-98046\" class=\"align-none\"><img decoding=\"async\" src=\"https:\/\/www.intoscana.it\/wp-content\/uploads\/firenze-rocks-drone-foto-credits-francesco-prandoni-elena-di-vincenzo-2.jpg\" alt=\"\" \/><\/figure>\n<h3>Firenze Rocks un festival &#8220;green&#8221;<\/h3>\n<p><strong>Dal 2019 LIVE NATION \u00e8 impegnata sul fronte del rispetto dell\u2019ambiente<\/strong> attraverso la coalizione globale Green Nation che mira al miglioramento della sostenibilit\u00e0 in tutti gli eventi musicali dal vivo. In particolare, quest\u2019anno Firenze Rocks introdurr\u00e0 diverse iniziative eco-friendly con l\u2019obiettivo di ridurre gli sprechi di acqua, plastica, cibo ed energia, sensibilizzando inoltre il pubblico sull\u2019importanza della raccolta differenziata e di opzioni di trasporto sostenibile.<\/p>\n<p>Si rinnova la <strong>collaborazione annuale con Frecciarossa<\/strong> anche per questa stagione. Grazie all\u2019offerta \u2018Speciale Eventi\u2019, sar\u00e0 infatti possibile di usufruire di <strong>sconti fino al 50% sui collegamenti ad Alta Velocit\u00e0 di Trenitalia<\/strong> per viaggiare con Le Frecce e a Firenze durante i giorni di Firenze Rocks.<\/p>\n<p>Il treno \u00e8, infatti, il mezzo sostenibile per eccellenza in quanto elettrico e perch\u00e9 riesce a trasportare un elevato numero di persone con il minor impatto ambientale possibile.\u00a0Ad esempio, viaggiare in treno tra Roma e Firenze consente mediamente un risparmio di CO2 del 64% rispetto all\u2019uso dell\u2019auto privata ed evita l\u2019immissione in atmosfera di 21 kg di CO2 a passeggero (Fonte dati: Ecopassenger).<\/p>\n<p><strong>Con l\u2019app RideMovi,<\/strong> mobility partner ufficiale di Firenze Rocks, il pubblico potr\u00e0 usufruire del<strong> servizio di bike sharing a flusso libero e di parcheggi dedicati alle biciclette<\/strong> in prossimit\u00e0 della Visarno Arena. L\u2019app consentir\u00e0 inoltre al pubblico di utilizzare dei coupon sconto promozionali con alcuni minuti in bicicletta elettrica gratuiti.<\/p>\n<p><strong>Plenitude, societ\u00e0 controllata da Eni, sar\u00e0 partner di Firenze Rocks 2022<\/strong> con iniziative finalizzate al risparmio e all\u2019efficienza energetica dei concerti live. Nello specifico, la zona \u2018village\u2019 dei concerti sar\u00e0 alimentata con un generatore ibrido di ultima generazione. Plenitude contribuir\u00e0 anche all\u2019efficientamento delle celle frigorifero impiegate nella zona food. Nella zona degli sponsor saranno messe a disposizione del pubblico alcune panchine per la ricarica del telefono ad energia solare.<\/p>\n<p>Ritorna anche quest\u2019anno a Firenze Rocks l\u2019iniziativa <strong>\u201cRiciclare \u00e8 rock\u201d con i volontari \u201cgreen\u201d per sensibilizzare il pubblico sul tema della raccolta differenziata<\/strong> nell\u2019area della Visarno Arena. L\u2019iniziativa, inoltre, quest\u2019anno si arricchisce della collaborazione con il team Green Evo al fine di migliorare il coordinamento e la supervisione del corretto smaltimento nei rifiuti nelle venue dei concerti.<\/p>\n<p>Grazie alla collaborazione con <a href=\"https:\/\/www.intoscana.it\/it\/articolo\/treedom-firenze\/\" target=\"_blank\" rel=\"noopener\"><strong>Treedom<\/strong> <\/a>la foresta Firenze Rocks si arricchir\u00e0 di circa 3000 alberi nel corso di questa edizione. A seconda di quanta plastica verr\u00e0 raccolta, il reward del progetto Riciclare \u00e8 Rock, per chi porta il proprio sacco di plastica all\u2019area dedicata, sar\u00e0 il riscatto di un albero da adottare e vedere crescere attraverso la piattaforma Treedom.<\/p>\n<p>Collaborazione anche con i<strong> Consorzi Corepla, Ricrea e Cial,<\/strong> che recupereranno gli imballaggi in plastica, in acciaio e in alluminio, usufruendo dei servizi ambientali messi a disposizione della societ\u00e0 toscana Alia. I Consorzi saranno presenti in uno spazio dedicato Green Nation con una serie di allestimenti per sensibilizzare gli spettatori al tema della raccolta differenziata e del riciclo con giochi e altre attivit\u00e0.<\/p>\n<p>Con l\u2019obiettivo di ridurre al minimo l\u2019impatto ambientale del Festival, <strong>i materiali plastici prodotti nell\u2019area dello show<\/strong> e necessari a comunicare informazioni di servizio<strong> verranno riutilizzati da altre produzioni interne Live Nation<\/strong>, non solo a Firenze Rocks ma anche in altri grandi eventi.<\/p>\n<p>Firenze Rocks provveder\u00e0 a dotare tutto lo staff impiegato nel backstage dei concerti di circa<strong> 1000 borracce in alluminio riutilizzabili fornite dal partner 24Bottles<\/strong>. Una collaborazione che si rinnova e si amplia in un anno fondamentale per l\u2019azienda che ha ottenuto la certificazione CarbonNeutral\u00ae: l\u2019impatto di ogni bottiglia \u00e8 completamente azzerato dai progetti di sostenibilit\u00e0 supportati dal brand che \u00e8 anche una B Corporation. Inoltre, per ogni borraccia riempita si evita il rilascio di 0,08 kg di anidride carbonica nell\u2019atmosfera. In questo modo la parte backstage dei Festival sar\u00e0 plastic free e permetter\u00e0 allo staff e alle crew di ridurre consumi di acqua e plastica.<\/p>\n<p>Il pubblico di <strong>Firenze Rocks<\/strong> sar\u00e0 coinvolto nel progetto <strong>WAMI-Water With a Mission<\/strong>, official water partner, con bottiglie da 0,5 litri di acqua naturale e frizzante prodotte in plastica riciclata (rPET). Partecipando al progetto WAMI, si contribuisce alla realizzazione di progetti idrici in villaggi che non hanno acqua potabile donando loro 100 litri per il consumo di ciascuna bottiglia d\u2019acqua all\u2019interno del Festival.<\/p>\n<p>La riduzione degli sprechi sar\u00e0 relativa anche a tutti i prodotti che non saranno consumati al termine dei giorni di Festival da parte dei punti ristoro, i punti food e il catering crew di Live Nation, per questo \u00e8 stata realizzata con <strong>Banco Alimentare Toscana una collaborazione per il recupero di eventuali eccedenze alimentari<\/strong> e volta alla redistribuzione delle risorse agli enti di beneficienza situati nel capoluogo fiorentino.<\/p>\n<h3>Firenze Rocks Village<\/h3>\n<p>Un happening straordinario anche per le numerose iniziative che animeranno il \u201c<strong>Firenze Rocks Village\u201d<\/strong> dove sar\u00e0 possibile fare molteplici attivit\u00e0 di intrattenimento e svago in <strong>un parco area di 6.000 mq.<\/strong><\/p>\n<p>Tra queste troveranno spazio numerosi <strong>punti food e bar con grande variet\u00e0 di cibi dallo street food alle specialit\u00e0 tipiche locali<\/strong> e alla cucina indiana e asiatica fino a quella messicana, una<strong> Game Zone con ping pong, calcio balilla, arcade<\/strong> e altri giochi tra cui Simulatori di Formula 1 anche in multiplayer offerti nella Red Bull Experience Area, un<strong> Barber Shop &amp; Hair Dresser per uomo e donna,<\/strong> molto rock e gratuito, un<strong> Temporary Tattoo<\/strong> con uno stand dedicato ai tatuaggi non permanenti e al gioco \u201cClaw Crane\u201d offerti da Ticketmaster.<strong> Per i pi\u00f9 piccoli GIOTTO-FILA<\/strong> \u00e8 colore ufficiale dell\u2019area kids allestita con laboratori creativi e postazioni truccabimbi.<\/p>\n<p>Infine, tra i servizi generali offerti dal Festival ci saranno <strong>lockers per il deposito oggetti e carica dei cellulari, bagni, zone d\u2019ombra e relax, tunnel nebulizzanti, bike parking e naturalmente aree primo soccorso.<\/strong><\/p>\n","protected":false},"excerpt":{"rendered":"<p>Alla Visarno Arena il Firenze Rocks con quattro giorni di concerti e ospiti internazionali per un festival green<\/p>\n","protected":false},"author":525,"featured_media":142348,"comment_status":"open","ping_status":"open","sticky":false,"template":"","format":"standard","meta":{"_acf_changed":false,"footnotes":""},"categories":[14],"tags":[216,235,239,399,4474,228,5986],"class_list":["post-232796","post","type-post","status-publish","format-standard","has-post-thumbnail","hentry","category-musica","tag-concerti","tag-estate","tag-estate-fiorentina","tag-estate-in-toscana","tag-eventi","tag-festival","tag-firenze-rocks"],"acf":[],"yoast_head":"<!-- This site is optimized with the Yoast SEO Premium plugin v24.2 (Yoast SEO v25.6) - https:\/\/yoast.com\/wordpress\/plugins\/seo\/ -->\n<title>Firenze capitale del rock mondiale con Green Day, Muse, Red Hot Chili Peppers e Metallica - intoscana<\/title>\n<meta name=\"description\" content=\"Dal 16 al 19 giugno torna alla Visarno Arena il Firenze Rocks, quattro giorni di concerti con ospiti internazionali per un festival green\" \/>\n<meta name=\"robots\" content=\"index, follow, max-snippet:-1, max-image-preview:large, max-video-preview:-1\" \/>\n<link rel=\"canonical\" href=\"https:\/\/www.intoscana.it\/it\/firenze-rocks-2022\/\" \/>\n<meta property=\"og:locale\" content=\"it_IT\" \/>\n<meta property=\"og:type\" content=\"article\" \/>\n<meta property=\"og:title\" content=\"Firenze capitale del rock mondiale con Green Day, Muse, Red Hot Chili Peppers e Metallica\" \/>\n<meta property=\"og:description\" content=\"Dal 16 al 19 giugno torna alla Visarno Arena il Firenze Rocks, quattro giorni di concerti con ospiti internazionali per un festival green\" \/>\n<meta property=\"og:url\" content=\"https:\/\/www.intoscana.it\/it\/firenze-rocks-2022\/\" \/>\n<meta property=\"og:site_name\" content=\"intoscana\" \/>\n<meta property=\"article:publisher\" content=\"https:\/\/www.facebook.com\/intoscana.it\" \/>\n<meta property=\"article:published_time\" content=\"2022-06-13T06:27:20+00:00\" \/>\n<meta property=\"article:modified_time\" content=\"2022-06-18T13:43:26+00:00\" \/>\n<meta property=\"og:image\" content=\"https:\/\/www.intoscana.it\/wp-content\/uploads\/firenze-rocks-day-3-15-giugno-2019-prandoni-5012-1.jpg\" \/>\n\t<meta property=\"og:image:width\" content=\"1620\" \/>\n\t<meta property=\"og:image:height\" content=\"1080\" \/>\n\t<meta property=\"og:image:type\" content=\"image\/jpeg\" \/>\n<meta name=\"author\" content=\"Redazione\" \/>\n<meta name=\"twitter:card\" content=\"summary_large_image\" \/>\n<meta name=\"twitter:creator\" content=\"@intoscana\" \/>\n<meta name=\"twitter:site\" content=\"@intoscana\" \/>\n<meta name=\"twitter:label1\" content=\"Written by\" \/>\n\t<meta name=\"twitter:data1\" content=\"Redazione\" \/>\n\t<meta name=\"twitter:label2\" content=\"Est. reading time\" \/>\n\t<meta name=\"twitter:data2\" content=\"10 minuti\" \/>\n<script type=\"application\/ld+json\" class=\"yoast-schema-graph\">{\"@context\":\"https:\/\/schema.org\",\"@graph\":[{\"@type\":\"WebPage\",\"@id\":\"https:\/\/www.intoscana.it\/it\/firenze-rocks-2022\/\",\"url\":\"https:\/\/www.intoscana.it\/it\/firenze-rocks-2022\/\",\"name\":\"Firenze capitale del rock mondiale con Green Day, Muse, Red Hot Chili Peppers e Metallica - intoscana\",\"isPartOf\":{\"@id\":\"https:\/\/www.intoscana.it\/it\/#website\"},\"primaryImageOfPage\":{\"@id\":\"https:\/\/www.intoscana.it\/it\/firenze-rocks-2022\/#primaryimage\"},\"image\":{\"@id\":\"https:\/\/www.intoscana.it\/it\/firenze-rocks-2022\/#primaryimage\"},\"thumbnailUrl\":\"https:\/\/www.intoscana.it\/wp-content\/uploads\/firenze-rocks-day-3-15-giugno-2019-prandoni-5012-1.jpg\",\"datePublished\":\"2022-06-13T06:27:20+00:00\",\"dateModified\":\"2022-06-18T13:43:26+00:00\",\"author\":{\"@id\":\"https:\/\/www.intoscana.it\/it\/#\/schema\/person\/9223810753230f20bd670fdd322661f8\"},\"description\":\"Dal 16 al 19 giugno torna alla Visarno Arena il Firenze Rocks, quattro giorni di concerti con ospiti internazionali per un festival green\",\"breadcrumb\":{\"@id\":\"https:\/\/www.intoscana.it\/it\/firenze-rocks-2022\/#breadcrumb\"},\"inLanguage\":\"it-IT\",\"potentialAction\":[{\"@type\":\"ReadAction\",\"target\":[\"https:\/\/www.intoscana.it\/it\/firenze-rocks-2022\/\"]}]},{\"@type\":\"ImageObject\",\"inLanguage\":\"it-IT\",\"@id\":\"https:\/\/www.intoscana.it\/it\/firenze-rocks-2022\/#primaryimage\",\"url\":\"https:\/\/www.intoscana.it\/wp-content\/uploads\/firenze-rocks-day-3-15-giugno-2019-prandoni-5012-1.jpg\",\"contentUrl\":\"https:\/\/www.intoscana.it\/wp-content\/uploads\/firenze-rocks-day-3-15-giugno-2019-prandoni-5012-1.jpg\",\"width\":1620,\"height\":1080,\"caption\":\"Firenze Rock\"},{\"@type\":\"BreadcrumbList\",\"@id\":\"https:\/\/www.intoscana.it\/it\/firenze-rocks-2022\/#breadcrumb\",\"itemListElement\":[{\"@type\":\"ListItem\",\"position\":1,\"name\":\"Home\",\"item\":\"https:\/\/www.intoscana.it\/it\/\"},{\"@type\":\"ListItem\",\"position\":2,\"name\":\"Firenze capitale del rock mondiale con Green Day, Muse, Red Hot Chili Peppers e Metallica\"}]},{\"@type\":\"WebSite\",\"@id\":\"https:\/\/www.intoscana.it\/it\/#website\",\"url\":\"https:\/\/www.intoscana.it\/it\/\",\"name\":\"intoscana\",\"description\":\"\",\"potentialAction\":[{\"@type\":\"SearchAction\",\"target\":{\"@type\":\"EntryPoint\",\"urlTemplate\":\"https:\/\/www.intoscana.it\/it\/?s={search_term_string}\"},\"query-input\":{\"@type\":\"PropertyValueSpecification\",\"valueRequired\":true,\"valueName\":\"search_term_string\"}}],\"inLanguage\":\"it-IT\"},{\"@type\":\"Person\",\"@id\":\"https:\/\/www.intoscana.it\/it\/#\/schema\/person\/9223810753230f20bd670fdd322661f8\",\"name\":\"Redazione\",\"url\":\"https:\/\/www.intoscana.it\/it\/author\/redazione\/\"}]}<\/script>\n<!-- \/ Yoast SEO Premium plugin. -->","yoast_head_json":{"title":"Firenze capitale del rock mondiale con Green Day, Muse, Red Hot Chili Peppers e Metallica - intoscana","description":"Dal 16 al 19 giugno torna alla Visarno Arena il Firenze Rocks, quattro giorni di concerti con ospiti internazionali per un festival green","robots":{"index":"index","follow":"follow","max-snippet":"max-snippet:-1","max-image-preview":"max-image-preview:large","max-video-preview":"max-video-preview:-1"},"canonical":"https:\/\/www.intoscana.it\/it\/firenze-rocks-2022\/","og_locale":"it_IT","og_type":"article","og_title":"Firenze capitale del rock mondiale con Green Day, Muse, Red Hot Chili Peppers e Metallica","og_description":"Dal 16 al 19 giugno torna alla Visarno Arena il Firenze Rocks, quattro giorni di concerti con ospiti internazionali per un festival green","og_url":"https:\/\/www.intoscana.it\/it\/firenze-rocks-2022\/","og_site_name":"intoscana","article_publisher":"https:\/\/www.facebook.com\/intoscana.it","article_published_time":"2022-06-13T06:27:20+00:00","article_modified_time":"2022-06-18T13:43:26+00:00","og_image":[{"width":1620,"height":1080,"url":"https:\/\/www.intoscana.it\/wp-content\/uploads\/firenze-rocks-day-3-15-giugno-2019-prandoni-5012-1.jpg","type":"image\/jpeg"}],"author":"Redazione","twitter_card":"summary_large_image","twitter_creator":"@intoscana","twitter_site":"@intoscana","twitter_misc":{"Written by":"Redazione","Est. reading time":"10 minuti"},"schema":{"@context":"https:\/\/schema.org","@graph":[{"@type":"WebPage","@id":"https:\/\/www.intoscana.it\/it\/firenze-rocks-2022\/","url":"https:\/\/www.intoscana.it\/it\/firenze-rocks-2022\/","name":"Firenze capitale del rock mondiale con Green Day, Muse, Red Hot Chili Peppers e Metallica - intoscana","isPartOf":{"@id":"https:\/\/www.intoscana.it\/it\/#website"},"primaryImageOfPage":{"@id":"https:\/\/www.intoscana.it\/it\/firenze-rocks-2022\/#primaryimage"},"image":{"@id":"https:\/\/www.intoscana.it\/it\/firenze-rocks-2022\/#primaryimage"},"thumbnailUrl":"https:\/\/www.intoscana.it\/wp-content\/uploads\/firenze-rocks-day-3-15-giugno-2019-prandoni-5012-1.jpg","datePublished":"2022-06-13T06:27:20+00:00","dateModified":"2022-06-18T13:43:26+00:00","author":{"@id":"https:\/\/www.intoscana.it\/it\/#\/schema\/person\/9223810753230f20bd670fdd322661f8"},"description":"Dal 16 al 19 giugno torna alla Visarno Arena il Firenze Rocks, quattro giorni di concerti con ospiti internazionali per un festival green","breadcrumb":{"@id":"https:\/\/www.intoscana.it\/it\/firenze-rocks-2022\/#breadcrumb"},"inLanguage":"it-IT","potentialAction":[{"@type":"ReadAction","target":["https:\/\/www.intoscana.it\/it\/firenze-rocks-2022\/"]}]},{"@type":"ImageObject","inLanguage":"it-IT","@id":"https:\/\/www.intoscana.it\/it\/firenze-rocks-2022\/#primaryimage","url":"https:\/\/www.intoscana.it\/wp-content\/uploads\/firenze-rocks-day-3-15-giugno-2019-prandoni-5012-1.jpg","contentUrl":"https:\/\/www.intoscana.it\/wp-content\/uploads\/firenze-rocks-day-3-15-giugno-2019-prandoni-5012-1.jpg","width":1620,"height":1080,"caption":"Firenze Rock"},{"@type":"BreadcrumbList","@id":"https:\/\/www.intoscana.it\/it\/firenze-rocks-2022\/#breadcrumb","itemListElement":[{"@type":"ListItem","position":1,"name":"Home","item":"https:\/\/www.intoscana.it\/it\/"},{"@type":"ListItem","position":2,"name":"Firenze capitale del rock mondiale con Green Day, Muse, Red Hot Chili Peppers e Metallica"}]},{"@type":"WebSite","@id":"https:\/\/www.intoscana.it\/it\/#website","url":"https:\/\/www.intoscana.it\/it\/","name":"intoscana","description":"","potentialAction":[{"@type":"SearchAction","target":{"@type":"EntryPoint","urlTemplate":"https:\/\/www.intoscana.it\/it\/?s={search_term_string}"},"query-input":{"@type":"PropertyValueSpecification","valueRequired":true,"valueName":"search_term_string"}}],"inLanguage":"it-IT"},{"@type":"Person","@id":"https:\/\/www.intoscana.it\/it\/#\/schema\/person\/9223810753230f20bd670fdd322661f8","name":"Redazione","url":"https:\/\/www.intoscana.it\/it\/author\/redazione\/"}]}},"_links":{"self":[{"href":"https:\/\/www.intoscana.it\/it\/wp-json\/wp\/v2\/posts\/232796","targetHints":{"allow":["GET"]}}],"collection":[{"href":"https:\/\/www.intoscana.it\/it\/wp-json\/wp\/v2\/posts"}],"about":[{"href":"https:\/\/www.intoscana.it\/it\/wp-json\/wp\/v2\/types\/post"}],"author":[{"embeddable":true,"href":"https:\/\/www.intoscana.it\/it\/wp-json\/wp\/v2\/users\/525"}],"replies":[{"embeddable":true,"href":"https:\/\/www.intoscana.it\/it\/wp-json\/wp\/v2\/comments?post=232796"}],"version-history":[{"count":0,"href":"https:\/\/www.intoscana.it\/it\/wp-json\/wp\/v2\/posts\/232796\/revisions"}],"wp:featuredmedia":[{"embeddable":true,"href":"https:\/\/www.intoscana.it\/it\/wp-json\/wp\/v2\/media\/142348"}],"wp:attachment":[{"href":"https:\/\/www.intoscana.it\/it\/wp-json\/wp\/v2\/media?parent=232796"}],"wp:term":[{"taxonomy":"category","embeddable":true,"href":"https:\/\/www.intoscana.it\/it\/wp-json\/wp\/v2\/categories?post=232796"},{"taxonomy":"post_tag","embeddable":true,"href":"https:\/\/www.intoscana.it\/it\/wp-json\/wp\/v2\/tags?post=232796"}],"curies":[{"name":"wp","href":"https:\/\/api.w.org\/{rel}","templated":true}]}}