{"id":232883,"date":"2022-06-13T11:53:57","date_gmt":"2022-06-13T09:53:57","guid":{"rendered":"https:\/\/www.intoscana.it\/it\/?p=232883"},"modified":"2022-06-14T13:15:07","modified_gmt":"2022-06-14T11:15:07","slug":"covid-19-in-toscana-434-nuovi-casi-eta-media-47-anni-due-decessi","status":"publish","type":"post","link":"https:\/\/www.intoscana.it\/it\/covid-19-in-toscana-434-nuovi-casi-eta-media-47-anni-due-decessi\/","title":{"rendered":"Covid-19: in Toscana 434 nuovi casi, et\u00e0 media 47 anni. Due decessi"},"content":{"rendered":"<p>In Toscana sono 1.163.981 i casi di positivit\u00e0 al Coronavirus,<strong> 434 in pi\u00f9 rispetto a ieri<\/strong> (100 confermati con tampone molecolare e 334 da test rapido antigenico). I nuovi casi sono lo 0,04% in pi\u00f9 rispetto al totale del giorno precedente. I guariti crescono dello 0,1% e raggiungono quota 1.129.458 (97% dei casi totali).<\/p>\n<p>Oggi sono stati eseguiti <strong>432 tamponi molecolari e 2.114 tamponi antigenici rapidi, di questi il 17% \u00e8 risultato positivo.<\/strong> Sono invece 658 i soggetti testati oggi (con tampone antigenico e\/o molecolare, escludendo i tamponi di controllo), di cui il 66% \u00e8 risultato positivo. Gli attualmente positivi sono oggi 24.395, -1,2% rispetto a ieri. I ricoverati sono 219 (22 in pi\u00f9 rispetto a ieri), di cui 13 in terapia intensiva (stabili). Oggi si registrano 2 nuovi decessi: 2 donne, con un&#8217;et\u00e0 media di 78,5 anni.<\/p>\n<p><strong>L&#8217;et\u00e0 media dei 434 nuovi positivi odierni \u00e8 di 47 anni circa<\/strong> (15% ha meno di 20 anni, 21% tra 20 e 39 anni, 34% tra 40 e 59 anni, 22% tra 60 e 79 anni, 8% ha 80 anni o pi\u00f9).<\/p>\n<h3>I casi di positivit\u00e0 sul territorio<\/h3>\n<p>Di seguito i casi di positivit\u00e0 sul territorio con la variazione rispetto a ieri (100 confermati con tampone molecolare e 334 da test rapido antigenico). Sono 323.153 i casi complessivi ad oggi a Firenze (87 in pi\u00f9 rispetto a ieri), 79.605 a Prato (21 in pi\u00f9), 93.095 a Pistoia (45 in pi\u00f9), 57.129 a Massa (34 in pi\u00f9), 122.049 a Lucca (66 in pi\u00f9), 134.342 a Pisa (59 in pi\u00f9), 103.608 a Livorno (42 in pi\u00f9), 105.843 ad Arezzo (40 in pi\u00f9), 82.207 a Siena (15 in pi\u00f9), 62.395 a Grosseto (25 in pi\u00f9). Sono 555 i casi positivi notificati in Toscana, ma residenti in altre regioni.<\/p>\n<p>Sono <strong>155 i casi riscontrati oggi nell&#8217;Asl Centro, 199 nella Nord Ovest, 80 nella Sud est.<\/strong><\/p>\n<p>La Toscana si trova al 8\u00b0 posto in Italia come numerosit\u00e0 di casi (comprensivi di residenti e non residenti), con circa 31.520 casi per 100.000 abitanti (media italiana circa 29.802 x100.000, dato di ieri). Le province di notifica con il tasso pi\u00f9 alto sono Firenze con 32.366 casi x100.000 abitanti, Pisa con 32.141, Pistoia con 32.075, la pi\u00f9 bassa Grosseto con 28.642.<br \/>\nComplessivamente, 24.176 persone sono in isolamento a casa, poich\u00e9 presentano sintomi lievi che non richiedono cure ospedaliere, o risultano prive di sintomi (311 in meno rispetto a ieri, meno 1,3%).<\/p>\n<p><strong>Le persone ricoverate nei posti letto dedicati ai pazienti COVID oggi sono complessivamente 219<\/strong> (22 in pi\u00f9 rispetto a ieri, pi\u00f9 11,2%), <strong>13 in terapia intensiva<\/strong> (stabili rispetto a ieri).<\/p>\n<p><strong>Le persone complessivamente guarite sono 1.129.458<\/strong> (721 in pi\u00f9 rispetto a ieri, pi\u00f9 0,1%): 0 persone clinicamente guarite (stabili rispetto a ieri), divenute cio\u00e8 asintomatiche dopo aver presentato manifestazioni cliniche associate all&#8217;infezione e 1.129.458 (721 in pi\u00f9 rispetto a ieri, pi\u00f9 0,1%) dichiarate guarite a tutti gli effetti, le cosiddette guarigioni virali, con tampone negativo.<\/p>\n<h3>I decessi<\/h3>\n<p>Oggi si registrano<strong> 2 nuovi decessi: 2 donne, con un&#8217;et\u00e0 media di 78,5 anni.<\/strong><\/p>\n<p>Relativamente alla provincia di residenza, le persone decedute sono: 1 a Firenze, 1 a Pistoia.<\/p>\n<p><strong>Sono 10.128 i deceduti dall&#8217;inizio dell&#8217;epidemia<\/strong> cosi ripartiti: 3.186 a Firenze, 838 a Prato, 910 a Pistoia, 654 a Massa Carrara, 949 a Lucca, 1.125 a Pisa, 744 a Livorno, 658 ad Arezzo, 536 a Siena, 389 a Grosseto, 139 persone sono decedute sul suolo toscano ma erano residenti fuori regione.<\/p>\n<p>Il tasso grezzo di mortalit\u00e0 toscano (numero di deceduti\/popolazione residente) per Covid-19 \u00e8 di 274,3 x100.000 residenti contro il 282,6 x100.000 della media italiana (10\u00b0 regione). Per quanto riguarda le province, il tasso di mortalit\u00e0 pi\u00f9 alto si riscontra a Massa Carrara (344,5 x100.000), Firenze (319,1 x100.000) e Prato (315,9 x100.000), il pi\u00f9 basso a Grosseto (178,6 x100.000).<\/p>\n","protected":false},"excerpt":{"rendered":"<p>I ricoverati sono 219 (22 in pi\u00f9 rispetto a ieri), di cui 13 in terapia intensiva (stabili)<\/p>\n","protected":false},"author":525,"featured_media":143699,"comment_status":"open","ping_status":"open","sticky":false,"template":"","format":"standard","meta":{"_acf_changed":false,"footnotes":""},"categories":[494],"tags":[418],"class_list":["post-232883","post","type-post","status-publish","format-standard","has-post-thumbnail","hentry","category-attualita","tag-covid-19"],"acf":[],"yoast_head":"<!-- This site is optimized with the Yoast SEO Premium plugin v24.2 (Yoast SEO v25.6) - https:\/\/yoast.com\/wordpress\/plugins\/seo\/ -->\n<title>Covid-19: in Toscana 434 nuovi casi, et\u00e0 media 47 anni. Due decessi - intoscana<\/title>\n<meta name=\"description\" content=\"I ricoverati sono 219 (22 in pi\u00f9 rispetto a ieri), di cui 13 in terapia intensiva (stabili)\" \/>\n<meta name=\"robots\" content=\"index, follow, max-snippet:-1, max-image-preview:large, max-video-preview:-1\" \/>\n<link rel=\"canonical\" href=\"https:\/\/www.intoscana.it\/it\/covid-19-in-toscana-434-nuovi-casi-eta-media-47-anni-due-decessi\/\" \/>\n<meta property=\"og:locale\" content=\"it_IT\" \/>\n<meta property=\"og:type\" content=\"article\" \/>\n<meta property=\"og:title\" content=\"Covid-19: in Toscana 434 nuovi casi, et\u00e0 media 47 anni. Due decessi\" \/>\n<meta property=\"og:description\" content=\"I ricoverati sono 219 (22 in pi\u00f9 rispetto a ieri), di cui 13 in terapia intensiva (stabili)\" \/>\n<meta property=\"og:url\" content=\"https:\/\/www.intoscana.it\/it\/covid-19-in-toscana-434-nuovi-casi-eta-media-47-anni-due-decessi\/\" \/>\n<meta property=\"og:site_name\" content=\"intoscana\" \/>\n<meta property=\"article:publisher\" content=\"https:\/\/www.facebook.com\/intoscana.it\" \/>\n<meta property=\"article:published_time\" content=\"2022-06-13T09:53:57+00:00\" \/>\n<meta property=\"article:modified_time\" content=\"2022-06-14T11:15:07+00:00\" \/>\n<meta property=\"og:image\" content=\"https:\/\/www.intoscana.it\/wp-content\/uploads\/shutterstock_1632557005-1.jpg\" \/>\n\t<meta property=\"og:image:width\" content=\"2000\" \/>\n\t<meta property=\"og:image:height\" content=\"1333\" \/>\n\t<meta property=\"og:image:type\" content=\"image\/jpeg\" \/>\n<meta name=\"author\" content=\"Redazione\" \/>\n<meta name=\"twitter:card\" content=\"summary_large_image\" \/>\n<meta name=\"twitter:creator\" content=\"@intoscana\" \/>\n<meta name=\"twitter:site\" content=\"@intoscana\" \/>\n<meta name=\"twitter:label1\" content=\"Written by\" \/>\n\t<meta name=\"twitter:data1\" content=\"Redazione\" \/>\n\t<meta name=\"twitter:label2\" content=\"Est. reading time\" \/>\n\t<meta name=\"twitter:data2\" content=\"3 minuti\" \/>\n<script type=\"application\/ld+json\" class=\"yoast-schema-graph\">{\"@context\":\"https:\/\/schema.org\",\"@graph\":[{\"@type\":\"WebPage\",\"@id\":\"https:\/\/www.intoscana.it\/it\/covid-19-in-toscana-434-nuovi-casi-eta-media-47-anni-due-decessi\/\",\"url\":\"https:\/\/www.intoscana.it\/it\/covid-19-in-toscana-434-nuovi-casi-eta-media-47-anni-due-decessi\/\",\"name\":\"Covid-19: in Toscana 434 nuovi casi, et\u00e0 media 47 anni. Due decessi - intoscana\",\"isPartOf\":{\"@id\":\"https:\/\/www.intoscana.it\/it\/#website\"},\"primaryImageOfPage\":{\"@id\":\"https:\/\/www.intoscana.it\/it\/covid-19-in-toscana-434-nuovi-casi-eta-media-47-anni-due-decessi\/#primaryimage\"},\"image\":{\"@id\":\"https:\/\/www.intoscana.it\/it\/covid-19-in-toscana-434-nuovi-casi-eta-media-47-anni-due-decessi\/#primaryimage\"},\"thumbnailUrl\":\"https:\/\/www.intoscana.it\/wp-content\/uploads\/shutterstock_1632557005-1.jpg\",\"datePublished\":\"2022-06-13T09:53:57+00:00\",\"dateModified\":\"2022-06-14T11:15:07+00:00\",\"author\":{\"@id\":\"https:\/\/www.intoscana.it\/it\/#\/schema\/person\/9223810753230f20bd670fdd322661f8\"},\"description\":\"I ricoverati sono 219 (22 in pi\u00f9 rispetto a ieri), di cui 13 in terapia intensiva (stabili)\",\"breadcrumb\":{\"@id\":\"https:\/\/www.intoscana.it\/it\/covid-19-in-toscana-434-nuovi-casi-eta-media-47-anni-due-decessi\/#breadcrumb\"},\"inLanguage\":\"it-IT\",\"potentialAction\":[{\"@type\":\"ReadAction\",\"target\":[\"https:\/\/www.intoscana.it\/it\/covid-19-in-toscana-434-nuovi-casi-eta-media-47-anni-due-decessi\/\"]}]},{\"@type\":\"ImageObject\",\"inLanguage\":\"it-IT\",\"@id\":\"https:\/\/www.intoscana.it\/it\/covid-19-in-toscana-434-nuovi-casi-eta-media-47-anni-due-decessi\/#primaryimage\",\"url\":\"https:\/\/www.intoscana.it\/wp-content\/uploads\/shutterstock_1632557005-1.jpg\",\"contentUrl\":\"https:\/\/www.intoscana.it\/wp-content\/uploads\/shutterstock_1632557005-1.jpg\",\"width\":2000,\"height\":1333,\"caption\":\"Mascherine contro il Coronavirus\"},{\"@type\":\"BreadcrumbList\",\"@id\":\"https:\/\/www.intoscana.it\/it\/covid-19-in-toscana-434-nuovi-casi-eta-media-47-anni-due-decessi\/#breadcrumb\",\"itemListElement\":[{\"@type\":\"ListItem\",\"position\":1,\"name\":\"Home\",\"item\":\"https:\/\/www.intoscana.it\/it\/\"},{\"@type\":\"ListItem\",\"position\":2,\"name\":\"Covid-19: in Toscana 434 nuovi casi, et\u00e0 media 47 anni. Due decessi\"}]},{\"@type\":\"WebSite\",\"@id\":\"https:\/\/www.intoscana.it\/it\/#website\",\"url\":\"https:\/\/www.intoscana.it\/it\/\",\"name\":\"intoscana\",\"description\":\"\",\"potentialAction\":[{\"@type\":\"SearchAction\",\"target\":{\"@type\":\"EntryPoint\",\"urlTemplate\":\"https:\/\/www.intoscana.it\/it\/?s={search_term_string}\"},\"query-input\":{\"@type\":\"PropertyValueSpecification\",\"valueRequired\":true,\"valueName\":\"search_term_string\"}}],\"inLanguage\":\"it-IT\"},{\"@type\":\"Person\",\"@id\":\"https:\/\/www.intoscana.it\/it\/#\/schema\/person\/9223810753230f20bd670fdd322661f8\",\"name\":\"Redazione\",\"url\":\"https:\/\/www.intoscana.it\/it\/author\/redazione\/\"}]}<\/script>\n<!-- \/ Yoast SEO Premium plugin. -->","yoast_head_json":{"title":"Covid-19: in Toscana 434 nuovi casi, et\u00e0 media 47 anni. Due decessi - intoscana","description":"I ricoverati sono 219 (22 in pi\u00f9 rispetto a ieri), di cui 13 in terapia intensiva (stabili)","robots":{"index":"index","follow":"follow","max-snippet":"max-snippet:-1","max-image-preview":"max-image-preview:large","max-video-preview":"max-video-preview:-1"},"canonical":"https:\/\/www.intoscana.it\/it\/covid-19-in-toscana-434-nuovi-casi-eta-media-47-anni-due-decessi\/","og_locale":"it_IT","og_type":"article","og_title":"Covid-19: in Toscana 434 nuovi casi, et\u00e0 media 47 anni. Due decessi","og_description":"I ricoverati sono 219 (22 in pi\u00f9 rispetto a ieri), di cui 13 in terapia intensiva (stabili)","og_url":"https:\/\/www.intoscana.it\/it\/covid-19-in-toscana-434-nuovi-casi-eta-media-47-anni-due-decessi\/","og_site_name":"intoscana","article_publisher":"https:\/\/www.facebook.com\/intoscana.it","article_published_time":"2022-06-13T09:53:57+00:00","article_modified_time":"2022-06-14T11:15:07+00:00","og_image":[{"width":2000,"height":1333,"url":"https:\/\/www.intoscana.it\/wp-content\/uploads\/shutterstock_1632557005-1.jpg","type":"image\/jpeg"}],"author":"Redazione","twitter_card":"summary_large_image","twitter_creator":"@intoscana","twitter_site":"@intoscana","twitter_misc":{"Written by":"Redazione","Est. reading time":"3 minuti"},"schema":{"@context":"https:\/\/schema.org","@graph":[{"@type":"WebPage","@id":"https:\/\/www.intoscana.it\/it\/covid-19-in-toscana-434-nuovi-casi-eta-media-47-anni-due-decessi\/","url":"https:\/\/www.intoscana.it\/it\/covid-19-in-toscana-434-nuovi-casi-eta-media-47-anni-due-decessi\/","name":"Covid-19: in Toscana 434 nuovi casi, et\u00e0 media 47 anni. Due decessi - intoscana","isPartOf":{"@id":"https:\/\/www.intoscana.it\/it\/#website"},"primaryImageOfPage":{"@id":"https:\/\/www.intoscana.it\/it\/covid-19-in-toscana-434-nuovi-casi-eta-media-47-anni-due-decessi\/#primaryimage"},"image":{"@id":"https:\/\/www.intoscana.it\/it\/covid-19-in-toscana-434-nuovi-casi-eta-media-47-anni-due-decessi\/#primaryimage"},"thumbnailUrl":"https:\/\/www.intoscana.it\/wp-content\/uploads\/shutterstock_1632557005-1.jpg","datePublished":"2022-06-13T09:53:57+00:00","dateModified":"2022-06-14T11:15:07+00:00","author":{"@id":"https:\/\/www.intoscana.it\/it\/#\/schema\/person\/9223810753230f20bd670fdd322661f8"},"description":"I ricoverati sono 219 (22 in pi\u00f9 rispetto a ieri), di cui 13 in terapia intensiva (stabili)","breadcrumb":{"@id":"https:\/\/www.intoscana.it\/it\/covid-19-in-toscana-434-nuovi-casi-eta-media-47-anni-due-decessi\/#breadcrumb"},"inLanguage":"it-IT","potentialAction":[{"@type":"ReadAction","target":["https:\/\/www.intoscana.it\/it\/covid-19-in-toscana-434-nuovi-casi-eta-media-47-anni-due-decessi\/"]}]},{"@type":"ImageObject","inLanguage":"it-IT","@id":"https:\/\/www.intoscana.it\/it\/covid-19-in-toscana-434-nuovi-casi-eta-media-47-anni-due-decessi\/#primaryimage","url":"https:\/\/www.intoscana.it\/wp-content\/uploads\/shutterstock_1632557005-1.jpg","contentUrl":"https:\/\/www.intoscana.it\/wp-content\/uploads\/shutterstock_1632557005-1.jpg","width":2000,"height":1333,"caption":"Mascherine contro il Coronavirus"},{"@type":"BreadcrumbList","@id":"https:\/\/www.intoscana.it\/it\/covid-19-in-toscana-434-nuovi-casi-eta-media-47-anni-due-decessi\/#breadcrumb","itemListElement":[{"@type":"ListItem","position":1,"name":"Home","item":"https:\/\/www.intoscana.it\/it\/"},{"@type":"ListItem","position":2,"name":"Covid-19: in Toscana 434 nuovi casi, et\u00e0 media 47 anni. Due decessi"}]},{"@type":"WebSite","@id":"https:\/\/www.intoscana.it\/it\/#website","url":"https:\/\/www.intoscana.it\/it\/","name":"intoscana","description":"","potentialAction":[{"@type":"SearchAction","target":{"@type":"EntryPoint","urlTemplate":"https:\/\/www.intoscana.it\/it\/?s={search_term_string}"},"query-input":{"@type":"PropertyValueSpecification","valueRequired":true,"valueName":"search_term_string"}}],"inLanguage":"it-IT"},{"@type":"Person","@id":"https:\/\/www.intoscana.it\/it\/#\/schema\/person\/9223810753230f20bd670fdd322661f8","name":"Redazione","url":"https:\/\/www.intoscana.it\/it\/author\/redazione\/"}]}},"_links":{"self":[{"href":"https:\/\/www.intoscana.it\/it\/wp-json\/wp\/v2\/posts\/232883","targetHints":{"allow":["GET"]}}],"collection":[{"href":"https:\/\/www.intoscana.it\/it\/wp-json\/wp\/v2\/posts"}],"about":[{"href":"https:\/\/www.intoscana.it\/it\/wp-json\/wp\/v2\/types\/post"}],"author":[{"embeddable":true,"href":"https:\/\/www.intoscana.it\/it\/wp-json\/wp\/v2\/users\/525"}],"replies":[{"embeddable":true,"href":"https:\/\/www.intoscana.it\/it\/wp-json\/wp\/v2\/comments?post=232883"}],"version-history":[{"count":0,"href":"https:\/\/www.intoscana.it\/it\/wp-json\/wp\/v2\/posts\/232883\/revisions"}],"wp:featuredmedia":[{"embeddable":true,"href":"https:\/\/www.intoscana.it\/it\/wp-json\/wp\/v2\/media\/143699"}],"wp:attachment":[{"href":"https:\/\/www.intoscana.it\/it\/wp-json\/wp\/v2\/media?parent=232883"}],"wp:term":[{"taxonomy":"category","embeddable":true,"href":"https:\/\/www.intoscana.it\/it\/wp-json\/wp\/v2\/categories?post=232883"},{"taxonomy":"post_tag","embeddable":true,"href":"https:\/\/www.intoscana.it\/it\/wp-json\/wp\/v2\/tags?post=232883"}],"curies":[{"name":"wp","href":"https:\/\/api.w.org\/{rel}","templated":true}]}}