{"id":232936,"date":"2022-06-13T14:32:25","date_gmt":"2022-06-13T12:32:25","guid":{"rendered":"https:\/\/www.intoscana.it\/it\/?p=232936"},"modified":"2022-06-13T14:36:34","modified_gmt":"2022-06-13T12:36:34","slug":"in-toscana-nasce-desko-innovativo-arredo-urbano-ecologico-per-lo-smart-working","status":"publish","type":"post","link":"https:\/\/www.intoscana.it\/it\/in-toscana-nasce-desko-innovativo-arredo-urbano-ecologico-per-lo-smart-working\/","title":{"rendered":"In Toscana nasce &#8220;Desko&#8221; innovativo arredo urbano ecologico per lo smart working"},"content":{"rendered":"<p>Dall&#8217;idea di quattro giovani architette fiorentine <strong>Maria Vittoria Arnetoli, Elisa Belardi, Elena Gelli e Camilla Tinti<\/strong> nasce il primo prototipo <a href=\"https:\/\/deskosmartseat.com\" target=\"_blank\" rel=\"noopener\"><strong>&#8220;Desko&#8221;<\/strong><\/a> una\u00a0postazione per studio e lavoro all\u2019aperto<strong> stampata\u00a0in 3D<\/strong> impiegando quasi <strong>100 kg di plastiche miste, differenziate dai cittadini toscani e poi riciclate<\/strong> dalla <strong>Revet di Pontedera.<\/strong><\/p>\n<p><strong>Desko<\/strong> rappresenta un innovativo elemento di <strong>arredo urbano<\/strong> che integra alla seduta un piano di appoggio e<strong> una copertura che ospita un pannello fotovoltaico. <\/strong><\/p>\n<p>E&#8217; un dispositivo adattabile alle esigenze legate al <strong>lavoro a distanza e alla didattica all\u2019aperto,<\/strong> intercettando le attuali trasformazioni relative alle modalit\u00e0 di uso degli spazi aperti verdi.<\/p>\n<p>Permettendo la<strong> ricarica di dispositivi elettronici come smartphone, pc e monopattini elettrici<\/strong> grazie agli elementi impiantistici connessi al pannello fotovoltaico, questa <strong>seduta autosufficiente dal punto di vista energetico<\/strong> \u00a0arricchisce le attrezzature di spazi pubblici e privati cos\u00ec da intercettare i benefici psico-fisici dati dal contatto con la natura.<\/p>\n<p><em>&#8220;La stampa 3D \u00e8 una tecnologia che ci permette di far vedere ai pi\u00f9 giovani cosa si pu\u00f2 ottenere dalla plastica riciclata, a patto che prima gli imballaggi siano stati separati correttamente \u2013<\/em><strong> spiega il presidente di Revet, Nicola Ciolini <\/strong><em>\u2013 Il prototipo implementato grazie ad una partnership tra aziende toscane permette di inserire il prodotto in una filiera corta, circolare e sostenibile. La plastica raccolta da Revet viene selezionata e preparata sotto forma di granuli per il successivo stampaggio 3D effettuato da R3direct, a cui si aggiunge la componente impiantistica seguita da Enecom&#8221;.<\/em><\/p>\n<p><em>&#8220;Questo progetto nasce da una risposta spontanea e creativa al lockdown della primavera 2020 dovuto alla pandemia da Covid-19 \u2013<\/em><strong> spiegano le architette fiorentine che l\u2019hanno ideato <\/strong><em>\u2013 L\u2019input \u00e8 derivato da una condizione emergenziale ma crediamo che Desko possa innestarsi su molteplici linee di tendenza che vedono una riscoperta degli spazi aperti verdi secondo nuovi approcci e paradigmi sia progettuali che di fruizione. Inoltre elemento fondamentale \u00e8 la circolarit\u00e0 garantita dal riciclo delle materie plastiche recuperate dagli scarti domestici. Crediamo che grazie ai suoi caratteri di modularit\u00e0 e flessibilit\u00e0 possa essere declinato in plurimi ambiti di applicazione, dalle scuole ai cortili aziendali, dagli spazi pubblici alle strutture ricettive, adattandosi a diverse esigenze e contesti di installazione&#8221;.<\/em><\/p>\n<figure id=\"post-232941 media-232941\" class=\"align-none\"><img decoding=\"async\" src=\"https:\/\/www.intoscana.it\/wp-content\/uploads\/desko-scrivania.jpg\" alt=\"\" \/><\/figure>\n<div class=\"titleimg\"><\/div>\n<h3>L&#8217;idea nata durante la pandemia<\/h3>\n<div>\n<p>Il progetto Desko nasce come risposta creativa all\u2019esperienza del lockdown della primavera 2020.<\/p>\n<p>Le restrizioni adottate durante la fase pi\u00f9 acuta della pandemia da COVID-19 hanno comportato l\u2019improvviso <strong>trasferimento di tutte le attivit\u00e0 lavorative e scolastiche all\u2019interno delle mura domestiche<\/strong>.<\/p>\n<p>Per tre mesi gli spazi della casa sono stati riadattati come uffici e aule, aggravando la condizione di sedentariet\u00e0 e solitudine e <strong>interrompendo il quotidiano contatto con la natura<\/strong>, se non per condizioni abitative privilegiate.<\/p>\n<p>L\u2019elemento di arredo urbano Desko trova quindi nel momento emergenziale l\u2019innesco per la sua ideazione, inserendosi tuttavia in molteplici tendenze gi\u00e0 in atto, che in alcuni casi sono state accelerate dalla pandemia, come il <strong>lavoro a distanza, la didattica all\u2019aperto<\/strong> e, nei confronti degli <strong>spazi verdi urbani<\/strong>, un loro radicale ripensamento come <strong>infrastrutture naturali a servizio della comunit\u00e0<\/strong>, \u201cabitabili\u201d secondo immaginari innovativi in linea da un lato con la digitalizzazione e dall\u2019altro con il benessere psico-fisico derivante dal contatto con la natura.<\/p>\n<p><em>&#8220;La nostra personale percezione<\/em> &#8211; <strong>hanno dichiarato le ideatrici di Desko &#8211;<\/strong> <em>ha trovato riscontro in un questionario che abbiamo somministrato a circa <strong>160 persone<\/strong> (140 residenti in Italia e 20 all\u2019estero) finalizzato ad indagare li impatti del lockdown in termini di problematiche riscontrate: \u00a0<strong>perdita di momenti di socialit\u00e0 <\/strong>e condivisione \u2013 86%, eccessiva <strong>sedentariet\u00e0<\/strong> \u2013 81% e <strong>mancanza di spazi verdi<\/strong> fruibili \u2013 45%. <\/em><\/p>\n<p><em>Dalle risposte \u00e8 emerso che la possibilit\u00e0 di trascorrere del tempo in spazi verdi ha avuto un ruolo decisivo (per il 41% 5 su 5 per il 38% 4 su 5) nella capacit\u00e0 di adattamento alle restrizioni pandemiche e ha influito positivamente sul benessere e la produttivit\u00e0. Infine, il <strong>76% degli intervistati ha affermato che utilizzerebbe attrezzature per studiare e lavorare all\u2019aperto.&#8221;<\/strong><\/em><\/p>\n<\/div>\n","protected":false},"excerpt":{"rendered":"<p>Desko \u00e8 un arredo urbano pensato per lo smart working e realizzato con un\u2019operazione di economia circolare a km zero, stampato in 3D con granuli Revet<\/p>\n","protected":false},"author":525,"featured_media":232937,"comment_status":"open","ping_status":"open","sticky":false,"template":"","format":"standard","meta":{"_acf_changed":false,"footnotes":""},"categories":[9],"tags":[276,5612,402],"class_list":["post-232936","post","type-post","status-publish","format-standard","has-post-thumbnail","hentry","category-made-in-toscana","tag-design","tag-ecosostenibilita","tag-green-economy"],"acf":[],"yoast_head":"<!-- This site is optimized with the Yoast SEO Premium plugin v24.2 (Yoast SEO v25.6) - https:\/\/yoast.com\/wordpress\/plugins\/seo\/ -->\n<title>In Toscana nasce &quot;Desko&quot; innovativo arredo urbano ecologico per lo smart working - intoscana<\/title>\n<meta name=\"description\" content=\"Desko \u00e8 un arredo urbano pensato per lo smart working e realizzato con un\u2019operazione di economia circolare a km zero, stampato in 3D\" \/>\n<meta name=\"robots\" content=\"index, follow, max-snippet:-1, max-image-preview:large, max-video-preview:-1\" \/>\n<link rel=\"canonical\" href=\"https:\/\/www.intoscana.it\/it\/in-toscana-nasce-desko-innovativo-arredo-urbano-ecologico-per-lo-smart-working\/\" \/>\n<meta property=\"og:locale\" content=\"it_IT\" \/>\n<meta property=\"og:type\" content=\"article\" \/>\n<meta property=\"og:title\" content=\"In Toscana nasce &quot;Desko&quot; innovativo arredo urbano ecologico per lo smart working\" \/>\n<meta property=\"og:description\" content=\"Desko \u00e8 un arredo urbano pensato per lo smart working e realizzato con un\u2019operazione di economia circolare a km zero, stampato in 3D\" \/>\n<meta property=\"og:url\" content=\"https:\/\/www.intoscana.it\/it\/in-toscana-nasce-desko-innovativo-arredo-urbano-ecologico-per-lo-smart-working\/\" \/>\n<meta property=\"og:site_name\" content=\"intoscana\" \/>\n<meta property=\"article:publisher\" content=\"https:\/\/www.facebook.com\/intoscana.it\" \/>\n<meta property=\"article:published_time\" content=\"2022-06-13T12:32:25+00:00\" \/>\n<meta property=\"article:modified_time\" content=\"2022-06-13T12:36:34+00:00\" \/>\n<meta property=\"og:image\" content=\"https:\/\/www.intoscana.it\/wp-content\/uploads\/desko-rendering-scaled.jpg\" \/>\n\t<meta property=\"og:image:width\" content=\"2048\" \/>\n\t<meta property=\"og:image:height\" content=\"1362\" \/>\n\t<meta property=\"og:image:type\" content=\"image\/jpeg\" \/>\n<meta name=\"author\" content=\"Redazione\" \/>\n<meta name=\"twitter:card\" content=\"summary_large_image\" \/>\n<meta name=\"twitter:creator\" content=\"@intoscana\" \/>\n<meta name=\"twitter:site\" content=\"@intoscana\" \/>\n<meta name=\"twitter:label1\" content=\"Written by\" \/>\n\t<meta name=\"twitter:data1\" content=\"Redazione\" \/>\n\t<meta name=\"twitter:label2\" content=\"Est. reading time\" \/>\n\t<meta name=\"twitter:data2\" content=\"3 minuti\" \/>\n<script type=\"application\/ld+json\" class=\"yoast-schema-graph\">{\"@context\":\"https:\/\/schema.org\",\"@graph\":[{\"@type\":\"WebPage\",\"@id\":\"https:\/\/www.intoscana.it\/it\/in-toscana-nasce-desko-innovativo-arredo-urbano-ecologico-per-lo-smart-working\/\",\"url\":\"https:\/\/www.intoscana.it\/it\/in-toscana-nasce-desko-innovativo-arredo-urbano-ecologico-per-lo-smart-working\/\",\"name\":\"In Toscana nasce \\\"Desko\\\" innovativo arredo urbano ecologico per lo smart working - intoscana\",\"isPartOf\":{\"@id\":\"https:\/\/www.intoscana.it\/it\/#website\"},\"primaryImageOfPage\":{\"@id\":\"https:\/\/www.intoscana.it\/it\/in-toscana-nasce-desko-innovativo-arredo-urbano-ecologico-per-lo-smart-working\/#primaryimage\"},\"image\":{\"@id\":\"https:\/\/www.intoscana.it\/it\/in-toscana-nasce-desko-innovativo-arredo-urbano-ecologico-per-lo-smart-working\/#primaryimage\"},\"thumbnailUrl\":\"https:\/\/www.intoscana.it\/wp-content\/uploads\/desko-rendering-scaled.jpg\",\"datePublished\":\"2022-06-13T12:32:25+00:00\",\"dateModified\":\"2022-06-13T12:36:34+00:00\",\"author\":{\"@id\":\"https:\/\/www.intoscana.it\/it\/#\/schema\/person\/9223810753230f20bd670fdd322661f8\"},\"description\":\"Desko \u00e8 un arredo urbano pensato per lo smart working e realizzato con un\u2019operazione di economia circolare a km zero, stampato in 3D\",\"breadcrumb\":{\"@id\":\"https:\/\/www.intoscana.it\/it\/in-toscana-nasce-desko-innovativo-arredo-urbano-ecologico-per-lo-smart-working\/#breadcrumb\"},\"inLanguage\":\"it-IT\",\"potentialAction\":[{\"@type\":\"ReadAction\",\"target\":[\"https:\/\/www.intoscana.it\/it\/in-toscana-nasce-desko-innovativo-arredo-urbano-ecologico-per-lo-smart-working\/\"]}]},{\"@type\":\"ImageObject\",\"inLanguage\":\"it-IT\",\"@id\":\"https:\/\/www.intoscana.it\/it\/in-toscana-nasce-desko-innovativo-arredo-urbano-ecologico-per-lo-smart-working\/#primaryimage\",\"url\":\"https:\/\/www.intoscana.it\/wp-content\/uploads\/desko-rendering-scaled.jpg\",\"contentUrl\":\"https:\/\/www.intoscana.it\/wp-content\/uploads\/desko-rendering-scaled.jpg\",\"width\":2048,\"height\":1362},{\"@type\":\"BreadcrumbList\",\"@id\":\"https:\/\/www.intoscana.it\/it\/in-toscana-nasce-desko-innovativo-arredo-urbano-ecologico-per-lo-smart-working\/#breadcrumb\",\"itemListElement\":[{\"@type\":\"ListItem\",\"position\":1,\"name\":\"Home\",\"item\":\"https:\/\/www.intoscana.it\/it\/\"},{\"@type\":\"ListItem\",\"position\":2,\"name\":\"In Toscana nasce &#8220;Desko&#8221; innovativo arredo urbano ecologico per lo smart working\"}]},{\"@type\":\"WebSite\",\"@id\":\"https:\/\/www.intoscana.it\/it\/#website\",\"url\":\"https:\/\/www.intoscana.it\/it\/\",\"name\":\"intoscana\",\"description\":\"\",\"potentialAction\":[{\"@type\":\"SearchAction\",\"target\":{\"@type\":\"EntryPoint\",\"urlTemplate\":\"https:\/\/www.intoscana.it\/it\/?s={search_term_string}\"},\"query-input\":{\"@type\":\"PropertyValueSpecification\",\"valueRequired\":true,\"valueName\":\"search_term_string\"}}],\"inLanguage\":\"it-IT\"},{\"@type\":\"Person\",\"@id\":\"https:\/\/www.intoscana.it\/it\/#\/schema\/person\/9223810753230f20bd670fdd322661f8\",\"name\":\"Redazione\",\"url\":\"https:\/\/www.intoscana.it\/it\/author\/redazione\/\"}]}<\/script>\n<!-- \/ Yoast SEO Premium plugin. -->","yoast_head_json":{"title":"In Toscana nasce \"Desko\" innovativo arredo urbano ecologico per lo smart working - intoscana","description":"Desko \u00e8 un arredo urbano pensato per lo smart working e realizzato con un\u2019operazione di economia circolare a km zero, stampato in 3D","robots":{"index":"index","follow":"follow","max-snippet":"max-snippet:-1","max-image-preview":"max-image-preview:large","max-video-preview":"max-video-preview:-1"},"canonical":"https:\/\/www.intoscana.it\/it\/in-toscana-nasce-desko-innovativo-arredo-urbano-ecologico-per-lo-smart-working\/","og_locale":"it_IT","og_type":"article","og_title":"In Toscana nasce \"Desko\" innovativo arredo urbano ecologico per lo smart working","og_description":"Desko \u00e8 un arredo urbano pensato per lo smart working e realizzato con un\u2019operazione di economia circolare a km zero, stampato in 3D","og_url":"https:\/\/www.intoscana.it\/it\/in-toscana-nasce-desko-innovativo-arredo-urbano-ecologico-per-lo-smart-working\/","og_site_name":"intoscana","article_publisher":"https:\/\/www.facebook.com\/intoscana.it","article_published_time":"2022-06-13T12:32:25+00:00","article_modified_time":"2022-06-13T12:36:34+00:00","og_image":[{"width":2048,"height":1362,"url":"https:\/\/www.intoscana.it\/wp-content\/uploads\/desko-rendering-scaled.jpg","type":"image\/jpeg"}],"author":"Redazione","twitter_card":"summary_large_image","twitter_creator":"@intoscana","twitter_site":"@intoscana","twitter_misc":{"Written by":"Redazione","Est. reading time":"3 minuti"},"schema":{"@context":"https:\/\/schema.org","@graph":[{"@type":"WebPage","@id":"https:\/\/www.intoscana.it\/it\/in-toscana-nasce-desko-innovativo-arredo-urbano-ecologico-per-lo-smart-working\/","url":"https:\/\/www.intoscana.it\/it\/in-toscana-nasce-desko-innovativo-arredo-urbano-ecologico-per-lo-smart-working\/","name":"In Toscana nasce \"Desko\" innovativo arredo urbano ecologico per lo smart working - intoscana","isPartOf":{"@id":"https:\/\/www.intoscana.it\/it\/#website"},"primaryImageOfPage":{"@id":"https:\/\/www.intoscana.it\/it\/in-toscana-nasce-desko-innovativo-arredo-urbano-ecologico-per-lo-smart-working\/#primaryimage"},"image":{"@id":"https:\/\/www.intoscana.it\/it\/in-toscana-nasce-desko-innovativo-arredo-urbano-ecologico-per-lo-smart-working\/#primaryimage"},"thumbnailUrl":"https:\/\/www.intoscana.it\/wp-content\/uploads\/desko-rendering-scaled.jpg","datePublished":"2022-06-13T12:32:25+00:00","dateModified":"2022-06-13T12:36:34+00:00","author":{"@id":"https:\/\/www.intoscana.it\/it\/#\/schema\/person\/9223810753230f20bd670fdd322661f8"},"description":"Desko \u00e8 un arredo urbano pensato per lo smart working e realizzato con un\u2019operazione di economia circolare a km zero, stampato in 3D","breadcrumb":{"@id":"https:\/\/www.intoscana.it\/it\/in-toscana-nasce-desko-innovativo-arredo-urbano-ecologico-per-lo-smart-working\/#breadcrumb"},"inLanguage":"it-IT","potentialAction":[{"@type":"ReadAction","target":["https:\/\/www.intoscana.it\/it\/in-toscana-nasce-desko-innovativo-arredo-urbano-ecologico-per-lo-smart-working\/"]}]},{"@type":"ImageObject","inLanguage":"it-IT","@id":"https:\/\/www.intoscana.it\/it\/in-toscana-nasce-desko-innovativo-arredo-urbano-ecologico-per-lo-smart-working\/#primaryimage","url":"https:\/\/www.intoscana.it\/wp-content\/uploads\/desko-rendering-scaled.jpg","contentUrl":"https:\/\/www.intoscana.it\/wp-content\/uploads\/desko-rendering-scaled.jpg","width":2048,"height":1362},{"@type":"BreadcrumbList","@id":"https:\/\/www.intoscana.it\/it\/in-toscana-nasce-desko-innovativo-arredo-urbano-ecologico-per-lo-smart-working\/#breadcrumb","itemListElement":[{"@type":"ListItem","position":1,"name":"Home","item":"https:\/\/www.intoscana.it\/it\/"},{"@type":"ListItem","position":2,"name":"In Toscana nasce &#8220;Desko&#8221; innovativo arredo urbano ecologico per lo smart working"}]},{"@type":"WebSite","@id":"https:\/\/www.intoscana.it\/it\/#website","url":"https:\/\/www.intoscana.it\/it\/","name":"intoscana","description":"","potentialAction":[{"@type":"SearchAction","target":{"@type":"EntryPoint","urlTemplate":"https:\/\/www.intoscana.it\/it\/?s={search_term_string}"},"query-input":{"@type":"PropertyValueSpecification","valueRequired":true,"valueName":"search_term_string"}}],"inLanguage":"it-IT"},{"@type":"Person","@id":"https:\/\/www.intoscana.it\/it\/#\/schema\/person\/9223810753230f20bd670fdd322661f8","name":"Redazione","url":"https:\/\/www.intoscana.it\/it\/author\/redazione\/"}]}},"_links":{"self":[{"href":"https:\/\/www.intoscana.it\/it\/wp-json\/wp\/v2\/posts\/232936","targetHints":{"allow":["GET"]}}],"collection":[{"href":"https:\/\/www.intoscana.it\/it\/wp-json\/wp\/v2\/posts"}],"about":[{"href":"https:\/\/www.intoscana.it\/it\/wp-json\/wp\/v2\/types\/post"}],"author":[{"embeddable":true,"href":"https:\/\/www.intoscana.it\/it\/wp-json\/wp\/v2\/users\/525"}],"replies":[{"embeddable":true,"href":"https:\/\/www.intoscana.it\/it\/wp-json\/wp\/v2\/comments?post=232936"}],"version-history":[{"count":0,"href":"https:\/\/www.intoscana.it\/it\/wp-json\/wp\/v2\/posts\/232936\/revisions"}],"wp:featuredmedia":[{"embeddable":true,"href":"https:\/\/www.intoscana.it\/it\/wp-json\/wp\/v2\/media\/232937"}],"wp:attachment":[{"href":"https:\/\/www.intoscana.it\/it\/wp-json\/wp\/v2\/media?parent=232936"}],"wp:term":[{"taxonomy":"category","embeddable":true,"href":"https:\/\/www.intoscana.it\/it\/wp-json\/wp\/v2\/categories?post=232936"},{"taxonomy":"post_tag","embeddable":true,"href":"https:\/\/www.intoscana.it\/it\/wp-json\/wp\/v2\/tags?post=232936"}],"curies":[{"name":"wp","href":"https:\/\/api.w.org\/{rel}","templated":true}]}}