{"id":233210,"date":"2022-06-14T13:14:05","date_gmt":"2022-06-14T11:14:05","guid":{"rendered":"https:\/\/www.intoscana.it\/it\/?p=233210"},"modified":"2022-06-15T16:20:04","modified_gmt":"2022-06-15T14:20:04","slug":"covid-19-2-181-i-nuovi-casi-in-toscana-e-due-i-decessi","status":"publish","type":"post","link":"https:\/\/www.intoscana.it\/it\/covid-19-2-181-i-nuovi-casi-in-toscana-e-due-i-decessi\/","title":{"rendered":"Covid-19: 2.181 i nuovi casi in Toscana e due i decessi"},"content":{"rendered":"<p><strong>Sono 2.181 in nuovi casi di Covid-19 oggi in Toscana<\/strong>, 305 confermati con tampone molecolare e 1.876 da test rapido antigenico, paro allo 0,2% in pi\u00f9 rispetto al totale del giorno precedente. <strong>I guariti crescono dello 0,1% e raggiungono quota 1.131.085<\/strong> (97% dei casi totali). Oggi sono stati eseguiti 1.587 tamponi molecolari e 10.347 tamponi antigenici rapidi, di questi il 18,3% \u00e8 risultato positivo.<\/p>\n<p>Sono invece 3.229 i soggetti testati oggi (con tampone antigenico e\/o molecolare, escludendo i tamponi di controllo), di cui il 67,5% \u00e8 risultato positivo. Gli attualmente positivi sono oggi 24.947, +2,3% rispetto a ieri. I ricoverati sono 229 (10 in pi\u00f9 rispetto a ieri), di cui 13 in terapia intensiva (stabili).<strong> Oggi si registrano 2 nuovi decessi: un uomo e una donna con un&#8217;et\u00e0 media di 81 anni.<\/strong><\/p>\n<p>Questi i dati &#8211; accertati alle ore 12 di oggi sulla base delle richieste della Protezione Civile Nazionale &#8211; relativi all&#8217;andamento dell&#8217;epidemia in regione.<\/p>\n<h3>L&#8217;et\u00e0 media dei nuovi casi \u00e8 di 47 anni<\/h3>\n<p><strong>L&#8217;et\u00e0 media dei 2.181 nuovi positivi odierni \u00e8 di 47 anni circa<\/strong> (11% ha meno di 20 anni, 20% tra 20 e 39 anni, 36% tra 40 e 59 anni, 27% tra 60 e 79 anni, 6% ha 80 anni o pi\u00f9).<\/p>\n<p>Di seguito i casi di positivit\u00e0 sul territorio con la variazione rispetto a ieri (305 confermati con tampone molecolare e 1.876 da test rapido antigenico). Sono 323.738 i casi complessivi ad oggi a Firenze (585 in pi\u00f9 rispetto a ieri), 79.722 a Prato (117 in pi\u00f9), 93.267 a Pistoia (172 in pi\u00f9), 57.223 a Massa (94 in pi\u00f9), 122.271 a Lucca (222 in pi\u00f9), 134.677 a Pisa (335 in pi\u00f9), 103.834 a Livorno (226 in pi\u00f9), 106.012 ad Arezzo (169 in pi\u00f9), 82.363 a Siena (156 in pi\u00f9), 62.500 a Grosseto (105 in pi\u00f9). Sono 555 i casi positivi notificati in Toscana, ma residenti in altre regioni.<\/p>\n<p><strong>Sono 911 i casi riscontrati oggi nell&#8217;Asl Centro, 840 nella Nord Ovest, 430 nella Sud est.<\/strong><\/p>\n<p>La Toscana si trova al 8\u00b0 posto in Italia come numerosit\u00e0 di casi (comprensivi di residenti e non residenti), con circa 31.579 casi per 100.000 abitanti (media italiana circa 29.820 x100.000, dato di ieri). Le province di notifica con il tasso pi\u00f9 alto sono Firenze con 32.425 casi x100.000 abitanti, Pisa con 32.221, Pistoia con 32.134, la pi\u00f9 bassa Grosseto con 28.690.<\/p>\n<h3>In leggero aumento i ricoveri, due i decessi<\/h3>\n<p>Complessivamente, 24.718 persone sono in isolamento a casa, poich\u00e9 presentano sintomi lievi che non richiedono cure ospedaliere, o risultano prive di sintomi (542 in pi\u00f9 rispetto a ieri, pi\u00f9 2,2%).<br \/>\n<strong>Le persone ricoverate nei posti letto dedicati ai pazienti COVID oggi sono complessivamente 229 (10 in pi\u00f9 rispetto a ieri, pi\u00f9 4,6%), 13 in terapia intensiva (stabili rispetto a ieri).<\/strong><br \/>\nLe persone complessivamente guarite sono 1.131.085 (1.627 in pi\u00f9 rispetto a ieri, pi\u00f9 0,1%): 0 persone clinicamente guarite (stabili rispetto a ieri), divenute cio\u00e8 asintomatiche dopo aver presentato manifestazioni cliniche associate all&#8217;infezione e 1.131.085 (1.627 in pi\u00f9 rispetto a ieri, pi\u00f9 0,1%) dichiarate guarite a tutti gli effetti, le cosiddette guarigioni virali, con tampone negativo.<\/p>\n<p>Relativamente alla provincia di residenza, l<strong>e 2 persone decedute sono a Firenze.<\/strong><\/p>\n<p>Sono 10.130 i deceduti dall&#8217;inizio dell&#8217;epidemia cosi ripartiti: 3.188 a Firenze, 838 a Prato, 910 a Pistoia, 654 a Massa Carrara, 949 a Lucca, 1.125 a Pisa, 744 a Livorno, 658 ad Arezzo, 536 a Siena, 389 a Grosseto, 139 persone sono decedute sul suolo toscano ma erano residenti fuori regione.<\/p>\n<p>Il tasso grezzo di mortalit\u00e0 toscano (numero di deceduti\/popolazione residente) per Covid-19 \u00e8 di 274,3 x100.000 residenti contro il 282,7 x100.000 della media italiana (10\u00b0 regione). Per quanto riguarda le province, il tasso di mortalit\u00e0 pi\u00f9 alto si riscontra a Massa Carrara (344,5 x100.000), Firenze (319,3 x100.000) e Prato (315,9 x100.000), il pi\u00f9 basso a Grosseto (178,6 x100.000).<\/p>\n","protected":false},"excerpt":{"rendered":"<p>Sono stati eseguiti 1.587 tamponi molecolari e 10.347 tamponi antigenici rapidi, di questi il 18,3% \u00e8 risultato positivo<\/p>\n","protected":false},"author":525,"featured_media":187107,"comment_status":"open","ping_status":"open","sticky":false,"template":"","format":"standard","meta":{"_acf_changed":false,"footnotes":""},"categories":[494],"tags":[4868,418],"class_list":["post-233210","post","type-post","status-publish","format-standard","has-post-thumbnail","hentry","category-attualita","tag-bollettino-covid-toscana","tag-covid-19"],"acf":[],"yoast_head":"<!-- This site is optimized with the Yoast SEO Premium plugin v24.2 (Yoast SEO v25.6) - https:\/\/yoast.com\/wordpress\/plugins\/seo\/ -->\n<title>Covid-19: 2.181 i nuovi casi in Toscana e due i decessi - intoscana<\/title>\n<meta name=\"description\" content=\"Sono 2.181 i nuovi casi di Covid-19 emersi oggi in Toscana, con et\u00e0 media di 47 anni, e due i decessi, entrambi in provincia di Firenze.\" \/>\n<meta name=\"robots\" content=\"index, follow, max-snippet:-1, max-image-preview:large, max-video-preview:-1\" \/>\n<link rel=\"canonical\" href=\"https:\/\/www.intoscana.it\/it\/covid-19-2-181-i-nuovi-casi-in-toscana-e-due-i-decessi\/\" \/>\n<meta property=\"og:locale\" content=\"it_IT\" \/>\n<meta property=\"og:type\" content=\"article\" \/>\n<meta property=\"og:title\" content=\"Covid-19: 2.181 i nuovi casi in Toscana e due i decessi\" \/>\n<meta property=\"og:description\" content=\"Sono 2.181 i nuovi casi di Covid-19 emersi oggi in Toscana, con et\u00e0 media di 47 anni, e due i decessi, entrambi in provincia di Firenze.\" \/>\n<meta property=\"og:url\" content=\"https:\/\/www.intoscana.it\/it\/covid-19-2-181-i-nuovi-casi-in-toscana-e-due-i-decessi\/\" \/>\n<meta property=\"og:site_name\" content=\"intoscana\" \/>\n<meta property=\"article:publisher\" content=\"https:\/\/www.facebook.com\/intoscana.it\" \/>\n<meta property=\"article:published_time\" content=\"2022-06-14T11:14:05+00:00\" \/>\n<meta property=\"article:modified_time\" content=\"2022-06-15T14:20:04+00:00\" \/>\n<meta property=\"og:image\" content=\"https:\/\/www.intoscana.it\/wp-content\/uploads\/Ragazza-con-mascherina-Alexander-Aashiesh-Unsplash.jpg\" \/>\n\t<meta property=\"og:image:width\" content=\"1920\" \/>\n\t<meta property=\"og:image:height\" content=\"1280\" \/>\n\t<meta property=\"og:image:type\" content=\"image\/jpeg\" \/>\n<meta name=\"author\" content=\"Redazione\" \/>\n<meta name=\"twitter:card\" content=\"summary_large_image\" \/>\n<meta name=\"twitter:creator\" content=\"@intoscana\" \/>\n<meta name=\"twitter:site\" content=\"@intoscana\" \/>\n<meta name=\"twitter:label1\" content=\"Written by\" \/>\n\t<meta name=\"twitter:data1\" content=\"Redazione\" \/>\n\t<meta name=\"twitter:label2\" content=\"Est. reading time\" \/>\n\t<meta name=\"twitter:data2\" content=\"3 minuti\" \/>\n<script type=\"application\/ld+json\" class=\"yoast-schema-graph\">{\"@context\":\"https:\/\/schema.org\",\"@graph\":[{\"@type\":\"WebPage\",\"@id\":\"https:\/\/www.intoscana.it\/it\/covid-19-2-181-i-nuovi-casi-in-toscana-e-due-i-decessi\/\",\"url\":\"https:\/\/www.intoscana.it\/it\/covid-19-2-181-i-nuovi-casi-in-toscana-e-due-i-decessi\/\",\"name\":\"Covid-19: 2.181 i nuovi casi in Toscana e due i decessi - intoscana\",\"isPartOf\":{\"@id\":\"https:\/\/www.intoscana.it\/it\/#website\"},\"primaryImageOfPage\":{\"@id\":\"https:\/\/www.intoscana.it\/it\/covid-19-2-181-i-nuovi-casi-in-toscana-e-due-i-decessi\/#primaryimage\"},\"image\":{\"@id\":\"https:\/\/www.intoscana.it\/it\/covid-19-2-181-i-nuovi-casi-in-toscana-e-due-i-decessi\/#primaryimage\"},\"thumbnailUrl\":\"https:\/\/www.intoscana.it\/wp-content\/uploads\/Ragazza-con-mascherina-Alexander-Aashiesh-Unsplash.jpg\",\"datePublished\":\"2022-06-14T11:14:05+00:00\",\"dateModified\":\"2022-06-15T14:20:04+00:00\",\"author\":{\"@id\":\"https:\/\/www.intoscana.it\/it\/#\/schema\/person\/9223810753230f20bd670fdd322661f8\"},\"description\":\"Sono 2.181 i nuovi casi di Covid-19 emersi oggi in Toscana, con et\u00e0 media di 47 anni, e due i decessi, entrambi in provincia di Firenze.\",\"breadcrumb\":{\"@id\":\"https:\/\/www.intoscana.it\/it\/covid-19-2-181-i-nuovi-casi-in-toscana-e-due-i-decessi\/#breadcrumb\"},\"inLanguage\":\"it-IT\",\"potentialAction\":[{\"@type\":\"ReadAction\",\"target\":[\"https:\/\/www.intoscana.it\/it\/covid-19-2-181-i-nuovi-casi-in-toscana-e-due-i-decessi\/\"]}]},{\"@type\":\"ImageObject\",\"inLanguage\":\"it-IT\",\"@id\":\"https:\/\/www.intoscana.it\/it\/covid-19-2-181-i-nuovi-casi-in-toscana-e-due-i-decessi\/#primaryimage\",\"url\":\"https:\/\/www.intoscana.it\/wp-content\/uploads\/Ragazza-con-mascherina-Alexander-Aashiesh-Unsplash.jpg\",\"contentUrl\":\"https:\/\/www.intoscana.it\/wp-content\/uploads\/Ragazza-con-mascherina-Alexander-Aashiesh-Unsplash.jpg\",\"width\":1920,\"height\":1280,\"caption\":\"Ragazza con mascherina\"},{\"@type\":\"BreadcrumbList\",\"@id\":\"https:\/\/www.intoscana.it\/it\/covid-19-2-181-i-nuovi-casi-in-toscana-e-due-i-decessi\/#breadcrumb\",\"itemListElement\":[{\"@type\":\"ListItem\",\"position\":1,\"name\":\"Home\",\"item\":\"https:\/\/www.intoscana.it\/it\/\"},{\"@type\":\"ListItem\",\"position\":2,\"name\":\"Covid-19: 2.181 i nuovi casi in Toscana e due i decessi\"}]},{\"@type\":\"WebSite\",\"@id\":\"https:\/\/www.intoscana.it\/it\/#website\",\"url\":\"https:\/\/www.intoscana.it\/it\/\",\"name\":\"intoscana\",\"description\":\"\",\"potentialAction\":[{\"@type\":\"SearchAction\",\"target\":{\"@type\":\"EntryPoint\",\"urlTemplate\":\"https:\/\/www.intoscana.it\/it\/?s={search_term_string}\"},\"query-input\":{\"@type\":\"PropertyValueSpecification\",\"valueRequired\":true,\"valueName\":\"search_term_string\"}}],\"inLanguage\":\"it-IT\"},{\"@type\":\"Person\",\"@id\":\"https:\/\/www.intoscana.it\/it\/#\/schema\/person\/9223810753230f20bd670fdd322661f8\",\"name\":\"Redazione\",\"url\":\"https:\/\/www.intoscana.it\/it\/author\/redazione\/\"}]}<\/script>\n<!-- \/ Yoast SEO Premium plugin. -->","yoast_head_json":{"title":"Covid-19: 2.181 i nuovi casi in Toscana e due i decessi - intoscana","description":"Sono 2.181 i nuovi casi di Covid-19 emersi oggi in Toscana, con et\u00e0 media di 47 anni, e due i decessi, entrambi in provincia di Firenze.","robots":{"index":"index","follow":"follow","max-snippet":"max-snippet:-1","max-image-preview":"max-image-preview:large","max-video-preview":"max-video-preview:-1"},"canonical":"https:\/\/www.intoscana.it\/it\/covid-19-2-181-i-nuovi-casi-in-toscana-e-due-i-decessi\/","og_locale":"it_IT","og_type":"article","og_title":"Covid-19: 2.181 i nuovi casi in Toscana e due i decessi","og_description":"Sono 2.181 i nuovi casi di Covid-19 emersi oggi in Toscana, con et\u00e0 media di 47 anni, e due i decessi, entrambi in provincia di Firenze.","og_url":"https:\/\/www.intoscana.it\/it\/covid-19-2-181-i-nuovi-casi-in-toscana-e-due-i-decessi\/","og_site_name":"intoscana","article_publisher":"https:\/\/www.facebook.com\/intoscana.it","article_published_time":"2022-06-14T11:14:05+00:00","article_modified_time":"2022-06-15T14:20:04+00:00","og_image":[{"width":1920,"height":1280,"url":"https:\/\/www.intoscana.it\/wp-content\/uploads\/Ragazza-con-mascherina-Alexander-Aashiesh-Unsplash.jpg","type":"image\/jpeg"}],"author":"Redazione","twitter_card":"summary_large_image","twitter_creator":"@intoscana","twitter_site":"@intoscana","twitter_misc":{"Written by":"Redazione","Est. reading time":"3 minuti"},"schema":{"@context":"https:\/\/schema.org","@graph":[{"@type":"WebPage","@id":"https:\/\/www.intoscana.it\/it\/covid-19-2-181-i-nuovi-casi-in-toscana-e-due-i-decessi\/","url":"https:\/\/www.intoscana.it\/it\/covid-19-2-181-i-nuovi-casi-in-toscana-e-due-i-decessi\/","name":"Covid-19: 2.181 i nuovi casi in Toscana e due i decessi - intoscana","isPartOf":{"@id":"https:\/\/www.intoscana.it\/it\/#website"},"primaryImageOfPage":{"@id":"https:\/\/www.intoscana.it\/it\/covid-19-2-181-i-nuovi-casi-in-toscana-e-due-i-decessi\/#primaryimage"},"image":{"@id":"https:\/\/www.intoscana.it\/it\/covid-19-2-181-i-nuovi-casi-in-toscana-e-due-i-decessi\/#primaryimage"},"thumbnailUrl":"https:\/\/www.intoscana.it\/wp-content\/uploads\/Ragazza-con-mascherina-Alexander-Aashiesh-Unsplash.jpg","datePublished":"2022-06-14T11:14:05+00:00","dateModified":"2022-06-15T14:20:04+00:00","author":{"@id":"https:\/\/www.intoscana.it\/it\/#\/schema\/person\/9223810753230f20bd670fdd322661f8"},"description":"Sono 2.181 i nuovi casi di Covid-19 emersi oggi in Toscana, con et\u00e0 media di 47 anni, e due i decessi, entrambi in provincia di Firenze.","breadcrumb":{"@id":"https:\/\/www.intoscana.it\/it\/covid-19-2-181-i-nuovi-casi-in-toscana-e-due-i-decessi\/#breadcrumb"},"inLanguage":"it-IT","potentialAction":[{"@type":"ReadAction","target":["https:\/\/www.intoscana.it\/it\/covid-19-2-181-i-nuovi-casi-in-toscana-e-due-i-decessi\/"]}]},{"@type":"ImageObject","inLanguage":"it-IT","@id":"https:\/\/www.intoscana.it\/it\/covid-19-2-181-i-nuovi-casi-in-toscana-e-due-i-decessi\/#primaryimage","url":"https:\/\/www.intoscana.it\/wp-content\/uploads\/Ragazza-con-mascherina-Alexander-Aashiesh-Unsplash.jpg","contentUrl":"https:\/\/www.intoscana.it\/wp-content\/uploads\/Ragazza-con-mascherina-Alexander-Aashiesh-Unsplash.jpg","width":1920,"height":1280,"caption":"Ragazza con mascherina"},{"@type":"BreadcrumbList","@id":"https:\/\/www.intoscana.it\/it\/covid-19-2-181-i-nuovi-casi-in-toscana-e-due-i-decessi\/#breadcrumb","itemListElement":[{"@type":"ListItem","position":1,"name":"Home","item":"https:\/\/www.intoscana.it\/it\/"},{"@type":"ListItem","position":2,"name":"Covid-19: 2.181 i nuovi casi in Toscana e due i decessi"}]},{"@type":"WebSite","@id":"https:\/\/www.intoscana.it\/it\/#website","url":"https:\/\/www.intoscana.it\/it\/","name":"intoscana","description":"","potentialAction":[{"@type":"SearchAction","target":{"@type":"EntryPoint","urlTemplate":"https:\/\/www.intoscana.it\/it\/?s={search_term_string}"},"query-input":{"@type":"PropertyValueSpecification","valueRequired":true,"valueName":"search_term_string"}}],"inLanguage":"it-IT"},{"@type":"Person","@id":"https:\/\/www.intoscana.it\/it\/#\/schema\/person\/9223810753230f20bd670fdd322661f8","name":"Redazione","url":"https:\/\/www.intoscana.it\/it\/author\/redazione\/"}]}},"_links":{"self":[{"href":"https:\/\/www.intoscana.it\/it\/wp-json\/wp\/v2\/posts\/233210","targetHints":{"allow":["GET"]}}],"collection":[{"href":"https:\/\/www.intoscana.it\/it\/wp-json\/wp\/v2\/posts"}],"about":[{"href":"https:\/\/www.intoscana.it\/it\/wp-json\/wp\/v2\/types\/post"}],"author":[{"embeddable":true,"href":"https:\/\/www.intoscana.it\/it\/wp-json\/wp\/v2\/users\/525"}],"replies":[{"embeddable":true,"href":"https:\/\/www.intoscana.it\/it\/wp-json\/wp\/v2\/comments?post=233210"}],"version-history":[{"count":0,"href":"https:\/\/www.intoscana.it\/it\/wp-json\/wp\/v2\/posts\/233210\/revisions"}],"wp:featuredmedia":[{"embeddable":true,"href":"https:\/\/www.intoscana.it\/it\/wp-json\/wp\/v2\/media\/187107"}],"wp:attachment":[{"href":"https:\/\/www.intoscana.it\/it\/wp-json\/wp\/v2\/media?parent=233210"}],"wp:term":[{"taxonomy":"category","embeddable":true,"href":"https:\/\/www.intoscana.it\/it\/wp-json\/wp\/v2\/categories?post=233210"},{"taxonomy":"post_tag","embeddable":true,"href":"https:\/\/www.intoscana.it\/it\/wp-json\/wp\/v2\/tags?post=233210"}],"curies":[{"name":"wp","href":"https:\/\/api.w.org\/{rel}","templated":true}]}}