{"id":233550,"date":"2022-06-16T10:19:51","date_gmt":"2022-06-16T08:19:51","guid":{"rendered":"https:\/\/www.intoscana.it\/it\/?p=233550"},"modified":"2022-06-16T12:29:44","modified_gmt":"2022-06-16T10:29:44","slug":"pianeta-terra-festival-da-lucca-parte-la-rivoluzione-sostenibile-eventi-dal-6-al-9-ottore","status":"publish","type":"post","link":"https:\/\/www.intoscana.it\/it\/pianeta-terra-festival-da-lucca-parte-la-rivoluzione-sostenibile-eventi-dal-6-al-9-ottore\/","title":{"rendered":"Pianeta Terra festival, da Lucca parte la rivoluzione sostenibile: eventi dal 6 al 9 ottobre"},"content":{"rendered":"<p><em>&#8220;Sar\u00e0 una festa della vita&#8221;<\/em>, cos\u00ec <strong>Stefano Mancuso<\/strong>, scienziato di fama internazionale, presenta il <a href=\"https:\/\/www.pianetaterrafestival.it\/\" target=\"_blank\" rel=\"noopener\"><strong>Pianeta Terra Festival<\/strong> <\/a>,l&#8217;evento che si terr\u00e0 a Lucca da gioved\u00ec 6 a domenica 9 ottobre 2022 e che coinvolger\u00e0 alcuni luoghi simbolo della citt\u00e0,\u00a0 come la Chiesa di San Francesco, Palazzo Ducale, e l\u2019Orto Botanico. Un evento progettato e organizzato dagli Editori Laterza e promosso dalla Fondazione Cassa di Risparmio di Lucca.<\/p>\n<p>Si parler\u00e0 di ambiente, ovviamente, delle crisi che si susseguono e, grazie al contributo di esperti di fama mondiale, si prover\u00e0 a costruire una visione lungimirante e soluzioni a lungo termine, anche attraverso un vero e proprio cambio culturale.\u00a0 \u201c<em>Festeggiare la Terra vuol dire celebrare la vita che essa ospita &#8211;<\/em> spiega Mancuso &#8211; dalle<em> piante (l\u201986% in peso di tutto ci\u00f2 che \u00e8 vivo) agli animali (0,3 %), dai funghi ai microrganismi. \u00c8 l\u2019esistenza di ogni singola specie vivente che dobbiamo difendere se vogliamo che la nostra abbia la possibilit\u00e0 di sopravvivere alle catastrofi prodotte dal suo stesso progresso. <mark>Descriveremo lo stato della nostra casa comune, forniremo soluzioni, immagineremo insieme dei futuri durevoli, ma soprattutto proveremo a costruire e a offrire una visione nuova. E, come ogni festa che si rispetti, cercheremo di rendere felici tutte le persone che condivideranno con noi questa esperienza. Perch\u00e9 le soluzioni che salveranno il Pianeta non ci renderanno pi\u00f9 poveri, ma pi\u00f9 felici\u201d.<\/mark><\/em><\/p>\n<p>La manifestazione ha il patrocinio della Regione Toscana, Provincia di Lucca, Comune di Lucca, Scuola IMT Alti Studi Lucca, Camera di Commercio di Lucca, ACRI, Confindustria Toscana Nord, Ufficio scolastico Territoriale di Lucca Massa e Carrara, Lucca Promos.<\/p>\n<figure id=\"post-233537 media-233537\" class=\"align-none\"><img decoding=\"async\" src=\"https:\/\/www.intoscana.it\/wp-content\/uploads\/Stefano-Mancuso.jpg\" alt=\"\" \/><\/figure>\n<div class=\"titleimg\" style=\"text-align: center;\"><em>Stefano Mancuso<\/em><\/div>\n<h3><em>Quattro giorni e oltre 50 appuntamenti<\/em><\/h3>\n<p>Nei giorni del festival si parler\u00e0 di ecosistemi, biodiversit\u00e0, finanza green, geopolitica dell\u2019energia, agricoltura e alimentazione, sviluppo urbano, risorse, mobilit\u00e0 sostenibile all\u2019interno e nel confronto di nuove visioni politiche, sociali, filosofiche, artistiche. Lucca ospiter\u00e0 anche le storie straordinarie di donne e uomini impegnati nella difesa dell\u2019ambiente e\u00a0 di chi ha dato un importante contributo scientifico.<\/p>\n<p><em>\u201c\u00c8 questo il tempo in cui \u00e8 pi\u00f9 che mai necessario leggere il mondo tutto con occhi nuovi<\/em> \u2013 dice l\u2019Editore <strong>Giuseppe Laterza<\/strong> \u2013 <em>operando una vera e propria rivoluzione per la sostenibilit\u00e0: un banco di prova difficile, ma decisivo per il nostro futuro\u201d.<\/em> <mark>Ecco perch\u00e9 nei giorni del festival si cercher\u00e0 di costruire una sorta di <strong>giardino di civilt\u00e0<\/strong> che si alimenter\u00e0 delle conoscenze di molti campi del sapere,\u00a0 per comprendere le infinite opportunit\u00e0 e le soluzioni sostenibili che potranno essere attuate per ristabilire l\u2019equilibrio e l\u2019armonia nella nostra straordinaria casa comune.[]\/mark]<\/p>\n<h3><em>Gli ospiti del festival<\/em><\/h3>\n<p>Interverranno personalit\u00e0 di altissimo profilo: scienziati, antropologi, filosofi, economisti, architetti, urbanisti, storici, scrittori, artisti, innovatori, policy makers.<br \/>\nTra i protagonisti di respiro internazionale, ci saranno <strong>Raj Patel<\/strong>, economista, attivista e studioso di politiche alimentari, <strong>Esther Duflo<\/strong>, Premio Nobel per l\u2019Economia. Alcuni dei massimi esperti di questioni climatiche e ambientali, tra cui: <strong>Riccardo Valentini<\/strong> esperto di Ecologia forestale e membro di IPCC, <strong>Carlo Carraro<\/strong>, economista ambientale, gi\u00e0 Presidente della European Association of Environmental and Resource Economists, <strong>Valeria Termini<\/strong>, esperta di politica energetica europea e internazionale, <strong>Barbara Mazzolai<\/strong> che dirige il Centro di Micro-Biorobotica dell\u2019Istituto Italiano di Tecnologia, <strong>Simonetta Cheli<\/strong>, Direttrice dei Programmi di Osservazione della Terra dell\u2019Agenzia spaziale Europea (ESA), <strong>Roberto Danovaro<\/strong>, biologo marino e Presidente della Stazione Zoologica Anton Dohrn. [mark]E molti altri ospiti da Andrea Segr\u00e8 a Carlin Petrini, da Mario Tozzi a Michele Serra, da Paolo Cognetti a Melania Mazzucco, da Vittorio Lingiardi a Roberto Battiston.<\/mark><\/p>\n","protected":false},"excerpt":{"rendered":"<p>La manifestazione \u00e8 diretta da Stefano Mancuso: &#8220;Immagineremo insieme dei futuri durevoli e proveremo a costruire e a offrire una visione nuova&#8221;<\/p>\n","protected":false},"author":525,"featured_media":233538,"comment_status":"open","ping_status":"open","sticky":false,"template":"","format":"standard","meta":{"_acf_changed":false,"footnotes":""},"categories":[19],"tags":[177,228,170,371],"class_list":["post-233550","post","type-post","status-publish","format-standard","has-post-thumbnail","hentry","category-ambiente","tag-ambiente","tag-festival","tag-lucca","tag-sostenibilita"],"acf":[],"yoast_head":"<!-- This site is optimized with the Yoast SEO Premium plugin v24.2 (Yoast SEO v25.6) - https:\/\/yoast.com\/wordpress\/plugins\/seo\/ -->\n<title>Pianeta Terra festival, da Lucca parte la rivoluzione sostenibile: eventi dal 6 al 9 ottobre - intoscana<\/title>\n<meta name=\"description\" content=\"La manifestazione \u00e8 diretta da Stefano Mancuso: &quot;Immagineremo insieme dei futuri durevoli e proveremo a costruire e a offrire una visione nuova&quot;\" \/>\n<meta name=\"robots\" content=\"index, follow, max-snippet:-1, max-image-preview:large, max-video-preview:-1\" \/>\n<link rel=\"canonical\" href=\"https:\/\/www.intoscana.it\/it\/pianeta-terra-festival-da-lucca-parte-la-rivoluzione-sostenibile-eventi-dal-6-al-9-ottore\/\" \/>\n<meta property=\"og:locale\" content=\"it_IT\" \/>\n<meta property=\"og:type\" content=\"article\" \/>\n<meta property=\"og:title\" content=\"Pianeta Terra festival, da Lucca parte la rivoluzione sostenibile: eventi dal 6 al 9 ottobre\" \/>\n<meta property=\"og:description\" content=\"La manifestazione \u00e8 diretta da Stefano Mancuso: &quot;Immagineremo insieme dei futuri durevoli e proveremo a costruire e a offrire una visione nuova&quot;\" \/>\n<meta property=\"og:url\" content=\"https:\/\/www.intoscana.it\/it\/pianeta-terra-festival-da-lucca-parte-la-rivoluzione-sostenibile-eventi-dal-6-al-9-ottore\/\" \/>\n<meta property=\"og:site_name\" content=\"intoscana\" \/>\n<meta property=\"article:publisher\" content=\"https:\/\/www.facebook.com\/intoscana.it\" \/>\n<meta property=\"article:published_time\" content=\"2022-06-16T08:19:51+00:00\" \/>\n<meta property=\"article:modified_time\" content=\"2022-06-16T10:29:44+00:00\" \/>\n<meta property=\"og:image\" content=\"https:\/\/www.intoscana.it\/wp-content\/uploads\/pianeta-terra-festival.jpg\" \/>\n\t<meta property=\"og:image:width\" content=\"2000\" \/>\n\t<meta property=\"og:image:height\" content=\"1333\" \/>\n\t<meta property=\"og:image:type\" content=\"image\/jpeg\" \/>\n<meta name=\"author\" content=\"Redazione\" \/>\n<meta name=\"twitter:card\" content=\"summary_large_image\" \/>\n<meta name=\"twitter:creator\" content=\"@intoscana\" \/>\n<meta name=\"twitter:site\" content=\"@intoscana\" \/>\n<meta name=\"twitter:label1\" content=\"Written by\" \/>\n\t<meta name=\"twitter:data1\" content=\"Redazione\" \/>\n\t<meta name=\"twitter:label2\" content=\"Est. reading time\" \/>\n\t<meta name=\"twitter:data2\" content=\"3 minuti\" \/>\n<script type=\"application\/ld+json\" class=\"yoast-schema-graph\">{\"@context\":\"https:\/\/schema.org\",\"@graph\":[{\"@type\":\"WebPage\",\"@id\":\"https:\/\/www.intoscana.it\/it\/pianeta-terra-festival-da-lucca-parte-la-rivoluzione-sostenibile-eventi-dal-6-al-9-ottore\/\",\"url\":\"https:\/\/www.intoscana.it\/it\/pianeta-terra-festival-da-lucca-parte-la-rivoluzione-sostenibile-eventi-dal-6-al-9-ottore\/\",\"name\":\"Pianeta Terra festival, da Lucca parte la rivoluzione sostenibile: eventi dal 6 al 9 ottobre - intoscana\",\"isPartOf\":{\"@id\":\"https:\/\/www.intoscana.it\/it\/#website\"},\"primaryImageOfPage\":{\"@id\":\"https:\/\/www.intoscana.it\/it\/pianeta-terra-festival-da-lucca-parte-la-rivoluzione-sostenibile-eventi-dal-6-al-9-ottore\/#primaryimage\"},\"image\":{\"@id\":\"https:\/\/www.intoscana.it\/it\/pianeta-terra-festival-da-lucca-parte-la-rivoluzione-sostenibile-eventi-dal-6-al-9-ottore\/#primaryimage\"},\"thumbnailUrl\":\"https:\/\/www.intoscana.it\/wp-content\/uploads\/pianeta-terra-festival.jpg\",\"datePublished\":\"2022-06-16T08:19:51+00:00\",\"dateModified\":\"2022-06-16T10:29:44+00:00\",\"author\":{\"@id\":\"https:\/\/www.intoscana.it\/it\/#\/schema\/person\/9223810753230f20bd670fdd322661f8\"},\"description\":\"La manifestazione \u00e8 diretta da Stefano Mancuso: \\\"Immagineremo insieme dei futuri durevoli e proveremo a costruire e a offrire una visione nuova\\\"\",\"breadcrumb\":{\"@id\":\"https:\/\/www.intoscana.it\/it\/pianeta-terra-festival-da-lucca-parte-la-rivoluzione-sostenibile-eventi-dal-6-al-9-ottore\/#breadcrumb\"},\"inLanguage\":\"it-IT\",\"potentialAction\":[{\"@type\":\"ReadAction\",\"target\":[\"https:\/\/www.intoscana.it\/it\/pianeta-terra-festival-da-lucca-parte-la-rivoluzione-sostenibile-eventi-dal-6-al-9-ottore\/\"]}]},{\"@type\":\"ImageObject\",\"inLanguage\":\"it-IT\",\"@id\":\"https:\/\/www.intoscana.it\/it\/pianeta-terra-festival-da-lucca-parte-la-rivoluzione-sostenibile-eventi-dal-6-al-9-ottore\/#primaryimage\",\"url\":\"https:\/\/www.intoscana.it\/wp-content\/uploads\/pianeta-terra-festival.jpg\",\"contentUrl\":\"https:\/\/www.intoscana.it\/wp-content\/uploads\/pianeta-terra-festival.jpg\",\"width\":2000,\"height\":1333},{\"@type\":\"BreadcrumbList\",\"@id\":\"https:\/\/www.intoscana.it\/it\/pianeta-terra-festival-da-lucca-parte-la-rivoluzione-sostenibile-eventi-dal-6-al-9-ottore\/#breadcrumb\",\"itemListElement\":[{\"@type\":\"ListItem\",\"position\":1,\"name\":\"Home\",\"item\":\"https:\/\/www.intoscana.it\/it\/\"},{\"@type\":\"ListItem\",\"position\":2,\"name\":\"Pianeta Terra festival, da Lucca parte la rivoluzione sostenibile: eventi dal 6 al 9 ottobre\"}]},{\"@type\":\"WebSite\",\"@id\":\"https:\/\/www.intoscana.it\/it\/#website\",\"url\":\"https:\/\/www.intoscana.it\/it\/\",\"name\":\"intoscana\",\"description\":\"\",\"potentialAction\":[{\"@type\":\"SearchAction\",\"target\":{\"@type\":\"EntryPoint\",\"urlTemplate\":\"https:\/\/www.intoscana.it\/it\/?s={search_term_string}\"},\"query-input\":{\"@type\":\"PropertyValueSpecification\",\"valueRequired\":true,\"valueName\":\"search_term_string\"}}],\"inLanguage\":\"it-IT\"},{\"@type\":\"Person\",\"@id\":\"https:\/\/www.intoscana.it\/it\/#\/schema\/person\/9223810753230f20bd670fdd322661f8\",\"name\":\"Redazione\",\"url\":\"https:\/\/www.intoscana.it\/it\/author\/redazione\/\"}]}<\/script>\n<!-- \/ Yoast SEO Premium plugin. -->","yoast_head_json":{"title":"Pianeta Terra festival, da Lucca parte la rivoluzione sostenibile: eventi dal 6 al 9 ottobre - intoscana","description":"La manifestazione \u00e8 diretta da Stefano Mancuso: \"Immagineremo insieme dei futuri durevoli e proveremo a costruire e a offrire una visione nuova\"","robots":{"index":"index","follow":"follow","max-snippet":"max-snippet:-1","max-image-preview":"max-image-preview:large","max-video-preview":"max-video-preview:-1"},"canonical":"https:\/\/www.intoscana.it\/it\/pianeta-terra-festival-da-lucca-parte-la-rivoluzione-sostenibile-eventi-dal-6-al-9-ottore\/","og_locale":"it_IT","og_type":"article","og_title":"Pianeta Terra festival, da Lucca parte la rivoluzione sostenibile: eventi dal 6 al 9 ottobre","og_description":"La manifestazione \u00e8 diretta da Stefano Mancuso: \"Immagineremo insieme dei futuri durevoli e proveremo a costruire e a offrire una visione nuova\"","og_url":"https:\/\/www.intoscana.it\/it\/pianeta-terra-festival-da-lucca-parte-la-rivoluzione-sostenibile-eventi-dal-6-al-9-ottore\/","og_site_name":"intoscana","article_publisher":"https:\/\/www.facebook.com\/intoscana.it","article_published_time":"2022-06-16T08:19:51+00:00","article_modified_time":"2022-06-16T10:29:44+00:00","og_image":[{"width":2000,"height":1333,"url":"https:\/\/www.intoscana.it\/wp-content\/uploads\/pianeta-terra-festival.jpg","type":"image\/jpeg"}],"author":"Redazione","twitter_card":"summary_large_image","twitter_creator":"@intoscana","twitter_site":"@intoscana","twitter_misc":{"Written by":"Redazione","Est. reading time":"3 minuti"},"schema":{"@context":"https:\/\/schema.org","@graph":[{"@type":"WebPage","@id":"https:\/\/www.intoscana.it\/it\/pianeta-terra-festival-da-lucca-parte-la-rivoluzione-sostenibile-eventi-dal-6-al-9-ottore\/","url":"https:\/\/www.intoscana.it\/it\/pianeta-terra-festival-da-lucca-parte-la-rivoluzione-sostenibile-eventi-dal-6-al-9-ottore\/","name":"Pianeta Terra festival, da Lucca parte la rivoluzione sostenibile: eventi dal 6 al 9 ottobre - intoscana","isPartOf":{"@id":"https:\/\/www.intoscana.it\/it\/#website"},"primaryImageOfPage":{"@id":"https:\/\/www.intoscana.it\/it\/pianeta-terra-festival-da-lucca-parte-la-rivoluzione-sostenibile-eventi-dal-6-al-9-ottore\/#primaryimage"},"image":{"@id":"https:\/\/www.intoscana.it\/it\/pianeta-terra-festival-da-lucca-parte-la-rivoluzione-sostenibile-eventi-dal-6-al-9-ottore\/#primaryimage"},"thumbnailUrl":"https:\/\/www.intoscana.it\/wp-content\/uploads\/pianeta-terra-festival.jpg","datePublished":"2022-06-16T08:19:51+00:00","dateModified":"2022-06-16T10:29:44+00:00","author":{"@id":"https:\/\/www.intoscana.it\/it\/#\/schema\/person\/9223810753230f20bd670fdd322661f8"},"description":"La manifestazione \u00e8 diretta da Stefano Mancuso: \"Immagineremo insieme dei futuri durevoli e proveremo a costruire e a offrire una visione nuova\"","breadcrumb":{"@id":"https:\/\/www.intoscana.it\/it\/pianeta-terra-festival-da-lucca-parte-la-rivoluzione-sostenibile-eventi-dal-6-al-9-ottore\/#breadcrumb"},"inLanguage":"it-IT","potentialAction":[{"@type":"ReadAction","target":["https:\/\/www.intoscana.it\/it\/pianeta-terra-festival-da-lucca-parte-la-rivoluzione-sostenibile-eventi-dal-6-al-9-ottore\/"]}]},{"@type":"ImageObject","inLanguage":"it-IT","@id":"https:\/\/www.intoscana.it\/it\/pianeta-terra-festival-da-lucca-parte-la-rivoluzione-sostenibile-eventi-dal-6-al-9-ottore\/#primaryimage","url":"https:\/\/www.intoscana.it\/wp-content\/uploads\/pianeta-terra-festival.jpg","contentUrl":"https:\/\/www.intoscana.it\/wp-content\/uploads\/pianeta-terra-festival.jpg","width":2000,"height":1333},{"@type":"BreadcrumbList","@id":"https:\/\/www.intoscana.it\/it\/pianeta-terra-festival-da-lucca-parte-la-rivoluzione-sostenibile-eventi-dal-6-al-9-ottore\/#breadcrumb","itemListElement":[{"@type":"ListItem","position":1,"name":"Home","item":"https:\/\/www.intoscana.it\/it\/"},{"@type":"ListItem","position":2,"name":"Pianeta Terra festival, da Lucca parte la rivoluzione sostenibile: eventi dal 6 al 9 ottobre"}]},{"@type":"WebSite","@id":"https:\/\/www.intoscana.it\/it\/#website","url":"https:\/\/www.intoscana.it\/it\/","name":"intoscana","description":"","potentialAction":[{"@type":"SearchAction","target":{"@type":"EntryPoint","urlTemplate":"https:\/\/www.intoscana.it\/it\/?s={search_term_string}"},"query-input":{"@type":"PropertyValueSpecification","valueRequired":true,"valueName":"search_term_string"}}],"inLanguage":"it-IT"},{"@type":"Person","@id":"https:\/\/www.intoscana.it\/it\/#\/schema\/person\/9223810753230f20bd670fdd322661f8","name":"Redazione","url":"https:\/\/www.intoscana.it\/it\/author\/redazione\/"}]}},"_links":{"self":[{"href":"https:\/\/www.intoscana.it\/it\/wp-json\/wp\/v2\/posts\/233550","targetHints":{"allow":["GET"]}}],"collection":[{"href":"https:\/\/www.intoscana.it\/it\/wp-json\/wp\/v2\/posts"}],"about":[{"href":"https:\/\/www.intoscana.it\/it\/wp-json\/wp\/v2\/types\/post"}],"author":[{"embeddable":true,"href":"https:\/\/www.intoscana.it\/it\/wp-json\/wp\/v2\/users\/525"}],"replies":[{"embeddable":true,"href":"https:\/\/www.intoscana.it\/it\/wp-json\/wp\/v2\/comments?post=233550"}],"version-history":[{"count":0,"href":"https:\/\/www.intoscana.it\/it\/wp-json\/wp\/v2\/posts\/233550\/revisions"}],"wp:featuredmedia":[{"embeddable":true,"href":"https:\/\/www.intoscana.it\/it\/wp-json\/wp\/v2\/media\/233538"}],"wp:attachment":[{"href":"https:\/\/www.intoscana.it\/it\/wp-json\/wp\/v2\/media?parent=233550"}],"wp:term":[{"taxonomy":"category","embeddable":true,"href":"https:\/\/www.intoscana.it\/it\/wp-json\/wp\/v2\/categories?post=233550"},{"taxonomy":"post_tag","embeddable":true,"href":"https:\/\/www.intoscana.it\/it\/wp-json\/wp\/v2\/tags?post=233550"}],"curies":[{"name":"wp","href":"https:\/\/api.w.org\/{rel}","templated":true}]}}