{"id":233556,"date":"2022-06-16T09:48:47","date_gmt":"2022-06-16T07:48:47","guid":{"rendered":"https:\/\/www.intoscana.it\/it\/?p=233556"},"modified":"2022-06-16T09:49:00","modified_gmt":"2022-06-16T07:49:00","slug":"san-gimignano-vuole-candidarsi-a-capitale-europea-del-vino-nel-2027","status":"publish","type":"post","link":"https:\/\/www.intoscana.it\/it\/san-gimignano-vuole-candidarsi-a-capitale-europea-del-vino-nel-2027\/","title":{"rendered":"San Gimignano vuole candidarsi a capitale europea del vino nel 2027"},"content":{"rendered":"<p><strong>San Gimignano capitale europea del vino nel 2027<\/strong> questo \u00e8\u00a0il progetto del <strong>sindaco Andrea Marrucci<\/strong> che si trova a Bruxelles per l&#8217;evento annuale della <strong>Rete europea delle citt\u00e0 del vino (Recevin)<\/strong> ma anche per discutere di cultura e <strong>Nuovo Bauhaus europeo<\/strong> con altri rappresentanti locali membri delle reti per il turismo sostenibile (Necstour) e per ricerca e innovazione (Errin) e con l<strong>&#8216;Unesco.<\/strong><\/p>\n<p><em>&#8220;Stiamo lavorando a fare dell&#8217;eccellenza vitivinicola un aspetto di conoscenza e fruizione lenta e consapevole del territorio&#8221;, <\/em>in modo da avere<em> &#8220;una vetrina non soltanto per la nostra citt\u00e0, ma per la Toscana&#8221;<\/em> attraverso<em> &#8220;la &#8216;regina bianca&#8217; della Vernaccia in una terra di &#8216;re rossi'&#8221;.<\/em><\/p>\n<p>La forza della citt\u00e0 sta nella capacit\u00e0 di &#8220;<strong><em>puntare sulla comunit\u00e0, sulla sostenibilit\u00e0 e sulla cultura come aspetto della ripresa e della resilienza&#8221;,<\/em><\/strong> ha aggiunto Marrucci.<\/p>\n<p>Fra i vari incontri anche quello con <strong>Simona Bonaf\u00e8, europarlamentare del Partito democratico<\/strong> e membro della <strong>commissione Ambiente del Parlamento europeo.<\/strong><\/p>\n<p>Il focus \u00e8 stato su &#8220;<em>come rafforzare il ruolo delle citt\u00e0 del vino nei rapporti con il Parlamento&#8221;<\/em> e<em> &#8220;come fare di <strong>Recevin<\/strong> un soggetto in grado di fare lobby sulla cultura del vino&#8221;<\/em>, ha aggiunto<strong> il sindaco di San Gimignano.<\/strong><\/p>\n","protected":false},"excerpt":{"rendered":"<p>Il sindaco Andrea Marrucci che si trova a Bruxelles per l&#039;evento annuale della Rete europea delle citt\u00e0 del vino (Recevin) ma anche per discutere di cultura e Nuovo Bauhaus europeo<\/p>\n","protected":false},"author":525,"featured_media":233557,"comment_status":"open","ping_status":"open","sticky":false,"template":"","format":"standard","meta":{"_acf_changed":false,"footnotes":""},"categories":[494],"tags":[229,4145,4742],"class_list":["post-233556","post","type-post","status-publish","format-standard","has-post-thumbnail","hentry","category-attualita","tag-san-gimignano","tag-unesco","tag-vernaccia-di-san-gimignano"],"acf":[],"yoast_head":"<!-- This site is optimized with the Yoast SEO Premium plugin v24.2 (Yoast SEO v25.6) - https:\/\/yoast.com\/wordpress\/plugins\/seo\/ -->\n<title>San Gimignano vuole candidarsi a capitale europea del vino nel 2027 - intoscana<\/title>\n<meta name=\"description\" content=\"Il sindaco Andrea Marrucci che si trova a Bruxelles per l&#039;evento annuale della Rete europea delle citt\u00e0 del vino (Recevin)\" \/>\n<meta name=\"robots\" content=\"index, follow, max-snippet:-1, max-image-preview:large, max-video-preview:-1\" \/>\n<link rel=\"canonical\" href=\"https:\/\/www.intoscana.it\/it\/san-gimignano-vuole-candidarsi-a-capitale-europea-del-vino-nel-2027\/\" \/>\n<meta property=\"og:locale\" content=\"it_IT\" \/>\n<meta property=\"og:type\" content=\"article\" \/>\n<meta property=\"og:title\" content=\"San Gimignano vuole candidarsi a capitale europea del vino nel 2027\" \/>\n<meta property=\"og:description\" content=\"Il sindaco Andrea Marrucci che si trova a Bruxelles per l&#039;evento annuale della Rete europea delle citt\u00e0 del vino (Recevin)\" \/>\n<meta property=\"og:url\" content=\"https:\/\/www.intoscana.it\/it\/san-gimignano-vuole-candidarsi-a-capitale-europea-del-vino-nel-2027\/\" \/>\n<meta property=\"og:site_name\" content=\"intoscana\" \/>\n<meta property=\"article:publisher\" content=\"https:\/\/www.facebook.com\/intoscana.it\" \/>\n<meta property=\"article:published_time\" content=\"2022-06-16T07:48:47+00:00\" \/>\n<meta property=\"article:modified_time\" content=\"2022-06-16T07:49:00+00:00\" \/>\n<meta property=\"og:image\" content=\"https:\/\/www.intoscana.it\/wp-content\/uploads\/fb9c52e9f95c455f4dd7b5e4d03bc2e3.jpg\" \/>\n\t<meta property=\"og:image:width\" content=\"620\" \/>\n\t<meta property=\"og:image:height\" content=\"438\" \/>\n\t<meta property=\"og:image:type\" content=\"image\/jpeg\" \/>\n<meta name=\"author\" content=\"Redazione\" \/>\n<meta name=\"twitter:card\" content=\"summary_large_image\" \/>\n<meta name=\"twitter:creator\" content=\"@intoscana\" \/>\n<meta name=\"twitter:site\" content=\"@intoscana\" \/>\n<meta name=\"twitter:label1\" content=\"Written by\" \/>\n\t<meta name=\"twitter:data1\" content=\"Redazione\" \/>\n\t<meta name=\"twitter:label2\" content=\"Est. reading time\" \/>\n\t<meta name=\"twitter:data2\" content=\"1 minuto\" \/>\n<script type=\"application\/ld+json\" class=\"yoast-schema-graph\">{\"@context\":\"https:\/\/schema.org\",\"@graph\":[{\"@type\":\"WebPage\",\"@id\":\"https:\/\/www.intoscana.it\/it\/san-gimignano-vuole-candidarsi-a-capitale-europea-del-vino-nel-2027\/\",\"url\":\"https:\/\/www.intoscana.it\/it\/san-gimignano-vuole-candidarsi-a-capitale-europea-del-vino-nel-2027\/\",\"name\":\"San Gimignano vuole candidarsi a capitale europea del vino nel 2027 - intoscana\",\"isPartOf\":{\"@id\":\"https:\/\/www.intoscana.it\/it\/#website\"},\"primaryImageOfPage\":{\"@id\":\"https:\/\/www.intoscana.it\/it\/san-gimignano-vuole-candidarsi-a-capitale-europea-del-vino-nel-2027\/#primaryimage\"},\"image\":{\"@id\":\"https:\/\/www.intoscana.it\/it\/san-gimignano-vuole-candidarsi-a-capitale-europea-del-vino-nel-2027\/#primaryimage\"},\"thumbnailUrl\":\"https:\/\/www.intoscana.it\/wp-content\/uploads\/fb9c52e9f95c455f4dd7b5e4d03bc2e3.jpg\",\"datePublished\":\"2022-06-16T07:48:47+00:00\",\"dateModified\":\"2022-06-16T07:49:00+00:00\",\"author\":{\"@id\":\"https:\/\/www.intoscana.it\/it\/#\/schema\/person\/9223810753230f20bd670fdd322661f8\"},\"description\":\"Il sindaco Andrea Marrucci che si trova a Bruxelles per l'evento annuale della Rete europea delle citt\u00e0 del vino (Recevin)\",\"breadcrumb\":{\"@id\":\"https:\/\/www.intoscana.it\/it\/san-gimignano-vuole-candidarsi-a-capitale-europea-del-vino-nel-2027\/#breadcrumb\"},\"inLanguage\":\"it-IT\",\"potentialAction\":[{\"@type\":\"ReadAction\",\"target\":[\"https:\/\/www.intoscana.it\/it\/san-gimignano-vuole-candidarsi-a-capitale-europea-del-vino-nel-2027\/\"]}]},{\"@type\":\"ImageObject\",\"inLanguage\":\"it-IT\",\"@id\":\"https:\/\/www.intoscana.it\/it\/san-gimignano-vuole-candidarsi-a-capitale-europea-del-vino-nel-2027\/#primaryimage\",\"url\":\"https:\/\/www.intoscana.it\/wp-content\/uploads\/fb9c52e9f95c455f4dd7b5e4d03bc2e3.jpg\",\"contentUrl\":\"https:\/\/www.intoscana.it\/wp-content\/uploads\/fb9c52e9f95c455f4dd7b5e4d03bc2e3.jpg\",\"width\":620,\"height\":438,\"caption\":\"Sindaco Andrea Marrucci a Bruxelles\"},{\"@type\":\"BreadcrumbList\",\"@id\":\"https:\/\/www.intoscana.it\/it\/san-gimignano-vuole-candidarsi-a-capitale-europea-del-vino-nel-2027\/#breadcrumb\",\"itemListElement\":[{\"@type\":\"ListItem\",\"position\":1,\"name\":\"Home\",\"item\":\"https:\/\/www.intoscana.it\/it\/\"},{\"@type\":\"ListItem\",\"position\":2,\"name\":\"San Gimignano vuole candidarsi a capitale europea del vino nel 2027\"}]},{\"@type\":\"WebSite\",\"@id\":\"https:\/\/www.intoscana.it\/it\/#website\",\"url\":\"https:\/\/www.intoscana.it\/it\/\",\"name\":\"intoscana\",\"description\":\"\",\"potentialAction\":[{\"@type\":\"SearchAction\",\"target\":{\"@type\":\"EntryPoint\",\"urlTemplate\":\"https:\/\/www.intoscana.it\/it\/?s={search_term_string}\"},\"query-input\":{\"@type\":\"PropertyValueSpecification\",\"valueRequired\":true,\"valueName\":\"search_term_string\"}}],\"inLanguage\":\"it-IT\"},{\"@type\":\"Person\",\"@id\":\"https:\/\/www.intoscana.it\/it\/#\/schema\/person\/9223810753230f20bd670fdd322661f8\",\"name\":\"Redazione\",\"url\":\"https:\/\/www.intoscana.it\/it\/author\/redazione\/\"}]}<\/script>\n<!-- \/ Yoast SEO Premium plugin. -->","yoast_head_json":{"title":"San Gimignano vuole candidarsi a capitale europea del vino nel 2027 - intoscana","description":"Il sindaco Andrea Marrucci che si trova a Bruxelles per l'evento annuale della Rete europea delle citt\u00e0 del vino (Recevin)","robots":{"index":"index","follow":"follow","max-snippet":"max-snippet:-1","max-image-preview":"max-image-preview:large","max-video-preview":"max-video-preview:-1"},"canonical":"https:\/\/www.intoscana.it\/it\/san-gimignano-vuole-candidarsi-a-capitale-europea-del-vino-nel-2027\/","og_locale":"it_IT","og_type":"article","og_title":"San Gimignano vuole candidarsi a capitale europea del vino nel 2027","og_description":"Il sindaco Andrea Marrucci che si trova a Bruxelles per l'evento annuale della Rete europea delle citt\u00e0 del vino (Recevin)","og_url":"https:\/\/www.intoscana.it\/it\/san-gimignano-vuole-candidarsi-a-capitale-europea-del-vino-nel-2027\/","og_site_name":"intoscana","article_publisher":"https:\/\/www.facebook.com\/intoscana.it","article_published_time":"2022-06-16T07:48:47+00:00","article_modified_time":"2022-06-16T07:49:00+00:00","og_image":[{"width":620,"height":438,"url":"https:\/\/www.intoscana.it\/wp-content\/uploads\/fb9c52e9f95c455f4dd7b5e4d03bc2e3.jpg","type":"image\/jpeg"}],"author":"Redazione","twitter_card":"summary_large_image","twitter_creator":"@intoscana","twitter_site":"@intoscana","twitter_misc":{"Written by":"Redazione","Est. reading time":"1 minuto"},"schema":{"@context":"https:\/\/schema.org","@graph":[{"@type":"WebPage","@id":"https:\/\/www.intoscana.it\/it\/san-gimignano-vuole-candidarsi-a-capitale-europea-del-vino-nel-2027\/","url":"https:\/\/www.intoscana.it\/it\/san-gimignano-vuole-candidarsi-a-capitale-europea-del-vino-nel-2027\/","name":"San Gimignano vuole candidarsi a capitale europea del vino nel 2027 - intoscana","isPartOf":{"@id":"https:\/\/www.intoscana.it\/it\/#website"},"primaryImageOfPage":{"@id":"https:\/\/www.intoscana.it\/it\/san-gimignano-vuole-candidarsi-a-capitale-europea-del-vino-nel-2027\/#primaryimage"},"image":{"@id":"https:\/\/www.intoscana.it\/it\/san-gimignano-vuole-candidarsi-a-capitale-europea-del-vino-nel-2027\/#primaryimage"},"thumbnailUrl":"https:\/\/www.intoscana.it\/wp-content\/uploads\/fb9c52e9f95c455f4dd7b5e4d03bc2e3.jpg","datePublished":"2022-06-16T07:48:47+00:00","dateModified":"2022-06-16T07:49:00+00:00","author":{"@id":"https:\/\/www.intoscana.it\/it\/#\/schema\/person\/9223810753230f20bd670fdd322661f8"},"description":"Il sindaco Andrea Marrucci che si trova a Bruxelles per l'evento annuale della Rete europea delle citt\u00e0 del vino (Recevin)","breadcrumb":{"@id":"https:\/\/www.intoscana.it\/it\/san-gimignano-vuole-candidarsi-a-capitale-europea-del-vino-nel-2027\/#breadcrumb"},"inLanguage":"it-IT","potentialAction":[{"@type":"ReadAction","target":["https:\/\/www.intoscana.it\/it\/san-gimignano-vuole-candidarsi-a-capitale-europea-del-vino-nel-2027\/"]}]},{"@type":"ImageObject","inLanguage":"it-IT","@id":"https:\/\/www.intoscana.it\/it\/san-gimignano-vuole-candidarsi-a-capitale-europea-del-vino-nel-2027\/#primaryimage","url":"https:\/\/www.intoscana.it\/wp-content\/uploads\/fb9c52e9f95c455f4dd7b5e4d03bc2e3.jpg","contentUrl":"https:\/\/www.intoscana.it\/wp-content\/uploads\/fb9c52e9f95c455f4dd7b5e4d03bc2e3.jpg","width":620,"height":438,"caption":"Sindaco Andrea Marrucci a Bruxelles"},{"@type":"BreadcrumbList","@id":"https:\/\/www.intoscana.it\/it\/san-gimignano-vuole-candidarsi-a-capitale-europea-del-vino-nel-2027\/#breadcrumb","itemListElement":[{"@type":"ListItem","position":1,"name":"Home","item":"https:\/\/www.intoscana.it\/it\/"},{"@type":"ListItem","position":2,"name":"San Gimignano vuole candidarsi a capitale europea del vino nel 2027"}]},{"@type":"WebSite","@id":"https:\/\/www.intoscana.it\/it\/#website","url":"https:\/\/www.intoscana.it\/it\/","name":"intoscana","description":"","potentialAction":[{"@type":"SearchAction","target":{"@type":"EntryPoint","urlTemplate":"https:\/\/www.intoscana.it\/it\/?s={search_term_string}"},"query-input":{"@type":"PropertyValueSpecification","valueRequired":true,"valueName":"search_term_string"}}],"inLanguage":"it-IT"},{"@type":"Person","@id":"https:\/\/www.intoscana.it\/it\/#\/schema\/person\/9223810753230f20bd670fdd322661f8","name":"Redazione","url":"https:\/\/www.intoscana.it\/it\/author\/redazione\/"}]}},"_links":{"self":[{"href":"https:\/\/www.intoscana.it\/it\/wp-json\/wp\/v2\/posts\/233556","targetHints":{"allow":["GET"]}}],"collection":[{"href":"https:\/\/www.intoscana.it\/it\/wp-json\/wp\/v2\/posts"}],"about":[{"href":"https:\/\/www.intoscana.it\/it\/wp-json\/wp\/v2\/types\/post"}],"author":[{"embeddable":true,"href":"https:\/\/www.intoscana.it\/it\/wp-json\/wp\/v2\/users\/525"}],"replies":[{"embeddable":true,"href":"https:\/\/www.intoscana.it\/it\/wp-json\/wp\/v2\/comments?post=233556"}],"version-history":[{"count":0,"href":"https:\/\/www.intoscana.it\/it\/wp-json\/wp\/v2\/posts\/233556\/revisions"}],"wp:featuredmedia":[{"embeddable":true,"href":"https:\/\/www.intoscana.it\/it\/wp-json\/wp\/v2\/media\/233557"}],"wp:attachment":[{"href":"https:\/\/www.intoscana.it\/it\/wp-json\/wp\/v2\/media?parent=233556"}],"wp:term":[{"taxonomy":"category","embeddable":true,"href":"https:\/\/www.intoscana.it\/it\/wp-json\/wp\/v2\/categories?post=233556"},{"taxonomy":"post_tag","embeddable":true,"href":"https:\/\/www.intoscana.it\/it\/wp-json\/wp\/v2\/tags?post=233556"}],"curies":[{"name":"wp","href":"https:\/\/api.w.org\/{rel}","templated":true}]}}