{"id":233628,"date":"2022-06-16T14:39:01","date_gmt":"2022-06-16T12:39:01","guid":{"rendered":"https:\/\/www.intoscana.it\/it\/?p=233628"},"modified":"2022-06-17T16:35:03","modified_gmt":"2022-06-17T14:35:03","slug":"covid-19-aumentano-i-contagi-in-toscana-332-casi-settimanali","status":"publish","type":"post","link":"https:\/\/www.intoscana.it\/it\/covid-19-aumentano-i-contagi-in-toscana-332-casi-settimanali\/","title":{"rendered":"Covid-19: aumentano i contagi in Toscana, +33,2% casi settimanali"},"content":{"rendered":"<p>Secondo <strong>l\u2019ultimo report di Gimbe<\/strong> riguardo all\u2019andamento della pandemia, in Toscana <strong>nella settimana dall&#8217;8 al 14 giugno si registra un peggioramento per i casi attualmente positivi<\/strong> per 100.000 abitanti (676), con <strong>un aumento dei nuovi contagi pari al 33,2%<\/strong> rispetto alla settimana precedente.<\/p>\n<p>Sempre secondo il report di Gimbe, sarebbero sotto la media nazionale i posti letto in area medica occupati (4,3%) mentre<strong> sono sopra media nazionale i posti letto in terapia intensiva (2,3%)<\/strong> occupati da pazienti Covid-19.<\/p>\n<p><strong>In Toscana sono 1.169.803 i casi di positivit\u00e0 al Coronavirus, 1.902 in pi\u00f9 rispetto a ieri<\/strong> (368 confermati con tampone molecolare e 1.534 da test rapido antigenico). I nuovi casi sono lo 0,2% in pi\u00f9 rispetto al totale del giorno precedente. I guariti crescono dello 0,04% e raggiungono quota 1.132.169 (96,8% dei casi totali).<\/p>\n<p><strong>Oggi sono stati eseguiti 1.467 tamponi molecolari e 8.941 tamponi antigenici rapidi<\/strong>, di questi il 18,3% \u00e8 risultato positivo. Sono invece 2.722 i soggetti testati oggi (con tampone antigenico e\/o molecolare, escludendo i tamponi di controllo), di cui il 69,9% \u00e8 risultato positivo. Gli attualmente positivi sono oggi 27.499, +5,6% rispetto a ieri. I ricoverati sono 236 (8 in pi\u00f9 rispetto a ieri), di cui 7 in terapia intensiva (7 in meno). Purtroppo, <strong>oggi si registra 1 nuovo decesso<\/strong>: una donna di 86 anni (a Pisa) .<\/p>\n<p>L&#8217;et\u00e0 media dei 1.902 nuovi positivi odierni \u00e8 di 49 anni circa (11% ha meno di 20 anni, 21% tra 20 e 39 anni, 36% tra 40 e 59 anni, 25% tra 60 e 79 anni, 7% ha 80 anni o pi\u00f9).<\/p>\n<h3>I casi di positivit\u00e0 sul territorio<\/h3>\n<p>Di seguito i casi di positivit\u00e0 sul territorio con la variazione rispetto a ieri (368 confermati con tampone molecolare e 1.534 da test rapido antigenico). Sono 324.794 i casi complessivi ad oggi a Firenze (563 in pi\u00f9 rispetto a ieri), 79.906 a Prato (93 in pi\u00f9), 93.517 a Pistoia (139 in pi\u00f9), 57.377 a Massa (74 in pi\u00f9), 122.650 a Lucca (213 in pi\u00f9), 135.228 a Pisa (278 in pi\u00f9), 104.200 a Livorno (171 in pi\u00f9), 106.324 ad Arezzo (176 in pi\u00f9), 82.594 a Siena (107 in pi\u00f9), 62.658 a Grosseto (88 in pi\u00f9). Sono 555 i casi positivi notificati in Toscana, ma residenti in altre regioni.<\/p>\n<p><strong>Sono 824 i casi riscontrati oggi nell&#8217;Asl Centro<\/strong>, 707 nella Nord Ovest, 371 nella Sud est.<\/p>\n<p>La Toscana si trova al 8\u00b0 posto in Italia come numerosit\u00e0 di casi (comprensivi di residenti e non residenti), con circa 31.677 casi per 100.000 abitanti (media italiana circa 29.942 per 100.000, dato di ieri). Le province di notifica con il tasso pi\u00f9 alto sono Firenze con 32.530 casi per 100.000 abitanti, Pisa con 32.353, Pistoia con 32.220, la pi\u00f9 bassa Grosseto con 28.763.<br \/>\nComplessivamente, 27.263 persone sono in isolamento a casa, poich\u00e9 presentano sintomi lievi che non richiedono cure ospedaliere, o risultano prive di sintomi (1.439 in pi\u00f9 rispetto a ieri, pi\u00f9 5,6%).<\/p>\n<p>Le persone ricoverate\u00a0oggi sono complessivamente 236 (8 in pi\u00f9 rispetto a ieri, pi\u00f9 3,5%),<strong> 7 in terapia intensiva<\/strong> (7 in meno rispetto a ieri, meno 50%).<\/p>\n<p><strong>Le persone complessivamente guarite sono 1.132.169<\/strong> (454 in pi\u00f9 rispetto a ieri, pi\u00f9 0,04%): 0 persone clinicamente guarite (stabili rispetto a ieri), divenute cio\u00e8 asintomatiche dopo aver presentato manifestazioni cliniche associate all&#8217;infezione e 1.132.169 (454 in pi\u00f9 rispetto a ieri, pi\u00f9 0,04%) dichiarate guarite a tutti gli effetti, le cosiddette guarigioni virali, con tampone negativo.<\/p>\n<h3>I decessi<\/h3>\n<p><strong>Sono 10.135 i deceduti dall&#8217;inizio dell&#8217;epidemia cosi ripartiti:<\/strong> 3.188 a Firenze, 838 a Prato, 910 a Pistoia, 654 a Massa Carrara, 950 a Lucca, 1.126 a Pisa, 745 a Livorno, 659 ad Arezzo, 537 a Siena, 389 a Grosseto, 139 persone sono decedute sul suolo toscano ma erano residenti fuori regione.<\/p>\n<p>Il tasso grezzo di mortalit\u00e0 toscano (numero di deceduti\/popolazione residente) per Covid-19 \u00e8 di 274,4 per 100.000 residenti contro il 282,9 della media italiana (10\u00b0 regione). Per quanto riguarda le province, il tasso di mortalit\u00e0 pi\u00f9 alto si riscontra a Massa Carrara (344,5), Firenze (319,3) e Prato (315,9), il pi\u00f9 basso a Grosseto (178,6).<\/p>\n<h3>La campagna vaccinale<\/h3>\n<p>Per la vaccinazione, <strong>la percentuale di popolazione over 5 anni che non ha ricevuto nessuna dose di vaccino \u00e8 pari al 4,5%<\/strong> (media Italia 7%) a cui si deve aggiungere la popolazione over 5 anni temporaneamente protetta, in quanto guarita dal Covid da meno di 180 giorni, pari al 4,8%.<\/p>\n<p>La percentuale di popolazione over 5 anni che non ha ricevuto la terza dose di vaccino \u00e8 pari a 12,1% (media Italia 11,3%) a cui si deve aggiungere la popolazione over 5 anni guarita da meno di 120 giorni, che non pu\u00f2 ricevere la terza dose nell\u2019immediato, pari al 6,1%.<\/p>\n<p><strong>Il tasso di copertura vaccinale con quarta dose (persone immunocompromesse) \u00e8 del 53%<\/strong> (media Italia 38,2%). Il tasso di copertura vaccinale con quarta dose (over 80, ospiti RSA e fascia fragili 60-79) \u00e8 del 20,3% (media Italia 18,1%).<\/p>\n<p>Infine, la popolazione 5-11 che ha completato il ciclo vaccinale \u00e8 pari 37,9% (media Italia 34,8%) a cui aggiungere un ulteriore 3,9% (media Italia 3,4%) solo con prima dose.<\/p>\n<p>Sull\u2019andamento della pandemia nelle singole province<strong> solo Grosseto ha il segno meno<\/strong>, registrando a livello settimanale un calo del 3,5% di nuovi casi,<strong> tutte le altre hanno il segno pi\u00f9<\/strong>: in particolare Pistoia registra un +51,9%, Massa Carrara +47,2%, Firenze +43,5%, Lucca +42,7%, Livorno +35,1%, Pisa +29,6%, Arezzo +25,6%, Prato +21,3%, Siena +17,8%.<\/p>\n<p>&nbsp;<\/p>\n<p>&nbsp;<\/p>\n","protected":false},"excerpt":{"rendered":"<p>Nella settimana dall&#8217;8 al 14 giugno si registra un peggioramento per i casi attualmente positivi per 100.000 abitanti (676), con un aumento dei nuovi contagi pari al 33,2% rispetto alla settimana precedente<\/p>\n","protected":false},"author":525,"featured_media":143699,"comment_status":"open","ping_status":"open","sticky":false,"template":"","format":"standard","meta":{"_acf_changed":false,"footnotes":""},"categories":[494],"tags":[4868,418],"class_list":["post-233628","post","type-post","status-publish","format-standard","has-post-thumbnail","hentry","category-attualita","tag-bollettino-covid-toscana","tag-covid-19"],"acf":[],"yoast_head":"<!-- This site is optimized with the Yoast SEO Premium plugin v24.2 (Yoast SEO v25.6) - https:\/\/yoast.com\/wordpress\/plugins\/seo\/ -->\n<title>Covid-19: aumentano i contagi in Toscana, +33,2% casi settimanali - intoscana<\/title>\n<meta name=\"description\" content=\"Nella settimana dall&#039;8 al 14 giugno si registra un peggioramento per i casi attualmente positivi per 100.000 abitanti (676)\" \/>\n<meta name=\"robots\" content=\"index, follow, max-snippet:-1, max-image-preview:large, max-video-preview:-1\" \/>\n<link rel=\"canonical\" href=\"https:\/\/www.intoscana.it\/it\/covid-19-aumentano-i-contagi-in-toscana-332-casi-settimanali\/\" \/>\n<meta property=\"og:locale\" content=\"it_IT\" \/>\n<meta property=\"og:type\" content=\"article\" \/>\n<meta property=\"og:title\" content=\"Covid-19: aumentano i contagi in Toscana, +33,2% casi settimanali\" \/>\n<meta property=\"og:description\" content=\"Nella settimana dall&#039;8 al 14 giugno si registra un peggioramento per i casi attualmente positivi per 100.000 abitanti (676)\" \/>\n<meta property=\"og:url\" content=\"https:\/\/www.intoscana.it\/it\/covid-19-aumentano-i-contagi-in-toscana-332-casi-settimanali\/\" \/>\n<meta property=\"og:site_name\" content=\"intoscana\" \/>\n<meta property=\"article:publisher\" content=\"https:\/\/www.facebook.com\/intoscana.it\" \/>\n<meta property=\"article:published_time\" content=\"2022-06-16T12:39:01+00:00\" \/>\n<meta property=\"article:modified_time\" content=\"2022-06-17T14:35:03+00:00\" \/>\n<meta property=\"og:image\" content=\"https:\/\/www.intoscana.it\/wp-content\/uploads\/shutterstock_1632557005-1.jpg\" \/>\n\t<meta property=\"og:image:width\" content=\"2000\" \/>\n\t<meta property=\"og:image:height\" content=\"1333\" \/>\n\t<meta property=\"og:image:type\" content=\"image\/jpeg\" \/>\n<meta name=\"author\" content=\"Redazione\" \/>\n<meta name=\"twitter:card\" content=\"summary_large_image\" \/>\n<meta name=\"twitter:creator\" content=\"@intoscana\" \/>\n<meta name=\"twitter:site\" content=\"@intoscana\" \/>\n<meta name=\"twitter:label1\" content=\"Written by\" \/>\n\t<meta name=\"twitter:data1\" content=\"Redazione\" \/>\n\t<meta name=\"twitter:label2\" content=\"Est. reading time\" \/>\n\t<meta name=\"twitter:data2\" content=\"4 minuti\" \/>\n<script type=\"application\/ld+json\" class=\"yoast-schema-graph\">{\"@context\":\"https:\/\/schema.org\",\"@graph\":[{\"@type\":\"WebPage\",\"@id\":\"https:\/\/www.intoscana.it\/it\/covid-19-aumentano-i-contagi-in-toscana-332-casi-settimanali\/\",\"url\":\"https:\/\/www.intoscana.it\/it\/covid-19-aumentano-i-contagi-in-toscana-332-casi-settimanali\/\",\"name\":\"Covid-19: aumentano i contagi in Toscana, +33,2% casi settimanali - intoscana\",\"isPartOf\":{\"@id\":\"https:\/\/www.intoscana.it\/it\/#website\"},\"primaryImageOfPage\":{\"@id\":\"https:\/\/www.intoscana.it\/it\/covid-19-aumentano-i-contagi-in-toscana-332-casi-settimanali\/#primaryimage\"},\"image\":{\"@id\":\"https:\/\/www.intoscana.it\/it\/covid-19-aumentano-i-contagi-in-toscana-332-casi-settimanali\/#primaryimage\"},\"thumbnailUrl\":\"https:\/\/www.intoscana.it\/wp-content\/uploads\/shutterstock_1632557005-1.jpg\",\"datePublished\":\"2022-06-16T12:39:01+00:00\",\"dateModified\":\"2022-06-17T14:35:03+00:00\",\"author\":{\"@id\":\"https:\/\/www.intoscana.it\/it\/#\/schema\/person\/9223810753230f20bd670fdd322661f8\"},\"description\":\"Nella settimana dall'8 al 14 giugno si registra un peggioramento per i casi attualmente positivi per 100.000 abitanti (676)\",\"breadcrumb\":{\"@id\":\"https:\/\/www.intoscana.it\/it\/covid-19-aumentano-i-contagi-in-toscana-332-casi-settimanali\/#breadcrumb\"},\"inLanguage\":\"it-IT\",\"potentialAction\":[{\"@type\":\"ReadAction\",\"target\":[\"https:\/\/www.intoscana.it\/it\/covid-19-aumentano-i-contagi-in-toscana-332-casi-settimanali\/\"]}]},{\"@type\":\"ImageObject\",\"inLanguage\":\"it-IT\",\"@id\":\"https:\/\/www.intoscana.it\/it\/covid-19-aumentano-i-contagi-in-toscana-332-casi-settimanali\/#primaryimage\",\"url\":\"https:\/\/www.intoscana.it\/wp-content\/uploads\/shutterstock_1632557005-1.jpg\",\"contentUrl\":\"https:\/\/www.intoscana.it\/wp-content\/uploads\/shutterstock_1632557005-1.jpg\",\"width\":2000,\"height\":1333,\"caption\":\"Mascherine contro il Coronavirus\"},{\"@type\":\"BreadcrumbList\",\"@id\":\"https:\/\/www.intoscana.it\/it\/covid-19-aumentano-i-contagi-in-toscana-332-casi-settimanali\/#breadcrumb\",\"itemListElement\":[{\"@type\":\"ListItem\",\"position\":1,\"name\":\"Home\",\"item\":\"https:\/\/www.intoscana.it\/it\/\"},{\"@type\":\"ListItem\",\"position\":2,\"name\":\"Covid-19: aumentano i contagi in Toscana, +33,2% casi settimanali\"}]},{\"@type\":\"WebSite\",\"@id\":\"https:\/\/www.intoscana.it\/it\/#website\",\"url\":\"https:\/\/www.intoscana.it\/it\/\",\"name\":\"intoscana\",\"description\":\"\",\"potentialAction\":[{\"@type\":\"SearchAction\",\"target\":{\"@type\":\"EntryPoint\",\"urlTemplate\":\"https:\/\/www.intoscana.it\/it\/?s={search_term_string}\"},\"query-input\":{\"@type\":\"PropertyValueSpecification\",\"valueRequired\":true,\"valueName\":\"search_term_string\"}}],\"inLanguage\":\"it-IT\"},{\"@type\":\"Person\",\"@id\":\"https:\/\/www.intoscana.it\/it\/#\/schema\/person\/9223810753230f20bd670fdd322661f8\",\"name\":\"Redazione\",\"url\":\"https:\/\/www.intoscana.it\/it\/author\/redazione\/\"}]}<\/script>\n<!-- \/ Yoast SEO Premium plugin. -->","yoast_head_json":{"title":"Covid-19: aumentano i contagi in Toscana, +33,2% casi settimanali - intoscana","description":"Nella settimana dall'8 al 14 giugno si registra un peggioramento per i casi attualmente positivi per 100.000 abitanti (676)","robots":{"index":"index","follow":"follow","max-snippet":"max-snippet:-1","max-image-preview":"max-image-preview:large","max-video-preview":"max-video-preview:-1"},"canonical":"https:\/\/www.intoscana.it\/it\/covid-19-aumentano-i-contagi-in-toscana-332-casi-settimanali\/","og_locale":"it_IT","og_type":"article","og_title":"Covid-19: aumentano i contagi in Toscana, +33,2% casi settimanali","og_description":"Nella settimana dall'8 al 14 giugno si registra un peggioramento per i casi attualmente positivi per 100.000 abitanti (676)","og_url":"https:\/\/www.intoscana.it\/it\/covid-19-aumentano-i-contagi-in-toscana-332-casi-settimanali\/","og_site_name":"intoscana","article_publisher":"https:\/\/www.facebook.com\/intoscana.it","article_published_time":"2022-06-16T12:39:01+00:00","article_modified_time":"2022-06-17T14:35:03+00:00","og_image":[{"width":2000,"height":1333,"url":"https:\/\/www.intoscana.it\/wp-content\/uploads\/shutterstock_1632557005-1.jpg","type":"image\/jpeg"}],"author":"Redazione","twitter_card":"summary_large_image","twitter_creator":"@intoscana","twitter_site":"@intoscana","twitter_misc":{"Written by":"Redazione","Est. reading time":"4 minuti"},"schema":{"@context":"https:\/\/schema.org","@graph":[{"@type":"WebPage","@id":"https:\/\/www.intoscana.it\/it\/covid-19-aumentano-i-contagi-in-toscana-332-casi-settimanali\/","url":"https:\/\/www.intoscana.it\/it\/covid-19-aumentano-i-contagi-in-toscana-332-casi-settimanali\/","name":"Covid-19: aumentano i contagi in Toscana, +33,2% casi settimanali - intoscana","isPartOf":{"@id":"https:\/\/www.intoscana.it\/it\/#website"},"primaryImageOfPage":{"@id":"https:\/\/www.intoscana.it\/it\/covid-19-aumentano-i-contagi-in-toscana-332-casi-settimanali\/#primaryimage"},"image":{"@id":"https:\/\/www.intoscana.it\/it\/covid-19-aumentano-i-contagi-in-toscana-332-casi-settimanali\/#primaryimage"},"thumbnailUrl":"https:\/\/www.intoscana.it\/wp-content\/uploads\/shutterstock_1632557005-1.jpg","datePublished":"2022-06-16T12:39:01+00:00","dateModified":"2022-06-17T14:35:03+00:00","author":{"@id":"https:\/\/www.intoscana.it\/it\/#\/schema\/person\/9223810753230f20bd670fdd322661f8"},"description":"Nella settimana dall'8 al 14 giugno si registra un peggioramento per i casi attualmente positivi per 100.000 abitanti (676)","breadcrumb":{"@id":"https:\/\/www.intoscana.it\/it\/covid-19-aumentano-i-contagi-in-toscana-332-casi-settimanali\/#breadcrumb"},"inLanguage":"it-IT","potentialAction":[{"@type":"ReadAction","target":["https:\/\/www.intoscana.it\/it\/covid-19-aumentano-i-contagi-in-toscana-332-casi-settimanali\/"]}]},{"@type":"ImageObject","inLanguage":"it-IT","@id":"https:\/\/www.intoscana.it\/it\/covid-19-aumentano-i-contagi-in-toscana-332-casi-settimanali\/#primaryimage","url":"https:\/\/www.intoscana.it\/wp-content\/uploads\/shutterstock_1632557005-1.jpg","contentUrl":"https:\/\/www.intoscana.it\/wp-content\/uploads\/shutterstock_1632557005-1.jpg","width":2000,"height":1333,"caption":"Mascherine contro il Coronavirus"},{"@type":"BreadcrumbList","@id":"https:\/\/www.intoscana.it\/it\/covid-19-aumentano-i-contagi-in-toscana-332-casi-settimanali\/#breadcrumb","itemListElement":[{"@type":"ListItem","position":1,"name":"Home","item":"https:\/\/www.intoscana.it\/it\/"},{"@type":"ListItem","position":2,"name":"Covid-19: aumentano i contagi in Toscana, +33,2% casi settimanali"}]},{"@type":"WebSite","@id":"https:\/\/www.intoscana.it\/it\/#website","url":"https:\/\/www.intoscana.it\/it\/","name":"intoscana","description":"","potentialAction":[{"@type":"SearchAction","target":{"@type":"EntryPoint","urlTemplate":"https:\/\/www.intoscana.it\/it\/?s={search_term_string}"},"query-input":{"@type":"PropertyValueSpecification","valueRequired":true,"valueName":"search_term_string"}}],"inLanguage":"it-IT"},{"@type":"Person","@id":"https:\/\/www.intoscana.it\/it\/#\/schema\/person\/9223810753230f20bd670fdd322661f8","name":"Redazione","url":"https:\/\/www.intoscana.it\/it\/author\/redazione\/"}]}},"_links":{"self":[{"href":"https:\/\/www.intoscana.it\/it\/wp-json\/wp\/v2\/posts\/233628","targetHints":{"allow":["GET"]}}],"collection":[{"href":"https:\/\/www.intoscana.it\/it\/wp-json\/wp\/v2\/posts"}],"about":[{"href":"https:\/\/www.intoscana.it\/it\/wp-json\/wp\/v2\/types\/post"}],"author":[{"embeddable":true,"href":"https:\/\/www.intoscana.it\/it\/wp-json\/wp\/v2\/users\/525"}],"replies":[{"embeddable":true,"href":"https:\/\/www.intoscana.it\/it\/wp-json\/wp\/v2\/comments?post=233628"}],"version-history":[{"count":0,"href":"https:\/\/www.intoscana.it\/it\/wp-json\/wp\/v2\/posts\/233628\/revisions"}],"wp:featuredmedia":[{"embeddable":true,"href":"https:\/\/www.intoscana.it\/it\/wp-json\/wp\/v2\/media\/143699"}],"wp:attachment":[{"href":"https:\/\/www.intoscana.it\/it\/wp-json\/wp\/v2\/media?parent=233628"}],"wp:term":[{"taxonomy":"category","embeddable":true,"href":"https:\/\/www.intoscana.it\/it\/wp-json\/wp\/v2\/categories?post=233628"},{"taxonomy":"post_tag","embeddable":true,"href":"https:\/\/www.intoscana.it\/it\/wp-json\/wp\/v2\/tags?post=233628"}],"curies":[{"name":"wp","href":"https:\/\/api.w.org\/{rel}","templated":true}]}}