{"id":233780,"date":"2022-06-17T14:11:41","date_gmt":"2022-06-17T12:11:41","guid":{"rendered":"https:\/\/www.intoscana.it\/it\/?p=233780"},"modified":"2022-06-17T14:12:32","modified_gmt":"2022-06-17T12:12:32","slug":"covid-contagi-sopra-2mila","status":"publish","type":"post","link":"https:\/\/www.intoscana.it\/it\/covid-contagi-sopra-2mila\/","title":{"rendered":"Covid, contagi di nuovo sopra quota 2 mila: oggi +2.033 nuovi casi"},"content":{"rendered":"<p>Tornano sopra quota 2.000 i nuovi casi di positivit\u00e0 al Coronavirus in Toscana. Oggi nella nostra regione si registrano 2.033 in pi\u00f9 rispetto a ieri: 416 confermati con tampone molecolare e 1.617 da test rapido antigenico.<\/p>\n<h3>I nuovi casi<\/h3>\n<p>I nuovi casi sono lo 0,2% in pi\u00f9 rispetto al totale del giorno precedente. Sono invece 2.693 i soggetti testati oggi (con tampone antigenico e\/o molecolare, escludendo i tamponi di controllo), di cui il 75,5% \u00e8 risultato positivo. Gli attualmente positivi sono oggi 28.492, +3,6% rispetto a ieri.<\/p>\n<p>L&#8217;et\u00e0 media dei 2.033 nuovi positivi odierni \u00e8 di <strong>46 anni circa<\/strong> (12% ha meno di 20 anni, 22% tra 20 e 39 anni, 35% tra 40 e 59 anni, 24% tra 60 e 79 anni, 7% ha 80 anni o pi\u00f9).<\/p>\n<h3>Le positivit\u00e0 sul territorio<\/h3>\n<p>Di seguito i casi di positivit\u00e0 sul territorio con la variazione rispetto a ieri (416 confermati con tampone molecolare e 1.617 da test rapido antigenico). Sono 325.362 i casi complessivi ad oggi a Firenze (568 in pi\u00f9 rispetto a ieri), 80.017 a Prato (111 in pi\u00f9), 93.676 a Pistoia (159 in pi\u00f9), 57.472 a Massa (95 in pi\u00f9), 122.870 a Lucca (220 in pi\u00f9), 135.507 a Pisa (279 in pi\u00f9), 104.402 a Livorno (202 in pi\u00f9), 106.482 ad Arezzo (158 in pi\u00f9), 82.727 a Siena (133 in pi\u00f9), 62.766 a Grosseto (108 in pi\u00f9). Sono 555 i casi positivi notificati in Toscana, ma residenti in altre regioni.<\/p>\n<p>Sono 862 i casi riscontrati oggi nell&#8217;Asl Centro, 772 nella Nord Ovest, 399 nella Sud est.<\/p>\n<h3>Il dettaglio<\/h3>\n<p>La Toscana si trova al 8\u00b0 posto in Italia come numerosit\u00e0 di casi (comprensivi di residenti e non residenti), con circa 31.732 casi per 100.000 abitanti (media italiana circa 30.005 x100.000, dato di ieri). Le province di notifica con il tasso pi\u00f9 alto sono Firenze con 32.587 casi x100.000 abitanti, Pisa con 32.419, Pistoia con 32.275, la pi\u00f9 bassa Grosseto con 28.812.<\/p>\n<p>Complessivamente, <strong>28.257 persone sono in isolamento a casa<\/strong>, poich\u00e9 presentano sintomi lievi che non richiedono cure ospedaliere, o risultano prive di sintomi (994 in pi\u00f9 rispetto a ieri, pi\u00f9 3,6%).<\/p>\n<p>Le persone ricoverate nei posti letto dedicati ai pazienti Covid oggi <strong>sono complessivamente 235<\/strong> (1 in meno rispetto a ieri, meno 0,4%), 6 in terapia intensiva (1 in meno rispetto a ieri, meno 14,3%).<\/p>\n<p>Le persone complessivamente <strong>guarite sono 1.133.209<\/strong> (1.040 in pi\u00f9 rispetto a ieri, pi\u00f9 0,1%): 0 persone clinicamente guarite (stabili rispetto a ieri), divenute cio\u00e8 asintomatiche dopo aver presentato manifestazioni cliniche associate all&#8217;infezione e 1.133.209 (1.040 in pi\u00f9 rispetto a ieri, pi\u00f9 0,1%) dichiarate guarite a tutti gli effetti, le cosiddette guarigioni virali, con tampone negativo.<\/p>\n<h3>Nessun decesso<\/h3>\n<p>Oggi non si registrano nuovi decessi.<\/p>\n<p>Restano quindi 10.135 i deceduti dall&#8217;inizio dell&#8217;epidemia cosi ripartiti: 3.188 a Firenze, 838 a Prato, 910 a Pistoia, 654 a Massa Carrara, 950 a Lucca, 1.126 a Pisa, 745 a Livorno, 659 ad Arezzo, 537 a Siena, 389 a Grosseto, 139 persone sono decedute sul suolo toscano ma erano residenti fuori regione.<\/p>\n<p>Il tasso grezzo di mortalit\u00e0 toscano (numero di deceduti\/popolazione residente) per Covid-19 \u00e8 di 274,4 x100.000 residenti contro il 283 x100.000 della media italiana (10\u00b0 regione). Per quanto riguarda le province, il tasso di mortalit\u00e0 pi\u00f9 alto si riscontra a Massa Carrara (344,5 x100.000), Firenze (319,3 x100.000) e Prato (315,9 x100.000), il pi\u00f9 basso a Grosseto (178,6 x100.000).<\/p>\n","protected":false},"excerpt":{"rendered":"<p>I nuovi casi sono lo 0,2% in pi\u00f9 rispetto al totale del giorno precedente. Oggi nessun nuovo decesso, in diminuzione anche i ricoveri<\/p>\n","protected":false},"author":525,"featured_media":99931,"comment_status":"open","ping_status":"open","sticky":false,"template":"","format":"standard","meta":{"_acf_changed":false,"footnotes":""},"categories":[494],"tags":[4868,4809,5149,134],"class_list":["post-233780","post","type-post","status-publish","format-standard","has-post-thumbnail","hentry","category-attualita","tag-bollettino-covid-toscana","tag-covid","tag-pandemia","tag-salute"],"acf":[],"yoast_head":"<!-- This site is optimized with the Yoast SEO Premium plugin v24.2 (Yoast SEO v25.6) - https:\/\/yoast.com\/wordpress\/plugins\/seo\/ -->\n<title>Covid, contagi di nuovo sopra quota 2 mila: oggi +2.033 nuovi casi<\/title>\n<meta name=\"description\" content=\"I nuovi casi sono lo 0,2% in pi\u00f9 rispetto al totale del giorno precedente. Oggi nessun nuovo decesso, in diminuzione anche i ricoveri\" \/>\n<meta name=\"robots\" content=\"index, follow, max-snippet:-1, max-image-preview:large, max-video-preview:-1\" \/>\n<link rel=\"canonical\" href=\"https:\/\/www.intoscana.it\/it\/covid-contagi-sopra-2mila\/\" \/>\n<meta property=\"og:locale\" content=\"it_IT\" \/>\n<meta property=\"og:type\" content=\"article\" \/>\n<meta property=\"og:title\" content=\"Covid, contagi di nuovo sopra quota 2 mila: oggi +2.033 nuovi casi\" \/>\n<meta property=\"og:description\" content=\"I nuovi casi sono lo 0,2% in pi\u00f9 rispetto al totale del giorno precedente. Oggi nessun nuovo decesso, in diminuzione anche i ricoveri\" \/>\n<meta property=\"og:url\" content=\"https:\/\/www.intoscana.it\/it\/covid-contagi-sopra-2mila\/\" \/>\n<meta property=\"og:site_name\" content=\"intoscana\" \/>\n<meta property=\"article:publisher\" content=\"https:\/\/www.facebook.com\/intoscana.it\" \/>\n<meta property=\"article:published_time\" content=\"2022-06-17T12:11:41+00:00\" \/>\n<meta property=\"article:modified_time\" content=\"2022-06-17T12:12:32+00:00\" \/>\n<meta property=\"og:image\" content=\"https:\/\/www.intoscana.it\/wp-content\/uploads\/raffreddore.jpg\" \/>\n\t<meta property=\"og:image:width\" content=\"2000\" \/>\n\t<meta property=\"og:image:height\" content=\"1333\" \/>\n\t<meta property=\"og:image:type\" content=\"image\/jpeg\" \/>\n<meta name=\"author\" content=\"Redazione\" \/>\n<meta name=\"twitter:card\" content=\"summary_large_image\" \/>\n<meta name=\"twitter:creator\" content=\"@intoscana\" \/>\n<meta name=\"twitter:site\" content=\"@intoscana\" \/>\n<meta name=\"twitter:label1\" content=\"Written by\" \/>\n\t<meta name=\"twitter:data1\" content=\"Redazione\" \/>\n\t<meta name=\"twitter:label2\" content=\"Est. reading time\" \/>\n\t<meta name=\"twitter:data2\" content=\"2 minuti\" \/>\n<script type=\"application\/ld+json\" class=\"yoast-schema-graph\">{\"@context\":\"https:\/\/schema.org\",\"@graph\":[{\"@type\":\"WebPage\",\"@id\":\"https:\/\/www.intoscana.it\/it\/covid-contagi-sopra-2mila\/\",\"url\":\"https:\/\/www.intoscana.it\/it\/covid-contagi-sopra-2mila\/\",\"name\":\"Covid, contagi di nuovo sopra quota 2 mila: oggi +2.033 nuovi casi\",\"isPartOf\":{\"@id\":\"https:\/\/www.intoscana.it\/it\/#website\"},\"primaryImageOfPage\":{\"@id\":\"https:\/\/www.intoscana.it\/it\/covid-contagi-sopra-2mila\/#primaryimage\"},\"image\":{\"@id\":\"https:\/\/www.intoscana.it\/it\/covid-contagi-sopra-2mila\/#primaryimage\"},\"thumbnailUrl\":\"https:\/\/www.intoscana.it\/wp-content\/uploads\/raffreddore.jpg\",\"datePublished\":\"2022-06-17T12:11:41+00:00\",\"dateModified\":\"2022-06-17T12:12:32+00:00\",\"author\":{\"@id\":\"https:\/\/www.intoscana.it\/it\/#\/schema\/person\/9223810753230f20bd670fdd322661f8\"},\"description\":\"I nuovi casi sono lo 0,2% in pi\u00f9 rispetto al totale del giorno precedente. Oggi nessun nuovo decesso, in diminuzione anche i ricoveri\",\"breadcrumb\":{\"@id\":\"https:\/\/www.intoscana.it\/it\/covid-contagi-sopra-2mila\/#breadcrumb\"},\"inLanguage\":\"it-IT\",\"potentialAction\":[{\"@type\":\"ReadAction\",\"target\":[\"https:\/\/www.intoscana.it\/it\/covid-contagi-sopra-2mila\/\"]}]},{\"@type\":\"ImageObject\",\"inLanguage\":\"it-IT\",\"@id\":\"https:\/\/www.intoscana.it\/it\/covid-contagi-sopra-2mila\/#primaryimage\",\"url\":\"https:\/\/www.intoscana.it\/wp-content\/uploads\/raffreddore.jpg\",\"contentUrl\":\"https:\/\/www.intoscana.it\/wp-content\/uploads\/raffreddore.jpg\",\"width\":2000,\"height\":1333,\"caption\":\"Coronavirus\"},{\"@type\":\"BreadcrumbList\",\"@id\":\"https:\/\/www.intoscana.it\/it\/covid-contagi-sopra-2mila\/#breadcrumb\",\"itemListElement\":[{\"@type\":\"ListItem\",\"position\":1,\"name\":\"Home\",\"item\":\"https:\/\/www.intoscana.it\/it\/\"},{\"@type\":\"ListItem\",\"position\":2,\"name\":\"Covid, contagi di nuovo sopra quota 2 mila: oggi +2.033 nuovi casi\"}]},{\"@type\":\"WebSite\",\"@id\":\"https:\/\/www.intoscana.it\/it\/#website\",\"url\":\"https:\/\/www.intoscana.it\/it\/\",\"name\":\"intoscana\",\"description\":\"\",\"potentialAction\":[{\"@type\":\"SearchAction\",\"target\":{\"@type\":\"EntryPoint\",\"urlTemplate\":\"https:\/\/www.intoscana.it\/it\/?s={search_term_string}\"},\"query-input\":{\"@type\":\"PropertyValueSpecification\",\"valueRequired\":true,\"valueName\":\"search_term_string\"}}],\"inLanguage\":\"it-IT\"},{\"@type\":\"Person\",\"@id\":\"https:\/\/www.intoscana.it\/it\/#\/schema\/person\/9223810753230f20bd670fdd322661f8\",\"name\":\"Redazione\",\"url\":\"https:\/\/www.intoscana.it\/it\/author\/redazione\/\"}]}<\/script>\n<!-- \/ Yoast SEO Premium plugin. -->","yoast_head_json":{"title":"Covid, contagi di nuovo sopra quota 2 mila: oggi +2.033 nuovi casi","description":"I nuovi casi sono lo 0,2% in pi\u00f9 rispetto al totale del giorno precedente. Oggi nessun nuovo decesso, in diminuzione anche i ricoveri","robots":{"index":"index","follow":"follow","max-snippet":"max-snippet:-1","max-image-preview":"max-image-preview:large","max-video-preview":"max-video-preview:-1"},"canonical":"https:\/\/www.intoscana.it\/it\/covid-contagi-sopra-2mila\/","og_locale":"it_IT","og_type":"article","og_title":"Covid, contagi di nuovo sopra quota 2 mila: oggi +2.033 nuovi casi","og_description":"I nuovi casi sono lo 0,2% in pi\u00f9 rispetto al totale del giorno precedente. Oggi nessun nuovo decesso, in diminuzione anche i ricoveri","og_url":"https:\/\/www.intoscana.it\/it\/covid-contagi-sopra-2mila\/","og_site_name":"intoscana","article_publisher":"https:\/\/www.facebook.com\/intoscana.it","article_published_time":"2022-06-17T12:11:41+00:00","article_modified_time":"2022-06-17T12:12:32+00:00","og_image":[{"width":2000,"height":1333,"url":"https:\/\/www.intoscana.it\/wp-content\/uploads\/raffreddore.jpg","type":"image\/jpeg"}],"author":"Redazione","twitter_card":"summary_large_image","twitter_creator":"@intoscana","twitter_site":"@intoscana","twitter_misc":{"Written by":"Redazione","Est. reading time":"2 minuti"},"schema":{"@context":"https:\/\/schema.org","@graph":[{"@type":"WebPage","@id":"https:\/\/www.intoscana.it\/it\/covid-contagi-sopra-2mila\/","url":"https:\/\/www.intoscana.it\/it\/covid-contagi-sopra-2mila\/","name":"Covid, contagi di nuovo sopra quota 2 mila: oggi +2.033 nuovi casi","isPartOf":{"@id":"https:\/\/www.intoscana.it\/it\/#website"},"primaryImageOfPage":{"@id":"https:\/\/www.intoscana.it\/it\/covid-contagi-sopra-2mila\/#primaryimage"},"image":{"@id":"https:\/\/www.intoscana.it\/it\/covid-contagi-sopra-2mila\/#primaryimage"},"thumbnailUrl":"https:\/\/www.intoscana.it\/wp-content\/uploads\/raffreddore.jpg","datePublished":"2022-06-17T12:11:41+00:00","dateModified":"2022-06-17T12:12:32+00:00","author":{"@id":"https:\/\/www.intoscana.it\/it\/#\/schema\/person\/9223810753230f20bd670fdd322661f8"},"description":"I nuovi casi sono lo 0,2% in pi\u00f9 rispetto al totale del giorno precedente. Oggi nessun nuovo decesso, in diminuzione anche i ricoveri","breadcrumb":{"@id":"https:\/\/www.intoscana.it\/it\/covid-contagi-sopra-2mila\/#breadcrumb"},"inLanguage":"it-IT","potentialAction":[{"@type":"ReadAction","target":["https:\/\/www.intoscana.it\/it\/covid-contagi-sopra-2mila\/"]}]},{"@type":"ImageObject","inLanguage":"it-IT","@id":"https:\/\/www.intoscana.it\/it\/covid-contagi-sopra-2mila\/#primaryimage","url":"https:\/\/www.intoscana.it\/wp-content\/uploads\/raffreddore.jpg","contentUrl":"https:\/\/www.intoscana.it\/wp-content\/uploads\/raffreddore.jpg","width":2000,"height":1333,"caption":"Coronavirus"},{"@type":"BreadcrumbList","@id":"https:\/\/www.intoscana.it\/it\/covid-contagi-sopra-2mila\/#breadcrumb","itemListElement":[{"@type":"ListItem","position":1,"name":"Home","item":"https:\/\/www.intoscana.it\/it\/"},{"@type":"ListItem","position":2,"name":"Covid, contagi di nuovo sopra quota 2 mila: oggi +2.033 nuovi casi"}]},{"@type":"WebSite","@id":"https:\/\/www.intoscana.it\/it\/#website","url":"https:\/\/www.intoscana.it\/it\/","name":"intoscana","description":"","potentialAction":[{"@type":"SearchAction","target":{"@type":"EntryPoint","urlTemplate":"https:\/\/www.intoscana.it\/it\/?s={search_term_string}"},"query-input":{"@type":"PropertyValueSpecification","valueRequired":true,"valueName":"search_term_string"}}],"inLanguage":"it-IT"},{"@type":"Person","@id":"https:\/\/www.intoscana.it\/it\/#\/schema\/person\/9223810753230f20bd670fdd322661f8","name":"Redazione","url":"https:\/\/www.intoscana.it\/it\/author\/redazione\/"}]}},"_links":{"self":[{"href":"https:\/\/www.intoscana.it\/it\/wp-json\/wp\/v2\/posts\/233780","targetHints":{"allow":["GET"]}}],"collection":[{"href":"https:\/\/www.intoscana.it\/it\/wp-json\/wp\/v2\/posts"}],"about":[{"href":"https:\/\/www.intoscana.it\/it\/wp-json\/wp\/v2\/types\/post"}],"author":[{"embeddable":true,"href":"https:\/\/www.intoscana.it\/it\/wp-json\/wp\/v2\/users\/525"}],"replies":[{"embeddable":true,"href":"https:\/\/www.intoscana.it\/it\/wp-json\/wp\/v2\/comments?post=233780"}],"version-history":[{"count":0,"href":"https:\/\/www.intoscana.it\/it\/wp-json\/wp\/v2\/posts\/233780\/revisions"}],"wp:featuredmedia":[{"embeddable":true,"href":"https:\/\/www.intoscana.it\/it\/wp-json\/wp\/v2\/media\/99931"}],"wp:attachment":[{"href":"https:\/\/www.intoscana.it\/it\/wp-json\/wp\/v2\/media?parent=233780"}],"wp:term":[{"taxonomy":"category","embeddable":true,"href":"https:\/\/www.intoscana.it\/it\/wp-json\/wp\/v2\/categories?post=233780"},{"taxonomy":"post_tag","embeddable":true,"href":"https:\/\/www.intoscana.it\/it\/wp-json\/wp\/v2\/tags?post=233780"}],"curies":[{"name":"wp","href":"https:\/\/api.w.org\/{rel}","templated":true}]}}