{"id":233806,"date":"2022-06-17T15:34:29","date_gmt":"2022-06-17T13:34:29","guid":{"rendered":"https:\/\/www.intoscana.it\/it\/?p=233806"},"modified":"2022-06-17T15:35:01","modified_gmt":"2022-06-17T13:35:01","slug":"diga-di-montedoglio-lavori","status":"publish","type":"post","link":"https:\/\/www.intoscana.it\/it\/diga-di-montedoglio-lavori\/","title":{"rendered":"Diga di Montedoglio, lavori in dirittura d&#8217;arrivo. Saccardi: &#8220;Questo \u00e8 un punto di partenza&#8221;"},"content":{"rendered":"<p>La vicepresidente della Regione Toscana Stefania Saccardi ha visitato la diga di Montedoglio, una delle infrastrutture fondamentali del sistema irriguo dell&#8217;Italia centrale per la Toscana e per l\u2019Umbria: &#8220;<em>Una giornata importante, siamo in dirittura d&#8217;arrivo di un&#8217;opera che ha avuto un percorso travagliato, ma oggi porta un valore straordinario sia a fini irrigui che idropotabili. Il nostro \u00e8 un Paese che sulle grandi opere deve cambiare passo, e la giornata di oggi, che cade in un momento di siccit\u00e0 per gran parte dell&#8217;Italia, ci dimostra che dobbiamo provare a trasformare la difficolt\u00e0 in opportunit\u00e0, come diceva Machiavelli, e quindi avere il coraggio e la forza di fare grandi opere come questa<\/em>\u201d.<\/p>\n<p><mark> Sono trascorsi dodici anni dal dissesto strutturale che il 29 dicembre 2010 comport\u00f2 il crollo di tre conci in cemento armato della struttura sfiorante dello scarico &#8211; periodo che ha visto 8 anni di sequestro dell\u2019area in attesa della sentenza penale di primo grado &#8211; e adesso sta per essere terminata l\u2019opera di ricostruzione <\/mark> che consentir\u00e0 di garantire la piena efficienza dell\u2019invaso.<\/p>\n<p>\u201c<em>Questo cantiere ha avuto molti problemi<\/em> &#8211; ha aggiunto la vicepresidente &#8211; <em>ma se penso alla diga di Bilancino, grazie alla quale oggi i fiorentini e tutti i turisti possono fare la doccia in estate, concludo che i problemi non ci devono fermare e dobbiamo avere il coraggio di mettere in campo azioni per un futuro minacciato dai cambiamenti climatici e nel quale invece l&#8217;agricoltura dovr\u00e0 avere sempre pi\u00f9 spazio se vogliamo darci una possibilit\u00e0 in pi\u00f9<\/em>\u201d.<\/p>\n<p>\u201c<em>Quest&#8217;opera<\/em> \u2013 ha concluso Saccardi &#8211; <em>oltre ad essere una risorsa idrica preziosa, \u00e8 bella e ci potremo pertanto impegnare a renderla un&#8217;attrazione turistica dove richiamare persone che possano godere delle sue qualit\u00e0 e della straordinaria bellezza del paesaggio che la circonda. La chiusura di questo cantiere \u00e8 dunque in realt\u00e0 un nuovo inizio, perch\u00e9 anche i territori qua intorno, grazie alle opere di adduzione, godano dei benefici che la diga di Montedoglio porter\u00e0 con acqua per i campi e prezzi accessibili. Un punto di partenza e non di arrivo per trarre la forza per andare avanti e completare un lavoro realizzato con grande capacit\u00e0 e grande visione<\/em>\u201d.<\/p>\n<p>L\u2019opera, iniziata nel 2019, esce da questo lungo periodo pi\u00f9 sicura grazie ai lavori effettuati che rispondono in pieno, tra l\u2019altro, alle ultime norme antisismiche. Inoltre, la nuova struttura di sfioro in cemento \u00e8 stata costruita di 50 centimetri pi\u00f9 larga della precedente e di un metro pi\u00f9 bassa, in base alle indicazioni fornite dalla Direzione Generale Dighe.<\/p>\n<p>L\u2019invaso sar\u00e0 riempito gradualmente con un programma sperimentale concordato con la Direzione Generale Dighe per valutare e controllare il comportamento delle opere. Sar\u00e0 un innalzamento progressivo e controllato che dai 381 metri sul livello del mare arriver\u00e0 ai 393,60 metri sul livello del mare, che \u00e8 l&#8217;altezza massima che si potr\u00e0 raggiungere con Montedoglio, pari a circa 140 milioni di metri cubi di acqua totali.<\/p>\n<p>L\u2019efficienza piena dell\u2019invaso permetter\u00e0 di garantire il servizio idropotabile e irriguo a gran parte della Toscana orientale, dell\u2019Umbria settentrionale e fornire una garanzia di tenuta anche nella eventualit\u00e0 di situazioni emergenziali legate ai cambiamenti climatici.<\/p>\n<h3>I numeri della diga<\/h3>\n<ul>\n<li>Volume invasato: 68 milioni di metri cubi (di cui 57,5 utilizzabili senza sollevamento).<\/li>\n<li>Erogazione risorsa a fini idropotabili: 1,1 milioni di metri cubi al mese<\/li>\n<li>Erogazione risorsa a fini irrigui (sulla base dei consumi 2021): per tutta la stagione irrigua fino al 15 settembre con extra periodo fino al 30\/09: 14 milioni di metti cubi<\/li>\n<li>Erogazione risorsa a fini ambientali (dallo scarico sulla condotta di derivazione): 1,8 metri cubi al secondo, in base al protocollo d\u2019intesa del 2008 tra le Regioni Toscana ed Umbria per un totale di 4,7 Milioni di metri cubi al mese.<\/li>\n<li>La previsione, in mancanza di afflussi meteorici significativi, \u00e8 pertanto di un volume invasato in diga di circa 34,5 milioni di metri cubi al secondo fino al 30 settembre 2022.<\/li>\n<li>Se il periodo autunnale dovesse anche quest\u2019anno caratterizzarsi per particolari condizioni di siccit\u00e0, l\u2019aspettativa al 31 dicembre 2022 si attesta intorno ai 25 milioni di metri cubi (nel 2021 la svolta fu proprio nel mese di dicembre con circa 25 milioni di metri cubi di afflussi seguiti da 43 milioni di metri cubi di afflussi nel primo quadrimestre 2022).<\/li>\n<\/ul>\n<h3>I costi<\/h3>\n<p>Il progetto complessivo ovvero il ripristino dello sfioratore della diga (<strong>6,5 milioni<\/strong>), il potenziamento e sollevamento per la Valtiberina (<strong>9,5 milioni<\/strong>), il completamento dell\u2019adduzione nella Valdichiana (<strong>52 milioni<\/strong>), ha previsto un investimento complessivo di circa 68 milioni di euro finanziati interamente dal Ministero delle politiche agricole.<\/p>\n<p>L\u2019investimento sta permettendo di chiudere la rete di adduzione delle acque dalla diga di Montedoglio in Valdichiana, con un contributo fondamentale all\u2019erogazione della risorsa idrica in termini di efficienza dell\u2019impianto nel suo complesso, sia nei territori toscani sia in quelli umbri contermini al lago Trasimeno.<\/p>\n","protected":false},"excerpt":{"rendered":"<p>Stanno per concludersi i cantieri dopo il dissesto strutturale che il 29 dicembre 2010 comport\u00f2 il crollo di tre conci in cemento armato della struttura che ha una grande importanza sia per fini irrigui che idropotabili<\/p>\n","protected":false},"author":525,"featured_media":233809,"comment_status":"open","ping_status":"open","sticky":false,"template":"","format":"standard","meta":{"_acf_changed":false,"footnotes":""},"categories":[494],"tags":[379,177,4418,4769],"class_list":["post-233806","post","type-post","status-publish","format-standard","has-post-thumbnail","hentry","category-attualita","tag-acqua","tag-ambiente","tag-infrastrutture","tag-stefania-saccardi"],"acf":[],"yoast_head":"<!-- This site is optimized with the Yoast SEO Premium plugin v24.2 (Yoast SEO v25.6) - https:\/\/yoast.com\/wordpress\/plugins\/seo\/ -->\n<title>Diga di Montedoglio, lavori in dirittura d&#039;arrivo. Saccardi: &quot;Questo \u00e8 un punto di partenza&quot; - intoscana<\/title>\n<meta name=\"description\" content=\"Nel 2021 il crollo di tre conci in cemento armato della struttura che ha una grande importanza sia per fini irrigui che idropotabili\" \/>\n<meta name=\"robots\" content=\"index, follow, max-snippet:-1, max-image-preview:large, max-video-preview:-1\" \/>\n<link rel=\"canonical\" href=\"https:\/\/www.intoscana.it\/it\/diga-di-montedoglio-lavori\/\" \/>\n<meta property=\"og:locale\" content=\"it_IT\" \/>\n<meta property=\"og:type\" content=\"article\" \/>\n<meta property=\"og:title\" content=\"Diga di Montedoglio, lavori in dirittura d&#039;arrivo. Saccardi: &quot;Questo \u00e8 un punto di partenza&quot;\" \/>\n<meta property=\"og:description\" content=\"Nel 2021 il crollo di tre conci in cemento armato della struttura che ha una grande importanza sia per fini irrigui che idropotabili\" \/>\n<meta property=\"og:url\" content=\"https:\/\/www.intoscana.it\/it\/diga-di-montedoglio-lavori\/\" \/>\n<meta property=\"og:site_name\" content=\"intoscana\" \/>\n<meta property=\"article:publisher\" content=\"https:\/\/www.facebook.com\/intoscana.it\" \/>\n<meta property=\"article:published_time\" content=\"2022-06-17T13:34:29+00:00\" \/>\n<meta property=\"article:modified_time\" content=\"2022-06-17T13:35:01+00:00\" \/>\n<meta property=\"og:image\" content=\"https:\/\/www.intoscana.it\/wp-content\/uploads\/montedoglio_02.jpeg\" \/>\n\t<meta property=\"og:image:width\" content=\"1600\" \/>\n\t<meta property=\"og:image:height\" content=\"1200\" \/>\n\t<meta property=\"og:image:type\" content=\"image\/jpeg\" \/>\n<meta name=\"author\" content=\"Redazione\" \/>\n<meta name=\"twitter:card\" content=\"summary_large_image\" \/>\n<meta name=\"twitter:creator\" content=\"@intoscana\" \/>\n<meta name=\"twitter:site\" content=\"@intoscana\" \/>\n<meta name=\"twitter:label1\" content=\"Written by\" \/>\n\t<meta name=\"twitter:data1\" content=\"Redazione\" \/>\n\t<meta name=\"twitter:label2\" content=\"Est. reading time\" \/>\n\t<meta name=\"twitter:data2\" content=\"4 minuti\" \/>\n<script type=\"application\/ld+json\" class=\"yoast-schema-graph\">{\"@context\":\"https:\/\/schema.org\",\"@graph\":[{\"@type\":\"WebPage\",\"@id\":\"https:\/\/www.intoscana.it\/it\/diga-di-montedoglio-lavori\/\",\"url\":\"https:\/\/www.intoscana.it\/it\/diga-di-montedoglio-lavori\/\",\"name\":\"Diga di Montedoglio, lavori in dirittura d'arrivo. Saccardi: \\\"Questo \u00e8 un punto di partenza\\\" - intoscana\",\"isPartOf\":{\"@id\":\"https:\/\/www.intoscana.it\/it\/#website\"},\"primaryImageOfPage\":{\"@id\":\"https:\/\/www.intoscana.it\/it\/diga-di-montedoglio-lavori\/#primaryimage\"},\"image\":{\"@id\":\"https:\/\/www.intoscana.it\/it\/diga-di-montedoglio-lavori\/#primaryimage\"},\"thumbnailUrl\":\"https:\/\/www.intoscana.it\/wp-content\/uploads\/montedoglio_02.jpeg\",\"datePublished\":\"2022-06-17T13:34:29+00:00\",\"dateModified\":\"2022-06-17T13:35:01+00:00\",\"author\":{\"@id\":\"https:\/\/www.intoscana.it\/it\/#\/schema\/person\/9223810753230f20bd670fdd322661f8\"},\"description\":\"Nel 2021 il crollo di tre conci in cemento armato della struttura che ha una grande importanza sia per fini irrigui che idropotabili\",\"breadcrumb\":{\"@id\":\"https:\/\/www.intoscana.it\/it\/diga-di-montedoglio-lavori\/#breadcrumb\"},\"inLanguage\":\"it-IT\",\"potentialAction\":[{\"@type\":\"ReadAction\",\"target\":[\"https:\/\/www.intoscana.it\/it\/diga-di-montedoglio-lavori\/\"]}]},{\"@type\":\"ImageObject\",\"inLanguage\":\"it-IT\",\"@id\":\"https:\/\/www.intoscana.it\/it\/diga-di-montedoglio-lavori\/#primaryimage\",\"url\":\"https:\/\/www.intoscana.it\/wp-content\/uploads\/montedoglio_02.jpeg\",\"contentUrl\":\"https:\/\/www.intoscana.it\/wp-content\/uploads\/montedoglio_02.jpeg\",\"width\":1600,\"height\":1200,\"caption\":\"montedoglio\"},{\"@type\":\"BreadcrumbList\",\"@id\":\"https:\/\/www.intoscana.it\/it\/diga-di-montedoglio-lavori\/#breadcrumb\",\"itemListElement\":[{\"@type\":\"ListItem\",\"position\":1,\"name\":\"Home\",\"item\":\"https:\/\/www.intoscana.it\/it\/\"},{\"@type\":\"ListItem\",\"position\":2,\"name\":\"Diga di Montedoglio, lavori in dirittura d&#8217;arrivo. Saccardi: &#8220;Questo \u00e8 un punto di partenza&#8221;\"}]},{\"@type\":\"WebSite\",\"@id\":\"https:\/\/www.intoscana.it\/it\/#website\",\"url\":\"https:\/\/www.intoscana.it\/it\/\",\"name\":\"intoscana\",\"description\":\"\",\"potentialAction\":[{\"@type\":\"SearchAction\",\"target\":{\"@type\":\"EntryPoint\",\"urlTemplate\":\"https:\/\/www.intoscana.it\/it\/?s={search_term_string}\"},\"query-input\":{\"@type\":\"PropertyValueSpecification\",\"valueRequired\":true,\"valueName\":\"search_term_string\"}}],\"inLanguage\":\"it-IT\"},{\"@type\":\"Person\",\"@id\":\"https:\/\/www.intoscana.it\/it\/#\/schema\/person\/9223810753230f20bd670fdd322661f8\",\"name\":\"Redazione\",\"url\":\"https:\/\/www.intoscana.it\/it\/author\/redazione\/\"}]}<\/script>\n<!-- \/ Yoast SEO Premium plugin. -->","yoast_head_json":{"title":"Diga di Montedoglio, lavori in dirittura d'arrivo. Saccardi: \"Questo \u00e8 un punto di partenza\" - intoscana","description":"Nel 2021 il crollo di tre conci in cemento armato della struttura che ha una grande importanza sia per fini irrigui che idropotabili","robots":{"index":"index","follow":"follow","max-snippet":"max-snippet:-1","max-image-preview":"max-image-preview:large","max-video-preview":"max-video-preview:-1"},"canonical":"https:\/\/www.intoscana.it\/it\/diga-di-montedoglio-lavori\/","og_locale":"it_IT","og_type":"article","og_title":"Diga di Montedoglio, lavori in dirittura d'arrivo. Saccardi: \"Questo \u00e8 un punto di partenza\"","og_description":"Nel 2021 il crollo di tre conci in cemento armato della struttura che ha una grande importanza sia per fini irrigui che idropotabili","og_url":"https:\/\/www.intoscana.it\/it\/diga-di-montedoglio-lavori\/","og_site_name":"intoscana","article_publisher":"https:\/\/www.facebook.com\/intoscana.it","article_published_time":"2022-06-17T13:34:29+00:00","article_modified_time":"2022-06-17T13:35:01+00:00","og_image":[{"width":1600,"height":1200,"url":"https:\/\/www.intoscana.it\/wp-content\/uploads\/montedoglio_02.jpeg","type":"image\/jpeg"}],"author":"Redazione","twitter_card":"summary_large_image","twitter_creator":"@intoscana","twitter_site":"@intoscana","twitter_misc":{"Written by":"Redazione","Est. reading time":"4 minuti"},"schema":{"@context":"https:\/\/schema.org","@graph":[{"@type":"WebPage","@id":"https:\/\/www.intoscana.it\/it\/diga-di-montedoglio-lavori\/","url":"https:\/\/www.intoscana.it\/it\/diga-di-montedoglio-lavori\/","name":"Diga di Montedoglio, lavori in dirittura d'arrivo. Saccardi: \"Questo \u00e8 un punto di partenza\" - intoscana","isPartOf":{"@id":"https:\/\/www.intoscana.it\/it\/#website"},"primaryImageOfPage":{"@id":"https:\/\/www.intoscana.it\/it\/diga-di-montedoglio-lavori\/#primaryimage"},"image":{"@id":"https:\/\/www.intoscana.it\/it\/diga-di-montedoglio-lavori\/#primaryimage"},"thumbnailUrl":"https:\/\/www.intoscana.it\/wp-content\/uploads\/montedoglio_02.jpeg","datePublished":"2022-06-17T13:34:29+00:00","dateModified":"2022-06-17T13:35:01+00:00","author":{"@id":"https:\/\/www.intoscana.it\/it\/#\/schema\/person\/9223810753230f20bd670fdd322661f8"},"description":"Nel 2021 il crollo di tre conci in cemento armato della struttura che ha una grande importanza sia per fini irrigui che idropotabili","breadcrumb":{"@id":"https:\/\/www.intoscana.it\/it\/diga-di-montedoglio-lavori\/#breadcrumb"},"inLanguage":"it-IT","potentialAction":[{"@type":"ReadAction","target":["https:\/\/www.intoscana.it\/it\/diga-di-montedoglio-lavori\/"]}]},{"@type":"ImageObject","inLanguage":"it-IT","@id":"https:\/\/www.intoscana.it\/it\/diga-di-montedoglio-lavori\/#primaryimage","url":"https:\/\/www.intoscana.it\/wp-content\/uploads\/montedoglio_02.jpeg","contentUrl":"https:\/\/www.intoscana.it\/wp-content\/uploads\/montedoglio_02.jpeg","width":1600,"height":1200,"caption":"montedoglio"},{"@type":"BreadcrumbList","@id":"https:\/\/www.intoscana.it\/it\/diga-di-montedoglio-lavori\/#breadcrumb","itemListElement":[{"@type":"ListItem","position":1,"name":"Home","item":"https:\/\/www.intoscana.it\/it\/"},{"@type":"ListItem","position":2,"name":"Diga di Montedoglio, lavori in dirittura d&#8217;arrivo. Saccardi: &#8220;Questo \u00e8 un punto di partenza&#8221;"}]},{"@type":"WebSite","@id":"https:\/\/www.intoscana.it\/it\/#website","url":"https:\/\/www.intoscana.it\/it\/","name":"intoscana","description":"","potentialAction":[{"@type":"SearchAction","target":{"@type":"EntryPoint","urlTemplate":"https:\/\/www.intoscana.it\/it\/?s={search_term_string}"},"query-input":{"@type":"PropertyValueSpecification","valueRequired":true,"valueName":"search_term_string"}}],"inLanguage":"it-IT"},{"@type":"Person","@id":"https:\/\/www.intoscana.it\/it\/#\/schema\/person\/9223810753230f20bd670fdd322661f8","name":"Redazione","url":"https:\/\/www.intoscana.it\/it\/author\/redazione\/"}]}},"_links":{"self":[{"href":"https:\/\/www.intoscana.it\/it\/wp-json\/wp\/v2\/posts\/233806","targetHints":{"allow":["GET"]}}],"collection":[{"href":"https:\/\/www.intoscana.it\/it\/wp-json\/wp\/v2\/posts"}],"about":[{"href":"https:\/\/www.intoscana.it\/it\/wp-json\/wp\/v2\/types\/post"}],"author":[{"embeddable":true,"href":"https:\/\/www.intoscana.it\/it\/wp-json\/wp\/v2\/users\/525"}],"replies":[{"embeddable":true,"href":"https:\/\/www.intoscana.it\/it\/wp-json\/wp\/v2\/comments?post=233806"}],"version-history":[{"count":0,"href":"https:\/\/www.intoscana.it\/it\/wp-json\/wp\/v2\/posts\/233806\/revisions"}],"wp:featuredmedia":[{"embeddable":true,"href":"https:\/\/www.intoscana.it\/it\/wp-json\/wp\/v2\/media\/233809"}],"wp:attachment":[{"href":"https:\/\/www.intoscana.it\/it\/wp-json\/wp\/v2\/media?parent=233806"}],"wp:term":[{"taxonomy":"category","embeddable":true,"href":"https:\/\/www.intoscana.it\/it\/wp-json\/wp\/v2\/categories?post=233806"},{"taxonomy":"post_tag","embeddable":true,"href":"https:\/\/www.intoscana.it\/it\/wp-json\/wp\/v2\/tags?post=233806"}],"curies":[{"name":"wp","href":"https:\/\/api.w.org\/{rel}","templated":true}]}}