{"id":233828,"date":"2022-06-17T16:58:12","date_gmt":"2022-06-17T14:58:12","guid":{"rendered":"https:\/\/www.intoscana.it\/it\/?p=233828"},"modified":"2022-06-20T10:22:08","modified_gmt":"2022-06-20T08:22:08","slug":"rigassificatore-di-piombino-incontro-giani-sindaci","status":"publish","type":"post","link":"https:\/\/www.intoscana.it\/it\/rigassificatore-di-piombino-incontro-giani-sindaci\/","title":{"rendered":"Rigassificatore di Piombino, incontro tra il presidente Giani e i sindaci"},"content":{"rendered":"<p>\u201c<em>Riunione seria e spirito costruttivo. E naturalmente mi sono voluto presentare come un commissario che svolge quella\u00a0 funzione che\u00a0 l&#8217;articolo 5 della Costituzione ci dice: <mark>&#8216;la Repubblica\u00a0 una\u00a0 e indivisibile riconosce e promuove le autonomie locali&#8217; <\/mark>. Se a me il Governo chiede in modo oggettivo di svolgere\u00a0 un incarico di commissario per una finalit\u00e0 di utilit\u00e0 nazionale cos\u00ec evidente, vista\u00a0 la necessit\u00e0 che noi\u00a0 ci creiamo degli impianti per aumentare l\u2019autosufficienza della nostra produzione di gas finalizzata all\u2019energia, io\u00a0 questo ruolo lo devo svolgere. Contemporaneamente\u00a0 voglio che con i sindaci e i rappresentanti del territorio ci sia un costante contatto<\/em>\u201d.<\/p>\n<p>Lo ha detto il presidente della Regione <strong>Eugenio Giani<\/strong> nell&#8217;incontro a palazzo Strozzi Sacrati con i sindaci di <strong>Piombino<\/strong>, <strong>Campiglia<\/strong>, <strong>San Vincenzo<\/strong>, <strong>Suvereto<\/strong> e <strong>Portoferraio<\/strong> e i vari <strong>rappresentanti degli enti locali<\/strong>. Presente al tavolo anche l\u2019assessora all\u2019Ambiente <strong>Monia Monni.<\/strong><\/p>\n<p>&#8220;<em>Oggi<\/em> &#8211; ha aggiunto il presidente &#8211; <em>abbiamo potuto verificare e ragionare insieme di quelle che sono le caratteristiche del progetto\u00a0 e anche fugare alcuni dubbi. Si parla della nave di rigassificazione che arriver\u00e0 nel\u00a0 mare di Piombino, non di eventuali piattaforme offshore. E\u2019 evidente che vi siano\u00a0 anche una serie di elementi,\u00a0 ad esempio il fatto del circuito chiuso e aperto della nave. I tecnici della Snam ci hanno detto che da un punto di vista ecologico \u00e8 meglio il circuito aperto perch\u00e9 non ci sono emissioni, limitandosi, il circuito aperto\u00a0 a captare l\u2019acqua senza elementi inquinanti. Poi le considerazioni di carattere politico . Sotto questo aspetto mi pongo di fronte ad un realt\u00e0 scettica, diffidente\u00a0 e contraria, ma c\u2019\u00e8 un interesse nazionale che deve essere eseguito\u00a0 e in questo interesse c\u2019\u00e8 anche il mio impegno ad avanzare al Governo un memorandum in cui il Governo, che\u00a0 chiede questo sacrificio a Piombino, garantisca allora quegli investimenti che da anni\u00a0 erano promessi\u00a0 e non sono stati fatti e che riguardano\u00a0 bonifica\u00a0 ambientale nei luoghi dove le acciaierie hanno prodotto materiale che deve essere rimosso\u00a0 o reso ambientalmente compatibile. Penso anche alle infrastrutture che ci possono\u00a0 consentire di arrivare al porto e alla banchine senza dover passare dal\u00a0 centro di Piombino \u201d.<\/em><\/p>\n<p><em>Giani ha allargato l\u2019orizzonte anche alle prospettive,\u00a0 a quello che deve essere anche un distretto di energie rinnovabili: idrogeno, eolico, fotovoltaico \u201cperch\u00e9- prosegue Giani-\u00a0 l\u2019area oggi occupata dalla acciaierie: 900 ettari per la prospettiva di un forno elettrico, in realt\u00e0\u00a0\u00a0 bastano 150 ettari. In questo senso<\/em> &#8211; ha spiegato &#8211;\u00a0 <em>l\u2019altro\u00a0 territorio pu\u00f2 essere recuperato e indirizzato verso il distretto delle rinnovabili. Ecco, io dal Governo vorrei andare potendo prospettare da un lato il gassificatore per come si propone e dall\u2019altro portare anche l\u2019impegno che venga attuato\u00a0 nei prossimi anni l\u2019interesse di un territorio che va ad avere questo gravame<\/em>\u201d.<\/p>\n<p>La nave che dovrebbe arrivare a Piombino \u00e8 attualmente in rotte lontane, \u00e8 lunga\u00a0 quasi 300 metri per\u00a0 40\u00a0 metri di larghezza. La nave\u00a0 sar\u00e0 agganciata ad un tubo che dovr\u00e0 essere immesso nel territorio dal porto per 8 chilometri\u00a0 per poi connettersi nella rete nazionale dell\u2019energia del gas. Da qui ad un anno \u00e8 previsto posizionamento ed entrata in funzione: \u201c<em>Chieder\u00f2 al governo<\/em>&#8211; ha ribadito il presidente &#8211;\u00a0 <em>che l\u2019azione di bonifica non si svolga solo dove c\u2019\u00e8 il tubo, ma avvenga per tutto quel territorio per cui le bonifiche si chiedono da anni ma non sono mai avvenute<\/em>&#8220;.<\/p>\n<p><mark>Giani ha chiarito anche perch\u00e9 la nave andr\u00e0 nel porto\u00a0 e non al largo <\/mark>: \u201c<em>Per realizzarla al largo ci vuole pi\u00f9 tempo, la Toscana\u00a0 ha gi\u00e0 una di piattaforma a 12 chilometri dal porto di Livorno. In questo caso si parla di energia che manca e\u00a0 dobbiamo agire velocemente con un rigassificatore che allo stato attuale arrivi ad integrarsi in tempi brevi con ci\u00f2 che abbiamo attualmente. Il porto di Piombino \u00e8 stato scelto perch\u00e9\u00a0 ha una banchina lunga in grado di ospitare questa nave e\u00a0 ha un pescaggio di 20 metri di profondit\u00e0<\/em>\u201d.<\/p>\n<p>Entro 120 giorni dovranno essere raccolte tutte le autorizzazioni necessarie perch\u00e9 l\u2019opera possa procedere.<\/p>\n","protected":false},"excerpt":{"rendered":"<p>Entro 120 giorni dovranno essere raccolte tutte le autorizzazioni necessarie perch\u00e9 l\u2019opera possa procedere. Giani: &#8220;Riunione seria e spirito costruttivo. Chieder\u00f2 garanzie su investimenti e bonifiche per il territorio&#8221;<\/p>\n","protected":false},"author":525,"featured_media":233831,"comment_status":"open","ping_status":"open","sticky":false,"template":"","format":"standard","meta":{"_acf_changed":false,"footnotes":""},"categories":[494],"tags":[177,194,308,5811],"class_list":["post-233828","post","type-post","status-publish","format-standard","has-post-thumbnail","hentry","category-attualita","tag-ambiente","tag-aziende","tag-piombino","tag-territorio"],"acf":[],"yoast_head":"<!-- This site is optimized with the Yoast SEO Premium plugin v24.2 (Yoast SEO v25.6) - https:\/\/yoast.com\/wordpress\/plugins\/seo\/ -->\n<title>Rigassificatore di Piombino, oggi l&#039;incontro tra il presidente Giani e i sindaci<\/title>\n<meta name=\"description\" content=\"Giani: &quot;Riunione seria e spirito costruttivo. Chieder\u00f2 garanzie su investimenti e bonifiche per il territorio&quot;\" \/>\n<meta name=\"robots\" content=\"index, follow, max-snippet:-1, max-image-preview:large, max-video-preview:-1\" \/>\n<link rel=\"canonical\" href=\"https:\/\/www.intoscana.it\/it\/rigassificatore-di-piombino-incontro-giani-sindaci\/\" \/>\n<meta property=\"og:locale\" content=\"it_IT\" \/>\n<meta property=\"og:type\" content=\"article\" \/>\n<meta property=\"og:title\" content=\"Rigassificatore di Piombino, incontro tra il presidente Giani e i sindaci\" \/>\n<meta property=\"og:description\" content=\"Giani: &quot;Riunione seria e spirito costruttivo. Chieder\u00f2 garanzie su investimenti e bonifiche per il territorio&quot;\" \/>\n<meta property=\"og:url\" content=\"https:\/\/www.intoscana.it\/it\/rigassificatore-di-piombino-incontro-giani-sindaci\/\" \/>\n<meta property=\"og:site_name\" content=\"intoscana\" \/>\n<meta property=\"article:publisher\" content=\"https:\/\/www.facebook.com\/intoscana.it\" \/>\n<meta property=\"article:published_time\" content=\"2022-06-17T14:58:12+00:00\" \/>\n<meta property=\"article:modified_time\" content=\"2022-06-20T08:22:08+00:00\" \/>\n<meta property=\"og:image\" content=\"https:\/\/www.intoscana.it\/wp-content\/uploads\/rigassificatore.jpg\" \/>\n\t<meta property=\"og:image:width\" content=\"1200\" \/>\n\t<meta property=\"og:image:height\" content=\"800\" \/>\n\t<meta property=\"og:image:type\" content=\"image\/jpeg\" \/>\n<meta name=\"author\" content=\"Redazione\" \/>\n<meta name=\"twitter:card\" content=\"summary_large_image\" \/>\n<meta name=\"twitter:creator\" content=\"@intoscana\" \/>\n<meta name=\"twitter:site\" content=\"@intoscana\" \/>\n<meta name=\"twitter:label1\" content=\"Written by\" \/>\n\t<meta name=\"twitter:data1\" content=\"Redazione\" \/>\n\t<meta name=\"twitter:label2\" content=\"Est. reading time\" \/>\n\t<meta name=\"twitter:data2\" content=\"3 minuti\" \/>\n<script type=\"application\/ld+json\" class=\"yoast-schema-graph\">{\"@context\":\"https:\/\/schema.org\",\"@graph\":[{\"@type\":\"WebPage\",\"@id\":\"https:\/\/www.intoscana.it\/it\/rigassificatore-di-piombino-incontro-giani-sindaci\/\",\"url\":\"https:\/\/www.intoscana.it\/it\/rigassificatore-di-piombino-incontro-giani-sindaci\/\",\"name\":\"Rigassificatore di Piombino, oggi l'incontro tra il presidente Giani e i sindaci\",\"isPartOf\":{\"@id\":\"https:\/\/www.intoscana.it\/it\/#website\"},\"primaryImageOfPage\":{\"@id\":\"https:\/\/www.intoscana.it\/it\/rigassificatore-di-piombino-incontro-giani-sindaci\/#primaryimage\"},\"image\":{\"@id\":\"https:\/\/www.intoscana.it\/it\/rigassificatore-di-piombino-incontro-giani-sindaci\/#primaryimage\"},\"thumbnailUrl\":\"https:\/\/www.intoscana.it\/wp-content\/uploads\/rigassificatore.jpg\",\"datePublished\":\"2022-06-17T14:58:12+00:00\",\"dateModified\":\"2022-06-20T08:22:08+00:00\",\"author\":{\"@id\":\"https:\/\/www.intoscana.it\/it\/#\/schema\/person\/9223810753230f20bd670fdd322661f8\"},\"description\":\"Giani: \\\"Riunione seria e spirito costruttivo. Chieder\u00f2 garanzie su investimenti e bonifiche per il territorio\\\"\",\"breadcrumb\":{\"@id\":\"https:\/\/www.intoscana.it\/it\/rigassificatore-di-piombino-incontro-giani-sindaci\/#breadcrumb\"},\"inLanguage\":\"it-IT\",\"potentialAction\":[{\"@type\":\"ReadAction\",\"target\":[\"https:\/\/www.intoscana.it\/it\/rigassificatore-di-piombino-incontro-giani-sindaci\/\"]}]},{\"@type\":\"ImageObject\",\"inLanguage\":\"it-IT\",\"@id\":\"https:\/\/www.intoscana.it\/it\/rigassificatore-di-piombino-incontro-giani-sindaci\/#primaryimage\",\"url\":\"https:\/\/www.intoscana.it\/wp-content\/uploads\/rigassificatore.jpg\",\"contentUrl\":\"https:\/\/www.intoscana.it\/wp-content\/uploads\/rigassificatore.jpg\",\"width\":1200,\"height\":800},{\"@type\":\"BreadcrumbList\",\"@id\":\"https:\/\/www.intoscana.it\/it\/rigassificatore-di-piombino-incontro-giani-sindaci\/#breadcrumb\",\"itemListElement\":[{\"@type\":\"ListItem\",\"position\":1,\"name\":\"Home\",\"item\":\"https:\/\/www.intoscana.it\/it\/\"},{\"@type\":\"ListItem\",\"position\":2,\"name\":\"Rigassificatore di Piombino, incontro tra il presidente Giani e i sindaci\"}]},{\"@type\":\"WebSite\",\"@id\":\"https:\/\/www.intoscana.it\/it\/#website\",\"url\":\"https:\/\/www.intoscana.it\/it\/\",\"name\":\"intoscana\",\"description\":\"\",\"potentialAction\":[{\"@type\":\"SearchAction\",\"target\":{\"@type\":\"EntryPoint\",\"urlTemplate\":\"https:\/\/www.intoscana.it\/it\/?s={search_term_string}\"},\"query-input\":{\"@type\":\"PropertyValueSpecification\",\"valueRequired\":true,\"valueName\":\"search_term_string\"}}],\"inLanguage\":\"it-IT\"},{\"@type\":\"Person\",\"@id\":\"https:\/\/www.intoscana.it\/it\/#\/schema\/person\/9223810753230f20bd670fdd322661f8\",\"name\":\"Redazione\",\"url\":\"https:\/\/www.intoscana.it\/it\/author\/redazione\/\"}]}<\/script>\n<!-- \/ Yoast SEO Premium plugin. -->","yoast_head_json":{"title":"Rigassificatore di Piombino, oggi l'incontro tra il presidente Giani e i sindaci","description":"Giani: \"Riunione seria e spirito costruttivo. Chieder\u00f2 garanzie su investimenti e bonifiche per il territorio\"","robots":{"index":"index","follow":"follow","max-snippet":"max-snippet:-1","max-image-preview":"max-image-preview:large","max-video-preview":"max-video-preview:-1"},"canonical":"https:\/\/www.intoscana.it\/it\/rigassificatore-di-piombino-incontro-giani-sindaci\/","og_locale":"it_IT","og_type":"article","og_title":"Rigassificatore di Piombino, incontro tra il presidente Giani e i sindaci","og_description":"Giani: \"Riunione seria e spirito costruttivo. Chieder\u00f2 garanzie su investimenti e bonifiche per il territorio\"","og_url":"https:\/\/www.intoscana.it\/it\/rigassificatore-di-piombino-incontro-giani-sindaci\/","og_site_name":"intoscana","article_publisher":"https:\/\/www.facebook.com\/intoscana.it","article_published_time":"2022-06-17T14:58:12+00:00","article_modified_time":"2022-06-20T08:22:08+00:00","og_image":[{"width":1200,"height":800,"url":"https:\/\/www.intoscana.it\/wp-content\/uploads\/rigassificatore.jpg","type":"image\/jpeg"}],"author":"Redazione","twitter_card":"summary_large_image","twitter_creator":"@intoscana","twitter_site":"@intoscana","twitter_misc":{"Written by":"Redazione","Est. reading time":"3 minuti"},"schema":{"@context":"https:\/\/schema.org","@graph":[{"@type":"WebPage","@id":"https:\/\/www.intoscana.it\/it\/rigassificatore-di-piombino-incontro-giani-sindaci\/","url":"https:\/\/www.intoscana.it\/it\/rigassificatore-di-piombino-incontro-giani-sindaci\/","name":"Rigassificatore di Piombino, oggi l'incontro tra il presidente Giani e i sindaci","isPartOf":{"@id":"https:\/\/www.intoscana.it\/it\/#website"},"primaryImageOfPage":{"@id":"https:\/\/www.intoscana.it\/it\/rigassificatore-di-piombino-incontro-giani-sindaci\/#primaryimage"},"image":{"@id":"https:\/\/www.intoscana.it\/it\/rigassificatore-di-piombino-incontro-giani-sindaci\/#primaryimage"},"thumbnailUrl":"https:\/\/www.intoscana.it\/wp-content\/uploads\/rigassificatore.jpg","datePublished":"2022-06-17T14:58:12+00:00","dateModified":"2022-06-20T08:22:08+00:00","author":{"@id":"https:\/\/www.intoscana.it\/it\/#\/schema\/person\/9223810753230f20bd670fdd322661f8"},"description":"Giani: \"Riunione seria e spirito costruttivo. Chieder\u00f2 garanzie su investimenti e bonifiche per il territorio\"","breadcrumb":{"@id":"https:\/\/www.intoscana.it\/it\/rigassificatore-di-piombino-incontro-giani-sindaci\/#breadcrumb"},"inLanguage":"it-IT","potentialAction":[{"@type":"ReadAction","target":["https:\/\/www.intoscana.it\/it\/rigassificatore-di-piombino-incontro-giani-sindaci\/"]}]},{"@type":"ImageObject","inLanguage":"it-IT","@id":"https:\/\/www.intoscana.it\/it\/rigassificatore-di-piombino-incontro-giani-sindaci\/#primaryimage","url":"https:\/\/www.intoscana.it\/wp-content\/uploads\/rigassificatore.jpg","contentUrl":"https:\/\/www.intoscana.it\/wp-content\/uploads\/rigassificatore.jpg","width":1200,"height":800},{"@type":"BreadcrumbList","@id":"https:\/\/www.intoscana.it\/it\/rigassificatore-di-piombino-incontro-giani-sindaci\/#breadcrumb","itemListElement":[{"@type":"ListItem","position":1,"name":"Home","item":"https:\/\/www.intoscana.it\/it\/"},{"@type":"ListItem","position":2,"name":"Rigassificatore di Piombino, incontro tra il presidente Giani e i sindaci"}]},{"@type":"WebSite","@id":"https:\/\/www.intoscana.it\/it\/#website","url":"https:\/\/www.intoscana.it\/it\/","name":"intoscana","description":"","potentialAction":[{"@type":"SearchAction","target":{"@type":"EntryPoint","urlTemplate":"https:\/\/www.intoscana.it\/it\/?s={search_term_string}"},"query-input":{"@type":"PropertyValueSpecification","valueRequired":true,"valueName":"search_term_string"}}],"inLanguage":"it-IT"},{"@type":"Person","@id":"https:\/\/www.intoscana.it\/it\/#\/schema\/person\/9223810753230f20bd670fdd322661f8","name":"Redazione","url":"https:\/\/www.intoscana.it\/it\/author\/redazione\/"}]}},"_links":{"self":[{"href":"https:\/\/www.intoscana.it\/it\/wp-json\/wp\/v2\/posts\/233828","targetHints":{"allow":["GET"]}}],"collection":[{"href":"https:\/\/www.intoscana.it\/it\/wp-json\/wp\/v2\/posts"}],"about":[{"href":"https:\/\/www.intoscana.it\/it\/wp-json\/wp\/v2\/types\/post"}],"author":[{"embeddable":true,"href":"https:\/\/www.intoscana.it\/it\/wp-json\/wp\/v2\/users\/525"}],"replies":[{"embeddable":true,"href":"https:\/\/www.intoscana.it\/it\/wp-json\/wp\/v2\/comments?post=233828"}],"version-history":[{"count":0,"href":"https:\/\/www.intoscana.it\/it\/wp-json\/wp\/v2\/posts\/233828\/revisions"}],"wp:featuredmedia":[{"embeddable":true,"href":"https:\/\/www.intoscana.it\/it\/wp-json\/wp\/v2\/media\/233831"}],"wp:attachment":[{"href":"https:\/\/www.intoscana.it\/it\/wp-json\/wp\/v2\/media?parent=233828"}],"wp:term":[{"taxonomy":"category","embeddable":true,"href":"https:\/\/www.intoscana.it\/it\/wp-json\/wp\/v2\/categories?post=233828"},{"taxonomy":"post_tag","embeddable":true,"href":"https:\/\/www.intoscana.it\/it\/wp-json\/wp\/v2\/tags?post=233828"}],"curies":[{"name":"wp","href":"https:\/\/api.w.org\/{rel}","templated":true}]}}