{"id":233889,"date":"2022-06-18T12:39:28","date_gmt":"2022-06-18T10:39:28","guid":{"rendered":"https:\/\/www.intoscana.it\/it\/?p=233889"},"modified":"2022-06-20T14:48:04","modified_gmt":"2022-06-20T12:48:04","slug":"covid-19-1-972-nuovi-casi-in-toscana-e-nessun-decesso","status":"publish","type":"post","link":"https:\/\/www.intoscana.it\/it\/covid-19-1-972-nuovi-casi-in-toscana-e-nessun-decesso\/","title":{"rendered":"Covid-19: 1.972 nuovi casi in Toscana e nessun decesso"},"content":{"rendered":"<p>Sono 1.972 in pi\u00f9 rispetto a ieri (<strong>374 confermati con tampone molecolare e 1.598 da test rapido antigenico) i nuovi casi di Covid-19 oggi in Toscana,<\/strong> pari allo 0,2% in pi\u00f9 rispetto al totale del giorno precedente. I guariti crescono dello 0,1% e raggiungono quota 1.134.584 (96,7% dei casi totali).<\/p>\n<p>Oggi sono stati eseguiti 1.362 tamponi molecolari e 7.977 tamponi antigenici rapidi, <strong>di questi il 21,1% \u00e8 risultato positivo.<\/strong> Sono invece 2.734 i soggetti testati oggi (con tampone antigenico e\/o molecolare, escludendo i tamponi di controllo), di cui il 72,1% \u00e8 risultato positivo. Gli attualmente positivi sono oggi 29.089, +2,1% rispetto a ieri. I ricoverati sono 236 (1 in pi\u00f9 rispetto a ieri), di cui 9 in terapia intensiva (3 in pi\u00f9). <strong>Oggi non si registrano nuovi decessi.<\/strong><\/p>\n<h3>Et\u00e0 media dei nuovi positivi di 45 anni<\/h3>\n<p>Questi i dati &#8211; accertati alle ore 12 di oggi sulla base delle richieste della Protezione Civile Nazionale &#8211; relativi all&#8217;andamento dell&#8217;epidemia in regione.<\/p>\n<p><strong>L&#8217;et\u00e0 media dei 1.972 nuovi positivi odierni \u00e8 di 45 anni circa<\/strong> (13% ha meno di 20 anni, 19% tra 20 e 39 anni, 36% tra 40 e 59 anni, 25% tra 60 e 79 anni, 7% ha 80 anni o pi\u00f9).<\/p>\n<p>Di seguito i casi di positivit\u00e0 sul territorio con la variazione rispetto a ieri (374 confermati con tampone molecolare e 1.598 da test rapido antigenico). Sono 325.964 i casi complessivi ad oggi a Firenze (602 in pi\u00f9 rispetto a ieri), 80.142 a Prato (125 in pi\u00f9), 93.811 a Pistoia (135 in pi\u00f9), 57.563 a Massa Carrara (91 in pi\u00f9), 123.101 a Lucca (231 in pi\u00f9), 135.766 a Pisa (259 in pi\u00f9), 104.574 a Livorno (172 in pi\u00f9), 106.632 ad Arezzo (150 in pi\u00f9), 82.857 a Siena (130 in pi\u00f9), 62.843 a Grosseto (77 in pi\u00f9). Sono 555 i casi positivi notificati in Toscana, ma residenti in altre regioni.<\/p>\n<p><strong>Sono 893 i casi riscontrati oggi nell&#8217;Asl Centro, 722 nella Nord Ovest, 357 nella Sud est.<\/strong><\/p>\n<p>La Toscana si trova al 8\u00b0 posto in Italia come numerosit\u00e0 di casi (comprensivi di residenti e non residenti), con circa 31.786 casi per 100.000 abitanti (media italiana circa 30.066 per 100.000, dato di ieri). Le province di notifica con il tasso pi\u00f9 alto sono Firenze con 32.648 casi per 100.000 abitanti, Pisa con 32.481, Pistoia con 32.321, la pi\u00f9 bassa Grosseto con 28.847.<\/p>\n<h3>1375 guariti in pi\u00f9, 236 i ricoverati<\/h3>\n<p>Complessivamente, 28.853 persone sono in isolamento a casa, poich\u00e9 presentano sintomi lievi che non richiedono cure ospedaliere, o risultano prive di sintomi (596 in pi\u00f9 rispetto a ieri, pi\u00f9 2,1%).<br \/>\n<strong>Le persone ricoverate sono complessivamente 236 (1 in pi\u00f9 rispetto a ieri, pi\u00f9 0,4%), 9 in terapia intensiva (3 in pi\u00f9 rispetto a ieri, pi\u00f9 50%).<\/strong><\/p>\n<p><strong>Le persone complessivamente guarite sono 1.134.584 (1.375 in pi\u00f9 rispetto a ieri, pi\u00f9 0,1%):<\/strong> 0 persone clinicamente guarite (stabili rispetto a ieri), divenute cio\u00e8 asintomatiche dopo aver presentato manifestazioni cliniche associate all&#8217;infezione e 1.134.584 (1.375 in pi\u00f9 rispetto a ieri, pi\u00f9 0,1%) dichiarate guarite a tutti gli effetti, le cosiddette guarigioni virali, con tampone negativo.<\/p>\n<p><strong>Restano quindi 10.135 i deceduti dall&#8217;inizio dell&#8217;epidemia<\/strong> cosi ripartiti: 3.188 a Firenze, 838 a Prato, 910 a Pistoia, 654 a Massa Carrara, 950 a Lucca, 1.126 a Pisa, 745 a Livorno, 659 ad Arezzo, 537 a Siena, 389 a Grosseto, 139 persone sono decedute sul suolo toscano ma erano residenti fuori regione.<\/p>\n<p>Il tasso grezzo di mortalit\u00e0 toscano (numero di deceduti\/popolazione residente) per Covid-19 \u00e8 di 274,4 per 100.000 residenti contro il 283 per 100.000 della media italiana (10\u00b0 regione). Per quanto riguarda le province, il tasso di mortalit\u00e0 pi\u00f9 alto si riscontra a Massa Carrara (344,5 per 100.000), Firenze (319,3) e Prato (315,9), il pi\u00f9 basso a Grosseto (178,6).<\/p>\n","protected":false},"excerpt":{"rendered":"<p>L&#8217;et\u00e0 media dei nuovi positivi \u00e8 di 45 anni. Sono stati eseguiti 1.362 tamponi molecolari e 7.977 tamponi antigenici rapidi<\/p>\n","protected":false},"author":525,"featured_media":186934,"comment_status":"open","ping_status":"open","sticky":false,"template":"","format":"standard","meta":{"_acf_changed":false,"footnotes":""},"categories":[494],"tags":[4868,418],"class_list":["post-233889","post","type-post","status-publish","format-standard","has-post-thumbnail","hentry","category-attualita","tag-bollettino-covid-toscana","tag-covid-19"],"acf":[],"yoast_head":"<!-- This site is optimized with the Yoast SEO Premium plugin v24.2 (Yoast SEO v25.6) - https:\/\/yoast.com\/wordpress\/plugins\/seo\/ -->\n<title>Covid-19: 1.972 nuovi casi in Toscana e nessun decesso - intoscana<\/title>\n<meta name=\"robots\" content=\"index, follow, max-snippet:-1, max-image-preview:large, max-video-preview:-1\" \/>\n<link rel=\"canonical\" href=\"https:\/\/www.intoscana.it\/it\/covid-19-1-972-nuovi-casi-in-toscana-e-nessun-decesso\/\" \/>\n<meta property=\"og:locale\" content=\"it_IT\" \/>\n<meta property=\"og:type\" content=\"article\" \/>\n<meta property=\"og:title\" content=\"Covid-19: 1.972 nuovi casi in Toscana e nessun decesso\" \/>\n<meta property=\"og:description\" content=\"L&#039;et\u00e0 media dei nuovi positivi \u00e8 di 45 anni. Sono stati eseguiti 1.362 tamponi molecolari e 7.977 tamponi antigenici rapidi\" \/>\n<meta property=\"og:url\" content=\"https:\/\/www.intoscana.it\/it\/covid-19-1-972-nuovi-casi-in-toscana-e-nessun-decesso\/\" \/>\n<meta property=\"og:site_name\" content=\"intoscana\" \/>\n<meta property=\"article:publisher\" content=\"https:\/\/www.facebook.com\/intoscana.it\" \/>\n<meta property=\"article:published_time\" content=\"2022-06-18T10:39:28+00:00\" \/>\n<meta property=\"article:modified_time\" content=\"2022-06-20T12:48:04+00:00\" \/>\n<meta property=\"og:image\" content=\"https:\/\/www.intoscana.it\/wp-content\/uploads\/covid-20-agosto-toscana.001-e1649680158312.jpeg\" \/>\n\t<meta property=\"og:image:width\" content=\"984\" \/>\n\t<meta property=\"og:image:height\" content=\"537\" \/>\n\t<meta property=\"og:image:type\" content=\"image\/jpeg\" \/>\n<meta name=\"author\" content=\"Redazione\" \/>\n<meta name=\"twitter:card\" content=\"summary_large_image\" \/>\n<meta name=\"twitter:creator\" content=\"@intoscana\" \/>\n<meta name=\"twitter:site\" content=\"@intoscana\" \/>\n<meta name=\"twitter:label1\" content=\"Written by\" \/>\n\t<meta name=\"twitter:data1\" content=\"Redazione\" \/>\n\t<meta name=\"twitter:label2\" content=\"Est. reading time\" \/>\n\t<meta name=\"twitter:data2\" content=\"3 minuti\" \/>\n<script type=\"application\/ld+json\" class=\"yoast-schema-graph\">{\"@context\":\"https:\/\/schema.org\",\"@graph\":[{\"@type\":\"WebPage\",\"@id\":\"https:\/\/www.intoscana.it\/it\/covid-19-1-972-nuovi-casi-in-toscana-e-nessun-decesso\/\",\"url\":\"https:\/\/www.intoscana.it\/it\/covid-19-1-972-nuovi-casi-in-toscana-e-nessun-decesso\/\",\"name\":\"Covid-19: 1.972 nuovi casi in Toscana e nessun decesso - intoscana\",\"isPartOf\":{\"@id\":\"https:\/\/www.intoscana.it\/it\/#website\"},\"primaryImageOfPage\":{\"@id\":\"https:\/\/www.intoscana.it\/it\/covid-19-1-972-nuovi-casi-in-toscana-e-nessun-decesso\/#primaryimage\"},\"image\":{\"@id\":\"https:\/\/www.intoscana.it\/it\/covid-19-1-972-nuovi-casi-in-toscana-e-nessun-decesso\/#primaryimage\"},\"thumbnailUrl\":\"https:\/\/www.intoscana.it\/wp-content\/uploads\/covid-20-agosto-toscana.001-e1649680158312.jpeg\",\"datePublished\":\"2022-06-18T10:39:28+00:00\",\"dateModified\":\"2022-06-20T12:48:04+00:00\",\"author\":{\"@id\":\"https:\/\/www.intoscana.it\/it\/#\/schema\/person\/9223810753230f20bd670fdd322661f8\"},\"breadcrumb\":{\"@id\":\"https:\/\/www.intoscana.it\/it\/covid-19-1-972-nuovi-casi-in-toscana-e-nessun-decesso\/#breadcrumb\"},\"inLanguage\":\"it-IT\",\"potentialAction\":[{\"@type\":\"ReadAction\",\"target\":[\"https:\/\/www.intoscana.it\/it\/covid-19-1-972-nuovi-casi-in-toscana-e-nessun-decesso\/\"]}]},{\"@type\":\"ImageObject\",\"inLanguage\":\"it-IT\",\"@id\":\"https:\/\/www.intoscana.it\/it\/covid-19-1-972-nuovi-casi-in-toscana-e-nessun-decesso\/#primaryimage\",\"url\":\"https:\/\/www.intoscana.it\/wp-content\/uploads\/covid-20-agosto-toscana.001-e1649680158312.jpeg\",\"contentUrl\":\"https:\/\/www.intoscana.it\/wp-content\/uploads\/covid-20-agosto-toscana.001-e1649680158312.jpeg\",\"width\":984,\"height\":537,\"caption\":\"Covid-19\"},{\"@type\":\"BreadcrumbList\",\"@id\":\"https:\/\/www.intoscana.it\/it\/covid-19-1-972-nuovi-casi-in-toscana-e-nessun-decesso\/#breadcrumb\",\"itemListElement\":[{\"@type\":\"ListItem\",\"position\":1,\"name\":\"Home\",\"item\":\"https:\/\/www.intoscana.it\/it\/\"},{\"@type\":\"ListItem\",\"position\":2,\"name\":\"Covid-19: 1.972 nuovi casi in Toscana e nessun decesso\"}]},{\"@type\":\"WebSite\",\"@id\":\"https:\/\/www.intoscana.it\/it\/#website\",\"url\":\"https:\/\/www.intoscana.it\/it\/\",\"name\":\"intoscana\",\"description\":\"\",\"potentialAction\":[{\"@type\":\"SearchAction\",\"target\":{\"@type\":\"EntryPoint\",\"urlTemplate\":\"https:\/\/www.intoscana.it\/it\/?s={search_term_string}\"},\"query-input\":{\"@type\":\"PropertyValueSpecification\",\"valueRequired\":true,\"valueName\":\"search_term_string\"}}],\"inLanguage\":\"it-IT\"},{\"@type\":\"Person\",\"@id\":\"https:\/\/www.intoscana.it\/it\/#\/schema\/person\/9223810753230f20bd670fdd322661f8\",\"name\":\"Redazione\",\"url\":\"https:\/\/www.intoscana.it\/it\/author\/redazione\/\"}]}<\/script>\n<!-- \/ Yoast SEO Premium plugin. -->","yoast_head_json":{"title":"Covid-19: 1.972 nuovi casi in Toscana e nessun decesso - intoscana","robots":{"index":"index","follow":"follow","max-snippet":"max-snippet:-1","max-image-preview":"max-image-preview:large","max-video-preview":"max-video-preview:-1"},"canonical":"https:\/\/www.intoscana.it\/it\/covid-19-1-972-nuovi-casi-in-toscana-e-nessun-decesso\/","og_locale":"it_IT","og_type":"article","og_title":"Covid-19: 1.972 nuovi casi in Toscana e nessun decesso","og_description":"L'et\u00e0 media dei nuovi positivi \u00e8 di 45 anni. Sono stati eseguiti 1.362 tamponi molecolari e 7.977 tamponi antigenici rapidi","og_url":"https:\/\/www.intoscana.it\/it\/covid-19-1-972-nuovi-casi-in-toscana-e-nessun-decesso\/","og_site_name":"intoscana","article_publisher":"https:\/\/www.facebook.com\/intoscana.it","article_published_time":"2022-06-18T10:39:28+00:00","article_modified_time":"2022-06-20T12:48:04+00:00","og_image":[{"width":984,"height":537,"url":"https:\/\/www.intoscana.it\/wp-content\/uploads\/covid-20-agosto-toscana.001-e1649680158312.jpeg","type":"image\/jpeg"}],"author":"Redazione","twitter_card":"summary_large_image","twitter_creator":"@intoscana","twitter_site":"@intoscana","twitter_misc":{"Written by":"Redazione","Est. reading time":"3 minuti"},"schema":{"@context":"https:\/\/schema.org","@graph":[{"@type":"WebPage","@id":"https:\/\/www.intoscana.it\/it\/covid-19-1-972-nuovi-casi-in-toscana-e-nessun-decesso\/","url":"https:\/\/www.intoscana.it\/it\/covid-19-1-972-nuovi-casi-in-toscana-e-nessun-decesso\/","name":"Covid-19: 1.972 nuovi casi in Toscana e nessun decesso - intoscana","isPartOf":{"@id":"https:\/\/www.intoscana.it\/it\/#website"},"primaryImageOfPage":{"@id":"https:\/\/www.intoscana.it\/it\/covid-19-1-972-nuovi-casi-in-toscana-e-nessun-decesso\/#primaryimage"},"image":{"@id":"https:\/\/www.intoscana.it\/it\/covid-19-1-972-nuovi-casi-in-toscana-e-nessun-decesso\/#primaryimage"},"thumbnailUrl":"https:\/\/www.intoscana.it\/wp-content\/uploads\/covid-20-agosto-toscana.001-e1649680158312.jpeg","datePublished":"2022-06-18T10:39:28+00:00","dateModified":"2022-06-20T12:48:04+00:00","author":{"@id":"https:\/\/www.intoscana.it\/it\/#\/schema\/person\/9223810753230f20bd670fdd322661f8"},"breadcrumb":{"@id":"https:\/\/www.intoscana.it\/it\/covid-19-1-972-nuovi-casi-in-toscana-e-nessun-decesso\/#breadcrumb"},"inLanguage":"it-IT","potentialAction":[{"@type":"ReadAction","target":["https:\/\/www.intoscana.it\/it\/covid-19-1-972-nuovi-casi-in-toscana-e-nessun-decesso\/"]}]},{"@type":"ImageObject","inLanguage":"it-IT","@id":"https:\/\/www.intoscana.it\/it\/covid-19-1-972-nuovi-casi-in-toscana-e-nessun-decesso\/#primaryimage","url":"https:\/\/www.intoscana.it\/wp-content\/uploads\/covid-20-agosto-toscana.001-e1649680158312.jpeg","contentUrl":"https:\/\/www.intoscana.it\/wp-content\/uploads\/covid-20-agosto-toscana.001-e1649680158312.jpeg","width":984,"height":537,"caption":"Covid-19"},{"@type":"BreadcrumbList","@id":"https:\/\/www.intoscana.it\/it\/covid-19-1-972-nuovi-casi-in-toscana-e-nessun-decesso\/#breadcrumb","itemListElement":[{"@type":"ListItem","position":1,"name":"Home","item":"https:\/\/www.intoscana.it\/it\/"},{"@type":"ListItem","position":2,"name":"Covid-19: 1.972 nuovi casi in Toscana e nessun decesso"}]},{"@type":"WebSite","@id":"https:\/\/www.intoscana.it\/it\/#website","url":"https:\/\/www.intoscana.it\/it\/","name":"intoscana","description":"","potentialAction":[{"@type":"SearchAction","target":{"@type":"EntryPoint","urlTemplate":"https:\/\/www.intoscana.it\/it\/?s={search_term_string}"},"query-input":{"@type":"PropertyValueSpecification","valueRequired":true,"valueName":"search_term_string"}}],"inLanguage":"it-IT"},{"@type":"Person","@id":"https:\/\/www.intoscana.it\/it\/#\/schema\/person\/9223810753230f20bd670fdd322661f8","name":"Redazione","url":"https:\/\/www.intoscana.it\/it\/author\/redazione\/"}]}},"_links":{"self":[{"href":"https:\/\/www.intoscana.it\/it\/wp-json\/wp\/v2\/posts\/233889","targetHints":{"allow":["GET"]}}],"collection":[{"href":"https:\/\/www.intoscana.it\/it\/wp-json\/wp\/v2\/posts"}],"about":[{"href":"https:\/\/www.intoscana.it\/it\/wp-json\/wp\/v2\/types\/post"}],"author":[{"embeddable":true,"href":"https:\/\/www.intoscana.it\/it\/wp-json\/wp\/v2\/users\/525"}],"replies":[{"embeddable":true,"href":"https:\/\/www.intoscana.it\/it\/wp-json\/wp\/v2\/comments?post=233889"}],"version-history":[{"count":0,"href":"https:\/\/www.intoscana.it\/it\/wp-json\/wp\/v2\/posts\/233889\/revisions"}],"wp:featuredmedia":[{"embeddable":true,"href":"https:\/\/www.intoscana.it\/it\/wp-json\/wp\/v2\/media\/186934"}],"wp:attachment":[{"href":"https:\/\/www.intoscana.it\/it\/wp-json\/wp\/v2\/media?parent=233889"}],"wp:term":[{"taxonomy":"category","embeddable":true,"href":"https:\/\/www.intoscana.it\/it\/wp-json\/wp\/v2\/categories?post=233889"},{"taxonomy":"post_tag","embeddable":true,"href":"https:\/\/www.intoscana.it\/it\/wp-json\/wp\/v2\/tags?post=233889"}],"curies":[{"name":"wp","href":"https:\/\/api.w.org\/{rel}","templated":true}]}}