{"id":233992,"date":"2022-06-20T14:05:05","date_gmt":"2022-06-20T12:05:05","guid":{"rendered":"https:\/\/www.intoscana.it\/it\/?p=233992"},"modified":"2022-06-21T13:10:48","modified_gmt":"2022-06-21T11:10:48","slug":"covid-19-in-toscana-605-nuovi-positivi-eta-media-47-anni-cinque-decessi","status":"publish","type":"post","link":"https:\/\/www.intoscana.it\/it\/covid-19-in-toscana-605-nuovi-positivi-eta-media-47-anni-cinque-decessi\/","title":{"rendered":"Covid-19: in Toscana 605 nuovi positivi, et\u00e0 media 47 anni. Cinque decessi"},"content":{"rendered":"<p>In Toscana sono 1.176.072 i casi di positivit\u00e0 al Coronavirus, 605 in pi\u00f9 rispetto a ieri (154 confermati con tampone molecolare e 451 da test rapido antigenico). I nuovi casi sono lo 0,1% in pi\u00f9 rispetto al totale del giorno precedente. I guariti crescono dello 0,1% e raggiungono quota 1.136.301 (96,6% dei casi totali).<\/p>\n<p><strong>Oggi sono stati eseguiti 507 tamponi molecolari e 2.397 tamponi antigenici rapidi,<\/strong> di questi il 20,8% \u00e8 risultato positivo. Sono invece 2.031 i soggetti testati oggi (con tampone antigenico e\/o molecolare, escludendo i tamponi di controllo), di cui il 29,8% \u00e8 risultato positivo. Gli attualmente positivi sono oggi 29.630, -0,3% rispetto a ieri.<\/p>\n<p><strong>I ricoverati sono 266 (14 in pi\u00f9 rispetto a ieri), di cui 10 in terapia intensiva (2 in pi\u00f9).<\/strong> Oggi si registrano 5 nuovi decessi: 4 uomini e una donna con un&#8217;et\u00e0 media di 86,2 anni.<\/p>\n<p><strong>L&#8217;et\u00e0 media dei 605 nuovi positivi odierni \u00e8 di 47 anni circa<\/strong> (12% ha meno di 20 anni, 22% tra 20 e 39 anni, 38% tra 40 e 59 anni, 22% tra 60 e 79 anni, 6% ha 80 anni o pi\u00f9).<\/p>\n<h3>I casi di positivit\u00e0 sul territorio<\/h3>\n<p>Di seguito i casi di positivit\u00e0 sul territorio con la variazione rispetto a ieri (154 confermati con tampone molecolare e 451 da test rapido antigenico). Sono 326.573 i casi complessivi ad oggi a Firenze (176 in pi\u00f9 rispetto a ieri), 80.265 a Prato (40 in pi\u00f9), 93.993 a Pistoia (51 in pi\u00f9), 57.675 a Massa (22 in pi\u00f9), 123.377 a Lucca (69 in pi\u00f9), 136.074 a Pisa (62 in pi\u00f9), 104.782 a Livorno (60 in pi\u00f9), 106.817 ad Arezzo (58 in pi\u00f9), 83.001 a Siena (29 in pi\u00f9), 62.960 a Grosseto (38 in pi\u00f9). Sono 555 i casi positivi notificati in Toscana, ma residenti in altre regioni.<\/p>\n<p>Sono 272 i casi riscontrati oggi nell&#8217;Asl Centro, 208 nella Nord Ovest, 125 nella Sud est.<\/p>\n<p>La Toscana si trova al 8\u00b0 posto in Italia come numerosit\u00e0 di casi (comprensivi di residenti e non residenti), con circa 31.847 casi per 100.000 abitanti (media italiana circa 30.183 x100.000, dato di ieri). Le province di notifica con il tasso pi\u00f9 alto sono Firenze con 32.709 casi x100.000 abitanti, Pisa con 32.555, Pistoia con 32.384, la pi\u00f9 bassa Grosseto con 28.901.<\/p>\n<p>Complessivamente, <strong>29.364 persone sono in isolamento a casa<\/strong>, poich\u00e9 presentano sintomi lievi che non richiedono cure ospedaliere, o risultano prive di sintomi (103 in meno rispetto a ieri, meno 0,3%).<\/p>\n<p>Le persone ricoverate nei posti letto dedicati ai pazienti COVID oggi sono complessivamente 266 (14 in pi\u00f9 rispetto a ieri, pi\u00f9 5,6%), 10 in terapia intensiva (2 in pi\u00f9 rispetto a ieri, pi\u00f9 25%).<\/p>\n<p><strong>Le persone complessivamente guarite sono 1.136.301<\/strong> (689 in pi\u00f9 rispetto a ieri, pi\u00f9 0,1%): 0 persone clinicamente guarite (stabili rispetto a ieri), divenute cio\u00e8 asintomatiche dopo aver presentato manifestazioni cliniche associate all&#8217;infezione e 1.136.301 (689 in pi\u00f9 rispetto a ieri, pi\u00f9 0,1%) dichiarate guarite a tutti gli effetti, le cosiddette guarigioni virali, con tampone negativo.<\/p>\n<h3>I decessi<\/h3>\n<p>Relativamente alla provincia di residenza, le 5 persone decedute sono: 1 a Firenze, 1 a Prato, 2 a Pistoia, 1 a Lucca.<\/p>\n<p><strong>Sono 10.141 i deceduti dall&#8217;inizio dell&#8217;epidemia<\/strong> cosi ripartiti: 3.189 a Firenze, 839 a Prato, 912 a Pistoia, 654 a Massa Carrara, 951 a Lucca, 1.126 a Pisa, 746 a Livorno, 659 ad Arezzo, 537 a Siena, 389 a Grosseto, 139 persone sono decedute sul suolo toscano ma erano residenti fuori regione.<\/p>\n<p>Il tasso grezzo di mortalit\u00e0 toscano (numero di deceduti\/popolazione residente) per Covid-19 \u00e8 di 274,6 x100.000 residenti contro il 283,1 x100.000 della media italiana (10\u00b0 regione). Per quanto riguarda le province, il tasso di mortalit\u00e0 pi\u00f9 alto si riscontra a Massa Carrara (344,5 x100.000), Firenze (319,4 x100.000) e Prato (316,3 x100.000), il pi\u00f9 basso a Grosseto (178,6 x100.000).<\/p>\n","protected":false},"excerpt":{"rendered":"<p>Oggi sono stati eseguiti 507 tamponi molecolari e 2.397 tamponi antigenici rapidi, di questi il 20,8% \u00e8 risultato positivo, i ricoverati sono 266 di cui 10 in terapia intensiva<\/p>\n","protected":false},"author":525,"featured_media":233995,"comment_status":"open","ping_status":"open","sticky":false,"template":"","format":"standard","meta":{"_acf_changed":false,"footnotes":""},"categories":[494],"tags":[4868,418],"class_list":["post-233992","post","type-post","status-publish","format-standard","has-post-thumbnail","hentry","category-attualita","tag-bollettino-covid-toscana","tag-covid-19"],"acf":[],"yoast_head":"<!-- This site is optimized with the Yoast SEO Premium plugin v24.2 (Yoast SEO v25.6) - https:\/\/yoast.com\/wordpress\/plugins\/seo\/ -->\n<title>Covid-19: in Toscana 605 nuovi positivi, et\u00e0 media 47 anni. Cinque decessi - intoscana<\/title>\n<meta name=\"description\" content=\"Oggi sono stati eseguiti 507 tamponi molecolari e 2.397 tamponi antigenici rapidi, di questi il 20,8% \u00e8 risultato positivo\" \/>\n<meta name=\"robots\" content=\"index, follow, max-snippet:-1, max-image-preview:large, max-video-preview:-1\" \/>\n<link rel=\"canonical\" href=\"https:\/\/www.intoscana.it\/it\/covid-19-in-toscana-605-nuovi-positivi-eta-media-47-anni-cinque-decessi\/\" \/>\n<meta property=\"og:locale\" content=\"it_IT\" \/>\n<meta property=\"og:type\" content=\"article\" \/>\n<meta property=\"og:title\" content=\"Covid-19: in Toscana 605 nuovi positivi, et\u00e0 media 47 anni. Cinque decessi\" \/>\n<meta property=\"og:description\" content=\"Oggi sono stati eseguiti 507 tamponi molecolari e 2.397 tamponi antigenici rapidi, di questi il 20,8% \u00e8 risultato positivo\" \/>\n<meta property=\"og:url\" content=\"https:\/\/www.intoscana.it\/it\/covid-19-in-toscana-605-nuovi-positivi-eta-media-47-anni-cinque-decessi\/\" \/>\n<meta property=\"og:site_name\" content=\"intoscana\" \/>\n<meta property=\"article:publisher\" content=\"https:\/\/www.facebook.com\/intoscana.it\" \/>\n<meta property=\"article:published_time\" content=\"2022-06-20T12:05:05+00:00\" \/>\n<meta property=\"article:modified_time\" content=\"2022-06-21T11:10:48+00:00\" \/>\n<meta property=\"og:image\" content=\"https:\/\/www.intoscana.it\/wp-content\/uploads\/mascherina-4-scaled.jpg\" \/>\n\t<meta property=\"og:image:width\" content=\"2048\" \/>\n\t<meta property=\"og:image:height\" content=\"1365\" \/>\n\t<meta property=\"og:image:type\" content=\"image\/jpeg\" \/>\n<meta name=\"author\" content=\"Redazione\" \/>\n<meta name=\"twitter:card\" content=\"summary_large_image\" \/>\n<meta name=\"twitter:creator\" content=\"@intoscana\" \/>\n<meta name=\"twitter:site\" content=\"@intoscana\" \/>\n<meta name=\"twitter:label1\" content=\"Written by\" \/>\n\t<meta name=\"twitter:data1\" content=\"Redazione\" \/>\n\t<meta name=\"twitter:label2\" content=\"Est. reading time\" \/>\n\t<meta name=\"twitter:data2\" content=\"3 minuti\" \/>\n<script type=\"application\/ld+json\" class=\"yoast-schema-graph\">{\"@context\":\"https:\/\/schema.org\",\"@graph\":[{\"@type\":\"WebPage\",\"@id\":\"https:\/\/www.intoscana.it\/it\/covid-19-in-toscana-605-nuovi-positivi-eta-media-47-anni-cinque-decessi\/\",\"url\":\"https:\/\/www.intoscana.it\/it\/covid-19-in-toscana-605-nuovi-positivi-eta-media-47-anni-cinque-decessi\/\",\"name\":\"Covid-19: in Toscana 605 nuovi positivi, et\u00e0 media 47 anni. Cinque decessi - intoscana\",\"isPartOf\":{\"@id\":\"https:\/\/www.intoscana.it\/it\/#website\"},\"primaryImageOfPage\":{\"@id\":\"https:\/\/www.intoscana.it\/it\/covid-19-in-toscana-605-nuovi-positivi-eta-media-47-anni-cinque-decessi\/#primaryimage\"},\"image\":{\"@id\":\"https:\/\/www.intoscana.it\/it\/covid-19-in-toscana-605-nuovi-positivi-eta-media-47-anni-cinque-decessi\/#primaryimage\"},\"thumbnailUrl\":\"https:\/\/www.intoscana.it\/wp-content\/uploads\/mascherina-4-scaled.jpg\",\"datePublished\":\"2022-06-20T12:05:05+00:00\",\"dateModified\":\"2022-06-21T11:10:48+00:00\",\"author\":{\"@id\":\"https:\/\/www.intoscana.it\/it\/#\/schema\/person\/9223810753230f20bd670fdd322661f8\"},\"description\":\"Oggi sono stati eseguiti 507 tamponi molecolari e 2.397 tamponi antigenici rapidi, di questi il 20,8% \u00e8 risultato positivo\",\"breadcrumb\":{\"@id\":\"https:\/\/www.intoscana.it\/it\/covid-19-in-toscana-605-nuovi-positivi-eta-media-47-anni-cinque-decessi\/#breadcrumb\"},\"inLanguage\":\"it-IT\",\"potentialAction\":[{\"@type\":\"ReadAction\",\"target\":[\"https:\/\/www.intoscana.it\/it\/covid-19-in-toscana-605-nuovi-positivi-eta-media-47-anni-cinque-decessi\/\"]}]},{\"@type\":\"ImageObject\",\"inLanguage\":\"it-IT\",\"@id\":\"https:\/\/www.intoscana.it\/it\/covid-19-in-toscana-605-nuovi-positivi-eta-media-47-anni-cinque-decessi\/#primaryimage\",\"url\":\"https:\/\/www.intoscana.it\/wp-content\/uploads\/mascherina-4-scaled.jpg\",\"contentUrl\":\"https:\/\/www.intoscana.it\/wp-content\/uploads\/mascherina-4-scaled.jpg\",\"width\":2048,\"height\":1365},{\"@type\":\"BreadcrumbList\",\"@id\":\"https:\/\/www.intoscana.it\/it\/covid-19-in-toscana-605-nuovi-positivi-eta-media-47-anni-cinque-decessi\/#breadcrumb\",\"itemListElement\":[{\"@type\":\"ListItem\",\"position\":1,\"name\":\"Home\",\"item\":\"https:\/\/www.intoscana.it\/it\/\"},{\"@type\":\"ListItem\",\"position\":2,\"name\":\"Covid-19: in Toscana 605 nuovi positivi, et\u00e0 media 47 anni. Cinque decessi\"}]},{\"@type\":\"WebSite\",\"@id\":\"https:\/\/www.intoscana.it\/it\/#website\",\"url\":\"https:\/\/www.intoscana.it\/it\/\",\"name\":\"intoscana\",\"description\":\"\",\"potentialAction\":[{\"@type\":\"SearchAction\",\"target\":{\"@type\":\"EntryPoint\",\"urlTemplate\":\"https:\/\/www.intoscana.it\/it\/?s={search_term_string}\"},\"query-input\":{\"@type\":\"PropertyValueSpecification\",\"valueRequired\":true,\"valueName\":\"search_term_string\"}}],\"inLanguage\":\"it-IT\"},{\"@type\":\"Person\",\"@id\":\"https:\/\/www.intoscana.it\/it\/#\/schema\/person\/9223810753230f20bd670fdd322661f8\",\"name\":\"Redazione\",\"url\":\"https:\/\/www.intoscana.it\/it\/author\/redazione\/\"}]}<\/script>\n<!-- \/ Yoast SEO Premium plugin. -->","yoast_head_json":{"title":"Covid-19: in Toscana 605 nuovi positivi, et\u00e0 media 47 anni. Cinque decessi - intoscana","description":"Oggi sono stati eseguiti 507 tamponi molecolari e 2.397 tamponi antigenici rapidi, di questi il 20,8% \u00e8 risultato positivo","robots":{"index":"index","follow":"follow","max-snippet":"max-snippet:-1","max-image-preview":"max-image-preview:large","max-video-preview":"max-video-preview:-1"},"canonical":"https:\/\/www.intoscana.it\/it\/covid-19-in-toscana-605-nuovi-positivi-eta-media-47-anni-cinque-decessi\/","og_locale":"it_IT","og_type":"article","og_title":"Covid-19: in Toscana 605 nuovi positivi, et\u00e0 media 47 anni. Cinque decessi","og_description":"Oggi sono stati eseguiti 507 tamponi molecolari e 2.397 tamponi antigenici rapidi, di questi il 20,8% \u00e8 risultato positivo","og_url":"https:\/\/www.intoscana.it\/it\/covid-19-in-toscana-605-nuovi-positivi-eta-media-47-anni-cinque-decessi\/","og_site_name":"intoscana","article_publisher":"https:\/\/www.facebook.com\/intoscana.it","article_published_time":"2022-06-20T12:05:05+00:00","article_modified_time":"2022-06-21T11:10:48+00:00","og_image":[{"width":2048,"height":1365,"url":"https:\/\/www.intoscana.it\/wp-content\/uploads\/mascherina-4-scaled.jpg","type":"image\/jpeg"}],"author":"Redazione","twitter_card":"summary_large_image","twitter_creator":"@intoscana","twitter_site":"@intoscana","twitter_misc":{"Written by":"Redazione","Est. reading time":"3 minuti"},"schema":{"@context":"https:\/\/schema.org","@graph":[{"@type":"WebPage","@id":"https:\/\/www.intoscana.it\/it\/covid-19-in-toscana-605-nuovi-positivi-eta-media-47-anni-cinque-decessi\/","url":"https:\/\/www.intoscana.it\/it\/covid-19-in-toscana-605-nuovi-positivi-eta-media-47-anni-cinque-decessi\/","name":"Covid-19: in Toscana 605 nuovi positivi, et\u00e0 media 47 anni. Cinque decessi - intoscana","isPartOf":{"@id":"https:\/\/www.intoscana.it\/it\/#website"},"primaryImageOfPage":{"@id":"https:\/\/www.intoscana.it\/it\/covid-19-in-toscana-605-nuovi-positivi-eta-media-47-anni-cinque-decessi\/#primaryimage"},"image":{"@id":"https:\/\/www.intoscana.it\/it\/covid-19-in-toscana-605-nuovi-positivi-eta-media-47-anni-cinque-decessi\/#primaryimage"},"thumbnailUrl":"https:\/\/www.intoscana.it\/wp-content\/uploads\/mascherina-4-scaled.jpg","datePublished":"2022-06-20T12:05:05+00:00","dateModified":"2022-06-21T11:10:48+00:00","author":{"@id":"https:\/\/www.intoscana.it\/it\/#\/schema\/person\/9223810753230f20bd670fdd322661f8"},"description":"Oggi sono stati eseguiti 507 tamponi molecolari e 2.397 tamponi antigenici rapidi, di questi il 20,8% \u00e8 risultato positivo","breadcrumb":{"@id":"https:\/\/www.intoscana.it\/it\/covid-19-in-toscana-605-nuovi-positivi-eta-media-47-anni-cinque-decessi\/#breadcrumb"},"inLanguage":"it-IT","potentialAction":[{"@type":"ReadAction","target":["https:\/\/www.intoscana.it\/it\/covid-19-in-toscana-605-nuovi-positivi-eta-media-47-anni-cinque-decessi\/"]}]},{"@type":"ImageObject","inLanguage":"it-IT","@id":"https:\/\/www.intoscana.it\/it\/covid-19-in-toscana-605-nuovi-positivi-eta-media-47-anni-cinque-decessi\/#primaryimage","url":"https:\/\/www.intoscana.it\/wp-content\/uploads\/mascherina-4-scaled.jpg","contentUrl":"https:\/\/www.intoscana.it\/wp-content\/uploads\/mascherina-4-scaled.jpg","width":2048,"height":1365},{"@type":"BreadcrumbList","@id":"https:\/\/www.intoscana.it\/it\/covid-19-in-toscana-605-nuovi-positivi-eta-media-47-anni-cinque-decessi\/#breadcrumb","itemListElement":[{"@type":"ListItem","position":1,"name":"Home","item":"https:\/\/www.intoscana.it\/it\/"},{"@type":"ListItem","position":2,"name":"Covid-19: in Toscana 605 nuovi positivi, et\u00e0 media 47 anni. Cinque decessi"}]},{"@type":"WebSite","@id":"https:\/\/www.intoscana.it\/it\/#website","url":"https:\/\/www.intoscana.it\/it\/","name":"intoscana","description":"","potentialAction":[{"@type":"SearchAction","target":{"@type":"EntryPoint","urlTemplate":"https:\/\/www.intoscana.it\/it\/?s={search_term_string}"},"query-input":{"@type":"PropertyValueSpecification","valueRequired":true,"valueName":"search_term_string"}}],"inLanguage":"it-IT"},{"@type":"Person","@id":"https:\/\/www.intoscana.it\/it\/#\/schema\/person\/9223810753230f20bd670fdd322661f8","name":"Redazione","url":"https:\/\/www.intoscana.it\/it\/author\/redazione\/"}]}},"_links":{"self":[{"href":"https:\/\/www.intoscana.it\/it\/wp-json\/wp\/v2\/posts\/233992","targetHints":{"allow":["GET"]}}],"collection":[{"href":"https:\/\/www.intoscana.it\/it\/wp-json\/wp\/v2\/posts"}],"about":[{"href":"https:\/\/www.intoscana.it\/it\/wp-json\/wp\/v2\/types\/post"}],"author":[{"embeddable":true,"href":"https:\/\/www.intoscana.it\/it\/wp-json\/wp\/v2\/users\/525"}],"replies":[{"embeddable":true,"href":"https:\/\/www.intoscana.it\/it\/wp-json\/wp\/v2\/comments?post=233992"}],"version-history":[{"count":0,"href":"https:\/\/www.intoscana.it\/it\/wp-json\/wp\/v2\/posts\/233992\/revisions"}],"wp:featuredmedia":[{"embeddable":true,"href":"https:\/\/www.intoscana.it\/it\/wp-json\/wp\/v2\/media\/233995"}],"wp:attachment":[{"href":"https:\/\/www.intoscana.it\/it\/wp-json\/wp\/v2\/media?parent=233992"}],"wp:term":[{"taxonomy":"category","embeddable":true,"href":"https:\/\/www.intoscana.it\/it\/wp-json\/wp\/v2\/categories?post=233992"},{"taxonomy":"post_tag","embeddable":true,"href":"https:\/\/www.intoscana.it\/it\/wp-json\/wp\/v2\/tags?post=233992"}],"curies":[{"name":"wp","href":"https:\/\/api.w.org\/{rel}","templated":true}]}}