{"id":234338,"date":"2022-06-21T16:39:41","date_gmt":"2022-06-21T14:39:41","guid":{"rendered":"https:\/\/www.intoscana.it\/it\/?p=234338"},"modified":"2022-06-21T16:41:01","modified_gmt":"2022-06-21T14:41:01","slug":"oltre-30-artisti-e-quattro-serate-a-ingresso-gratuito-al-men-go-music-fest","status":"publish","type":"post","link":"https:\/\/www.intoscana.it\/it\/oltre-30-artisti-e-quattro-serate-a-ingresso-gratuito-al-men-go-music-fest\/","title":{"rendered":"Oltre 30 artisti e quattro serate a ingresso gratuito al Men\/Go Music Fest"},"content":{"rendered":"<p>Si avvicina il <strong>Men\/Go Music Fest<\/strong> la cinque giorni che porter\u00e0 <strong>ad Arezzo<\/strong> nella splendida location del <strong>Parco al Prato <\/strong>ben <strong>30 artisti.<\/strong><\/p>\n<p>Le serate del <strong>5, 6, 7 e 8 luglio sono a ingresso gratuito<\/strong>, la serata finale del<strong> 9 luglio<\/strong> a pagamento al prezzo di 20 euro<strong> \u00e8 gi\u00e0 sold-out. (<a href=\"https:\/\/dice.fm\/event\/6qyq2-mengo-fest-fabri-fibra-pericolo-speranza-9th-jul-mengo-music-fest-arezzo-tickets?_branch_match_id=994919162721523880&amp;_branch_referrer=H4sIAAAAAAAAA8soKSkottLXz8nMy9ZLyUxO1UvL1U9MC7UscfILDy5IAgCkSrK7IAAAAA%3D%3D\" target=\"_blank\" rel=\"noopener\">Lista\u00a0d&#8217;attesa sulla piattaforma DICE<\/a>)<\/strong><\/p>\n<p>Sal palco artisti del calibro di\u00a0<strong>Freak Brothers, Claver Gold, Nu Genea, C\u2019mon Tigre, Kit Sebastian, Ditonellapiaga, BNKR44, Speranza, Venerus, Psicologi, La Rappresentante di Lista,\u00a0Fabri Fibra, Massimo Pericolo.<\/strong><\/p>\n<p>Il <strong>Mengo<\/strong> \u00e8 un appuntamento che negli anni ha assunto sempre pi\u00f9 importanza, e che si \u00e8 imposto come una delle principali arene estive, attraendo pubblico da tutta Italia e confermando, ancora una volta, <strong>Arezzo come citt\u00e0 della musica<\/strong><b>,<\/b> raccogliendo\u00a0nelle sole ultime tre edizioni pi\u00f9 d<strong>i 90mila presenze e pi\u00f9 di 100 artisti.<\/strong><\/p>\n<figure id=\"post-196546 media-196546\" class=\"align-none\"><img decoding=\"async\" src=\"https:\/\/www.intoscana.it\/wp-content\/uploads\/LRDL_0874-scaled-e1648808493359.jpg\" alt=\"\" \/><\/figure>\n<div class=\"titleimg\"><em>La Rappresentante di Lista<\/em><\/div>\n<h3>Il programma del Men\/Go<\/h3>\n<p><strong>Marted\u00ec 5 luglio<\/strong> in concerto:Leon Seti,\u00a0Cassandra,\u00a0Ros, Alessandro Fiori, <strong>Ditonellapiaga e La Rappresentante di Lista.\u00a0<\/strong><\/p>\n<p><strong>Mercoled\u00ec 6 luglio:\u00a0<\/strong>Kitsch,\u00a0Piqued Jacks, Collazio, Francesco De Leo,<strong> BNKR44, Psicologi.\u00a0<\/strong><\/p>\n<p><strong>Gioved\u00ec 7 luglio <\/strong>saliranno sul palco:\u00a0Slick Nova Family,\u00a0Rugo, Marco Castello, Point Nebbia, <strong>Venerus e Populous<\/strong> Djset aftershow.<\/p>\n<p><strong>Venerd\u00ec 8 luglio:\u00a0<\/strong>Carlo Corallo,<strong> Dumbo Gets Mad, C&#8217;mon Tigre, Kit Sebastian e Nu Genea Live Band,<\/strong> aftershow con i Freak Brothers (Pau dei Negrita e Roy Paci)<\/p>\n<p><strong>Sabato 9 luglio \u2013 SOLD OUT (<a href=\"https:\/\/dice.fm\/event\/6qyq2-mengo-fest-fabri-fibra-pericolo-speranza-9th-jul-mengo-music-fest-arezzo-tickets?_branch_match_id=994919162721523880&amp;_branch_referrer=H4sIAAAAAAAAA8soKSkottLXz8nMy9ZLyUxO1UvL1U9MC7UscfILDy5IAgCkSrK7IAAAAA%3D%3D\" target=\"_blank\" rel=\"noopener\">waiting list su DICE<\/a>):\u00a0<\/strong>Engeezo e G. Nicastro, Claver Gold, <strong>Speranza, Massimo Pericolo, Fabri Fibra<\/strong> e sftershow con il dj set di Klang Club.<\/p>\n<figure id=\"post-223545 media-223545\" class=\"align-none\"><img decoding=\"async\" src=\"https:\/\/www.intoscana.it\/wp-content\/uploads\/Copia-di-Fabri-Fibra_foto-di-MattiaGuolo_lancio-album-Caos-1-marzo-2022_m-scaled.jpg\" alt=\"\" \/><\/figure>\n<div class=\"titleimg\"><em>Fabri Fibra, foto di Mattia Guolo<\/em><\/div>\n<p>&nbsp;<\/p>\n","protected":false},"excerpt":{"rendered":"<p>Dal 5 al 9 luglio ad Arezzo arrivano:\u00a0Freak Brothers, Claver Gold, Nu Genea, C\u2019mon Tigre, Kit Sebastian, Ditonellapiaga, BNKR44, Speranza, Venerus, Psicologi, La Rappresentante di Lista,\u00a0Fabri Fibra, Massimo Pericolo<\/p>\n","protected":false},"author":525,"featured_media":234336,"comment_status":"open","ping_status":"open","sticky":false,"template":"","format":"standard","meta":{"_acf_changed":false,"footnotes":""},"categories":[14],"tags":[196,235,228],"class_list":["post-234338","post","type-post","status-publish","format-standard","has-post-thumbnail","hentry","category-musica","tag-arezzo","tag-estate","tag-festival"],"acf":[],"yoast_head":"<!-- This site is optimized with the Yoast SEO Premium plugin v24.2 (Yoast SEO v25.6) - https:\/\/yoast.com\/wordpress\/plugins\/seo\/ -->\n<title>Oltre 30 artisti e quattro serate a ingresso gratuito al Men\/Go Music Fest - intoscana<\/title>\n<meta name=\"description\" content=\"Dal 5 al 9 luglio ad Arezzo arrivano:\u00a0Nu Genea, C\u2019mon Tigre, Kit Sebastian, Ditonellapiaga, La Rappresentante di Lista,\u00a0Fabri Fibra\" \/>\n<meta name=\"robots\" content=\"index, follow, max-snippet:-1, max-image-preview:large, max-video-preview:-1\" \/>\n<link rel=\"canonical\" href=\"https:\/\/www.intoscana.it\/it\/oltre-30-artisti-e-quattro-serate-a-ingresso-gratuito-al-men-go-music-fest\/\" \/>\n<meta property=\"og:locale\" content=\"it_IT\" \/>\n<meta property=\"og:type\" content=\"article\" \/>\n<meta property=\"og:title\" content=\"Oltre 30 artisti e quattro serate a ingresso gratuito al Men\/Go Music Fest\" \/>\n<meta property=\"og:description\" content=\"Dal 5 al 9 luglio ad Arezzo arrivano:\u00a0Nu Genea, C\u2019mon Tigre, Kit Sebastian, Ditonellapiaga, La Rappresentante di Lista,\u00a0Fabri Fibra\" \/>\n<meta property=\"og:url\" content=\"https:\/\/www.intoscana.it\/it\/oltre-30-artisti-e-quattro-serate-a-ingresso-gratuito-al-men-go-music-fest\/\" \/>\n<meta property=\"og:site_name\" content=\"intoscana\" \/>\n<meta property=\"article:publisher\" content=\"https:\/\/www.facebook.com\/intoscana.it\" \/>\n<meta property=\"article:published_time\" content=\"2022-06-21T14:39:41+00:00\" \/>\n<meta property=\"article:modified_time\" content=\"2022-06-21T14:41:01+00:00\" \/>\n<meta property=\"og:image\" content=\"https:\/\/www.intoscana.it\/wp-content\/uploads\/MenGo-1.jpg\" \/>\n\t<meta property=\"og:image:width\" content=\"1200\" \/>\n\t<meta property=\"og:image:height\" content=\"628\" \/>\n\t<meta property=\"og:image:type\" content=\"image\/jpeg\" \/>\n<meta name=\"author\" content=\"Redazione\" \/>\n<meta name=\"twitter:card\" content=\"summary_large_image\" \/>\n<meta name=\"twitter:creator\" content=\"@intoscana\" \/>\n<meta name=\"twitter:site\" content=\"@intoscana\" \/>\n<meta name=\"twitter:label1\" content=\"Written by\" \/>\n\t<meta name=\"twitter:data1\" content=\"Redazione\" \/>\n\t<meta name=\"twitter:label2\" content=\"Est. reading time\" \/>\n\t<meta name=\"twitter:data2\" content=\"1 minuto\" \/>\n<script type=\"application\/ld+json\" class=\"yoast-schema-graph\">{\"@context\":\"https:\/\/schema.org\",\"@graph\":[{\"@type\":\"WebPage\",\"@id\":\"https:\/\/www.intoscana.it\/it\/oltre-30-artisti-e-quattro-serate-a-ingresso-gratuito-al-men-go-music-fest\/\",\"url\":\"https:\/\/www.intoscana.it\/it\/oltre-30-artisti-e-quattro-serate-a-ingresso-gratuito-al-men-go-music-fest\/\",\"name\":\"Oltre 30 artisti e quattro serate a ingresso gratuito al Men\/Go Music Fest - intoscana\",\"isPartOf\":{\"@id\":\"https:\/\/www.intoscana.it\/it\/#website\"},\"primaryImageOfPage\":{\"@id\":\"https:\/\/www.intoscana.it\/it\/oltre-30-artisti-e-quattro-serate-a-ingresso-gratuito-al-men-go-music-fest\/#primaryimage\"},\"image\":{\"@id\":\"https:\/\/www.intoscana.it\/it\/oltre-30-artisti-e-quattro-serate-a-ingresso-gratuito-al-men-go-music-fest\/#primaryimage\"},\"thumbnailUrl\":\"https:\/\/www.intoscana.it\/wp-content\/uploads\/MenGo-1.jpg\",\"datePublished\":\"2022-06-21T14:39:41+00:00\",\"dateModified\":\"2022-06-21T14:41:01+00:00\",\"author\":{\"@id\":\"https:\/\/www.intoscana.it\/it\/#\/schema\/person\/9223810753230f20bd670fdd322661f8\"},\"description\":\"Dal 5 al 9 luglio ad Arezzo arrivano:\u00a0Nu Genea, C\u2019mon Tigre, Kit Sebastian, Ditonellapiaga, La Rappresentante di Lista,\u00a0Fabri Fibra\",\"breadcrumb\":{\"@id\":\"https:\/\/www.intoscana.it\/it\/oltre-30-artisti-e-quattro-serate-a-ingresso-gratuito-al-men-go-music-fest\/#breadcrumb\"},\"inLanguage\":\"it-IT\",\"potentialAction\":[{\"@type\":\"ReadAction\",\"target\":[\"https:\/\/www.intoscana.it\/it\/oltre-30-artisti-e-quattro-serate-a-ingresso-gratuito-al-men-go-music-fest\/\"]}]},{\"@type\":\"ImageObject\",\"inLanguage\":\"it-IT\",\"@id\":\"https:\/\/www.intoscana.it\/it\/oltre-30-artisti-e-quattro-serate-a-ingresso-gratuito-al-men-go-music-fest\/#primaryimage\",\"url\":\"https:\/\/www.intoscana.it\/wp-content\/uploads\/MenGo-1.jpg\",\"contentUrl\":\"https:\/\/www.intoscana.it\/wp-content\/uploads\/MenGo-1.jpg\",\"width\":1200,\"height\":628},{\"@type\":\"BreadcrumbList\",\"@id\":\"https:\/\/www.intoscana.it\/it\/oltre-30-artisti-e-quattro-serate-a-ingresso-gratuito-al-men-go-music-fest\/#breadcrumb\",\"itemListElement\":[{\"@type\":\"ListItem\",\"position\":1,\"name\":\"Home\",\"item\":\"https:\/\/www.intoscana.it\/it\/\"},{\"@type\":\"ListItem\",\"position\":2,\"name\":\"Oltre 30 artisti e quattro serate a ingresso gratuito al Men\/Go Music Fest\"}]},{\"@type\":\"WebSite\",\"@id\":\"https:\/\/www.intoscana.it\/it\/#website\",\"url\":\"https:\/\/www.intoscana.it\/it\/\",\"name\":\"intoscana\",\"description\":\"\",\"potentialAction\":[{\"@type\":\"SearchAction\",\"target\":{\"@type\":\"EntryPoint\",\"urlTemplate\":\"https:\/\/www.intoscana.it\/it\/?s={search_term_string}\"},\"query-input\":{\"@type\":\"PropertyValueSpecification\",\"valueRequired\":true,\"valueName\":\"search_term_string\"}}],\"inLanguage\":\"it-IT\"},{\"@type\":\"Person\",\"@id\":\"https:\/\/www.intoscana.it\/it\/#\/schema\/person\/9223810753230f20bd670fdd322661f8\",\"name\":\"Redazione\",\"url\":\"https:\/\/www.intoscana.it\/it\/author\/redazione\/\"}]}<\/script>\n<!-- \/ Yoast SEO Premium plugin. -->","yoast_head_json":{"title":"Oltre 30 artisti e quattro serate a ingresso gratuito al Men\/Go Music Fest - intoscana","description":"Dal 5 al 9 luglio ad Arezzo arrivano:\u00a0Nu Genea, C\u2019mon Tigre, Kit Sebastian, Ditonellapiaga, La Rappresentante di Lista,\u00a0Fabri Fibra","robots":{"index":"index","follow":"follow","max-snippet":"max-snippet:-1","max-image-preview":"max-image-preview:large","max-video-preview":"max-video-preview:-1"},"canonical":"https:\/\/www.intoscana.it\/it\/oltre-30-artisti-e-quattro-serate-a-ingresso-gratuito-al-men-go-music-fest\/","og_locale":"it_IT","og_type":"article","og_title":"Oltre 30 artisti e quattro serate a ingresso gratuito al Men\/Go Music Fest","og_description":"Dal 5 al 9 luglio ad Arezzo arrivano:\u00a0Nu Genea, C\u2019mon Tigre, Kit Sebastian, Ditonellapiaga, La Rappresentante di Lista,\u00a0Fabri Fibra","og_url":"https:\/\/www.intoscana.it\/it\/oltre-30-artisti-e-quattro-serate-a-ingresso-gratuito-al-men-go-music-fest\/","og_site_name":"intoscana","article_publisher":"https:\/\/www.facebook.com\/intoscana.it","article_published_time":"2022-06-21T14:39:41+00:00","article_modified_time":"2022-06-21T14:41:01+00:00","og_image":[{"width":1200,"height":628,"url":"https:\/\/www.intoscana.it\/wp-content\/uploads\/MenGo-1.jpg","type":"image\/jpeg"}],"author":"Redazione","twitter_card":"summary_large_image","twitter_creator":"@intoscana","twitter_site":"@intoscana","twitter_misc":{"Written by":"Redazione","Est. reading time":"1 minuto"},"schema":{"@context":"https:\/\/schema.org","@graph":[{"@type":"WebPage","@id":"https:\/\/www.intoscana.it\/it\/oltre-30-artisti-e-quattro-serate-a-ingresso-gratuito-al-men-go-music-fest\/","url":"https:\/\/www.intoscana.it\/it\/oltre-30-artisti-e-quattro-serate-a-ingresso-gratuito-al-men-go-music-fest\/","name":"Oltre 30 artisti e quattro serate a ingresso gratuito al Men\/Go Music Fest - intoscana","isPartOf":{"@id":"https:\/\/www.intoscana.it\/it\/#website"},"primaryImageOfPage":{"@id":"https:\/\/www.intoscana.it\/it\/oltre-30-artisti-e-quattro-serate-a-ingresso-gratuito-al-men-go-music-fest\/#primaryimage"},"image":{"@id":"https:\/\/www.intoscana.it\/it\/oltre-30-artisti-e-quattro-serate-a-ingresso-gratuito-al-men-go-music-fest\/#primaryimage"},"thumbnailUrl":"https:\/\/www.intoscana.it\/wp-content\/uploads\/MenGo-1.jpg","datePublished":"2022-06-21T14:39:41+00:00","dateModified":"2022-06-21T14:41:01+00:00","author":{"@id":"https:\/\/www.intoscana.it\/it\/#\/schema\/person\/9223810753230f20bd670fdd322661f8"},"description":"Dal 5 al 9 luglio ad Arezzo arrivano:\u00a0Nu Genea, C\u2019mon Tigre, Kit Sebastian, Ditonellapiaga, La Rappresentante di Lista,\u00a0Fabri Fibra","breadcrumb":{"@id":"https:\/\/www.intoscana.it\/it\/oltre-30-artisti-e-quattro-serate-a-ingresso-gratuito-al-men-go-music-fest\/#breadcrumb"},"inLanguage":"it-IT","potentialAction":[{"@type":"ReadAction","target":["https:\/\/www.intoscana.it\/it\/oltre-30-artisti-e-quattro-serate-a-ingresso-gratuito-al-men-go-music-fest\/"]}]},{"@type":"ImageObject","inLanguage":"it-IT","@id":"https:\/\/www.intoscana.it\/it\/oltre-30-artisti-e-quattro-serate-a-ingresso-gratuito-al-men-go-music-fest\/#primaryimage","url":"https:\/\/www.intoscana.it\/wp-content\/uploads\/MenGo-1.jpg","contentUrl":"https:\/\/www.intoscana.it\/wp-content\/uploads\/MenGo-1.jpg","width":1200,"height":628},{"@type":"BreadcrumbList","@id":"https:\/\/www.intoscana.it\/it\/oltre-30-artisti-e-quattro-serate-a-ingresso-gratuito-al-men-go-music-fest\/#breadcrumb","itemListElement":[{"@type":"ListItem","position":1,"name":"Home","item":"https:\/\/www.intoscana.it\/it\/"},{"@type":"ListItem","position":2,"name":"Oltre 30 artisti e quattro serate a ingresso gratuito al Men\/Go Music Fest"}]},{"@type":"WebSite","@id":"https:\/\/www.intoscana.it\/it\/#website","url":"https:\/\/www.intoscana.it\/it\/","name":"intoscana","description":"","potentialAction":[{"@type":"SearchAction","target":{"@type":"EntryPoint","urlTemplate":"https:\/\/www.intoscana.it\/it\/?s={search_term_string}"},"query-input":{"@type":"PropertyValueSpecification","valueRequired":true,"valueName":"search_term_string"}}],"inLanguage":"it-IT"},{"@type":"Person","@id":"https:\/\/www.intoscana.it\/it\/#\/schema\/person\/9223810753230f20bd670fdd322661f8","name":"Redazione","url":"https:\/\/www.intoscana.it\/it\/author\/redazione\/"}]}},"_links":{"self":[{"href":"https:\/\/www.intoscana.it\/it\/wp-json\/wp\/v2\/posts\/234338","targetHints":{"allow":["GET"]}}],"collection":[{"href":"https:\/\/www.intoscana.it\/it\/wp-json\/wp\/v2\/posts"}],"about":[{"href":"https:\/\/www.intoscana.it\/it\/wp-json\/wp\/v2\/types\/post"}],"author":[{"embeddable":true,"href":"https:\/\/www.intoscana.it\/it\/wp-json\/wp\/v2\/users\/525"}],"replies":[{"embeddable":true,"href":"https:\/\/www.intoscana.it\/it\/wp-json\/wp\/v2\/comments?post=234338"}],"version-history":[{"count":0,"href":"https:\/\/www.intoscana.it\/it\/wp-json\/wp\/v2\/posts\/234338\/revisions"}],"wp:featuredmedia":[{"embeddable":true,"href":"https:\/\/www.intoscana.it\/it\/wp-json\/wp\/v2\/media\/234336"}],"wp:attachment":[{"href":"https:\/\/www.intoscana.it\/it\/wp-json\/wp\/v2\/media?parent=234338"}],"wp:term":[{"taxonomy":"category","embeddable":true,"href":"https:\/\/www.intoscana.it\/it\/wp-json\/wp\/v2\/categories?post=234338"},{"taxonomy":"post_tag","embeddable":true,"href":"https:\/\/www.intoscana.it\/it\/wp-json\/wp\/v2\/tags?post=234338"}],"curies":[{"name":"wp","href":"https:\/\/api.w.org\/{rel}","templated":true}]}}