{"id":234398,"date":"2022-06-22T09:32:11","date_gmt":"2022-06-22T07:32:11","guid":{"rendered":"https:\/\/www.intoscana.it\/it\/?p=234398"},"modified":"2022-06-22T13:56:41","modified_gmt":"2022-06-22T11:56:41","slug":"jovanotti-pubblica-sensibile-allestate-il-3-settembre-a-viareggio-e-gia-sold-out","status":"publish","type":"post","link":"https:\/\/www.intoscana.it\/it\/jovanotti-pubblica-sensibile-allestate-il-3-settembre-a-viareggio-e-gia-sold-out\/","title":{"rendered":"Jovanotti pubblica &#8220;Sensibile all&#8217;estate&#8221;: il 3 settembre a Viareggio \u00e8 gi\u00e0 sold out"},"content":{"rendered":"<p>Mentre<em><strong> &#8220;I Love you baby&#8221;<\/strong><\/em> \u00e8 ancora ai vertici delle classifiche radiofoniche e streaming arriva puntuale il <strong>21 giugno<\/strong> per il <strong>solstizio d&#8217;estate<\/strong>\u00a0il nuovo singolo di<strong> Lorenzo Jovanotti<\/strong>:\u00a0<em><strong>\u00a0&#8220;Sensibile all&#8217;estate&#8221;<\/strong><\/em>.<\/p>\n<p>E&#8217; una \u00a0nuova puntata del <em><strong>&#8220;Disco del sole&#8221;<\/strong><\/em> che si arricchisce cos\u00ec di un\u2019altra stagione musicale, continuando a scorrere in un flusso di brani costante che vanno pian piano a comporre il disco fisico e completo di prossima pubblicazione.<p><span class=\"citazione\"><em><strong>la vita mi ha messo addosso questo desiderio di veder rifiorire il mondo intorno a me<\/strong><\/em><\/span><\/p><\/p>\n<p><em><strong>&#8220;Sensibile all&#8217;estate&#8221;<\/strong><\/em> \u00e8 un pezzo deliziosamente<strong> &#8220;pop&#8221;<\/strong> che parla dell&#8217;abbronzatura delle prime giornate al mare, il sale tra i capelli e alla radio solo quelle canzoni che ti mettono di buon umore.<\/p>\n<p><strong>Una canzone \u201calla Jovanotti\u201d ma senza nessun clich\u00e9.<\/strong> Riconoscibile e fresca, la sua scrittura migliore al servizio di un sound immediato e accurato, per lasciarsi andare, fortunati e innamorati con la luce negli occhi tra le onde e la sabbia. Una colonna sonora che <strong>tocca il cuore e fa ballare.<\/strong><\/p>\n<p><iframe loading=\"lazy\" title=\"YouTube video player\" src=\"https:\/\/www.youtube.com\/embed\/O9q1KW-o6wo\" width=\"800\" height=\"500\" frameborder=\"0\" allowfullscreen=\"allowfullscreen\"><span data-mce-type=\"bookmark\" style=\"display: inline-block; width: 0px; overflow: hidden; line-height: 0;\" class=\"mce_SELRES_start\">\ufeff<\/span><\/iframe><\/p>\n<p><em><strong>\u201cSensibile all&#8217;estate \u00e8 pop come piace a me<\/strong>. <\/em><strong>\u2013 Ha dichiarato Lorenzo<\/strong><em>\u2013 \u00c8 nata, come succede spesso alle mie canzoni, da un testo che ha preso forma direi addirittura nel corso degli anni. Prima di trovare la sua musica e il mood giusto ha passato una trentina di arrangiamenti e di idee di produzione. Ormai \u00e8 una specie di tradizione, capita spesso che certe canzoni cerchino s\u00e9 stesse per una vita, e quando poi raggiungono la meta ecco che arrivano anche ai cuori. Speriamo sia cosi anche stavolta, perch\u00e9 amo avere una mia canzone che gira d\u2019estate e soprattutto perch\u00e9 amo questo pezzo.<br \/>\n<\/em><br \/>\n<em>Avevo appuntato il titolo, <strong>Sensibile all&#8217;estate<\/strong> pensando che un giorno ci sarebbe nata intorno una canzone da jukebox. E, sebbene i jukebox non ci siano pi\u00f9 da un bel pezzo, le canzoni ispirate trovano sempre un modo per spandersi nell\u2019aria estiva.<br \/>\n<\/em><br \/>\n<em>Poi \u00e8 stata la vita a darmi il resto delle parole,<strong> la vita che mi ha messo addosso questo desiderio di veder rifiorire il mondo intorno a me.<\/strong> Se ci fate caso la \u201cprima persona\u201d che canta i versi di sensibile all\u2019estate lo fa come se avesse il potere di far accadere le cose, e questa sensazione ce l\u2019hai solo quando \u00e8 l\u2019amore a suscitarla.<strong> L\u2019amore \u00e8 la potenza creativa e magica pi\u00f9 forte che c\u2019\u00e8 e riesce davvero a far sorgere il sole<\/strong>, a guidare gli oroscopi e.\u2026 a ipnotizzare i programmatori delle radio (cosa che spero di fare con questa canzone :-)).<br \/>\n<\/em><br \/>\n<em>Ne avevo completata una versione che mi soddisfaceva ma aveva un arrangiamento molto minimale e ricercato e ogni volta che la ascoltavo sentivo che sebbene mi piacesse non era ancora accogliente come meritava di essere, cos\u00ec <strong>passando da New York qualche settimana fa ho cercato Sixpm che era in citt\u00e0.<\/strong> Gli ho chiesto di lavorarci insieme per dare al pezzo un trattamento che lo rendesse pi\u00f9 diretto e pop (misteriosa parola di cui nessuno sa dare una definizione ma che tutti riconoscono quando \u00e8 il momento) evidenziando groove, testo <strong>e linea melodica. Lui \u00e8 molto bravo, ha un approccio produttivo che mi piace molto.<\/strong><\/em><br \/>\n<strong><em>Buona estate a tutti i sensibili!\u201d<\/em><\/strong><\/p>\n<figure id=\"post-234401 media-234401\" class=\"align-none\"><img decoding=\"async\" src=\"https:\/\/www.intoscana.it\/wp-content\/uploads\/maikid_fermo_-3315-scaled.jpg\" alt=\"\" \/><\/figure>\n<h3>Jova Beach Party<\/h3>\n<p>Intanto tutto pronto per il debutto della grande festa del<a href=\"https:\/\/www.intoscana.it\/it\/articolo\/jova-beach-party-a-viareggio-stessa-spiaggia-stesso-mare-per-il-tour-2022\/\" target=\"_blank\" rel=\"noopener\"><strong> Jova Beach Party<\/strong> <\/a>che registra gi\u00e0 i primi sold out: sabato 2 luglio a <strong>Lignano Sabbiadoro,<\/strong> sabato 9 luglio a <strong>Marina di Ravenna,<\/strong> sabato 30 luglio a <strong>Barletta<\/strong>, e sabato 3 settembre a<strong> Viareggio<\/strong>.<\/p>\n<p>Per la Toscana restano sempre disponibili i biglietti per <strong>venerd\u00ec 2 settembre, <\/strong>acquistabili sui circuiti <strong>www.ticketone.it, www.ticketmaster.it<\/strong> e <strong>www.ciaotickets.com.<\/strong><\/p>\n","protected":false},"excerpt":{"rendered":"<p>In attesa del Jova Beach Party esce una canzone &#8216;pop&#8217; che parla dell&#8217;abbronzatura delle prime giornate al mare, Lorenzo: &#8220;L\u2019amore \u00e8 la potenza creativa e magica pi\u00f9 forte che c\u2019\u00e8 e riesce davvero a far sorgere il sole&#8221;<\/p>\n","protected":false},"author":525,"featured_media":234400,"comment_status":"open","ping_status":"open","sticky":false,"template":"","format":"standard","meta":{"_acf_changed":false,"footnotes":""},"categories":[14],"tags":[216,4989,275],"class_list":["post-234398","post","type-post","status-publish","format-standard","has-post-thumbnail","hentry","category-musica","tag-concerti","tag-jovanotti","tag-viareggio"],"acf":[],"yoast_head":"<!-- This site is optimized with the Yoast SEO Premium plugin v24.2 (Yoast SEO v25.6) - https:\/\/yoast.com\/wordpress\/plugins\/seo\/ -->\n<title>Jovanotti pubblica &quot;Sensibile all&#039;estate&quot;: il 3 settembre a Viareggio \u00e8 gi\u00e0 sold out - intoscana<\/title>\n<meta name=\"description\" content=\"In attesa del Jova Beach Party esce una canzone &#039;pop&#039; che parla dell&#039;abbronzatura delle prime giornate al mare\" \/>\n<meta name=\"robots\" content=\"index, follow, max-snippet:-1, max-image-preview:large, max-video-preview:-1\" \/>\n<link rel=\"canonical\" href=\"https:\/\/www.intoscana.it\/it\/jovanotti-pubblica-sensibile-allestate-il-3-settembre-a-viareggio-e-gia-sold-out\/\" \/>\n<meta property=\"og:locale\" content=\"it_IT\" \/>\n<meta property=\"og:type\" content=\"article\" \/>\n<meta property=\"og:title\" content=\"Jovanotti pubblica &quot;Sensibile all&#039;estate&quot;: il 3 settembre a Viareggio \u00e8 gi\u00e0 sold out\" \/>\n<meta property=\"og:description\" content=\"In attesa del Jova Beach Party esce una canzone &#039;pop&#039; che parla dell&#039;abbronzatura delle prime giornate al mare\" \/>\n<meta property=\"og:url\" content=\"https:\/\/www.intoscana.it\/it\/jovanotti-pubblica-sensibile-allestate-il-3-settembre-a-viareggio-e-gia-sold-out\/\" \/>\n<meta property=\"og:site_name\" content=\"intoscana\" \/>\n<meta property=\"article:publisher\" content=\"https:\/\/www.facebook.com\/intoscana.it\" \/>\n<meta property=\"article:published_time\" content=\"2022-06-22T07:32:11+00:00\" \/>\n<meta property=\"article:modified_time\" content=\"2022-06-22T11:56:41+00:00\" \/>\n<meta property=\"og:image\" content=\"https:\/\/www.intoscana.it\/wp-content\/uploads\/Foto-21-09-19-14-44-13-Linate-scaled.jpg\" \/>\n\t<meta property=\"og:image:width\" content=\"2048\" \/>\n\t<meta property=\"og:image:height\" content=\"1365\" \/>\n\t<meta property=\"og:image:type\" content=\"image\/jpeg\" \/>\n<meta name=\"author\" content=\"Redazione\" \/>\n<meta name=\"twitter:card\" content=\"summary_large_image\" \/>\n<meta name=\"twitter:creator\" content=\"@intoscana\" \/>\n<meta name=\"twitter:site\" content=\"@intoscana\" \/>\n<meta name=\"twitter:label1\" content=\"Written by\" \/>\n\t<meta name=\"twitter:data1\" content=\"Redazione\" \/>\n\t<meta name=\"twitter:label2\" content=\"Est. reading time\" \/>\n\t<meta name=\"twitter:data2\" content=\"3 minuti\" \/>\n<script type=\"application\/ld+json\" class=\"yoast-schema-graph\">{\"@context\":\"https:\/\/schema.org\",\"@graph\":[{\"@type\":\"WebPage\",\"@id\":\"https:\/\/www.intoscana.it\/it\/jovanotti-pubblica-sensibile-allestate-il-3-settembre-a-viareggio-e-gia-sold-out\/\",\"url\":\"https:\/\/www.intoscana.it\/it\/jovanotti-pubblica-sensibile-allestate-il-3-settembre-a-viareggio-e-gia-sold-out\/\",\"name\":\"Jovanotti pubblica \\\"Sensibile all'estate\\\": il 3 settembre a Viareggio \u00e8 gi\u00e0 sold out - intoscana\",\"isPartOf\":{\"@id\":\"https:\/\/www.intoscana.it\/it\/#website\"},\"primaryImageOfPage\":{\"@id\":\"https:\/\/www.intoscana.it\/it\/jovanotti-pubblica-sensibile-allestate-il-3-settembre-a-viareggio-e-gia-sold-out\/#primaryimage\"},\"image\":{\"@id\":\"https:\/\/www.intoscana.it\/it\/jovanotti-pubblica-sensibile-allestate-il-3-settembre-a-viareggio-e-gia-sold-out\/#primaryimage\"},\"thumbnailUrl\":\"https:\/\/www.intoscana.it\/wp-content\/uploads\/Foto-21-09-19-14-44-13-Linate-scaled.jpg\",\"datePublished\":\"2022-06-22T07:32:11+00:00\",\"dateModified\":\"2022-06-22T11:56:41+00:00\",\"author\":{\"@id\":\"https:\/\/www.intoscana.it\/it\/#\/schema\/person\/9223810753230f20bd670fdd322661f8\"},\"description\":\"In attesa del Jova Beach Party esce una canzone 'pop' che parla dell'abbronzatura delle prime giornate al mare\",\"breadcrumb\":{\"@id\":\"https:\/\/www.intoscana.it\/it\/jovanotti-pubblica-sensibile-allestate-il-3-settembre-a-viareggio-e-gia-sold-out\/#breadcrumb\"},\"inLanguage\":\"it-IT\",\"potentialAction\":[{\"@type\":\"ReadAction\",\"target\":[\"https:\/\/www.intoscana.it\/it\/jovanotti-pubblica-sensibile-allestate-il-3-settembre-a-viareggio-e-gia-sold-out\/\"]}]},{\"@type\":\"ImageObject\",\"inLanguage\":\"it-IT\",\"@id\":\"https:\/\/www.intoscana.it\/it\/jovanotti-pubblica-sensibile-allestate-il-3-settembre-a-viareggio-e-gia-sold-out\/#primaryimage\",\"url\":\"https:\/\/www.intoscana.it\/wp-content\/uploads\/Foto-21-09-19-14-44-13-Linate-scaled.jpg\",\"contentUrl\":\"https:\/\/www.intoscana.it\/wp-content\/uploads\/Foto-21-09-19-14-44-13-Linate-scaled.jpg\",\"width\":2048,\"height\":1365,\"caption\":\"Processed with VSCO with l4 preset\"},{\"@type\":\"BreadcrumbList\",\"@id\":\"https:\/\/www.intoscana.it\/it\/jovanotti-pubblica-sensibile-allestate-il-3-settembre-a-viareggio-e-gia-sold-out\/#breadcrumb\",\"itemListElement\":[{\"@type\":\"ListItem\",\"position\":1,\"name\":\"Home\",\"item\":\"https:\/\/www.intoscana.it\/it\/\"},{\"@type\":\"ListItem\",\"position\":2,\"name\":\"Jovanotti pubblica &#8220;Sensibile all&#8217;estate&#8221;: il 3 settembre a Viareggio \u00e8 gi\u00e0 sold out\"}]},{\"@type\":\"WebSite\",\"@id\":\"https:\/\/www.intoscana.it\/it\/#website\",\"url\":\"https:\/\/www.intoscana.it\/it\/\",\"name\":\"intoscana\",\"description\":\"\",\"potentialAction\":[{\"@type\":\"SearchAction\",\"target\":{\"@type\":\"EntryPoint\",\"urlTemplate\":\"https:\/\/www.intoscana.it\/it\/?s={search_term_string}\"},\"query-input\":{\"@type\":\"PropertyValueSpecification\",\"valueRequired\":true,\"valueName\":\"search_term_string\"}}],\"inLanguage\":\"it-IT\"},{\"@type\":\"Person\",\"@id\":\"https:\/\/www.intoscana.it\/it\/#\/schema\/person\/9223810753230f20bd670fdd322661f8\",\"name\":\"Redazione\",\"url\":\"https:\/\/www.intoscana.it\/it\/author\/redazione\/\"}]}<\/script>\n<!-- \/ Yoast SEO Premium plugin. -->","yoast_head_json":{"title":"Jovanotti pubblica \"Sensibile all'estate\": il 3 settembre a Viareggio \u00e8 gi\u00e0 sold out - intoscana","description":"In attesa del Jova Beach Party esce una canzone 'pop' che parla dell'abbronzatura delle prime giornate al mare","robots":{"index":"index","follow":"follow","max-snippet":"max-snippet:-1","max-image-preview":"max-image-preview:large","max-video-preview":"max-video-preview:-1"},"canonical":"https:\/\/www.intoscana.it\/it\/jovanotti-pubblica-sensibile-allestate-il-3-settembre-a-viareggio-e-gia-sold-out\/","og_locale":"it_IT","og_type":"article","og_title":"Jovanotti pubblica \"Sensibile all'estate\": il 3 settembre a Viareggio \u00e8 gi\u00e0 sold out","og_description":"In attesa del Jova Beach Party esce una canzone 'pop' che parla dell'abbronzatura delle prime giornate al mare","og_url":"https:\/\/www.intoscana.it\/it\/jovanotti-pubblica-sensibile-allestate-il-3-settembre-a-viareggio-e-gia-sold-out\/","og_site_name":"intoscana","article_publisher":"https:\/\/www.facebook.com\/intoscana.it","article_published_time":"2022-06-22T07:32:11+00:00","article_modified_time":"2022-06-22T11:56:41+00:00","og_image":[{"width":2048,"height":1365,"url":"https:\/\/www.intoscana.it\/wp-content\/uploads\/Foto-21-09-19-14-44-13-Linate-scaled.jpg","type":"image\/jpeg"}],"author":"Redazione","twitter_card":"summary_large_image","twitter_creator":"@intoscana","twitter_site":"@intoscana","twitter_misc":{"Written by":"Redazione","Est. reading time":"3 minuti"},"schema":{"@context":"https:\/\/schema.org","@graph":[{"@type":"WebPage","@id":"https:\/\/www.intoscana.it\/it\/jovanotti-pubblica-sensibile-allestate-il-3-settembre-a-viareggio-e-gia-sold-out\/","url":"https:\/\/www.intoscana.it\/it\/jovanotti-pubblica-sensibile-allestate-il-3-settembre-a-viareggio-e-gia-sold-out\/","name":"Jovanotti pubblica \"Sensibile all'estate\": il 3 settembre a Viareggio \u00e8 gi\u00e0 sold out - intoscana","isPartOf":{"@id":"https:\/\/www.intoscana.it\/it\/#website"},"primaryImageOfPage":{"@id":"https:\/\/www.intoscana.it\/it\/jovanotti-pubblica-sensibile-allestate-il-3-settembre-a-viareggio-e-gia-sold-out\/#primaryimage"},"image":{"@id":"https:\/\/www.intoscana.it\/it\/jovanotti-pubblica-sensibile-allestate-il-3-settembre-a-viareggio-e-gia-sold-out\/#primaryimage"},"thumbnailUrl":"https:\/\/www.intoscana.it\/wp-content\/uploads\/Foto-21-09-19-14-44-13-Linate-scaled.jpg","datePublished":"2022-06-22T07:32:11+00:00","dateModified":"2022-06-22T11:56:41+00:00","author":{"@id":"https:\/\/www.intoscana.it\/it\/#\/schema\/person\/9223810753230f20bd670fdd322661f8"},"description":"In attesa del Jova Beach Party esce una canzone 'pop' che parla dell'abbronzatura delle prime giornate al mare","breadcrumb":{"@id":"https:\/\/www.intoscana.it\/it\/jovanotti-pubblica-sensibile-allestate-il-3-settembre-a-viareggio-e-gia-sold-out\/#breadcrumb"},"inLanguage":"it-IT","potentialAction":[{"@type":"ReadAction","target":["https:\/\/www.intoscana.it\/it\/jovanotti-pubblica-sensibile-allestate-il-3-settembre-a-viareggio-e-gia-sold-out\/"]}]},{"@type":"ImageObject","inLanguage":"it-IT","@id":"https:\/\/www.intoscana.it\/it\/jovanotti-pubblica-sensibile-allestate-il-3-settembre-a-viareggio-e-gia-sold-out\/#primaryimage","url":"https:\/\/www.intoscana.it\/wp-content\/uploads\/Foto-21-09-19-14-44-13-Linate-scaled.jpg","contentUrl":"https:\/\/www.intoscana.it\/wp-content\/uploads\/Foto-21-09-19-14-44-13-Linate-scaled.jpg","width":2048,"height":1365,"caption":"Processed with VSCO with l4 preset"},{"@type":"BreadcrumbList","@id":"https:\/\/www.intoscana.it\/it\/jovanotti-pubblica-sensibile-allestate-il-3-settembre-a-viareggio-e-gia-sold-out\/#breadcrumb","itemListElement":[{"@type":"ListItem","position":1,"name":"Home","item":"https:\/\/www.intoscana.it\/it\/"},{"@type":"ListItem","position":2,"name":"Jovanotti pubblica &#8220;Sensibile all&#8217;estate&#8221;: il 3 settembre a Viareggio \u00e8 gi\u00e0 sold out"}]},{"@type":"WebSite","@id":"https:\/\/www.intoscana.it\/it\/#website","url":"https:\/\/www.intoscana.it\/it\/","name":"intoscana","description":"","potentialAction":[{"@type":"SearchAction","target":{"@type":"EntryPoint","urlTemplate":"https:\/\/www.intoscana.it\/it\/?s={search_term_string}"},"query-input":{"@type":"PropertyValueSpecification","valueRequired":true,"valueName":"search_term_string"}}],"inLanguage":"it-IT"},{"@type":"Person","@id":"https:\/\/www.intoscana.it\/it\/#\/schema\/person\/9223810753230f20bd670fdd322661f8","name":"Redazione","url":"https:\/\/www.intoscana.it\/it\/author\/redazione\/"}]}},"_links":{"self":[{"href":"https:\/\/www.intoscana.it\/it\/wp-json\/wp\/v2\/posts\/234398","targetHints":{"allow":["GET"]}}],"collection":[{"href":"https:\/\/www.intoscana.it\/it\/wp-json\/wp\/v2\/posts"}],"about":[{"href":"https:\/\/www.intoscana.it\/it\/wp-json\/wp\/v2\/types\/post"}],"author":[{"embeddable":true,"href":"https:\/\/www.intoscana.it\/it\/wp-json\/wp\/v2\/users\/525"}],"replies":[{"embeddable":true,"href":"https:\/\/www.intoscana.it\/it\/wp-json\/wp\/v2\/comments?post=234398"}],"version-history":[{"count":0,"href":"https:\/\/www.intoscana.it\/it\/wp-json\/wp\/v2\/posts\/234398\/revisions"}],"wp:featuredmedia":[{"embeddable":true,"href":"https:\/\/www.intoscana.it\/it\/wp-json\/wp\/v2\/media\/234400"}],"wp:attachment":[{"href":"https:\/\/www.intoscana.it\/it\/wp-json\/wp\/v2\/media?parent=234398"}],"wp:term":[{"taxonomy":"category","embeddable":true,"href":"https:\/\/www.intoscana.it\/it\/wp-json\/wp\/v2\/categories?post=234398"},{"taxonomy":"post_tag","embeddable":true,"href":"https:\/\/www.intoscana.it\/it\/wp-json\/wp\/v2\/tags?post=234398"}],"curies":[{"name":"wp","href":"https:\/\/api.w.org\/{rel}","templated":true}]}}