{"id":234404,"date":"2022-06-22T10:48:53","date_gmt":"2022-06-22T08:48:53","guid":{"rendered":"https:\/\/www.intoscana.it\/it\/?p=234404"},"modified":"2022-06-23T15:49:24","modified_gmt":"2022-06-23T13:49:24","slug":"pubblica-amministrazione-innovativa-menzione-speciale-per-invest-in-tuscany-al-premio-sda-bocconi","status":"publish","type":"post","link":"https:\/\/www.intoscana.it\/it\/pubblica-amministrazione-innovativa-menzione-speciale-per-invest-in-tuscany-al-premio-sda-bocconi\/","title":{"rendered":"Pubblica amministrazione innovativa: menzione speciale per Invest in Tuscany al premio Sda Bocconi"},"content":{"rendered":"<p>Una menzione speciale per <strong>Invest in Tuscany<\/strong> al premio <a href=\"https:\/\/www.sdabocconi.it\/it\/home\" target=\"_blank\" rel=\"noopener\"><strong>Sda Bocconi<\/strong><\/a>, l&#8217;evento che seleziona i migliori progetti digitali e innovativi delle pubbliche amministrazioni italiane. <mark>Il progetto della <strong>Regione Toscana<\/strong>, nato per favorire e promuovere opportunit\u00e0 economiche tra imprenditori locali e stranieri attraverso un coordinamento tra pubblico e privato, ha ricevuto un riconoscimento speciale nella categoria &#8220;Lavoro e sviluppo economico e imprenditoriale&#8221;.<\/mark><\/p>\n<p>La motivazione: <em>&#8220;Tra gli elementi distintivi del progetto rientrano: la presenza di una manodopera qualificata, con competenze scientifiche\/tecnologiche di alto livello grazie al sistema universitario ben posizionato nei ranking internazionali, un\u2019elevata qualita\u0300 della vita e la presenza di Governo regionale proattivo nel settore. Inoltre, la flessibilita\u0300 e l\u2019operativita\u0300 dell\u2019approccio scelto, la partnership con gli appartenenti alla rete e l\u2019attenzione ai \u201ctempi\u201d di ascolto e risposta, hanno impattato positivamente nel rapporto con il territorio e con le imprese impegnate in dinamiche concorrenziali&#8221;.<\/em><\/p>\n<h3><em>Cosa \u00e8 il premio Sda Bocconi<\/em><\/h3>\n<p>Un evento nato per premiare i progetti delle pubbliche amministrazioni che si sono distinti nell&#8217;ultimo anno. Il titolo \u00e8, non a caso, \u201cValore Pubblico \u2013 La Pubblica Amministrazione che funziona\u201d, nato dalla collaborazione tra SDA Bocconi e il Gruppo editoriale GEDI, con il patrocinio del Ministero per la Pubblica Amministrazione, dell\u2019Anci-Associazione nazionale Comuni italiani e dell\u2019Upi &#8211; Unione Province italiane. L\u2019iniziativa si colloca all\u2019interno del progetto \u201cSDABocconi4Gov &#8211; Una PA per costruire il futuro&#8221;, nato per supportare i profondi processi di cambiamento del settore pubblico richiesti dal Pnrr e ha l\u2019obiettivo di selezionare e premiare concrete esperienze ad alto impatto e innovazione messe in atto dalle pubbliche amministrazioni.<\/p>\n<p>L&#8217;evento finale si \u00e8 tenuto lo scorso <mark>20 giugno, nel campus dell&#8217;Universit\u00e0 Bocconi di Milano. A premiare, il ministro per la Pubblica amministrazione <strong>Renato Brunetta<\/strong><\/p>\n<p>A questa edizione hanno partecipato oltre [mark]130 enti e imprese pubbliche con ben 179 progetti suddivisi in dieci ambiti tematici: Sostenibilit\u00e0, Semplificazione, Lavoro, Innovazione e creativit\u00e0, Digitalizzazione, Innovazione digitali, Diversit\u00e0, Nuove fragilit\u00e0, Cultura e turismo, Sport.<\/mark> La selezione ha seguito sostanzialmente tre criteri di valutazione: il grado di innovazione rispetto alle pratiche gi\u00e0 in uso, i risultati misurabili e significativi ottenuti e la riproducibilit\u00e0 e scalabilit\u00e0 in altri contesti.<br \/>\n35 sono stati i progetti premiati durante l\u2019evento conclusivo e 38 quelli che sono stati segnalati con una menzione speciale.<\/p>\n<h3><em>I progetti toscani premiati<\/em><\/h3>\n<p>Oltre a <a href=\"https:\/\/www.investintuscany.com\/\" target=\"_blank\" rel=\"noopener\">Invest in Tuscany<\/a>, sono diversi i riconoscimenti andati alle realt\u00e0 toscane.<\/p>\n<p>All&#8217;<strong>Azienda ospedaliera universitaria pisana<\/strong> \u00e8 andato il &#8220;premio semplificazione&#8221; per i progetto di <strong>Self-accettazione<\/strong>, che permette all\u2019utente di gestire da remoto e in autonomia le pratiche amministrative di accesso e di accomodamento nelle sale di attesa con il supporto dei sistemi digitali. \u00c8 stato scelto perch\u00e9, come si legge, <mark><em>&#8220;ha portato alla riduzione degli sprechi nel percorso ambulatoriale del paziente, valorizzando la qualita\u0300 del servizio e riducendo i costi<\/mark> derivanti da precedenti inefficienze. Il pieno valore del progetto sara\u0300 ulteriormente apprezzabile nel momento in cui la progettualita\u0300 verra\u0300 estesa a tutti i Dipartimenti trasformando l\u2019Azienda Ospedaliero Universitaria Pisana in best practice&#8221;<\/em>.<\/p>\n<p>All\u2019<strong>ospedale pediatrico Meyer di Firenze<\/strong> \u00e8 andato il r<a href=\"https:\/\/www.intoscana.it\/it\/articolo\/il-meyer-premiato-per-innovazione-e-creativita-dalla-bocconi\/\" target=\"_blank\" rel=\"noopener\">iconoscimento per l\u2019innovazione e la creativit\u00e0 grazie al nuovo <strong>Family Center<\/strong><\/a><strong>.<\/strong> Inaugurato a dicembre del 2021, \u00e8 costato due milioni di euro, di cui un milione e 650mila fondi statali messi a \u00a0disposizione dalla Regione. Il nuovo modello mette al centro la famiglia e le sue esigenze e l\u2019accoglienza avviene adesso in un nuovo edificio, ecosostenibile ed integrato con l\u2019ambiente circostante, al centro del grande parco dell\u2019ospedale: cinquecento metri quadri di caldo e luminoso salotto con giochi per intrattenere i bambini.<\/p>\n<p>Premio &#8220;diversit\u00e0 e inclusione&#8221; per il progetto <strong>&#8220;Uffizi per tutti&#8221;<\/strong> del museo fiorentino, nato per agevolare la visita della Galleria a persone con <strong>disabilita\u0300<\/strong>. Nello specifico: Uffizi Activity Bag agevola le persone con disabilita\u0300 cognitive e autistiche, le schede educative alternative sono comprensibili indipendentemente dalla lingua parlata, i video LIS e IS agevolano le persone sorde, mentre il libro tattile \u201cSandro Botticelli. Primavera\u201d agevola le persone cieche e ipovedenti nella comprensione di uno dei massimi capolavori degli Uffizi.<\/p>\n<p>Alla <strong>Camera di Commercio Firenze<\/strong> \u00e8 andato il riconoscimento &#8220;sostenibilit\u00e0&#8221;, con il progetto <em>&#8220;Formazione ambiente e sostenibilita\u0300&#8221;<\/em> per aiutare soprattutto le piccole e medie imprese a soddisfare i requisiti ambientali previsti dalla normativa per affrontare sfide future e sostenere la transizione verso un\u2019economia circolare. Significativi i risultati: i 50 eventi organizzati hanno coinvolto 6.095 imprese ed enti, con un indice di gra- dimento molto positivo.<\/p>\n<p>Menzione speciale anche alla <strong>Provincia di Lucca<\/strong>, con il piano integrato di attivit\u00e0 e organizzazione. La motivazione: <em>&#8220;Gli elementi di innovazione sono stati: l\u2019anticipazione nel DUP degli elementi caratteristici del piano integrato, la rilevazione del valore pubblico perseguito e misurabile, la misurazione mediante \u201cpunti di controllo\u201d intermedi e l\u2019introduzione di un unico obiettivo di performance per ridare nuovo slancio al governo dei territori condividendone la programmazione delle politiche di medio e lungo termine&#8221;.<\/em><\/p>\n","protected":false},"excerpt":{"rendered":"<p>Riconoscimento al progetto della Regione Toscana per &#8220;l&#8217;impatto positivo sulle imprese&#8221;. Premiate anche altre realt\u00e0 toscane: gli Uffizi, l&#8217;Azienda universitaria pisana, il Meyer, la Provincia di Lucca e la Camera di Commercio di Firenze<\/p>\n","protected":false},"author":545,"featured_media":234710,"comment_status":"open","ping_status":"open","sticky":false,"template":"","format":"standard","meta":{"_acf_changed":false,"footnotes":""},"categories":[475],"tags":[1641],"class_list":["post-234404","post","type-post","status-publish","format-standard","has-post-thumbnail","hentry","category-innovazione","tag-invest-in-tuscany"],"acf":[],"yoast_head":"<!-- This site is optimized with the Yoast SEO Premium plugin v24.2 (Yoast SEO v25.6) - https:\/\/yoast.com\/wordpress\/plugins\/seo\/ -->\n<title>Pubblica amministrazione innovativa: menzione speciale per Invest in Tuscany al premio Sda Bocconi - intoscana<\/title>\n<meta name=\"description\" content=\"Riconoscimento al progetto della Regione Toscana per &quot;l&#039;impatto positivo sulle imprese&quot;. Premiate anche altre realt\u00e0 toscane: gli Uffizi, l&#039;azienda universitaria pisana, il Meyer, la Provincia di Lucca e la Camera di Commercio di Firenze\" \/>\n<meta name=\"robots\" content=\"index, follow, max-snippet:-1, max-image-preview:large, max-video-preview:-1\" \/>\n<link rel=\"canonical\" href=\"https:\/\/www.intoscana.it\/it\/pubblica-amministrazione-innovativa-menzione-speciale-per-invest-in-tuscany-al-premio-sda-bocconi\/\" \/>\n<meta property=\"og:locale\" content=\"it_IT\" \/>\n<meta property=\"og:type\" content=\"article\" \/>\n<meta property=\"og:title\" content=\"Pubblica amministrazione innovativa: menzione speciale per Invest in Tuscany al premio Sda Bocconi\" \/>\n<meta property=\"og:description\" content=\"Riconoscimento al progetto della Regione Toscana per &quot;l&#039;impatto positivo sulle imprese&quot;. Premiate anche altre realt\u00e0 toscane: gli Uffizi, l&#039;azienda universitaria pisana, il Meyer, la Provincia di Lucca e la Camera di Commercio di Firenze\" \/>\n<meta property=\"og:url\" content=\"https:\/\/www.intoscana.it\/it\/pubblica-amministrazione-innovativa-menzione-speciale-per-invest-in-tuscany-al-premio-sda-bocconi\/\" \/>\n<meta property=\"og:site_name\" content=\"intoscana\" \/>\n<meta property=\"article:publisher\" content=\"https:\/\/www.facebook.com\/intoscana.it\" \/>\n<meta property=\"article:published_time\" content=\"2022-06-22T08:48:53+00:00\" \/>\n<meta property=\"article:modified_time\" content=\"2022-06-23T13:49:24+00:00\" \/>\n<meta property=\"og:image\" content=\"https:\/\/www.intoscana.it\/wp-content\/uploads\/invest-in-Tuscany-premiata-da-Sda-Bocconi-scaled.jpg\" \/>\n\t<meta property=\"og:image:width\" content=\"2048\" \/>\n\t<meta property=\"og:image:height\" content=\"1365\" \/>\n\t<meta property=\"og:image:type\" content=\"image\/jpeg\" \/>\n<meta name=\"author\" content=\"Clara D&#039;Acunto\" \/>\n<meta name=\"twitter:card\" content=\"summary_large_image\" \/>\n<meta name=\"twitter:creator\" content=\"@intoscana\" \/>\n<meta name=\"twitter:site\" content=\"@intoscana\" \/>\n<meta name=\"twitter:label1\" content=\"Written by\" \/>\n\t<meta name=\"twitter:data1\" content=\"Clara D&#039;Acunto\" \/>\n\t<meta name=\"twitter:label2\" content=\"Est. reading time\" \/>\n\t<meta name=\"twitter:data2\" content=\"4 minuti\" \/>\n<script type=\"application\/ld+json\" class=\"yoast-schema-graph\">{\"@context\":\"https:\/\/schema.org\",\"@graph\":[{\"@type\":\"WebPage\",\"@id\":\"https:\/\/www.intoscana.it\/it\/pubblica-amministrazione-innovativa-menzione-speciale-per-invest-in-tuscany-al-premio-sda-bocconi\/\",\"url\":\"https:\/\/www.intoscana.it\/it\/pubblica-amministrazione-innovativa-menzione-speciale-per-invest-in-tuscany-al-premio-sda-bocconi\/\",\"name\":\"Pubblica amministrazione innovativa: menzione speciale per Invest in Tuscany al premio Sda Bocconi - intoscana\",\"isPartOf\":{\"@id\":\"https:\/\/www.intoscana.it\/it\/#website\"},\"primaryImageOfPage\":{\"@id\":\"https:\/\/www.intoscana.it\/it\/pubblica-amministrazione-innovativa-menzione-speciale-per-invest-in-tuscany-al-premio-sda-bocconi\/#primaryimage\"},\"image\":{\"@id\":\"https:\/\/www.intoscana.it\/it\/pubblica-amministrazione-innovativa-menzione-speciale-per-invest-in-tuscany-al-premio-sda-bocconi\/#primaryimage\"},\"thumbnailUrl\":\"https:\/\/www.intoscana.it\/wp-content\/uploads\/invest-in-Tuscany-premiata-da-Sda-Bocconi-scaled.jpg\",\"datePublished\":\"2022-06-22T08:48:53+00:00\",\"dateModified\":\"2022-06-23T13:49:24+00:00\",\"author\":{\"@id\":\"https:\/\/www.intoscana.it\/it\/#\/schema\/person\/137419af9ef5d385bde52864a841e6ce\"},\"description\":\"Riconoscimento al progetto della Regione Toscana per \\\"l'impatto positivo sulle imprese\\\". Premiate anche altre realt\u00e0 toscane: gli Uffizi, l'azienda universitaria pisana, il Meyer, la Provincia di Lucca e la Camera di Commercio di Firenze\",\"breadcrumb\":{\"@id\":\"https:\/\/www.intoscana.it\/it\/pubblica-amministrazione-innovativa-menzione-speciale-per-invest-in-tuscany-al-premio-sda-bocconi\/#breadcrumb\"},\"inLanguage\":\"it-IT\",\"potentialAction\":[{\"@type\":\"ReadAction\",\"target\":[\"https:\/\/www.intoscana.it\/it\/pubblica-amministrazione-innovativa-menzione-speciale-per-invest-in-tuscany-al-premio-sda-bocconi\/\"]}]},{\"@type\":\"ImageObject\",\"inLanguage\":\"it-IT\",\"@id\":\"https:\/\/www.intoscana.it\/it\/pubblica-amministrazione-innovativa-menzione-speciale-per-invest-in-tuscany-al-premio-sda-bocconi\/#primaryimage\",\"url\":\"https:\/\/www.intoscana.it\/wp-content\/uploads\/invest-in-Tuscany-premiata-da-Sda-Bocconi-scaled.jpg\",\"contentUrl\":\"https:\/\/www.intoscana.it\/wp-content\/uploads\/invest-in-Tuscany-premiata-da-Sda-Bocconi-scaled.jpg\",\"width\":2048,\"height\":1365},{\"@type\":\"BreadcrumbList\",\"@id\":\"https:\/\/www.intoscana.it\/it\/pubblica-amministrazione-innovativa-menzione-speciale-per-invest-in-tuscany-al-premio-sda-bocconi\/#breadcrumb\",\"itemListElement\":[{\"@type\":\"ListItem\",\"position\":1,\"name\":\"Home\",\"item\":\"https:\/\/www.intoscana.it\/it\/\"},{\"@type\":\"ListItem\",\"position\":2,\"name\":\"Pubblica amministrazione innovativa: menzione speciale per Invest in Tuscany al premio Sda Bocconi\"}]},{\"@type\":\"WebSite\",\"@id\":\"https:\/\/www.intoscana.it\/it\/#website\",\"url\":\"https:\/\/www.intoscana.it\/it\/\",\"name\":\"intoscana\",\"description\":\"\",\"potentialAction\":[{\"@type\":\"SearchAction\",\"target\":{\"@type\":\"EntryPoint\",\"urlTemplate\":\"https:\/\/www.intoscana.it\/it\/?s={search_term_string}\"},\"query-input\":{\"@type\":\"PropertyValueSpecification\",\"valueRequired\":true,\"valueName\":\"search_term_string\"}}],\"inLanguage\":\"it-IT\"},{\"@type\":\"Person\",\"@id\":\"https:\/\/www.intoscana.it\/it\/#\/schema\/person\/137419af9ef5d385bde52864a841e6ce\",\"name\":\"Clara D'Acunto\",\"url\":\"https:\/\/www.intoscana.it\/it\/author\/clara-d_acunto\/\"}]}<\/script>\n<!-- \/ Yoast SEO Premium plugin. -->","yoast_head_json":{"title":"Pubblica amministrazione innovativa: menzione speciale per Invest in Tuscany al premio Sda Bocconi - intoscana","description":"Riconoscimento al progetto della Regione Toscana per \"l'impatto positivo sulle imprese\". Premiate anche altre realt\u00e0 toscane: gli Uffizi, l'azienda universitaria pisana, il Meyer, la Provincia di Lucca e la Camera di Commercio di Firenze","robots":{"index":"index","follow":"follow","max-snippet":"max-snippet:-1","max-image-preview":"max-image-preview:large","max-video-preview":"max-video-preview:-1"},"canonical":"https:\/\/www.intoscana.it\/it\/pubblica-amministrazione-innovativa-menzione-speciale-per-invest-in-tuscany-al-premio-sda-bocconi\/","og_locale":"it_IT","og_type":"article","og_title":"Pubblica amministrazione innovativa: menzione speciale per Invest in Tuscany al premio Sda Bocconi","og_description":"Riconoscimento al progetto della Regione Toscana per \"l'impatto positivo sulle imprese\". Premiate anche altre realt\u00e0 toscane: gli Uffizi, l'azienda universitaria pisana, il Meyer, la Provincia di Lucca e la Camera di Commercio di Firenze","og_url":"https:\/\/www.intoscana.it\/it\/pubblica-amministrazione-innovativa-menzione-speciale-per-invest-in-tuscany-al-premio-sda-bocconi\/","og_site_name":"intoscana","article_publisher":"https:\/\/www.facebook.com\/intoscana.it","article_published_time":"2022-06-22T08:48:53+00:00","article_modified_time":"2022-06-23T13:49:24+00:00","og_image":[{"width":2048,"height":1365,"url":"https:\/\/www.intoscana.it\/wp-content\/uploads\/invest-in-Tuscany-premiata-da-Sda-Bocconi-scaled.jpg","type":"image\/jpeg"}],"author":"Clara D'Acunto","twitter_card":"summary_large_image","twitter_creator":"@intoscana","twitter_site":"@intoscana","twitter_misc":{"Written by":"Clara D'Acunto","Est. reading time":"4 minuti"},"schema":{"@context":"https:\/\/schema.org","@graph":[{"@type":"WebPage","@id":"https:\/\/www.intoscana.it\/it\/pubblica-amministrazione-innovativa-menzione-speciale-per-invest-in-tuscany-al-premio-sda-bocconi\/","url":"https:\/\/www.intoscana.it\/it\/pubblica-amministrazione-innovativa-menzione-speciale-per-invest-in-tuscany-al-premio-sda-bocconi\/","name":"Pubblica amministrazione innovativa: menzione speciale per Invest in Tuscany al premio Sda Bocconi - intoscana","isPartOf":{"@id":"https:\/\/www.intoscana.it\/it\/#website"},"primaryImageOfPage":{"@id":"https:\/\/www.intoscana.it\/it\/pubblica-amministrazione-innovativa-menzione-speciale-per-invest-in-tuscany-al-premio-sda-bocconi\/#primaryimage"},"image":{"@id":"https:\/\/www.intoscana.it\/it\/pubblica-amministrazione-innovativa-menzione-speciale-per-invest-in-tuscany-al-premio-sda-bocconi\/#primaryimage"},"thumbnailUrl":"https:\/\/www.intoscana.it\/wp-content\/uploads\/invest-in-Tuscany-premiata-da-Sda-Bocconi-scaled.jpg","datePublished":"2022-06-22T08:48:53+00:00","dateModified":"2022-06-23T13:49:24+00:00","author":{"@id":"https:\/\/www.intoscana.it\/it\/#\/schema\/person\/137419af9ef5d385bde52864a841e6ce"},"description":"Riconoscimento al progetto della Regione Toscana per \"l'impatto positivo sulle imprese\". Premiate anche altre realt\u00e0 toscane: gli Uffizi, l'azienda universitaria pisana, il Meyer, la Provincia di Lucca e la Camera di Commercio di Firenze","breadcrumb":{"@id":"https:\/\/www.intoscana.it\/it\/pubblica-amministrazione-innovativa-menzione-speciale-per-invest-in-tuscany-al-premio-sda-bocconi\/#breadcrumb"},"inLanguage":"it-IT","potentialAction":[{"@type":"ReadAction","target":["https:\/\/www.intoscana.it\/it\/pubblica-amministrazione-innovativa-menzione-speciale-per-invest-in-tuscany-al-premio-sda-bocconi\/"]}]},{"@type":"ImageObject","inLanguage":"it-IT","@id":"https:\/\/www.intoscana.it\/it\/pubblica-amministrazione-innovativa-menzione-speciale-per-invest-in-tuscany-al-premio-sda-bocconi\/#primaryimage","url":"https:\/\/www.intoscana.it\/wp-content\/uploads\/invest-in-Tuscany-premiata-da-Sda-Bocconi-scaled.jpg","contentUrl":"https:\/\/www.intoscana.it\/wp-content\/uploads\/invest-in-Tuscany-premiata-da-Sda-Bocconi-scaled.jpg","width":2048,"height":1365},{"@type":"BreadcrumbList","@id":"https:\/\/www.intoscana.it\/it\/pubblica-amministrazione-innovativa-menzione-speciale-per-invest-in-tuscany-al-premio-sda-bocconi\/#breadcrumb","itemListElement":[{"@type":"ListItem","position":1,"name":"Home","item":"https:\/\/www.intoscana.it\/it\/"},{"@type":"ListItem","position":2,"name":"Pubblica amministrazione innovativa: menzione speciale per Invest in Tuscany al premio Sda Bocconi"}]},{"@type":"WebSite","@id":"https:\/\/www.intoscana.it\/it\/#website","url":"https:\/\/www.intoscana.it\/it\/","name":"intoscana","description":"","potentialAction":[{"@type":"SearchAction","target":{"@type":"EntryPoint","urlTemplate":"https:\/\/www.intoscana.it\/it\/?s={search_term_string}"},"query-input":{"@type":"PropertyValueSpecification","valueRequired":true,"valueName":"search_term_string"}}],"inLanguage":"it-IT"},{"@type":"Person","@id":"https:\/\/www.intoscana.it\/it\/#\/schema\/person\/137419af9ef5d385bde52864a841e6ce","name":"Clara D'Acunto","url":"https:\/\/www.intoscana.it\/it\/author\/clara-d_acunto\/"}]}},"_links":{"self":[{"href":"https:\/\/www.intoscana.it\/it\/wp-json\/wp\/v2\/posts\/234404","targetHints":{"allow":["GET"]}}],"collection":[{"href":"https:\/\/www.intoscana.it\/it\/wp-json\/wp\/v2\/posts"}],"about":[{"href":"https:\/\/www.intoscana.it\/it\/wp-json\/wp\/v2\/types\/post"}],"author":[{"embeddable":true,"href":"https:\/\/www.intoscana.it\/it\/wp-json\/wp\/v2\/users\/545"}],"replies":[{"embeddable":true,"href":"https:\/\/www.intoscana.it\/it\/wp-json\/wp\/v2\/comments?post=234404"}],"version-history":[{"count":0,"href":"https:\/\/www.intoscana.it\/it\/wp-json\/wp\/v2\/posts\/234404\/revisions"}],"wp:featuredmedia":[{"embeddable":true,"href":"https:\/\/www.intoscana.it\/it\/wp-json\/wp\/v2\/media\/234710"}],"wp:attachment":[{"href":"https:\/\/www.intoscana.it\/it\/wp-json\/wp\/v2\/media?parent=234404"}],"wp:term":[{"taxonomy":"category","embeddable":true,"href":"https:\/\/www.intoscana.it\/it\/wp-json\/wp\/v2\/categories?post=234404"},{"taxonomy":"post_tag","embeddable":true,"href":"https:\/\/www.intoscana.it\/it\/wp-json\/wp\/v2\/tags?post=234404"}],"curies":[{"name":"wp","href":"https:\/\/api.w.org\/{rel}","templated":true}]}}