{"id":234674,"date":"2022-06-23T16:09:54","date_gmt":"2022-06-23T14:09:54","guid":{"rendered":"https:\/\/www.intoscana.it\/it\/?p=234674"},"modified":"2022-06-24T16:02:39","modified_gmt":"2022-06-24T14:02:39","slug":"stensen-dati-in-calo-per-i-cinema-fiorentini-segnali-di-ripresa-dalle-arene-estive","status":"publish","type":"post","link":"https:\/\/www.intoscana.it\/it\/stensen-dati-in-calo-per-i-cinema-fiorentini-segnali-di-ripresa-dalle-arene-estive\/","title":{"rendered":"Stensen: dati in calo per i cinema fiorentini. Segnali di ripresa dalle arene estive"},"content":{"rendered":"<h3>Le sale cinematografiche alle prese con una crisi senza precedenti<\/h3>\n<p>E\u2019 da tempo di dominio pubblico che le sale cinematografiche stiano vivendo una crisi \u201cepocale\u201d per quanto riguarda la frequentazione del pubblico, con cali percentuali, rispetto al 2019, che oscillano tra il 60 e il 70%. Una caduta libera determinata dall\u2019emergenza sanitaria, che ha provocato lunghi periodi di inattivit\u00e0, la paura di frequentare luoghi al chiuso, l&#8217;obbligo dell&#8217;uso della mascherina. Da sottolineare, inoltre, come la pandemia abbia portato, tra le varie conseguenze negative, anche un utilizzo esagerato e spesso improprio, delle piattaforme online, per i rapporti sociali, lavorativi, e anche per la visione dei film. Una crisi delle frequentazioni che va di pari passo ad un forte calo della produzione del cinema d&#8217;autore, di titoli che possano veramente attrarre il pubblico in sala.<\/p>\n<h3>La Fondazione Stensen ha fatto il punto sulla situazione delle sale a Firenze<\/h3>\n<p>Una fotografia della situazione delle sale cinematografiche a Firenze \u00e8 stata proposta dalla Fondazione Stensen, nel corso di una conferenza stampa tenutasi gioved\u00ec 23 giugno alla Manifattura Tabacchi di Firenze. Il dato emerso \u00e8 che la citt\u00e0 di Firenze, nelle stagioni 2020\/21 ha avuto un crollo dei biglietti venduti dell\u201989% (rispetto all\u2019ultima stagione piena del 2018\/19) e un calo importante nel 2021\/22 del 60% (sempre rispetto al 2018\/19).<\/p>\n<p>\u201c<em>I dati annui, prendendo a campione i rilevamenti Cinetel, del 2020 sul 2019, fotografano a Firenze un milione di spettatori in meno e una costante discesa anche nel 2021, in linea con il mercato italiano, l\u2019unico grande paese europeo in cui il \u201921 ha fatto peggio del 2020\u201d<\/em> \u2013 ha dichiarato Michele Crocchiola, della Fondazione Stensen -. <em>\u201cSempre nell\u2019anno 2021 le (mono)sale indipendenti d\u2019essai sono riuscite, grazie a una grande variet\u00e0 dell\u2019offerta, a rimanere in scia ai cinema che hanno programmato i (pochi) blockbuster dell\u2019anno: le sale d\u2019essai (Alfieri, SpazioUno, SalaEsse, Stensen) hanno subito un calo del 78% (rispetto al 2019) mentre le strutture con due schermi che programmano film anche di maggior richiamo (Fiorella, Flora, Principe, Portico) si sono assestati su meno 75%. I due multiplex cittadini (The Space a Novoli e Uci Cavallaccio) sono in media con un calo del 76%\u201d<\/em>.<\/p>\n<h3>Il cinema La Compagnia tiene il passo, e l&#8217;ultima stagione realizza dei numeri importanti<\/h3>\n<p>L\u2019unica sala fiorentina nella quale i dati del pubblico &#8220;reggono&#8221;, \u00e8 il Cinema La Compagnia, che nella stagione 2021\/2022 ha registrato quasi 48.000 spettatori, inseguendo il dato del 2018-2019, quando gli spettatori erano stati 67.000. Un cinema, La Compagnia, facente parte di Fondazione Sistema Toscana, ente che opera In House per la Regione Toscana, e che pu\u00f2 quindi contare su supporti alle attivit\u00e0 tipici di una sala pubblica. Ma la chiave del successo dell&#8217;ultima stagione de La Compagnia \u00e8 stata, anche e soprattutto, aver saputo proporre rassegne di film cult, come\u00a0<em>XX Secolo, l&#8217;invenzione pi\u00f9 bella<\/em>, oppure quella dedicata ad Alfred Hitchcok, che sono andate ad intercettare il target privilegiato del cinema oggi, vale a dire la fascia di cinquanta-sessantenni, composta da persone altamente scolarizzate, che si interessano di cultura, letteratura, arte, mostre e, quindi, anche di cinema \u2013 come ha messo in evidenza, nel corso della conferenza stampa, Camilla Toschi, che de La Compagnia cura la programmazione -. <em>&#8220;La nostra sfida, da oggi in poi, \u00e8 andare ad intercettare il pubblico dei giovanissimi \u2013 <\/em>ha proseguito Toschi <em>\u2013 e stiamo gi\u00e0 mettendo in campo dei progetti, insieme al programma Lanterne Magiche e alla Fondazione Stensen, orientati verso questa fascia di pubblico, come avviene gi\u00e0 da anni, con risultati molto positivi, in Francia\u201d.<\/em><\/p>\n<h3>Le sale fiorentine guardano alla ripartenza<\/h3>\n<p>Ma non \u00e8 solo il cinema La Compagnia a poter guardare con ottimismo al futuro. Timidi segnali di resilienza e ripartenza stanno facendo intravedere la luce in fondo al tunnel.\u00a0 <em>\u201cLe sale ce la stanno mettendo tutta e a Firenze, ad oggi, sono tutte in attivit\u00e0, grazie anche allo strumento dei &#8220;ristori&#8221; da parte del Ministero dei Beni Culturali \u2013 <\/em>ha aggiunto Matteo Nenciolini di Giglio Film<em> -. Dopo un lunghissimo periodo di forti difficolt\u00e0, i mesi che vanno<strong> da settembre a dicembre dovranno essere per i cinema di ripresa e riscossa<\/strong>. L\u2019obiettivo \u00e8 quello di tornare a livelli ottimali nel 2023, anche se siamo consapevoli che niente torner\u00e0 come prima, ai numeri che si raggiungevano fino al 2019. <\/em><\/p>\n<h3><strong>La stagione delle arene estive pu\u00f2 dare impulso al ritorno della visione sul grande schermo<\/strong><\/h3>\n<p>Segnali di ripartenza arrivano dalle arene cinematografiche estive. &#8220;<em>L\u2019arena Chiardiluna &#8211; <\/em>ha affermato ancora Nenciolini <em>&#8211; in soli tre giorni di apertura, ha registrato il risultato record (se comparato alle presenze al chiuso) di circa 800 presenze&#8221;<\/em>. Attive anche le arene al Grotta di Sesto Fiorentino, Flog, e Apriti Cinema, nella suggestiva location del cortile degli Uffizi. A queste proposte di film, si aggiunge, dal 28 giugno all&#8217;8 settembre, <strong>Non solo cinema in Manifattura<\/strong>, la programmazione estiva della Fondazione Stensen. Ci saranno\u00a0 settanta film in settanta giorni di programmazione, insieme ad incontri, musica, teatro, un parterre di 20 ospiti, e 200 posti a sedere a disposizione del pubblico, tra cui alcune sdraio e lettini da mare.<\/p>\n<h3>Il programma del cinema sotto le stelle alla Manifattura Tabacchi<\/h3>\n<p>La conferenza stampa di gioved\u00ec 23 giugno, \u00e8 stata anche l\u2019occasione per presentare il programma di <strong>Non solo cinema in Manifattura<\/strong>. Si inizia il 28 giugno con il film <em><strong>Finale a sorpresa,<\/strong><\/em> di G. Duprat &amp; Mariano Cohn, che vede in scena la coppia Antonio Banderas-Penelope Cruz; si cambia poi completamente genere, con il documentario sull\u2019Accademia della Crusca, <em><strong>La fabbrica dell\u2019italiano, <\/strong><\/em>di Giovanni Ortoleva. Ci sar\u00e0 l\u2019omaggio al regista Gaspar No\u00e8, enfant terrible del cinema francese, in collaborazione con la Fondazione File, con <em><strong>Vortex<\/strong><\/em>, in anteprima italiana, nel quale c&#8217;\u00e8 un attore insolito: il maestro dell\u2019horror, <strong>Dario Argento<\/strong>. Per il cinema che fa cassetta, adatto a tutta la famiglia, in programma <em><strong>Top gun \u2013 Maverick,<\/strong><\/em> di Joseph Kosinski. Il film d\u2019autore sar\u00e0 rappresentato dal documentario <em><strong>Ennio,<\/strong><\/em> di Giuseppe Tornatore e il film <em><strong>\u00c8 stata la mano di Dio, <\/strong><\/em>di Paolo Sorrentino. La rassegna pi\u00f9 &#8220;cinefila&#8221; dell\u2019arena si chiama \u201cScelti per voi\u201d ed \u00e8 a cura di Carlo Pellegrini, che presenter\u00e0 il film <strong><em>Illusioni perdute,<\/em><\/strong> di Xavier Giannoli (presentato lo scorso ottobre dal festival France Odeon); <em><strong>Only the animals,<\/strong><\/em> di Dominik Moll, in anteprima per Firenze; e <em><strong>Ultima notte a Soho,<\/strong><\/em>\u00a0di Edgar Wright.<\/p>\n<p>Un&#8217;altra rassegna sar\u00e0 quella dedicata al cinema muto musicato dal vivo: in programma <em><strong>Inferno<\/strong><\/em>, (1911) di Francesco Bertolini, Giuseppe De Liguoro e Adolfo Padovan sonorizzato da Letizia Renzini, in una versione remix, insieme ad un corto dello stesso anno sempre dedicato alla rappresentazione dantesca e <em><strong>Nosferatu<\/strong><\/em> (1921) di Friedrich Wilhelm Murnau sonorizzato da Davide Barbafiera e Tommaso Tanzini, entrambe co-produzioni del Cinema Arsenale di Pisa.<\/p>\n<p>Tra gli ospiti presenti nella ex Manifattura Tabacchi, fiore all\u2019occhiello di archeologia industriale a Firenze, da segnalare <strong>Antonio e Marco Manetti<\/strong> per il film <em><strong>Diabolik<\/strong><\/em>; <strong>Ivan Cotroneo<\/strong>, regista e sceneggiatore, insieme a <strong>Carlotta Natoli<\/strong>, in occasione della presentazione del film <em><strong>14 giorni<\/strong><\/em>.<\/p>\n","protected":false},"excerpt":{"rendered":"<p>Tra le proposte estive a Firenze, il cinema sotto le stelle &#8220;Non solo cinema in Manifattura&#8221;, con anteprime, ospiti, film d&#8217;autore e documentari.<\/p>\n","protected":false},"author":492,"featured_media":234713,"comment_status":"open","ping_status":"open","sticky":false,"template":"","format":"standard","meta":{"_acf_changed":false,"footnotes":""},"categories":[493],"tags":[188,6002],"class_list":["post-234674","post","type-post","status-publish","format-standard","has-post-thumbnail","hentry","category-cultura","tag-cinema","tag-manifattura-tabacchi-firenze"],"acf":[],"yoast_head":"<!-- This site is optimized with the Yoast SEO Premium plugin v24.2 (Yoast SEO v25.6) - https:\/\/yoast.com\/wordpress\/plugins\/seo\/ -->\n<title>Stensen presenta i dati del cinema a Firenze - Intoscana.it<\/title>\n<meta name=\"description\" content=\"Le arene faranno tornare il pubblico a vedere i film sul grande schermo. Dal 28 giugno al via l&#039;arena &quot;Non solo cinema in Manifattura&quot;\" \/>\n<meta name=\"robots\" content=\"index, follow, max-snippet:-1, max-image-preview:large, max-video-preview:-1\" \/>\n<link rel=\"canonical\" href=\"https:\/\/www.intoscana.it\/it\/stensen-dati-in-calo-per-i-cinema-fiorentini-segnali-di-ripresa-dalle-arene-estive\/\" \/>\n<meta property=\"og:locale\" content=\"it_IT\" \/>\n<meta property=\"og:type\" content=\"article\" \/>\n<meta property=\"og:title\" content=\"Stensen: dati in calo per i cinema fiorentini. Segnali di ripresa dalle arene estive\" \/>\n<meta property=\"og:description\" content=\"Le arene faranno tornare il pubblico a vedere i film sul grande schermo. Dal 28 giugno al via l&#039;arena &quot;Non solo cinema in Manifattura&quot;\" \/>\n<meta property=\"og:url\" content=\"https:\/\/www.intoscana.it\/it\/stensen-dati-in-calo-per-i-cinema-fiorentini-segnali-di-ripresa-dalle-arene-estive\/\" \/>\n<meta property=\"og:site_name\" content=\"intoscana\" \/>\n<meta property=\"article:publisher\" content=\"https:\/\/www.facebook.com\/intoscana.it\" \/>\n<meta property=\"article:published_time\" content=\"2022-06-23T14:09:54+00:00\" \/>\n<meta property=\"article:modified_time\" content=\"2022-06-24T14:02:39+00:00\" \/>\n<meta property=\"og:image\" content=\"https:\/\/www.intoscana.it\/wp-content\/uploads\/manifattura-immagine.jpg\" \/>\n\t<meta property=\"og:image:width\" content=\"1500\" \/>\n\t<meta property=\"og:image:height\" content=\"1000\" \/>\n\t<meta property=\"og:image:type\" content=\"image\/jpeg\" \/>\n<meta name=\"author\" content=\"Elisabetta Vagaggini\" \/>\n<meta name=\"twitter:card\" content=\"summary_large_image\" \/>\n<meta name=\"twitter:creator\" content=\"@intoscana\" \/>\n<meta name=\"twitter:site\" content=\"@intoscana\" \/>\n<meta name=\"twitter:label1\" content=\"Written by\" \/>\n\t<meta name=\"twitter:data1\" content=\"Elisabetta Vagaggini\" \/>\n\t<meta name=\"twitter:label2\" content=\"Est. reading time\" \/>\n\t<meta name=\"twitter:data2\" content=\"6 minuti\" \/>\n<script type=\"application\/ld+json\" class=\"yoast-schema-graph\">{\"@context\":\"https:\/\/schema.org\",\"@graph\":[{\"@type\":\"WebPage\",\"@id\":\"https:\/\/www.intoscana.it\/it\/stensen-dati-in-calo-per-i-cinema-fiorentini-segnali-di-ripresa-dalle-arene-estive\/\",\"url\":\"https:\/\/www.intoscana.it\/it\/stensen-dati-in-calo-per-i-cinema-fiorentini-segnali-di-ripresa-dalle-arene-estive\/\",\"name\":\"Stensen presenta i dati del cinema a Firenze - Intoscana.it\",\"isPartOf\":{\"@id\":\"https:\/\/www.intoscana.it\/it\/#website\"},\"primaryImageOfPage\":{\"@id\":\"https:\/\/www.intoscana.it\/it\/stensen-dati-in-calo-per-i-cinema-fiorentini-segnali-di-ripresa-dalle-arene-estive\/#primaryimage\"},\"image\":{\"@id\":\"https:\/\/www.intoscana.it\/it\/stensen-dati-in-calo-per-i-cinema-fiorentini-segnali-di-ripresa-dalle-arene-estive\/#primaryimage\"},\"thumbnailUrl\":\"https:\/\/www.intoscana.it\/wp-content\/uploads\/manifattura-immagine.jpg\",\"datePublished\":\"2022-06-23T14:09:54+00:00\",\"dateModified\":\"2022-06-24T14:02:39+00:00\",\"author\":{\"@id\":\"https:\/\/www.intoscana.it\/it\/#\/schema\/person\/20956e1a83baf96027b69e776f754e43\"},\"description\":\"Le arene faranno tornare il pubblico a vedere i film sul grande schermo. Dal 28 giugno al via l'arena \\\"Non solo cinema in Manifattura\\\"\",\"breadcrumb\":{\"@id\":\"https:\/\/www.intoscana.it\/it\/stensen-dati-in-calo-per-i-cinema-fiorentini-segnali-di-ripresa-dalle-arene-estive\/#breadcrumb\"},\"inLanguage\":\"it-IT\",\"potentialAction\":[{\"@type\":\"ReadAction\",\"target\":[\"https:\/\/www.intoscana.it\/it\/stensen-dati-in-calo-per-i-cinema-fiorentini-segnali-di-ripresa-dalle-arene-estive\/\"]}]},{\"@type\":\"ImageObject\",\"inLanguage\":\"it-IT\",\"@id\":\"https:\/\/www.intoscana.it\/it\/stensen-dati-in-calo-per-i-cinema-fiorentini-segnali-di-ripresa-dalle-arene-estive\/#primaryimage\",\"url\":\"https:\/\/www.intoscana.it\/wp-content\/uploads\/manifattura-immagine.jpg\",\"contentUrl\":\"https:\/\/www.intoscana.it\/wp-content\/uploads\/manifattura-immagine.jpg\",\"width\":1500,\"height\":1000,\"caption\":\"Arena \\\"Non solo cinema in Manifattura\\\"\"},{\"@type\":\"BreadcrumbList\",\"@id\":\"https:\/\/www.intoscana.it\/it\/stensen-dati-in-calo-per-i-cinema-fiorentini-segnali-di-ripresa-dalle-arene-estive\/#breadcrumb\",\"itemListElement\":[{\"@type\":\"ListItem\",\"position\":1,\"name\":\"Home\",\"item\":\"https:\/\/www.intoscana.it\/it\/\"},{\"@type\":\"ListItem\",\"position\":2,\"name\":\"Stensen: dati in calo per i cinema fiorentini. Segnali di ripresa dalle arene estive\"}]},{\"@type\":\"WebSite\",\"@id\":\"https:\/\/www.intoscana.it\/it\/#website\",\"url\":\"https:\/\/www.intoscana.it\/it\/\",\"name\":\"intoscana\",\"description\":\"\",\"potentialAction\":[{\"@type\":\"SearchAction\",\"target\":{\"@type\":\"EntryPoint\",\"urlTemplate\":\"https:\/\/www.intoscana.it\/it\/?s={search_term_string}\"},\"query-input\":{\"@type\":\"PropertyValueSpecification\",\"valueRequired\":true,\"valueName\":\"search_term_string\"}}],\"inLanguage\":\"it-IT\"},{\"@type\":\"Person\",\"@id\":\"https:\/\/www.intoscana.it\/it\/#\/schema\/person\/20956e1a83baf96027b69e776f754e43\",\"name\":\"Elisabetta Vagaggini\",\"url\":\"https:\/\/www.intoscana.it\/it\/author\/elisabetta-vagaggini\/\"}]}<\/script>\n<!-- \/ Yoast SEO Premium plugin. -->","yoast_head_json":{"title":"Stensen presenta i dati del cinema a Firenze - Intoscana.it","description":"Le arene faranno tornare il pubblico a vedere i film sul grande schermo. Dal 28 giugno al via l'arena \"Non solo cinema in Manifattura\"","robots":{"index":"index","follow":"follow","max-snippet":"max-snippet:-1","max-image-preview":"max-image-preview:large","max-video-preview":"max-video-preview:-1"},"canonical":"https:\/\/www.intoscana.it\/it\/stensen-dati-in-calo-per-i-cinema-fiorentini-segnali-di-ripresa-dalle-arene-estive\/","og_locale":"it_IT","og_type":"article","og_title":"Stensen: dati in calo per i cinema fiorentini. Segnali di ripresa dalle arene estive","og_description":"Le arene faranno tornare il pubblico a vedere i film sul grande schermo. Dal 28 giugno al via l'arena \"Non solo cinema in Manifattura\"","og_url":"https:\/\/www.intoscana.it\/it\/stensen-dati-in-calo-per-i-cinema-fiorentini-segnali-di-ripresa-dalle-arene-estive\/","og_site_name":"intoscana","article_publisher":"https:\/\/www.facebook.com\/intoscana.it","article_published_time":"2022-06-23T14:09:54+00:00","article_modified_time":"2022-06-24T14:02:39+00:00","og_image":[{"width":1500,"height":1000,"url":"https:\/\/www.intoscana.it\/wp-content\/uploads\/manifattura-immagine.jpg","type":"image\/jpeg"}],"author":"Elisabetta Vagaggini","twitter_card":"summary_large_image","twitter_creator":"@intoscana","twitter_site":"@intoscana","twitter_misc":{"Written by":"Elisabetta Vagaggini","Est. reading time":"6 minuti"},"schema":{"@context":"https:\/\/schema.org","@graph":[{"@type":"WebPage","@id":"https:\/\/www.intoscana.it\/it\/stensen-dati-in-calo-per-i-cinema-fiorentini-segnali-di-ripresa-dalle-arene-estive\/","url":"https:\/\/www.intoscana.it\/it\/stensen-dati-in-calo-per-i-cinema-fiorentini-segnali-di-ripresa-dalle-arene-estive\/","name":"Stensen presenta i dati del cinema a Firenze - Intoscana.it","isPartOf":{"@id":"https:\/\/www.intoscana.it\/it\/#website"},"primaryImageOfPage":{"@id":"https:\/\/www.intoscana.it\/it\/stensen-dati-in-calo-per-i-cinema-fiorentini-segnali-di-ripresa-dalle-arene-estive\/#primaryimage"},"image":{"@id":"https:\/\/www.intoscana.it\/it\/stensen-dati-in-calo-per-i-cinema-fiorentini-segnali-di-ripresa-dalle-arene-estive\/#primaryimage"},"thumbnailUrl":"https:\/\/www.intoscana.it\/wp-content\/uploads\/manifattura-immagine.jpg","datePublished":"2022-06-23T14:09:54+00:00","dateModified":"2022-06-24T14:02:39+00:00","author":{"@id":"https:\/\/www.intoscana.it\/it\/#\/schema\/person\/20956e1a83baf96027b69e776f754e43"},"description":"Le arene faranno tornare il pubblico a vedere i film sul grande schermo. Dal 28 giugno al via l'arena \"Non solo cinema in Manifattura\"","breadcrumb":{"@id":"https:\/\/www.intoscana.it\/it\/stensen-dati-in-calo-per-i-cinema-fiorentini-segnali-di-ripresa-dalle-arene-estive\/#breadcrumb"},"inLanguage":"it-IT","potentialAction":[{"@type":"ReadAction","target":["https:\/\/www.intoscana.it\/it\/stensen-dati-in-calo-per-i-cinema-fiorentini-segnali-di-ripresa-dalle-arene-estive\/"]}]},{"@type":"ImageObject","inLanguage":"it-IT","@id":"https:\/\/www.intoscana.it\/it\/stensen-dati-in-calo-per-i-cinema-fiorentini-segnali-di-ripresa-dalle-arene-estive\/#primaryimage","url":"https:\/\/www.intoscana.it\/wp-content\/uploads\/manifattura-immagine.jpg","contentUrl":"https:\/\/www.intoscana.it\/wp-content\/uploads\/manifattura-immagine.jpg","width":1500,"height":1000,"caption":"Arena \"Non solo cinema in Manifattura\""},{"@type":"BreadcrumbList","@id":"https:\/\/www.intoscana.it\/it\/stensen-dati-in-calo-per-i-cinema-fiorentini-segnali-di-ripresa-dalle-arene-estive\/#breadcrumb","itemListElement":[{"@type":"ListItem","position":1,"name":"Home","item":"https:\/\/www.intoscana.it\/it\/"},{"@type":"ListItem","position":2,"name":"Stensen: dati in calo per i cinema fiorentini. Segnali di ripresa dalle arene estive"}]},{"@type":"WebSite","@id":"https:\/\/www.intoscana.it\/it\/#website","url":"https:\/\/www.intoscana.it\/it\/","name":"intoscana","description":"","potentialAction":[{"@type":"SearchAction","target":{"@type":"EntryPoint","urlTemplate":"https:\/\/www.intoscana.it\/it\/?s={search_term_string}"},"query-input":{"@type":"PropertyValueSpecification","valueRequired":true,"valueName":"search_term_string"}}],"inLanguage":"it-IT"},{"@type":"Person","@id":"https:\/\/www.intoscana.it\/it\/#\/schema\/person\/20956e1a83baf96027b69e776f754e43","name":"Elisabetta Vagaggini","url":"https:\/\/www.intoscana.it\/it\/author\/elisabetta-vagaggini\/"}]}},"_links":{"self":[{"href":"https:\/\/www.intoscana.it\/it\/wp-json\/wp\/v2\/posts\/234674","targetHints":{"allow":["GET"]}}],"collection":[{"href":"https:\/\/www.intoscana.it\/it\/wp-json\/wp\/v2\/posts"}],"about":[{"href":"https:\/\/www.intoscana.it\/it\/wp-json\/wp\/v2\/types\/post"}],"author":[{"embeddable":true,"href":"https:\/\/www.intoscana.it\/it\/wp-json\/wp\/v2\/users\/492"}],"replies":[{"embeddable":true,"href":"https:\/\/www.intoscana.it\/it\/wp-json\/wp\/v2\/comments?post=234674"}],"version-history":[{"count":0,"href":"https:\/\/www.intoscana.it\/it\/wp-json\/wp\/v2\/posts\/234674\/revisions"}],"wp:featuredmedia":[{"embeddable":true,"href":"https:\/\/www.intoscana.it\/it\/wp-json\/wp\/v2\/media\/234713"}],"wp:attachment":[{"href":"https:\/\/www.intoscana.it\/it\/wp-json\/wp\/v2\/media?parent=234674"}],"wp:term":[{"taxonomy":"category","embeddable":true,"href":"https:\/\/www.intoscana.it\/it\/wp-json\/wp\/v2\/categories?post=234674"},{"taxonomy":"post_tag","embeddable":true,"href":"https:\/\/www.intoscana.it\/it\/wp-json\/wp\/v2\/tags?post=234674"}],"curies":[{"name":"wp","href":"https:\/\/api.w.org\/{rel}","templated":true}]}}