{"id":234848,"date":"2022-06-25T13:42:20","date_gmt":"2022-06-25T11:42:20","guid":{"rendered":"https:\/\/www.intoscana.it\/it\/?p=234848"},"modified":"2022-06-27T13:23:43","modified_gmt":"2022-06-27T11:23:43","slug":"covid-3-294-nuovi-casi-crescono-i-ricoveri-un-decesso","status":"publish","type":"post","link":"https:\/\/www.intoscana.it\/it\/covid-3-294-nuovi-casi-crescono-i-ricoveri-un-decesso\/","title":{"rendered":"Covid, 3.294 nuovi casi: crescono i ricoveri, un decesso"},"content":{"rendered":"<p>In Toscana sono 3.294 i nuovi casi <strong>Covid<\/strong> registrati nelle ultime 24 ore. Oggi sono stati eseguiti 1.481 tamponi molecolari e 11.334 tamponi antigenici rapidi, di questi il 25,7% \u00e8 risultato positivo. <mark>L&#8217;et\u00e0 media dei 3.294 nuovi positivi odierni \u00e8 di 48 anni: 9% ha meno di 20 anni, 22% tra 20 e 39 anni, 34% tra 40 e 59 anni, 27% tra 60 e 79 anni, 8% ha 80 anni o pi\u00f9.<\/mark><\/p>\n<p>I <strong>ricoverati<\/strong> sono 320 (16 in pi\u00f9 rispetto a ieri), di cui 11 in terapia intensiva (1 in meno). Oggi si registra un nuovo decesso: un uomo di 81 anni.<\/p>\n<h3><em>I casi di positivit\u00e0 sul territorio<\/em><\/h3>\n<p>Sono 331.237 i casi complessivi ad oggi a Firenze (789 in pi\u00f9 rispetto a ieri), 81.170 a Prato (196 in pi\u00f9), 95.169 a Pistoia (225 in pi\u00f9), 58.519 a Massa (171 in pi\u00f9), 125.210 a Lucca (399 in pi\u00f9), 138.430 a Pisa (482 in pi\u00f9), 106.328 a Livorno (280 in pi\u00f9), 108.307 ad Arezzo (322 in pi\u00f9), 84.134 a Siena (220 in pi\u00f9), 63.837 a Grosseto (210 in pi\u00f9).<\/p>\n<p>Complessivamente, 41.075 persone sono in <strong>isolamento<\/strong> a casa, poich\u00e9 presentano sintomi lievi che non richiedono cure ospedaliere, o risultano prive di sintomi (2.153 in pi\u00f9 rispetto a ieri, pi\u00f9 5,5%).<\/p>\n<p>Sono <mark>10.151 i deceduti dall&#8217;inizio dell&#8217;epidemia:<\/mark> 3.191 a Firenze, 839 a Prato, 913 a Pistoia, 655 a Massa Carrara, 952 a Lucca, 1.128 a Pisa, 746 a Livorno, 660 ad Arezzo, 537 a Siena, 391 a Grosseto, 139 persone sono decedute sul suolo toscano ma erano residenti fuori regione.<\/p>\n","protected":false},"excerpt":{"rendered":"<p>Il tasso di positivit\u00e0 \u00e8 del 25,7 per cento. L&#8217;et\u00e0 media dei positivi sale a 48 anni<\/p>\n","protected":false},"author":525,"featured_media":150522,"comment_status":"open","ping_status":"open","sticky":false,"template":"","format":"standard","meta":{"_acf_changed":false,"footnotes":""},"categories":[494],"tags":[418],"class_list":["post-234848","post","type-post","status-publish","format-standard","has-post-thumbnail","hentry","category-attualita","tag-covid-19"],"acf":[],"yoast_head":"<!-- This site is optimized with the Yoast SEO Premium plugin v24.2 (Yoast SEO v25.6) - https:\/\/yoast.com\/wordpress\/plugins\/seo\/ -->\n<title>Covid, 3.294 nuovi casi: crescono i ricoveri, un decesso - intoscana<\/title>\n<meta name=\"description\" content=\"Il tasso di positivit\u00e0 \u00e8 del 25,7 per cento. L&#039;et\u00e0 media dei positivi sale a 48 anni\" \/>\n<meta name=\"robots\" content=\"index, follow, max-snippet:-1, max-image-preview:large, max-video-preview:-1\" \/>\n<link rel=\"canonical\" href=\"https:\/\/www.intoscana.it\/it\/covid-3-294-nuovi-casi-crescono-i-ricoveri-un-decesso\/\" \/>\n<meta property=\"og:locale\" content=\"it_IT\" \/>\n<meta property=\"og:type\" content=\"article\" \/>\n<meta property=\"og:title\" content=\"Covid, 3.294 nuovi casi: crescono i ricoveri, un decesso\" \/>\n<meta property=\"og:description\" content=\"Il tasso di positivit\u00e0 \u00e8 del 25,7 per cento. L&#039;et\u00e0 media dei positivi sale a 48 anni\" \/>\n<meta property=\"og:url\" content=\"https:\/\/www.intoscana.it\/it\/covid-3-294-nuovi-casi-crescono-i-ricoveri-un-decesso\/\" \/>\n<meta property=\"og:site_name\" content=\"intoscana\" \/>\n<meta property=\"article:publisher\" content=\"https:\/\/www.facebook.com\/intoscana.it\" \/>\n<meta property=\"article:published_time\" content=\"2022-06-25T11:42:20+00:00\" \/>\n<meta property=\"article:modified_time\" content=\"2022-06-27T11:23:43+00:00\" \/>\n<meta property=\"og:image\" content=\"https:\/\/www.intoscana.it\/wp-content\/uploads\/mascherine-coppia-Filip-Bunkens-Unsplash.jpg\" \/>\n\t<meta property=\"og:image:width\" content=\"1920\" \/>\n\t<meta property=\"og:image:height\" content=\"1357\" \/>\n\t<meta property=\"og:image:type\" content=\"image\/jpeg\" \/>\n<meta name=\"author\" content=\"Redazione\" \/>\n<meta name=\"twitter:card\" content=\"summary_large_image\" \/>\n<meta name=\"twitter:creator\" content=\"@intoscana\" \/>\n<meta name=\"twitter:site\" content=\"@intoscana\" \/>\n<meta name=\"twitter:label1\" content=\"Written by\" \/>\n\t<meta name=\"twitter:data1\" content=\"Redazione\" \/>\n\t<meta name=\"twitter:label2\" content=\"Est. reading time\" \/>\n\t<meta name=\"twitter:data2\" content=\"1 minuto\" \/>\n<script type=\"application\/ld+json\" class=\"yoast-schema-graph\">{\"@context\":\"https:\/\/schema.org\",\"@graph\":[{\"@type\":\"WebPage\",\"@id\":\"https:\/\/www.intoscana.it\/it\/covid-3-294-nuovi-casi-crescono-i-ricoveri-un-decesso\/\",\"url\":\"https:\/\/www.intoscana.it\/it\/covid-3-294-nuovi-casi-crescono-i-ricoveri-un-decesso\/\",\"name\":\"Covid, 3.294 nuovi casi: crescono i ricoveri, un decesso - intoscana\",\"isPartOf\":{\"@id\":\"https:\/\/www.intoscana.it\/it\/#website\"},\"primaryImageOfPage\":{\"@id\":\"https:\/\/www.intoscana.it\/it\/covid-3-294-nuovi-casi-crescono-i-ricoveri-un-decesso\/#primaryimage\"},\"image\":{\"@id\":\"https:\/\/www.intoscana.it\/it\/covid-3-294-nuovi-casi-crescono-i-ricoveri-un-decesso\/#primaryimage\"},\"thumbnailUrl\":\"https:\/\/www.intoscana.it\/wp-content\/uploads\/mascherine-coppia-Filip-Bunkens-Unsplash.jpg\",\"datePublished\":\"2022-06-25T11:42:20+00:00\",\"dateModified\":\"2022-06-27T11:23:43+00:00\",\"author\":{\"@id\":\"https:\/\/www.intoscana.it\/it\/#\/schema\/person\/9223810753230f20bd670fdd322661f8\"},\"description\":\"Il tasso di positivit\u00e0 \u00e8 del 25,7 per cento. L'et\u00e0 media dei positivi sale a 48 anni\",\"breadcrumb\":{\"@id\":\"https:\/\/www.intoscana.it\/it\/covid-3-294-nuovi-casi-crescono-i-ricoveri-un-decesso\/#breadcrumb\"},\"inLanguage\":\"it-IT\",\"potentialAction\":[{\"@type\":\"ReadAction\",\"target\":[\"https:\/\/www.intoscana.it\/it\/covid-3-294-nuovi-casi-crescono-i-ricoveri-un-decesso\/\"]}]},{\"@type\":\"ImageObject\",\"inLanguage\":\"it-IT\",\"@id\":\"https:\/\/www.intoscana.it\/it\/covid-3-294-nuovi-casi-crescono-i-ricoveri-un-decesso\/#primaryimage\",\"url\":\"https:\/\/www.intoscana.it\/wp-content\/uploads\/mascherine-coppia-Filip-Bunkens-Unsplash.jpg\",\"contentUrl\":\"https:\/\/www.intoscana.it\/wp-content\/uploads\/mascherine-coppia-Filip-Bunkens-Unsplash.jpg\",\"width\":1920,\"height\":1357,\"caption\":\"Una coppia con mascherine \\\"personalizzate\\\"\"},{\"@type\":\"BreadcrumbList\",\"@id\":\"https:\/\/www.intoscana.it\/it\/covid-3-294-nuovi-casi-crescono-i-ricoveri-un-decesso\/#breadcrumb\",\"itemListElement\":[{\"@type\":\"ListItem\",\"position\":1,\"name\":\"Home\",\"item\":\"https:\/\/www.intoscana.it\/it\/\"},{\"@type\":\"ListItem\",\"position\":2,\"name\":\"Covid, 3.294 nuovi casi: crescono i ricoveri, un decesso\"}]},{\"@type\":\"WebSite\",\"@id\":\"https:\/\/www.intoscana.it\/it\/#website\",\"url\":\"https:\/\/www.intoscana.it\/it\/\",\"name\":\"intoscana\",\"description\":\"\",\"potentialAction\":[{\"@type\":\"SearchAction\",\"target\":{\"@type\":\"EntryPoint\",\"urlTemplate\":\"https:\/\/www.intoscana.it\/it\/?s={search_term_string}\"},\"query-input\":{\"@type\":\"PropertyValueSpecification\",\"valueRequired\":true,\"valueName\":\"search_term_string\"}}],\"inLanguage\":\"it-IT\"},{\"@type\":\"Person\",\"@id\":\"https:\/\/www.intoscana.it\/it\/#\/schema\/person\/9223810753230f20bd670fdd322661f8\",\"name\":\"Redazione\",\"url\":\"https:\/\/www.intoscana.it\/it\/author\/redazione\/\"}]}<\/script>\n<!-- \/ Yoast SEO Premium plugin. -->","yoast_head_json":{"title":"Covid, 3.294 nuovi casi: crescono i ricoveri, un decesso - intoscana","description":"Il tasso di positivit\u00e0 \u00e8 del 25,7 per cento. L'et\u00e0 media dei positivi sale a 48 anni","robots":{"index":"index","follow":"follow","max-snippet":"max-snippet:-1","max-image-preview":"max-image-preview:large","max-video-preview":"max-video-preview:-1"},"canonical":"https:\/\/www.intoscana.it\/it\/covid-3-294-nuovi-casi-crescono-i-ricoveri-un-decesso\/","og_locale":"it_IT","og_type":"article","og_title":"Covid, 3.294 nuovi casi: crescono i ricoveri, un decesso","og_description":"Il tasso di positivit\u00e0 \u00e8 del 25,7 per cento. L'et\u00e0 media dei positivi sale a 48 anni","og_url":"https:\/\/www.intoscana.it\/it\/covid-3-294-nuovi-casi-crescono-i-ricoveri-un-decesso\/","og_site_name":"intoscana","article_publisher":"https:\/\/www.facebook.com\/intoscana.it","article_published_time":"2022-06-25T11:42:20+00:00","article_modified_time":"2022-06-27T11:23:43+00:00","og_image":[{"width":1920,"height":1357,"url":"https:\/\/www.intoscana.it\/wp-content\/uploads\/mascherine-coppia-Filip-Bunkens-Unsplash.jpg","type":"image\/jpeg"}],"author":"Redazione","twitter_card":"summary_large_image","twitter_creator":"@intoscana","twitter_site":"@intoscana","twitter_misc":{"Written by":"Redazione","Est. reading time":"1 minuto"},"schema":{"@context":"https:\/\/schema.org","@graph":[{"@type":"WebPage","@id":"https:\/\/www.intoscana.it\/it\/covid-3-294-nuovi-casi-crescono-i-ricoveri-un-decesso\/","url":"https:\/\/www.intoscana.it\/it\/covid-3-294-nuovi-casi-crescono-i-ricoveri-un-decesso\/","name":"Covid, 3.294 nuovi casi: crescono i ricoveri, un decesso - intoscana","isPartOf":{"@id":"https:\/\/www.intoscana.it\/it\/#website"},"primaryImageOfPage":{"@id":"https:\/\/www.intoscana.it\/it\/covid-3-294-nuovi-casi-crescono-i-ricoveri-un-decesso\/#primaryimage"},"image":{"@id":"https:\/\/www.intoscana.it\/it\/covid-3-294-nuovi-casi-crescono-i-ricoveri-un-decesso\/#primaryimage"},"thumbnailUrl":"https:\/\/www.intoscana.it\/wp-content\/uploads\/mascherine-coppia-Filip-Bunkens-Unsplash.jpg","datePublished":"2022-06-25T11:42:20+00:00","dateModified":"2022-06-27T11:23:43+00:00","author":{"@id":"https:\/\/www.intoscana.it\/it\/#\/schema\/person\/9223810753230f20bd670fdd322661f8"},"description":"Il tasso di positivit\u00e0 \u00e8 del 25,7 per cento. L'et\u00e0 media dei positivi sale a 48 anni","breadcrumb":{"@id":"https:\/\/www.intoscana.it\/it\/covid-3-294-nuovi-casi-crescono-i-ricoveri-un-decesso\/#breadcrumb"},"inLanguage":"it-IT","potentialAction":[{"@type":"ReadAction","target":["https:\/\/www.intoscana.it\/it\/covid-3-294-nuovi-casi-crescono-i-ricoveri-un-decesso\/"]}]},{"@type":"ImageObject","inLanguage":"it-IT","@id":"https:\/\/www.intoscana.it\/it\/covid-3-294-nuovi-casi-crescono-i-ricoveri-un-decesso\/#primaryimage","url":"https:\/\/www.intoscana.it\/wp-content\/uploads\/mascherine-coppia-Filip-Bunkens-Unsplash.jpg","contentUrl":"https:\/\/www.intoscana.it\/wp-content\/uploads\/mascherine-coppia-Filip-Bunkens-Unsplash.jpg","width":1920,"height":1357,"caption":"Una coppia con mascherine \"personalizzate\""},{"@type":"BreadcrumbList","@id":"https:\/\/www.intoscana.it\/it\/covid-3-294-nuovi-casi-crescono-i-ricoveri-un-decesso\/#breadcrumb","itemListElement":[{"@type":"ListItem","position":1,"name":"Home","item":"https:\/\/www.intoscana.it\/it\/"},{"@type":"ListItem","position":2,"name":"Covid, 3.294 nuovi casi: crescono i ricoveri, un decesso"}]},{"@type":"WebSite","@id":"https:\/\/www.intoscana.it\/it\/#website","url":"https:\/\/www.intoscana.it\/it\/","name":"intoscana","description":"","potentialAction":[{"@type":"SearchAction","target":{"@type":"EntryPoint","urlTemplate":"https:\/\/www.intoscana.it\/it\/?s={search_term_string}"},"query-input":{"@type":"PropertyValueSpecification","valueRequired":true,"valueName":"search_term_string"}}],"inLanguage":"it-IT"},{"@type":"Person","@id":"https:\/\/www.intoscana.it\/it\/#\/schema\/person\/9223810753230f20bd670fdd322661f8","name":"Redazione","url":"https:\/\/www.intoscana.it\/it\/author\/redazione\/"}]}},"_links":{"self":[{"href":"https:\/\/www.intoscana.it\/it\/wp-json\/wp\/v2\/posts\/234848","targetHints":{"allow":["GET"]}}],"collection":[{"href":"https:\/\/www.intoscana.it\/it\/wp-json\/wp\/v2\/posts"}],"about":[{"href":"https:\/\/www.intoscana.it\/it\/wp-json\/wp\/v2\/types\/post"}],"author":[{"embeddable":true,"href":"https:\/\/www.intoscana.it\/it\/wp-json\/wp\/v2\/users\/525"}],"replies":[{"embeddable":true,"href":"https:\/\/www.intoscana.it\/it\/wp-json\/wp\/v2\/comments?post=234848"}],"version-history":[{"count":0,"href":"https:\/\/www.intoscana.it\/it\/wp-json\/wp\/v2\/posts\/234848\/revisions"}],"wp:featuredmedia":[{"embeddable":true,"href":"https:\/\/www.intoscana.it\/it\/wp-json\/wp\/v2\/media\/150522"}],"wp:attachment":[{"href":"https:\/\/www.intoscana.it\/it\/wp-json\/wp\/v2\/media?parent=234848"}],"wp:term":[{"taxonomy":"category","embeddable":true,"href":"https:\/\/www.intoscana.it\/it\/wp-json\/wp\/v2\/categories?post=234848"},{"taxonomy":"post_tag","embeddable":true,"href":"https:\/\/www.intoscana.it\/it\/wp-json\/wp\/v2\/tags?post=234848"}],"curies":[{"name":"wp","href":"https:\/\/api.w.org\/{rel}","templated":true}]}}