{"id":234946,"date":"2022-06-27T09:04:12","date_gmt":"2022-06-27T07:04:12","guid":{"rendered":"https:\/\/www.intoscana.it\/it\/?p=234946"},"modified":"2022-06-27T11:21:45","modified_gmt":"2022-06-27T09:21:45","slug":"tutto-pronto-per-il-palio-di-sienaapplausi-per-drappellone-di-emma-sergeant","status":"publish","type":"post","link":"https:\/\/www.intoscana.it\/it\/tutto-pronto-per-il-palio-di-sienaapplausi-per-drappellone-di-emma-sergeant\/","title":{"rendered":"Tutto pronto per il Palio di Siena: applausi per Drappellone di Emma Sergeant"},"content":{"rendered":"<p>Applausi per il <strong>drappellone per il Palio di Siena<\/strong> che si corre il 2 luglio dopo due anni di pausa per la pandemia, firmato dalla pittrice inglese <strong>Emma Sergeant.<\/strong><\/p>\n<p>Il &#8216;cencio&#8217; \u00e8 stato presentato stasera nel <strong>Cortile del Podest\u00e0 di Palazzo Pubblico<\/strong>, alla presenza del sindaco Luigi De Mossi, ed \u00e8 un elegante lavoro figurativo, in cui l&#8217;<strong>abile tratteggio a gouche,<\/strong> esalta la rappresentazione dando vita a quel connubio tra sacro e profano che il<strong> Palio di Siena<\/strong> \u00e8 in grado di creare.<\/p>\n<p>Di grande impatto visivo <strong>la testa di un cavallo<\/strong> che domina tutta la parte centrale. Il vero e unico protagonista della festa senese.<\/p>\n<p>In alto, sulla destra, la riproposizione di un momento della corsa. Come in un fotogramma: <strong>due contrade sull&#8217;anello di tufo con sullo sfondo il Palazzo comunale.<\/strong><\/p>\n<p>Dalla parte opposta <strong>il volto della Vergine<\/strong> nel quale ritrovare i lineamenti dell&#8217;artista inglese.\u00a0Nella Madonna dipinta dalla Sergeant si pu\u00f2 cos\u00ec vedere la santissima madre di Ges\u00f9 e la donna della nostra contemporaneit\u00e0. In basso il bestiario delle 10 Contrade che partecipano alla Carriera.<\/p>\n<p>Nel drappellone della pittrice inglese il cromatismo \u00e8 estremamente ridotto.\u00a0<strong>A dominare \u00e8 il nero, con le sue sfumature e l&#8217;arancio che satura<\/strong>, con un effetto tipo spugnatura, gli spazi lasciati vuoti dalle figure.<\/p>\n<p>Sergeant ha avuto modo di conoscere Siena, ben rappresentata, infatti, sul drappo anche con<strong> i tre grandi stemmi dei Terzi<\/strong> (Terzo di Camollia, Terzo di Citt\u00e0 e Terzo di S. Martino), l&#8217;antica suddivisione della citt\u00e0, come a rimarcare il forte senso di appartenenza dei suoi cittadini.<\/p>\n<p>E&#8217; invece dello scultore e cesellatore <strong>Dante Mortet, il Masgalano<\/strong> che andr\u00e0 in premio alla migliore comparsa, che si distinguer\u00e0 per eleganza e dignit\u00e0 di portamento e coordinazione, durante la sfilata nel corteo storico in occasione dei Palii del 2022.<\/p>\n<p>Mortet ha interpretato, con grande ironia, l&#8217;anima goliardica che, quest&#8217;anno, veste il premio offerto dall&#8217;Associazione culturale Feriae Matricularum Senensium.<\/p>\n<figure id=\"post-234948 media-234948\" class=\"align-none\"><img decoding=\"async\" src=\"https:\/\/www.intoscana.it\/wp-content\/uploads\/fronte.jpg\" alt=\"\" \/><\/figure>\n<div class=\"titleimg\">Masgalano<\/div>\n","protected":false},"excerpt":{"rendered":"<p>L&#8217;opera \u00e8 stata realizzata dalla pittrice inglese per la carriera del 2 luglio, il Masgalano invece \u00e8 stato realizzato da Dante Mortet<\/p>\n","protected":false},"author":525,"featured_media":234949,"comment_status":"open","ping_status":"open","sticky":false,"template":"","format":"standard","meta":{"_acf_changed":false,"footnotes":""},"categories":[494],"tags":[4432],"class_list":["post-234946","post","type-post","status-publish","format-standard","has-post-thumbnail","hentry","category-attualita","tag-palio-di-siena"],"acf":[],"yoast_head":"<!-- This site is optimized with the Yoast SEO Premium plugin v24.2 (Yoast SEO v25.6) - https:\/\/yoast.com\/wordpress\/plugins\/seo\/ -->\n<title>Tutto pronto per il Palio di Siena: applausi per Drappellone di Emma Sergeant - intoscana<\/title>\n<meta name=\"description\" content=\"L&#039;opera \u00e8 stata realizzata dalla pittrice inglese per la carriera del 2 luglio, il Masgalano invece \u00e8 stato realizzato da Dante Mortet\" \/>\n<meta name=\"robots\" content=\"index, follow, max-snippet:-1, max-image-preview:large, max-video-preview:-1\" \/>\n<link rel=\"canonical\" href=\"https:\/\/www.intoscana.it\/it\/tutto-pronto-per-il-palio-di-sienaapplausi-per-drappellone-di-emma-sergeant\/\" \/>\n<meta property=\"og:locale\" content=\"it_IT\" \/>\n<meta property=\"og:type\" content=\"article\" \/>\n<meta property=\"og:title\" content=\"Tutto pronto per il Palio di Siena: applausi per Drappellone di Emma Sergeant\" \/>\n<meta property=\"og:description\" content=\"L&#039;opera \u00e8 stata realizzata dalla pittrice inglese per la carriera del 2 luglio, il Masgalano invece \u00e8 stato realizzato da Dante Mortet\" \/>\n<meta property=\"og:url\" content=\"https:\/\/www.intoscana.it\/it\/tutto-pronto-per-il-palio-di-sienaapplausi-per-drappellone-di-emma-sergeant\/\" \/>\n<meta property=\"og:site_name\" content=\"intoscana\" \/>\n<meta property=\"article:publisher\" content=\"https:\/\/www.facebook.com\/intoscana.it\" \/>\n<meta property=\"article:published_time\" content=\"2022-06-27T07:04:12+00:00\" \/>\n<meta property=\"article:modified_time\" content=\"2022-06-27T09:21:45+00:00\" \/>\n<meta property=\"og:image\" content=\"https:\/\/www.intoscana.it\/wp-content\/uploads\/IMG_20220626_193724-scaled.jpg\" \/>\n\t<meta property=\"og:image:width\" content=\"2048\" \/>\n\t<meta property=\"og:image:height\" content=\"1536\" \/>\n\t<meta property=\"og:image:type\" content=\"image\/jpeg\" \/>\n<meta name=\"author\" content=\"Redazione\" \/>\n<meta name=\"twitter:card\" content=\"summary_large_image\" \/>\n<meta name=\"twitter:creator\" content=\"@intoscana\" \/>\n<meta name=\"twitter:site\" content=\"@intoscana\" \/>\n<meta name=\"twitter:label1\" content=\"Written by\" \/>\n\t<meta name=\"twitter:data1\" content=\"Redazione\" \/>\n\t<meta name=\"twitter:label2\" content=\"Est. reading time\" \/>\n\t<meta name=\"twitter:data2\" content=\"2 minuti\" \/>\n<script type=\"application\/ld+json\" class=\"yoast-schema-graph\">{\"@context\":\"https:\/\/schema.org\",\"@graph\":[{\"@type\":\"WebPage\",\"@id\":\"https:\/\/www.intoscana.it\/it\/tutto-pronto-per-il-palio-di-sienaapplausi-per-drappellone-di-emma-sergeant\/\",\"url\":\"https:\/\/www.intoscana.it\/it\/tutto-pronto-per-il-palio-di-sienaapplausi-per-drappellone-di-emma-sergeant\/\",\"name\":\"Tutto pronto per il Palio di Siena: applausi per Drappellone di Emma Sergeant - intoscana\",\"isPartOf\":{\"@id\":\"https:\/\/www.intoscana.it\/it\/#website\"},\"primaryImageOfPage\":{\"@id\":\"https:\/\/www.intoscana.it\/it\/tutto-pronto-per-il-palio-di-sienaapplausi-per-drappellone-di-emma-sergeant\/#primaryimage\"},\"image\":{\"@id\":\"https:\/\/www.intoscana.it\/it\/tutto-pronto-per-il-palio-di-sienaapplausi-per-drappellone-di-emma-sergeant\/#primaryimage\"},\"thumbnailUrl\":\"https:\/\/www.intoscana.it\/wp-content\/uploads\/IMG_20220626_193724-scaled.jpg\",\"datePublished\":\"2022-06-27T07:04:12+00:00\",\"dateModified\":\"2022-06-27T09:21:45+00:00\",\"author\":{\"@id\":\"https:\/\/www.intoscana.it\/it\/#\/schema\/person\/9223810753230f20bd670fdd322661f8\"},\"description\":\"L'opera \u00e8 stata realizzata dalla pittrice inglese per la carriera del 2 luglio, il Masgalano invece \u00e8 stato realizzato da Dante Mortet\",\"breadcrumb\":{\"@id\":\"https:\/\/www.intoscana.it\/it\/tutto-pronto-per-il-palio-di-sienaapplausi-per-drappellone-di-emma-sergeant\/#breadcrumb\"},\"inLanguage\":\"it-IT\",\"potentialAction\":[{\"@type\":\"ReadAction\",\"target\":[\"https:\/\/www.intoscana.it\/it\/tutto-pronto-per-il-palio-di-sienaapplausi-per-drappellone-di-emma-sergeant\/\"]}]},{\"@type\":\"ImageObject\",\"inLanguage\":\"it-IT\",\"@id\":\"https:\/\/www.intoscana.it\/it\/tutto-pronto-per-il-palio-di-sienaapplausi-per-drappellone-di-emma-sergeant\/#primaryimage\",\"url\":\"https:\/\/www.intoscana.it\/wp-content\/uploads\/IMG_20220626_193724-scaled.jpg\",\"contentUrl\":\"https:\/\/www.intoscana.it\/wp-content\/uploads\/IMG_20220626_193724-scaled.jpg\",\"width\":2048,\"height\":1536},{\"@type\":\"BreadcrumbList\",\"@id\":\"https:\/\/www.intoscana.it\/it\/tutto-pronto-per-il-palio-di-sienaapplausi-per-drappellone-di-emma-sergeant\/#breadcrumb\",\"itemListElement\":[{\"@type\":\"ListItem\",\"position\":1,\"name\":\"Home\",\"item\":\"https:\/\/www.intoscana.it\/it\/\"},{\"@type\":\"ListItem\",\"position\":2,\"name\":\"Tutto pronto per il Palio di Siena: applausi per Drappellone di Emma Sergeant\"}]},{\"@type\":\"WebSite\",\"@id\":\"https:\/\/www.intoscana.it\/it\/#website\",\"url\":\"https:\/\/www.intoscana.it\/it\/\",\"name\":\"intoscana\",\"description\":\"\",\"potentialAction\":[{\"@type\":\"SearchAction\",\"target\":{\"@type\":\"EntryPoint\",\"urlTemplate\":\"https:\/\/www.intoscana.it\/it\/?s={search_term_string}\"},\"query-input\":{\"@type\":\"PropertyValueSpecification\",\"valueRequired\":true,\"valueName\":\"search_term_string\"}}],\"inLanguage\":\"it-IT\"},{\"@type\":\"Person\",\"@id\":\"https:\/\/www.intoscana.it\/it\/#\/schema\/person\/9223810753230f20bd670fdd322661f8\",\"name\":\"Redazione\",\"url\":\"https:\/\/www.intoscana.it\/it\/author\/redazione\/\"}]}<\/script>\n<!-- \/ Yoast SEO Premium plugin. -->","yoast_head_json":{"title":"Tutto pronto per il Palio di Siena: applausi per Drappellone di Emma Sergeant - intoscana","description":"L'opera \u00e8 stata realizzata dalla pittrice inglese per la carriera del 2 luglio, il Masgalano invece \u00e8 stato realizzato da Dante Mortet","robots":{"index":"index","follow":"follow","max-snippet":"max-snippet:-1","max-image-preview":"max-image-preview:large","max-video-preview":"max-video-preview:-1"},"canonical":"https:\/\/www.intoscana.it\/it\/tutto-pronto-per-il-palio-di-sienaapplausi-per-drappellone-di-emma-sergeant\/","og_locale":"it_IT","og_type":"article","og_title":"Tutto pronto per il Palio di Siena: applausi per Drappellone di Emma Sergeant","og_description":"L'opera \u00e8 stata realizzata dalla pittrice inglese per la carriera del 2 luglio, il Masgalano invece \u00e8 stato realizzato da Dante Mortet","og_url":"https:\/\/www.intoscana.it\/it\/tutto-pronto-per-il-palio-di-sienaapplausi-per-drappellone-di-emma-sergeant\/","og_site_name":"intoscana","article_publisher":"https:\/\/www.facebook.com\/intoscana.it","article_published_time":"2022-06-27T07:04:12+00:00","article_modified_time":"2022-06-27T09:21:45+00:00","og_image":[{"width":2048,"height":1536,"url":"https:\/\/www.intoscana.it\/wp-content\/uploads\/IMG_20220626_193724-scaled.jpg","type":"image\/jpeg"}],"author":"Redazione","twitter_card":"summary_large_image","twitter_creator":"@intoscana","twitter_site":"@intoscana","twitter_misc":{"Written by":"Redazione","Est. reading time":"2 minuti"},"schema":{"@context":"https:\/\/schema.org","@graph":[{"@type":"WebPage","@id":"https:\/\/www.intoscana.it\/it\/tutto-pronto-per-il-palio-di-sienaapplausi-per-drappellone-di-emma-sergeant\/","url":"https:\/\/www.intoscana.it\/it\/tutto-pronto-per-il-palio-di-sienaapplausi-per-drappellone-di-emma-sergeant\/","name":"Tutto pronto per il Palio di Siena: applausi per Drappellone di Emma Sergeant - intoscana","isPartOf":{"@id":"https:\/\/www.intoscana.it\/it\/#website"},"primaryImageOfPage":{"@id":"https:\/\/www.intoscana.it\/it\/tutto-pronto-per-il-palio-di-sienaapplausi-per-drappellone-di-emma-sergeant\/#primaryimage"},"image":{"@id":"https:\/\/www.intoscana.it\/it\/tutto-pronto-per-il-palio-di-sienaapplausi-per-drappellone-di-emma-sergeant\/#primaryimage"},"thumbnailUrl":"https:\/\/www.intoscana.it\/wp-content\/uploads\/IMG_20220626_193724-scaled.jpg","datePublished":"2022-06-27T07:04:12+00:00","dateModified":"2022-06-27T09:21:45+00:00","author":{"@id":"https:\/\/www.intoscana.it\/it\/#\/schema\/person\/9223810753230f20bd670fdd322661f8"},"description":"L'opera \u00e8 stata realizzata dalla pittrice inglese per la carriera del 2 luglio, il Masgalano invece \u00e8 stato realizzato da Dante Mortet","breadcrumb":{"@id":"https:\/\/www.intoscana.it\/it\/tutto-pronto-per-il-palio-di-sienaapplausi-per-drappellone-di-emma-sergeant\/#breadcrumb"},"inLanguage":"it-IT","potentialAction":[{"@type":"ReadAction","target":["https:\/\/www.intoscana.it\/it\/tutto-pronto-per-il-palio-di-sienaapplausi-per-drappellone-di-emma-sergeant\/"]}]},{"@type":"ImageObject","inLanguage":"it-IT","@id":"https:\/\/www.intoscana.it\/it\/tutto-pronto-per-il-palio-di-sienaapplausi-per-drappellone-di-emma-sergeant\/#primaryimage","url":"https:\/\/www.intoscana.it\/wp-content\/uploads\/IMG_20220626_193724-scaled.jpg","contentUrl":"https:\/\/www.intoscana.it\/wp-content\/uploads\/IMG_20220626_193724-scaled.jpg","width":2048,"height":1536},{"@type":"BreadcrumbList","@id":"https:\/\/www.intoscana.it\/it\/tutto-pronto-per-il-palio-di-sienaapplausi-per-drappellone-di-emma-sergeant\/#breadcrumb","itemListElement":[{"@type":"ListItem","position":1,"name":"Home","item":"https:\/\/www.intoscana.it\/it\/"},{"@type":"ListItem","position":2,"name":"Tutto pronto per il Palio di Siena: applausi per Drappellone di Emma Sergeant"}]},{"@type":"WebSite","@id":"https:\/\/www.intoscana.it\/it\/#website","url":"https:\/\/www.intoscana.it\/it\/","name":"intoscana","description":"","potentialAction":[{"@type":"SearchAction","target":{"@type":"EntryPoint","urlTemplate":"https:\/\/www.intoscana.it\/it\/?s={search_term_string}"},"query-input":{"@type":"PropertyValueSpecification","valueRequired":true,"valueName":"search_term_string"}}],"inLanguage":"it-IT"},{"@type":"Person","@id":"https:\/\/www.intoscana.it\/it\/#\/schema\/person\/9223810753230f20bd670fdd322661f8","name":"Redazione","url":"https:\/\/www.intoscana.it\/it\/author\/redazione\/"}]}},"_links":{"self":[{"href":"https:\/\/www.intoscana.it\/it\/wp-json\/wp\/v2\/posts\/234946","targetHints":{"allow":["GET"]}}],"collection":[{"href":"https:\/\/www.intoscana.it\/it\/wp-json\/wp\/v2\/posts"}],"about":[{"href":"https:\/\/www.intoscana.it\/it\/wp-json\/wp\/v2\/types\/post"}],"author":[{"embeddable":true,"href":"https:\/\/www.intoscana.it\/it\/wp-json\/wp\/v2\/users\/525"}],"replies":[{"embeddable":true,"href":"https:\/\/www.intoscana.it\/it\/wp-json\/wp\/v2\/comments?post=234946"}],"version-history":[{"count":0,"href":"https:\/\/www.intoscana.it\/it\/wp-json\/wp\/v2\/posts\/234946\/revisions"}],"wp:featuredmedia":[{"embeddable":true,"href":"https:\/\/www.intoscana.it\/it\/wp-json\/wp\/v2\/media\/234949"}],"wp:attachment":[{"href":"https:\/\/www.intoscana.it\/it\/wp-json\/wp\/v2\/media?parent=234946"}],"wp:term":[{"taxonomy":"category","embeddable":true,"href":"https:\/\/www.intoscana.it\/it\/wp-json\/wp\/v2\/categories?post=234946"},{"taxonomy":"post_tag","embeddable":true,"href":"https:\/\/www.intoscana.it\/it\/wp-json\/wp\/v2\/tags?post=234946"}],"curies":[{"name":"wp","href":"https:\/\/api.w.org\/{rel}","templated":true}]}}