{"id":235049,"date":"2022-06-27T13:39:16","date_gmt":"2022-06-27T11:39:16","guid":{"rendered":"https:\/\/www.intoscana.it\/it\/?p=235049"},"modified":"2022-06-27T13:51:26","modified_gmt":"2022-06-27T11:51:26","slug":"la-pandemia-ha-colpito-duro-leconomia-della-toscana-nel-2020-in-calo-fatturato-e-occupazione","status":"publish","type":"post","link":"https:\/\/www.intoscana.it\/it\/la-pandemia-ha-colpito-duro-leconomia-della-toscana-nel-2020-in-calo-fatturato-e-occupazione\/","title":{"rendered":"La pandemia ha colpito duro l&#8217;economia della Toscana: nel 2020 in calo fatturato e occupazione"},"content":{"rendered":"<p><span dir=\"ltr\" role=\"presentation\"><strong>La pandemia di Covid-19 ha colpito duramente l&#8217;economia della Toscana.<\/strong> Secondo l&#8217;usuale rapporto annuale della<strong> Banca d&#8217;Italia<\/strong> nel 2020 il <strong>calo del prodotto toscano \u00e8 stato di oltre il 9%<\/strong>, pi\u00f9 intenso rispetto alla media del Paese.<br \/>\nIl lockdown e il blocco delle attivit\u00e0 produttive non essenziali hanno avuto gravi ripercussioni su settori da sempre importanti nella nostra regione, come<strong> la moda e le attivit\u00e0 collegate al turismo<\/strong>, soprattutto straniero e delle citt\u00e0 d\u2019arte. <\/span><span dir=\"ltr\" role=\"presentation\">La riduzione del Pil si \u00e8 <\/span><span dir=\"ltr\" role=\"presentation\">attenuata<\/span> <span dir=\"ltr\" role=\"presentation\">nei<\/span> <span dir=\"ltr\" role=\"presentation\">mesi<\/span> <span dir=\"ltr\" role=\"presentation\">estivi<\/span> <span dir=\"ltr\" role=\"presentation\">per<\/span> <span dir=\"ltr\" role=\"presentation\">poi<\/span> <span dir=\"ltr\" role=\"presentation\">intensificarsi<\/span> <span dir=\"ltr\" role=\"presentation\">a fine anno, <\/span><span dir=\"ltr\" role=\"presentation\">in concomitanza con la seconda fase del contagio e con <\/span><span dir=\"ltr\" role=\"presentation\">l\u2019introduzione delle nuove misure restrittive. <\/span><span dir=\"ltr\" role=\"presentation\">Un quadro che per\u00f2 \u00e8 andato a migliorare nel 2021, grazie al <\/span><span dir=\"ltr\" role=\"presentation\">piano vaccinale e all\u2019allentamento delle misure restrittive.<\/span><\/p>\n<h3><span dir=\"ltr\" role=\"presentation\">Colpite le imprese pi\u00f9 piccole e internazionali e il terziario<br \/>\n<\/span><\/h3>\n<p>Le imprese hanno subito una significativa riduzione del fatturato, soprattutto <span dir=\"ltr\" role=\"presentation\">le pi\u00f9 piccole e quelle pi\u00f9 internaziona<\/span><span dir=\"ltr\" role=\"presentation\">lizzate<strong>. Nelle imprese industriali il calo <\/strong><\/span><strong><span dir=\"ltr\" role=\"presentation\">del fatturato \u00e8 stata del 6% , con una<\/span><\/strong><span dir=\"ltr\" role=\"presentation\"><strong> diminuzione \u00e8 stata pi\u00f9 intensa nel terziario (-12%).<br \/>\n<\/strong><\/span><span dir=\"ltr\" role=\"presentation\">A danneggiare le imprese toscane \u00e8 stato anche il drastico calo dell&#8217;export, da sempre volano dell&#8217;economia regionale:<strong> le vendite all\u2019estero<\/strong><\/span><span dir=\"ltr\" role=\"presentation\"><strong> hanno registrato una contrazione intensa (-6,2%)<\/strong>, in <\/span><span dir=\"ltr\" role=\"presentation\">particolare nei comparti di moda e meccanica, seppure nel com<\/span><span dir=\"ltr\" role=\"presentation\">plesso pi\u00f9 contenuta rispetto alla media italiana.<br \/>\nIl comparto turistico \u00e8 stato tra i pi\u00f9 colpiti: <strong>nel 2020 le presenze turistiche si sono pi\u00f9 che dimezzate rispetto al 2019<\/strong>, con un record negativo di -80,7% segnato dall&#8217;area fiorentina, mentre \u00e8 andata meglio la costa.<br \/>\n<\/span><\/p>\n<div class=\"focuson\"><a href=\"https:\/\/www.intoscana.it\/it\/articolo\/turismo-toscana-ripartenza-guerra-testo-unico\/\"><img decoding=\"async\" class=\"lazy\" src=\"https:\/\/www.intoscana.it\/wp-content\/uploads\/turismo-toscana-post-covid-1.jpg\" style=\"\">\n                <div class=\"cat\">Come cambia il turismo in Toscana<\/div>\n                <h4>La ripartenza, la guerra e il testo unico di settore<\/h4><\/a>\n              <\/div>\n<p><strong><span dir=\"ltr\" role=\"presentation\">La dinamica negativa del fatturato ha riguardato anche il settore edile (-5%<\/span><\/strong><span dir=\"ltr\" role=\"presentation\"><strong>),<\/strong> che si \u00e8 ripreso nella seconda parte dell&#8217;anno. Anche il mercato immobiliare ha subito una battuta d&#8217;arresto: il numero di compravendite di case dopo cinque anni di crescita nel 2020 \u00e8 diminuto dell&#8217;8%.<strong> Chi ha acquistato un&#8217;abitazione per\u00f2 ha scelto i comuni minori rispetto ai capoluoghi di provincia e metrature pi\u00f9 ampie<\/strong>, forse cercando spazi pi\u00f9 vivibili dopo i mesi di lockdown vissuti tra le quattro mura.<\/span><\/p>\n<h3>Diminuiscono gli occupati, colpite soprattutto le lavoratrici<\/h3>\n<p><span dir=\"ltr\" role=\"presentation\">Gli effetti della crisi innescata dalla pandemia si sono abbattuti di conseguenza anche sul mercato di lavoro.<\/span><strong><span dir=\"ltr\" role=\"presentation\"> Il calo degli occupati (-1,3 %<\/span><\/strong><span dir=\"ltr\" role=\"presentation\"><strong>) ha colpito maggiormente la componente femminile (-2,2%)<\/strong>, anche perch\u00e9 la perdita di posti di lavori \u00e8 stata pi\u00f9 marcata nel settore turistico e dei servizi, dove le donne sono maggiormente impiegate. Colpito anche il <\/span><span dir=\"ltr\" role=\"presentation\">lavoro autonomo (-2%) e, i servizi, in particolare commercio, alberghi <\/span><span dir=\"ltr\" role=\"presentation\">e ristorazione (-4,8%). <strong>Il calo nell\u2019occupazione dipendente si \u00e8 con<\/strong><\/span><span dir=\"ltr\" role=\"presentation\"><strong>centrato nella componente a tempo determinato<\/strong>, ridotta di quasi un quinto. <\/span><\/p>\n<p><span dir=\"ltr\" role=\"presentation\">Per la prima volta <\/span><span dir=\"ltr\" role=\"presentation\">dal 2014 \u00e8 tornata a crescere la quota dei <strong>Neet, i giovani non occupati e non <\/strong><\/span><strong><span dir=\"ltr\" role=\"presentation\">in istruzione o formazione, che nel 2020 ha raggiunto il 17%.<br \/>\n<\/span><\/strong><span dir=\"ltr\" role=\"presentation\">La buona notizia \u00e8 che nei primi quattro mesi del 2021 le nuove attivazioni di contratti di lavoro sono tornate a crescere.<\/span><strong><span dir=\"ltr\" role=\"presentation\"><br \/>\n<\/span><\/strong><\/p>\n<p>Meno lavoro significa anche meno reddito e meno spese <span dir=\"ltr\" role=\"presentation\">delle fami<\/span><span dir=\"ltr\" role=\"presentation\">glie, si \u00e8 interrotta cos\u00ec in Toscana una fase di crescita in atto da oltre cinque anni.\u00a0 <\/span><span dir=\"ltr\" role=\"presentation\">Nel 2020 il reddito disponibile \u00e8 calato di circa il 2,8 % <\/span><span dir=\"ltr\" role=\"presentation\">rispetto al<strong> 2019 mentre i consumi si sono ridotti <\/strong><\/span><span dir=\"ltr\" role=\"presentation\"><strong>dell\u201911,9%.<\/strong> La disuguaglianza nella distri<\/span><span dir=\"ltr\" role=\"presentation\">buzione dei redditi e la<strong> povert\u00e0 sono aumentate durante la pande<\/strong><\/span><span dir=\"ltr\" role=\"presentation\"><strong>mia,<\/strong> accrescendo i divari socio-economici; gli interventi pubblici <\/span><span dir=\"ltr\" role=\"presentation\">hanno tuttavia contribuito ad attenuarne l\u2019incremento.<\/span><\/p>\n<h3><br role=\"presentation\" \/><span dir=\"ltr\" role=\"presentation\">Pi\u00f9 credito alle imprese e personale per la sanit\u00e0<\/span><\/h3>\n<p><span dir=\"ltr\" role=\"presentation\">Per quanto riguarda i finanziamenti <\/span><span dir=\"ltr\" role=\"presentation\">all\u2019economia, <strong>n<\/strong><\/span><span dir=\"ltr\" role=\"presentation\"><strong>el 2020 il credito bancario in Toscana \u00e8 tornato a crescere<\/strong> (3,1% <\/span><span dir=\"ltr\" role=\"presentation\">in dicembre) riflettendo il forte recupero dei finanziamenti <\/span><span dir=\"ltr\" role=\"presentation\">alle imprese (4,3%), che si \u00e8 consolidato anche nel primo trimestre del <\/span><span dir=\"ltr\" role=\"presentation\">2021. Una dinamica dovuta in buona parte dalle politiche di so<\/span><span dir=\"ltr\" role=\"presentation\">stegno adottate per contrastare la carenza di liquidit\u00e0, principal-<\/span><span dir=\"ltr\" role=\"presentation\">mente tramite la<strong> concessione di garanzie pubbliche sui prestiti alle <\/strong><\/span><span dir=\"ltr\" role=\"presentation\"><strong>PMI.<\/strong> <\/span><\/p>\n<p>Infine sul fronte della spesa pubblica, nel 2020 per contrastare la pandemia sono aumentate le spese in sanit\u00e0: il costo del servizio sanitario regionale \u00e8 aumentato del 5,5%, dovuto tutto all&#8217;emergenza sanitaria. <strong>In un anno il personale sanitario \u00e8 aumentato di oltre 7mila unit\u00e0, di cui il 40% infermieri e il 20% medici<\/strong>, la met\u00e0 dei quali assunti a tempo indeterminato. Un dato negativo invece arriva dall&#8217;attivit\u00e0 di prevenzione, che a causa della pandemia ha subito un forte rallentamento i cui effetti si vedranno solo in futuro: nel 2020 infatt, tra gennaio e settembre, gli screening si sono ridotti del 40%.<\/p>\n","protected":false},"excerpt":{"rendered":"<p>Secondo il rapporto della Banca d&#8217;Italia lo scorso anno hanno sofferto maggiormente moda, turismo ed export, mentre la disoccupazione ha colpito soprattutto le donne. Aumentata la spesa in sanit\u00e0, con 7mila nuove assunzioni<\/p>\n","protected":false},"author":502,"featured_media":156358,"comment_status":"open","ping_status":"open","sticky":false,"template":"","format":"standard","meta":{"_acf_changed":false,"footnotes":""},"categories":[9],"tags":[418,211,260],"class_list":["post-235049","post","type-post","status-publish","format-standard","has-post-thumbnail","hentry","category-made-in-toscana","tag-covid-19","tag-economia","tag-lavoro"],"acf":[],"yoast_head":"<!-- This site is optimized with the Yoast SEO Premium plugin v24.2 (Yoast SEO v25.6) - https:\/\/yoast.com\/wordpress\/plugins\/seo\/ -->\n<title>La pandemia ha colpito duro l&#039;economia della Toscana: nel 2020 in calo fatturato e occupazione - intoscana<\/title>\n<meta name=\"description\" content=\"Il 2020 a causa della pandemia \u00e8 stato un anno negativo per l&#039;economia della Toscana: colpito soprattutto turismo, terziario, moda ed export.\" \/>\n<meta name=\"robots\" content=\"index, follow, max-snippet:-1, max-image-preview:large, max-video-preview:-1\" \/>\n<link rel=\"canonical\" href=\"https:\/\/www.intoscana.it\/it\/la-pandemia-ha-colpito-duro-leconomia-della-toscana-nel-2020-in-calo-fatturato-e-occupazione\/\" \/>\n<meta property=\"og:locale\" content=\"it_IT\" \/>\n<meta property=\"og:type\" content=\"article\" \/>\n<meta property=\"og:title\" content=\"La pandemia ha colpito duro l&#039;economia della Toscana: nel 2020 in calo fatturato e occupazione\" \/>\n<meta property=\"og:description\" content=\"Il 2020 a causa della pandemia \u00e8 stato un anno negativo per l&#039;economia della Toscana: colpito soprattutto turismo, terziario, moda ed export.\" \/>\n<meta property=\"og:url\" content=\"https:\/\/www.intoscana.it\/it\/la-pandemia-ha-colpito-duro-leconomia-della-toscana-nel-2020-in-calo-fatturato-e-occupazione\/\" \/>\n<meta property=\"og:site_name\" content=\"intoscana\" \/>\n<meta property=\"article:publisher\" content=\"https:\/\/www.facebook.com\/intoscana.it\" \/>\n<meta property=\"article:published_time\" content=\"2022-06-27T11:39:16+00:00\" \/>\n<meta property=\"article:modified_time\" content=\"2022-06-27T11:51:26+00:00\" \/>\n<meta property=\"og:image\" content=\"https:\/\/www.intoscana.it\/wp-content\/uploads\/Ragazza-con-mascherina-engin-akyurt-Unsplash.jpg\" \/>\n\t<meta property=\"og:image:width\" content=\"1920\" \/>\n\t<meta property=\"og:image:height\" content=\"1280\" \/>\n\t<meta property=\"og:image:type\" content=\"image\/jpeg\" \/>\n<meta name=\"author\" content=\"Ilaria Giannini\" \/>\n<meta name=\"twitter:card\" content=\"summary_large_image\" \/>\n<meta name=\"twitter:creator\" content=\"@i.giannini@fst.it\" \/>\n<meta name=\"twitter:site\" content=\"@intoscana\" \/>\n<meta name=\"twitter:label1\" content=\"Written by\" \/>\n\t<meta name=\"twitter:data1\" content=\"Ilaria Giannini\" \/>\n\t<meta name=\"twitter:label2\" content=\"Est. reading time\" \/>\n\t<meta name=\"twitter:data2\" content=\"3 minuti\" \/>\n<script type=\"application\/ld+json\" class=\"yoast-schema-graph\">{\"@context\":\"https:\/\/schema.org\",\"@graph\":[{\"@type\":\"WebPage\",\"@id\":\"https:\/\/www.intoscana.it\/it\/la-pandemia-ha-colpito-duro-leconomia-della-toscana-nel-2020-in-calo-fatturato-e-occupazione\/\",\"url\":\"https:\/\/www.intoscana.it\/it\/la-pandemia-ha-colpito-duro-leconomia-della-toscana-nel-2020-in-calo-fatturato-e-occupazione\/\",\"name\":\"La pandemia ha colpito duro l'economia della Toscana: nel 2020 in calo fatturato e occupazione - intoscana\",\"isPartOf\":{\"@id\":\"https:\/\/www.intoscana.it\/it\/#website\"},\"primaryImageOfPage\":{\"@id\":\"https:\/\/www.intoscana.it\/it\/la-pandemia-ha-colpito-duro-leconomia-della-toscana-nel-2020-in-calo-fatturato-e-occupazione\/#primaryimage\"},\"image\":{\"@id\":\"https:\/\/www.intoscana.it\/it\/la-pandemia-ha-colpito-duro-leconomia-della-toscana-nel-2020-in-calo-fatturato-e-occupazione\/#primaryimage\"},\"thumbnailUrl\":\"https:\/\/www.intoscana.it\/wp-content\/uploads\/Ragazza-con-mascherina-engin-akyurt-Unsplash.jpg\",\"datePublished\":\"2022-06-27T11:39:16+00:00\",\"dateModified\":\"2022-06-27T11:51:26+00:00\",\"author\":{\"@id\":\"https:\/\/www.intoscana.it\/it\/#\/schema\/person\/de95e1ed2c1c8c30a6922bbba3a90185\"},\"description\":\"Il 2020 a causa della pandemia \u00e8 stato un anno negativo per l'economia della Toscana: colpito soprattutto turismo, terziario, moda ed export.\",\"breadcrumb\":{\"@id\":\"https:\/\/www.intoscana.it\/it\/la-pandemia-ha-colpito-duro-leconomia-della-toscana-nel-2020-in-calo-fatturato-e-occupazione\/#breadcrumb\"},\"inLanguage\":\"it-IT\",\"potentialAction\":[{\"@type\":\"ReadAction\",\"target\":[\"https:\/\/www.intoscana.it\/it\/la-pandemia-ha-colpito-duro-leconomia-della-toscana-nel-2020-in-calo-fatturato-e-occupazione\/\"]}]},{\"@type\":\"ImageObject\",\"inLanguage\":\"it-IT\",\"@id\":\"https:\/\/www.intoscana.it\/it\/la-pandemia-ha-colpito-duro-leconomia-della-toscana-nel-2020-in-calo-fatturato-e-occupazione\/#primaryimage\",\"url\":\"https:\/\/www.intoscana.it\/wp-content\/uploads\/Ragazza-con-mascherina-engin-akyurt-Unsplash.jpg\",\"contentUrl\":\"https:\/\/www.intoscana.it\/wp-content\/uploads\/Ragazza-con-mascherina-engin-akyurt-Unsplash.jpg\",\"width\":1920,\"height\":1280,\"caption\":\"Ragazza con mascherina\"},{\"@type\":\"BreadcrumbList\",\"@id\":\"https:\/\/www.intoscana.it\/it\/la-pandemia-ha-colpito-duro-leconomia-della-toscana-nel-2020-in-calo-fatturato-e-occupazione\/#breadcrumb\",\"itemListElement\":[{\"@type\":\"ListItem\",\"position\":1,\"name\":\"Home\",\"item\":\"https:\/\/www.intoscana.it\/it\/\"},{\"@type\":\"ListItem\",\"position\":2,\"name\":\"La pandemia ha colpito duro l&#8217;economia della Toscana: nel 2020 in calo fatturato e occupazione\"}]},{\"@type\":\"WebSite\",\"@id\":\"https:\/\/www.intoscana.it\/it\/#website\",\"url\":\"https:\/\/www.intoscana.it\/it\/\",\"name\":\"intoscana\",\"description\":\"\",\"potentialAction\":[{\"@type\":\"SearchAction\",\"target\":{\"@type\":\"EntryPoint\",\"urlTemplate\":\"https:\/\/www.intoscana.it\/it\/?s={search_term_string}\"},\"query-input\":{\"@type\":\"PropertyValueSpecification\",\"valueRequired\":true,\"valueName\":\"search_term_string\"}}],\"inLanguage\":\"it-IT\"},{\"@type\":\"Person\",\"@id\":\"https:\/\/www.intoscana.it\/it\/#\/schema\/person\/de95e1ed2c1c8c30a6922bbba3a90185\",\"name\":\"Ilaria Giannini\",\"sameAs\":[\"https:\/\/x.com\/i.giannini@fst.it\"],\"url\":\"https:\/\/www.intoscana.it\/it\/author\/ilaria-giannini\/\"}]}<\/script>\n<!-- \/ Yoast SEO Premium plugin. -->","yoast_head_json":{"title":"La pandemia ha colpito duro l'economia della Toscana: nel 2020 in calo fatturato e occupazione - intoscana","description":"Il 2020 a causa della pandemia \u00e8 stato un anno negativo per l'economia della Toscana: colpito soprattutto turismo, terziario, moda ed export.","robots":{"index":"index","follow":"follow","max-snippet":"max-snippet:-1","max-image-preview":"max-image-preview:large","max-video-preview":"max-video-preview:-1"},"canonical":"https:\/\/www.intoscana.it\/it\/la-pandemia-ha-colpito-duro-leconomia-della-toscana-nel-2020-in-calo-fatturato-e-occupazione\/","og_locale":"it_IT","og_type":"article","og_title":"La pandemia ha colpito duro l'economia della Toscana: nel 2020 in calo fatturato e occupazione","og_description":"Il 2020 a causa della pandemia \u00e8 stato un anno negativo per l'economia della Toscana: colpito soprattutto turismo, terziario, moda ed export.","og_url":"https:\/\/www.intoscana.it\/it\/la-pandemia-ha-colpito-duro-leconomia-della-toscana-nel-2020-in-calo-fatturato-e-occupazione\/","og_site_name":"intoscana","article_publisher":"https:\/\/www.facebook.com\/intoscana.it","article_published_time":"2022-06-27T11:39:16+00:00","article_modified_time":"2022-06-27T11:51:26+00:00","og_image":[{"width":1920,"height":1280,"url":"https:\/\/www.intoscana.it\/wp-content\/uploads\/Ragazza-con-mascherina-engin-akyurt-Unsplash.jpg","type":"image\/jpeg"}],"author":"Ilaria Giannini","twitter_card":"summary_large_image","twitter_creator":"@i.giannini@fst.it","twitter_site":"@intoscana","twitter_misc":{"Written by":"Ilaria Giannini","Est. reading time":"3 minuti"},"schema":{"@context":"https:\/\/schema.org","@graph":[{"@type":"WebPage","@id":"https:\/\/www.intoscana.it\/it\/la-pandemia-ha-colpito-duro-leconomia-della-toscana-nel-2020-in-calo-fatturato-e-occupazione\/","url":"https:\/\/www.intoscana.it\/it\/la-pandemia-ha-colpito-duro-leconomia-della-toscana-nel-2020-in-calo-fatturato-e-occupazione\/","name":"La pandemia ha colpito duro l'economia della Toscana: nel 2020 in calo fatturato e occupazione - intoscana","isPartOf":{"@id":"https:\/\/www.intoscana.it\/it\/#website"},"primaryImageOfPage":{"@id":"https:\/\/www.intoscana.it\/it\/la-pandemia-ha-colpito-duro-leconomia-della-toscana-nel-2020-in-calo-fatturato-e-occupazione\/#primaryimage"},"image":{"@id":"https:\/\/www.intoscana.it\/it\/la-pandemia-ha-colpito-duro-leconomia-della-toscana-nel-2020-in-calo-fatturato-e-occupazione\/#primaryimage"},"thumbnailUrl":"https:\/\/www.intoscana.it\/wp-content\/uploads\/Ragazza-con-mascherina-engin-akyurt-Unsplash.jpg","datePublished":"2022-06-27T11:39:16+00:00","dateModified":"2022-06-27T11:51:26+00:00","author":{"@id":"https:\/\/www.intoscana.it\/it\/#\/schema\/person\/de95e1ed2c1c8c30a6922bbba3a90185"},"description":"Il 2020 a causa della pandemia \u00e8 stato un anno negativo per l'economia della Toscana: colpito soprattutto turismo, terziario, moda ed export.","breadcrumb":{"@id":"https:\/\/www.intoscana.it\/it\/la-pandemia-ha-colpito-duro-leconomia-della-toscana-nel-2020-in-calo-fatturato-e-occupazione\/#breadcrumb"},"inLanguage":"it-IT","potentialAction":[{"@type":"ReadAction","target":["https:\/\/www.intoscana.it\/it\/la-pandemia-ha-colpito-duro-leconomia-della-toscana-nel-2020-in-calo-fatturato-e-occupazione\/"]}]},{"@type":"ImageObject","inLanguage":"it-IT","@id":"https:\/\/www.intoscana.it\/it\/la-pandemia-ha-colpito-duro-leconomia-della-toscana-nel-2020-in-calo-fatturato-e-occupazione\/#primaryimage","url":"https:\/\/www.intoscana.it\/wp-content\/uploads\/Ragazza-con-mascherina-engin-akyurt-Unsplash.jpg","contentUrl":"https:\/\/www.intoscana.it\/wp-content\/uploads\/Ragazza-con-mascherina-engin-akyurt-Unsplash.jpg","width":1920,"height":1280,"caption":"Ragazza con mascherina"},{"@type":"BreadcrumbList","@id":"https:\/\/www.intoscana.it\/it\/la-pandemia-ha-colpito-duro-leconomia-della-toscana-nel-2020-in-calo-fatturato-e-occupazione\/#breadcrumb","itemListElement":[{"@type":"ListItem","position":1,"name":"Home","item":"https:\/\/www.intoscana.it\/it\/"},{"@type":"ListItem","position":2,"name":"La pandemia ha colpito duro l&#8217;economia della Toscana: nel 2020 in calo fatturato e occupazione"}]},{"@type":"WebSite","@id":"https:\/\/www.intoscana.it\/it\/#website","url":"https:\/\/www.intoscana.it\/it\/","name":"intoscana","description":"","potentialAction":[{"@type":"SearchAction","target":{"@type":"EntryPoint","urlTemplate":"https:\/\/www.intoscana.it\/it\/?s={search_term_string}"},"query-input":{"@type":"PropertyValueSpecification","valueRequired":true,"valueName":"search_term_string"}}],"inLanguage":"it-IT"},{"@type":"Person","@id":"https:\/\/www.intoscana.it\/it\/#\/schema\/person\/de95e1ed2c1c8c30a6922bbba3a90185","name":"Ilaria Giannini","sameAs":["https:\/\/x.com\/i.giannini@fst.it"],"url":"https:\/\/www.intoscana.it\/it\/author\/ilaria-giannini\/"}]}},"_links":{"self":[{"href":"https:\/\/www.intoscana.it\/it\/wp-json\/wp\/v2\/posts\/235049","targetHints":{"allow":["GET"]}}],"collection":[{"href":"https:\/\/www.intoscana.it\/it\/wp-json\/wp\/v2\/posts"}],"about":[{"href":"https:\/\/www.intoscana.it\/it\/wp-json\/wp\/v2\/types\/post"}],"author":[{"embeddable":true,"href":"https:\/\/www.intoscana.it\/it\/wp-json\/wp\/v2\/users\/502"}],"replies":[{"embeddable":true,"href":"https:\/\/www.intoscana.it\/it\/wp-json\/wp\/v2\/comments?post=235049"}],"version-history":[{"count":0,"href":"https:\/\/www.intoscana.it\/it\/wp-json\/wp\/v2\/posts\/235049\/revisions"}],"wp:featuredmedia":[{"embeddable":true,"href":"https:\/\/www.intoscana.it\/it\/wp-json\/wp\/v2\/media\/156358"}],"wp:attachment":[{"href":"https:\/\/www.intoscana.it\/it\/wp-json\/wp\/v2\/media?parent=235049"}],"wp:term":[{"taxonomy":"category","embeddable":true,"href":"https:\/\/www.intoscana.it\/it\/wp-json\/wp\/v2\/categories?post=235049"},{"taxonomy":"post_tag","embeddable":true,"href":"https:\/\/www.intoscana.it\/it\/wp-json\/wp\/v2\/tags?post=235049"}],"curies":[{"name":"wp","href":"https:\/\/api.w.org\/{rel}","templated":true}]}}