{"id":235183,"date":"2022-06-28T14:03:01","date_gmt":"2022-06-28T12:03:01","guid":{"rendered":"https:\/\/www.intoscana.it\/it\/?p=235183"},"modified":"2022-06-28T14:44:09","modified_gmt":"2022-06-28T12:44:09","slug":"r-y-f-concerto-pecci-prato","status":"publish","type":"post","link":"https:\/\/www.intoscana.it\/it\/r-y-f-concerto-pecci-prato\/","title":{"rendered":"Fiori in fiamme contro l&#8217;odio: R.Y.F. in concerto al Centro Luigi Pecci di Prato"},"content":{"rendered":"<p><strong>Francesca Morello,<\/strong> in arte <strong>R.Y.F.<\/strong> (acronimo che sta per <em><strong>Restless Yellow Flowers<\/strong><\/em> cio\u00e8 <em><strong>&#8220;Fiori gialli inquieti&#8221;<\/strong> <\/em>citazione di <em><strong>&#8220;Il maestro e Margherita&#8221;<\/strong><\/em> di Bulgakov) sar\u00e0 in concerto <strong>venerd\u00ec 15 luglio<\/strong> al <strong>Centro per l&#8217;Arte Contemporanea Luigi Pecci di Prato.<\/strong><\/p>\n<p><strong>R.Y.F.<\/strong> presenter\u00e0 l\u2019album acclamato dalla critica <em><strong>Everything Burns<\/strong><\/em>, nato dalla collaborazione con la celebre compagnia teatrale <strong>Motus<\/strong> per lo spettacolo <strong>Tutto Brucia<\/strong>: un mix unico di <strong>elettronica e punk rock<\/strong> al servizio degli<strong> ideali di sovversione queer e femminista<\/strong>.<\/p>\n<p>Il disco \u00e8 un vero e proprio <strong>pugno in faccia contro il patriarcato<\/strong>, <strong>l&#8217;omofobia, il razzismo, il maschilismo, la transfobia, la grassofobia<\/strong> e in generale tutte le discriminazioni.<\/p>\n<p><strong>La title trak<\/strong> ripercorre tutte le offese che sono state rivolte a <strong>R.Y.F.<\/strong> nel corso della sua adolescenza nella profonda provincia veneta.<\/p>\n<p><em><strong>&#8220;Don&#8217;t panic&#8221;<\/strong><\/em> \u00e8 una canzone dedicata al coraggio di fare <strong>coming out,<\/strong> mentre<strong><em> &#8220;Normal is boring&#8221;\u00a0<\/em><\/strong>\u00e8 una miscela incandescente di ritmiche\u00a0<strong>post-industrial, art-punk, hip hop<\/strong><span class=\"apple-converted-space\">\u00a0<\/span>e distorsioni.<\/p>\n<p><em><strong>Everything Burns<\/strong><\/em> \u00e8 <strong>un&#8217;opera\u00a0catartica e disperata<\/strong>\u00a0con cui <strong>R.Y.F. si libera di tutte le sue pi\u00f9 grandi paure<\/strong> e le mette al servizio degli altri. Il disco \u00e8 dedicato a tutti quelli o quelle che si sentono a disagio in <strong>una societ\u00e0 che ci vorrebbe tutti uguali,<\/strong> etero, bianchi, cisgender.<\/p>\n<p>Oltre al\u00a0concerto <strong>a Prato il 15 luglio R.Y.F. aprir\u00e0 il concerto degli Skunk Anansie<\/strong> il 29 giugno al Rock in Roma, il 30 allo Sherwood Festival a Padova e il primo luglio al Flower Festival a Collegno (Torino).<\/p>\n<p>Inoltre <strong>R.Y.F. sar\u00e0 in concerto in solo<\/strong> il 3 luglio al Concentrico Festival a Carpi (Modena), il 9 al Rural Pride di Bologna<strong>, <\/strong>il 25 al Bar India a Roma, il 26 all&#8217;Hana Bi di Marina di Ravenna e il <strong>10 agosto a Montesansavino in provincia di Arezzo.<\/strong><\/p>\n<figure id=\"post-235192 media-235192\" class=\"align-none\"><img decoding=\"async\" src=\"https:\/\/www.intoscana.it\/wp-content\/uploads\/IMG_6150-copia-scaled-1-scaled.jpg\" alt=\"\" \/><\/figure>\n<h3>Ecco la nostra intervista<\/h3>\n<p><strong>Ciao Francesca quando hai iniziato a suonare? Quando hai preso in mano la chitarra per la prima volta?<\/strong><\/p>\n<p>A 15 anni sono andata a fare una vacanza studio e i poveri disperati ventenni che dovevano badare a noi quindicenni avevano organizzato una sorta di corso di chitarra ed era la prima volta che toccavo uno strumento musicale. Mi hanno insegnato 4 accordi e la cosa mi ha interessato subito.<strong> Per il mio compleanno che \u00e8 in autunno<\/strong> <strong>mio nonno mi ha regalato la mia prima chitarra<\/strong>, una <strong>fender acustica<\/strong>. Ho cominciato a imparare un po&#8217; di accordi da sola poi ho preso qualche lezione anche se mi sembravano noiose. A un certo punto mi stava stretto anche suonare canzoni di altri e ho iniziato a scrivere i primi pezzi. Quando avevo 17 anni nella mia scuola hanno indetto una giornata dello studente in cui chiunque poteva esibirsi, io <strong>ho scritto tre canzoni ed \u00e8 stato il mio primo concerto.<\/strong>\u00a0E&#8217; stata <strong>una delle emozioni pi\u00f9 forti che ho provato in tutta la mia vita<\/strong> e penso di aver deciso in quel momento che non avrei mai smesso di \u00a0suonare.<\/p>\n<p><strong>Il tuo disco parte con una fortissima carica di rabbia e di energia per concludere con due ballad malinconiche e piene di disperazione che mi hanno quasi ricordato Morrissey: Muzik e Pocket Full of Ashes, come mai questa scelta?<\/strong><\/p>\n<p>Diciamo che<strong> questo disco \u00e8 molto diverso dai miei precedenti,<\/strong> quelle due canzoni sono quelle che assomigliano di pi\u00f9 al <strong>mood dei miei vecchi album.<\/strong> Quindi avevo due opzioni, o cominciavo con quelle per poi dare una svolta, oppure davo una sferzata iniziate per far capire che si parla sempre la stessa lingua ma in modo diverso rispetto a prima, soprattutto per quanto riguarda la parte musicale. <strong>Mi piaceva l&#8217;idea di dare questo &#8220;punch in the face&#8221; subito all&#8217;inizio <\/strong>per far capire l&#8217;andazzo del nuovo disco, mi \u00e8 sembrata la scelta migliore.<\/p>\n<p><strong>Quest&#8217;intervista accade in un momento storico abbastanza angosciante in cui come saprai la Suprema Corte degli Stati Uniti ha abolito la sentenza Roe versus Wade sul diritto all&#8217;aborto. Parlando pi\u00f9 in generale mi sembra che sia in atto una rivoluzione dei corpi &#8220;diversi&#8221; che si cerca in ogni modo di mettere a tacere. Come mai secondo te fa cos\u00ec paura la diversit\u00e0?<\/strong><\/p>\n<p>Sarebbe bello saperlo, purtroppo non so bene cosa si installi nella mente di chi ha paura. La paura \u00e8 un grande freno, ti fa diventare ostile e aggressivo quando non riesci a gestirla. <strong>Il problema di base \u00e8 che non c&#8217;\u00e8 ascolto<\/strong>, se solo le persone invece di fermarsi \u00a0alla superficie ascoltassero cosa le &#8220;persone diverse&#8221; hanno da dire. Negli ultimi anni noto che <strong>c&#8217;\u00e8 una controtendenza di chiusura piuttosto che apertura verso l&#8217;altro<\/strong> e questo \u00e8 estremamente controproducente. Io credo che i giovanissimi siano molto attenti all&#8217;ascolto dei propri coetanei e aperti alle diversit\u00e0 in generale, si battono tutti insieme per la stessa causa. <strong>Non \u00e8 strano per un adolescente di adesso passare da avere la ragazza ad avere il ragazzo e viceversa<\/strong>. Temo che ci siano anche adolescenti molto chiusi, dipende dai contesti familiari in cui sono cresciuti. Il problema per\u00f2 sono le persone della mia et\u00e0, dai trent&#8217;anni in s\u00f9.<\/p>\n<p><iframe loading=\"lazy\" title=\"YouTube video player\" src=\"https:\/\/www.youtube.com\/embed\/JfOS4JBBOLM\" width=\"800\" height=\"500\" frameborder=\"0\" allowfullscreen=\"allowfullscreen\"><span data-mce-type=\"bookmark\" style=\"display: inline-block; width: 0px; overflow: hidden; line-height: 0;\" class=\"mce_SELRES_start\">\ufeff<\/span><\/iframe><\/p>\n<p><strong>Com&#8217;\u00e8 nata la collaborazione coi Motus che hanno partecipato insieme a Silvia Calderoni al video di &#8220;Cassandra&#8221;?<\/strong><\/p>\n<p><strong>Cassandra<\/strong> \u00e8 uno dei pezzi che faccio anche nello spettacolo <em><strong>&#8220;Tutto brucia&#8221;<\/strong><\/em>, insieme a<strong> Pocket full of ashes,<\/strong> queste due canzoni sono nate dall&#8217;improvvisazione con Silvia mentre stavamo facendo delle prove durante una residenza. Quindi ho chiesto se potevamo fare il video tutti insieme e<strong> loro hanno accettato con entusiasmo<\/strong>. Il disco \u00e8 strettamente legato allo spettacolo, sono nati quasi in contemporanea anche se l&#8217;ho registrato prima. Eravamo in piena pandemia nel 2020 e<strong> questa esperienza mi ha svoltato la vita<\/strong>, i Motus mi hanno dato un sacco di opportunit\u00e0, mi hanno messo alla prova e <strong>io ho accetto entrambe le sfide mettendo il piede sull&#8217;acceleratore.\u00a0<\/strong><\/p>\n<p><strong>In Everything Burns tu citi molte offese che hai ricevuto durante la tua infanzia che \u00e8 stata in Veneto, una regione tradizionalmente molto chiusa mentalmente. Secondo te da allora \u00e8 cambiato qualcosa?<\/strong><\/p>\n<p>Adesso non ci sto quasi mai quindi non saprei dirti, sicuramente non si pu\u00f2 fare di tutta l&#8217;erba un fascio, ma sicuramente<strong> il clima che si respira non \u00e8 dei pi\u00f9 accoglienti<\/strong>. Il Veneto \u00e8 stato anche <strong>culla di tutto il movimento partigiano,<\/strong> ci sono state epoche migliori ma io sono nata e cresciuta in un piccolo paese e di sicuro tendenzialmente la mentalit\u00e0 non \u00e8 aperta. Non \u00e8 stato semplicissimo,<strong> mi sono sempre sentita un alieno in mezzo ad altra gente<\/strong> che non riusciva a capire cosa io fossi eppure ho avuto genitori molto tranquilli che non mi hanno mai obbligata a fare cose che non volessi fare. Nel mio disco precedente<em><strong> Shameful Tomboy<\/strong><\/em> ho raccontato proprio la mia esperienza di non accettazione della societ\u00e0 nei miei confronti. Il fatto che io giocassi con <strong>He-Man dei Master of The Universe<\/strong> ha sconvolto la mia insegnante che era una suora, ha fatto s\u00ec che <strong>io mi sentissi sbagliata all&#8217;et\u00e0 di 5 anni.<\/strong> Spero che adesso non possano pi\u00f9 ripetersi cose del genere, ma vedo che spesso la tendenza generale \u00e8 dire<em><strong> &#8220;questo \u00e8 da maschio, questo \u00e8 da femmina&#8221;.<\/strong><\/em> Mi sembra molto limitante questa divisione, un bambino o una bambina deve essere libero\/a di fare quello che gli pare. <strong>La mia adolescenza \u00e8 stata bella tosta, \u00e8 stato difficile scappare.\u00a0<\/strong>Tante cose si innestano nella tua mente ed \u00e8 difficile uscirne da soli. Sentirsi sbagliati \u00e8 una cosa data dagli altri ma anche da se stessi, \u00e8 per questo che <strong>in <em>Everything Burns<\/em> volevo dare voce a tante situazioni in cui le persone si possono trovare<\/strong>.<strong> Anche se siamo nel 2022 \u00e8 difficile fare coming out<\/strong> e tra l&#8217;altro il coming out non riguarda semplicemente l&#8217;orientamento sessuale ma un sacco di cose. <strong>E&#8217; difficile in questa societ\u00e0 esporsi quando non si \u00e8 conformi<\/strong>\u00a0a quello che si pensa sia<strong> una persona &#8220;normale&#8221;.<\/strong><\/p>\n<p><strong>Secondo te con la musica si pu\u00f2 cambiare il mondo?<br \/>\n<\/strong><\/p>\n<p>Bisogna che ognuno di noi faccia tutti i giorni un po&#8217; di pi\u00f9 per cambiarlo. Io dico sempre: <strong>quando uno canta da solo \u00e8 una voce in mezzo al trambusto, quando uno canta insieme ad altre persone diventa un coro e tante voci si sentono di pi\u00f9 che una da sola.<\/strong><\/p>\n<figure id=\"post-235184 media-235184\" class=\"align-none\"><img decoding=\"async\" src=\"https:\/\/www.intoscana.it\/wp-content\/uploads\/cover-RYF-2021-scaled-1-scaled.jpg\" alt=\"\" \/><\/figure>\n<div class=\"titleimg\"><\/div>\n<p>&nbsp;<\/p>\n","protected":false},"excerpt":{"rendered":"<p>Il 15 luglio Francesca Morello in arte R.Y.F. presenter\u00e0 in concerto l\u2019album acclamato dalla critica &#8220;Everything Burns&#8221;, nato dalla collaborazione con la celebre compagnia teatrale Motus, ecco la nostra intervista<\/p>\n","protected":false},"author":518,"featured_media":235185,"comment_status":"open","ping_status":"open","sticky":false,"template":"","format":"standard","meta":{"_acf_changed":false,"footnotes":""},"categories":[14],"tags":[216,3138],"class_list":["post-235183","post","type-post","status-publish","format-standard","has-post-thumbnail","hentry","category-musica","tag-concerti","tag-interviste-agli-artisti"],"acf":[],"yoast_head":"<!-- This site is optimized with the Yoast SEO Premium plugin v24.2 (Yoast SEO v25.6) - https:\/\/yoast.com\/wordpress\/plugins\/seo\/ -->\n<title>Fiori in fiamme contro l&#039;odio: R.Y.F. in concerto al Centro Luigi Pecci di Prato - intoscana<\/title>\n<meta name=\"description\" content=\"Il 15 luglio al Centro per l&#039;Arte Contemporanea Luigi Pecci di Prato R.Y.F. presenter\u00e0 in concerto l\u2019album Everything Burns\" \/>\n<meta name=\"robots\" content=\"index, follow, max-snippet:-1, max-image-preview:large, max-video-preview:-1\" \/>\n<link rel=\"canonical\" href=\"https:\/\/www.intoscana.it\/it\/r-y-f-concerto-pecci-prato\/\" \/>\n<meta property=\"og:locale\" content=\"it_IT\" \/>\n<meta property=\"og:type\" content=\"article\" \/>\n<meta property=\"og:title\" content=\"Fiori in fiamme contro l&#039;odio: R.Y.F. in concerto al Centro Luigi Pecci di Prato\" \/>\n<meta property=\"og:description\" content=\"Il 15 luglio al Centro per l&#039;Arte Contemporanea Luigi Pecci di Prato R.Y.F. presenter\u00e0 in concerto l\u2019album Everything Burns\" \/>\n<meta property=\"og:url\" content=\"https:\/\/www.intoscana.it\/it\/r-y-f-concerto-pecci-prato\/\" \/>\n<meta property=\"og:site_name\" content=\"intoscana\" \/>\n<meta property=\"article:publisher\" content=\"https:\/\/www.facebook.com\/intoscana.it\" \/>\n<meta property=\"article:published_time\" content=\"2022-06-28T12:03:01+00:00\" \/>\n<meta property=\"article:modified_time\" content=\"2022-06-28T12:44:09+00:00\" \/>\n<meta property=\"og:image\" content=\"https:\/\/www.intoscana.it\/wp-content\/uploads\/foto-RYF-scaled-1-scaled.jpg\" \/>\n\t<meta property=\"og:image:width\" content=\"2048\" \/>\n\t<meta property=\"og:image:height\" content=\"1366\" \/>\n\t<meta property=\"og:image:type\" content=\"image\/jpeg\" \/>\n<meta name=\"author\" content=\"Costanza Baldini\" \/>\n<meta name=\"twitter:card\" content=\"summary_large_image\" \/>\n<meta name=\"twitter:creator\" content=\"@intoscana\" \/>\n<meta name=\"twitter:site\" content=\"@intoscana\" \/>\n<meta name=\"twitter:label1\" content=\"Written by\" \/>\n\t<meta name=\"twitter:data1\" content=\"Costanza Baldini\" \/>\n\t<meta name=\"twitter:label2\" content=\"Est. reading time\" \/>\n\t<meta name=\"twitter:data2\" content=\"7 minuti\" \/>\n<script type=\"application\/ld+json\" class=\"yoast-schema-graph\">{\"@context\":\"https:\/\/schema.org\",\"@graph\":[{\"@type\":\"WebPage\",\"@id\":\"https:\/\/www.intoscana.it\/it\/r-y-f-concerto-pecci-prato\/\",\"url\":\"https:\/\/www.intoscana.it\/it\/r-y-f-concerto-pecci-prato\/\",\"name\":\"Fiori in fiamme contro l'odio: R.Y.F. in concerto al Centro Luigi Pecci di Prato - intoscana\",\"isPartOf\":{\"@id\":\"https:\/\/www.intoscana.it\/it\/#website\"},\"primaryImageOfPage\":{\"@id\":\"https:\/\/www.intoscana.it\/it\/r-y-f-concerto-pecci-prato\/#primaryimage\"},\"image\":{\"@id\":\"https:\/\/www.intoscana.it\/it\/r-y-f-concerto-pecci-prato\/#primaryimage\"},\"thumbnailUrl\":\"https:\/\/www.intoscana.it\/wp-content\/uploads\/foto-RYF-scaled-1-scaled.jpg\",\"datePublished\":\"2022-06-28T12:03:01+00:00\",\"dateModified\":\"2022-06-28T12:44:09+00:00\",\"author\":{\"@id\":\"https:\/\/www.intoscana.it\/it\/#\/schema\/person\/d469f35f09739bdf00bf5dd3f0647a82\"},\"description\":\"Il 15 luglio al Centro per l'Arte Contemporanea Luigi Pecci di Prato R.Y.F. presenter\u00e0 in concerto l\u2019album Everything Burns\",\"breadcrumb\":{\"@id\":\"https:\/\/www.intoscana.it\/it\/r-y-f-concerto-pecci-prato\/#breadcrumb\"},\"inLanguage\":\"it-IT\",\"potentialAction\":[{\"@type\":\"ReadAction\",\"target\":[\"https:\/\/www.intoscana.it\/it\/r-y-f-concerto-pecci-prato\/\"]}]},{\"@type\":\"ImageObject\",\"inLanguage\":\"it-IT\",\"@id\":\"https:\/\/www.intoscana.it\/it\/r-y-f-concerto-pecci-prato\/#primaryimage\",\"url\":\"https:\/\/www.intoscana.it\/wp-content\/uploads\/foto-RYF-scaled-1-scaled.jpg\",\"contentUrl\":\"https:\/\/www.intoscana.it\/wp-content\/uploads\/foto-RYF-scaled-1-scaled.jpg\",\"width\":2048,\"height\":1366,\"caption\":\"RYF\"},{\"@type\":\"BreadcrumbList\",\"@id\":\"https:\/\/www.intoscana.it\/it\/r-y-f-concerto-pecci-prato\/#breadcrumb\",\"itemListElement\":[{\"@type\":\"ListItem\",\"position\":1,\"name\":\"Home\",\"item\":\"https:\/\/www.intoscana.it\/it\/\"},{\"@type\":\"ListItem\",\"position\":2,\"name\":\"Fiori in fiamme contro l&#8217;odio: R.Y.F. in concerto al Centro Luigi Pecci di Prato\"}]},{\"@type\":\"WebSite\",\"@id\":\"https:\/\/www.intoscana.it\/it\/#website\",\"url\":\"https:\/\/www.intoscana.it\/it\/\",\"name\":\"intoscana\",\"description\":\"\",\"potentialAction\":[{\"@type\":\"SearchAction\",\"target\":{\"@type\":\"EntryPoint\",\"urlTemplate\":\"https:\/\/www.intoscana.it\/it\/?s={search_term_string}\"},\"query-input\":{\"@type\":\"PropertyValueSpecification\",\"valueRequired\":true,\"valueName\":\"search_term_string\"}}],\"inLanguage\":\"it-IT\"},{\"@type\":\"Person\",\"@id\":\"https:\/\/www.intoscana.it\/it\/#\/schema\/person\/d469f35f09739bdf00bf5dd3f0647a82\",\"name\":\"Costanza Baldini\",\"url\":\"https:\/\/www.intoscana.it\/it\/author\/costanza-baldini\/\"}]}<\/script>\n<!-- \/ Yoast SEO Premium plugin. -->","yoast_head_json":{"title":"Fiori in fiamme contro l'odio: R.Y.F. in concerto al Centro Luigi Pecci di Prato - intoscana","description":"Il 15 luglio al Centro per l'Arte Contemporanea Luigi Pecci di Prato R.Y.F. presenter\u00e0 in concerto l\u2019album Everything Burns","robots":{"index":"index","follow":"follow","max-snippet":"max-snippet:-1","max-image-preview":"max-image-preview:large","max-video-preview":"max-video-preview:-1"},"canonical":"https:\/\/www.intoscana.it\/it\/r-y-f-concerto-pecci-prato\/","og_locale":"it_IT","og_type":"article","og_title":"Fiori in fiamme contro l'odio: R.Y.F. in concerto al Centro Luigi Pecci di Prato","og_description":"Il 15 luglio al Centro per l'Arte Contemporanea Luigi Pecci di Prato R.Y.F. presenter\u00e0 in concerto l\u2019album Everything Burns","og_url":"https:\/\/www.intoscana.it\/it\/r-y-f-concerto-pecci-prato\/","og_site_name":"intoscana","article_publisher":"https:\/\/www.facebook.com\/intoscana.it","article_published_time":"2022-06-28T12:03:01+00:00","article_modified_time":"2022-06-28T12:44:09+00:00","og_image":[{"width":2048,"height":1366,"url":"https:\/\/www.intoscana.it\/wp-content\/uploads\/foto-RYF-scaled-1-scaled.jpg","type":"image\/jpeg"}],"author":"Costanza Baldini","twitter_card":"summary_large_image","twitter_creator":"@intoscana","twitter_site":"@intoscana","twitter_misc":{"Written by":"Costanza Baldini","Est. reading time":"7 minuti"},"schema":{"@context":"https:\/\/schema.org","@graph":[{"@type":"WebPage","@id":"https:\/\/www.intoscana.it\/it\/r-y-f-concerto-pecci-prato\/","url":"https:\/\/www.intoscana.it\/it\/r-y-f-concerto-pecci-prato\/","name":"Fiori in fiamme contro l'odio: R.Y.F. in concerto al Centro Luigi Pecci di Prato - intoscana","isPartOf":{"@id":"https:\/\/www.intoscana.it\/it\/#website"},"primaryImageOfPage":{"@id":"https:\/\/www.intoscana.it\/it\/r-y-f-concerto-pecci-prato\/#primaryimage"},"image":{"@id":"https:\/\/www.intoscana.it\/it\/r-y-f-concerto-pecci-prato\/#primaryimage"},"thumbnailUrl":"https:\/\/www.intoscana.it\/wp-content\/uploads\/foto-RYF-scaled-1-scaled.jpg","datePublished":"2022-06-28T12:03:01+00:00","dateModified":"2022-06-28T12:44:09+00:00","author":{"@id":"https:\/\/www.intoscana.it\/it\/#\/schema\/person\/d469f35f09739bdf00bf5dd3f0647a82"},"description":"Il 15 luglio al Centro per l'Arte Contemporanea Luigi Pecci di Prato R.Y.F. presenter\u00e0 in concerto l\u2019album Everything Burns","breadcrumb":{"@id":"https:\/\/www.intoscana.it\/it\/r-y-f-concerto-pecci-prato\/#breadcrumb"},"inLanguage":"it-IT","potentialAction":[{"@type":"ReadAction","target":["https:\/\/www.intoscana.it\/it\/r-y-f-concerto-pecci-prato\/"]}]},{"@type":"ImageObject","inLanguage":"it-IT","@id":"https:\/\/www.intoscana.it\/it\/r-y-f-concerto-pecci-prato\/#primaryimage","url":"https:\/\/www.intoscana.it\/wp-content\/uploads\/foto-RYF-scaled-1-scaled.jpg","contentUrl":"https:\/\/www.intoscana.it\/wp-content\/uploads\/foto-RYF-scaled-1-scaled.jpg","width":2048,"height":1366,"caption":"RYF"},{"@type":"BreadcrumbList","@id":"https:\/\/www.intoscana.it\/it\/r-y-f-concerto-pecci-prato\/#breadcrumb","itemListElement":[{"@type":"ListItem","position":1,"name":"Home","item":"https:\/\/www.intoscana.it\/it\/"},{"@type":"ListItem","position":2,"name":"Fiori in fiamme contro l&#8217;odio: R.Y.F. in concerto al Centro Luigi Pecci di Prato"}]},{"@type":"WebSite","@id":"https:\/\/www.intoscana.it\/it\/#website","url":"https:\/\/www.intoscana.it\/it\/","name":"intoscana","description":"","potentialAction":[{"@type":"SearchAction","target":{"@type":"EntryPoint","urlTemplate":"https:\/\/www.intoscana.it\/it\/?s={search_term_string}"},"query-input":{"@type":"PropertyValueSpecification","valueRequired":true,"valueName":"search_term_string"}}],"inLanguage":"it-IT"},{"@type":"Person","@id":"https:\/\/www.intoscana.it\/it\/#\/schema\/person\/d469f35f09739bdf00bf5dd3f0647a82","name":"Costanza Baldini","url":"https:\/\/www.intoscana.it\/it\/author\/costanza-baldini\/"}]}},"_links":{"self":[{"href":"https:\/\/www.intoscana.it\/it\/wp-json\/wp\/v2\/posts\/235183","targetHints":{"allow":["GET"]}}],"collection":[{"href":"https:\/\/www.intoscana.it\/it\/wp-json\/wp\/v2\/posts"}],"about":[{"href":"https:\/\/www.intoscana.it\/it\/wp-json\/wp\/v2\/types\/post"}],"author":[{"embeddable":true,"href":"https:\/\/www.intoscana.it\/it\/wp-json\/wp\/v2\/users\/518"}],"replies":[{"embeddable":true,"href":"https:\/\/www.intoscana.it\/it\/wp-json\/wp\/v2\/comments?post=235183"}],"version-history":[{"count":0,"href":"https:\/\/www.intoscana.it\/it\/wp-json\/wp\/v2\/posts\/235183\/revisions"}],"wp:featuredmedia":[{"embeddable":true,"href":"https:\/\/www.intoscana.it\/it\/wp-json\/wp\/v2\/media\/235185"}],"wp:attachment":[{"href":"https:\/\/www.intoscana.it\/it\/wp-json\/wp\/v2\/media?parent=235183"}],"wp:term":[{"taxonomy":"category","embeddable":true,"href":"https:\/\/www.intoscana.it\/it\/wp-json\/wp\/v2\/categories?post=235183"},{"taxonomy":"post_tag","embeddable":true,"href":"https:\/\/www.intoscana.it\/it\/wp-json\/wp\/v2\/tags?post=235183"}],"curies":[{"name":"wp","href":"https:\/\/api.w.org\/{rel}","templated":true}]}}