{"id":235480,"date":"2022-06-29T10:21:36","date_gmt":"2022-06-29T08:21:36","guid":{"rendered":"https:\/\/www.intoscana.it\/it\/?p=235480"},"modified":"2022-06-29T15:01:39","modified_gmt":"2022-06-29T13:01:39","slug":"maltempo-massa-carrara","status":"publish","type":"post","link":"https:\/\/www.intoscana.it\/it\/maltempo-massa-carrara\/","title":{"rendered":"Il maltempo colpisce Massa Carrara, crollate le mura di un antico castello in Lunigiana"},"content":{"rendered":"<p>Una violenta tromba d&#8217;aria si \u00e8 abbattuta nella serata di ieri, marted\u00ec 28 giugno, nel territorio di Massa Carrara.\u00a0Una sorta di tempesta tropicale caratterizzata da raffiche di vento di oltre 100 chilometri orari, e temporali che hanno terrorizzato la costa apuana fino al confine con la Versilia. Le burrasche che si sono aggiunte alle raffiche di vento hanno creato allagamenti e causato caduta di alberi, rami e vegetazione che hanno divelto tetti e distrutto auto. Oltre ai vigili del fuoco della Protezione civile di Massa Carrara, squadre a supporto del comando provinciale dei pompieri sono state inviate da tutto la regione e gli interventi proseguono anche nella mattinata di oggi.<\/p>\n<figure id=\"post-235497 media-235497\" class=\"align-center\"><img loading=\"lazy\" decoding=\"async\" class=\"\" src=\"https:\/\/www.intoscana.it\/wp-content\/uploads\/tromba-aria-massa-carrara.jpg\" alt=\"\" width=\"870\" height=\"622\" \/><\/figure>\n<p>In Lunigiana, zona tra le pi\u00f9 colpite, dove la tempesta che si \u00e8 scatenata tra il tardo pomeriggio e le prime ore della serata di ieri ha fatto crollare una parte delle antiche mura del castello di Lusuolo, fortezza di epoca altomedievale nel comune di Mulazzo.<\/p>\n<p>Alberi sradicati e smottamenti anche alla Partaccia, al parco della Comasca a Ronchi e sul lungomare tra Marina di Massa e Montignoso, nella zona dei Ronchi e nel centro di Carrara.<\/p>\n<p>Per tutta la serata sono stati difficili gli spostamenti in auto, con traffico bloccato e auto ferme. Anche la stazione ferroviaria si \u00e8 allagata diventata impraticabile. Molte abitazioni inoltre sono rimaste senza luce: con un picco di circa sette mila persone senza luce in tutto il territorio.<\/p>\n<h3>Danni anche all&#8217;agricoltura<\/h3>\n<p>Anche l&#8217;agricoltura nel massese ha subito ingenti danni: serre scoperchiate, intere distese di cereali &#8220;falciate&#8221; dalle forti raffiche di vento, danni agli ortaggi e alle piante da frutto che a causa della siccit\u00e0 e dello stress idrico erano gi\u00e0 molto deboli, ed aziende agricole ed agriturismi isolati in conseguenza del blackout elettrico che ha interessato in particolare la Lunigiana. Colpite da una lieve grandinata anche le vigne del Candia: &#8220;Stiamo ancora raccogliendo le segnalazioni da parte delle nostre aziende &#8211; ha spiegato in una nota il presidente di <strong>Coldiretti Massa Carrara, Francesca Ferrari<\/strong> -. Ci troviamo di fronte agli effetti dei cambiamenti climatici dove l&#8217;eccezionalit\u00e0 degli eventi atmosferici \u00e8 diventata purtroppo ormai la norma con una tendenza alla tropicalizzazione che si manifesta con una pi\u00f9 elevata frequenza di manifestazioni violente, sfasamenti stagionali, precipitazioni brevi e intense, grandine ed il rapido passaggio dal sole al maltempo. E&#8217; esattamente quello che \u00e8 successo nel nostro territorio&#8221;.<\/p>\n<p>La provincia di Massa Carrara, cos\u00ec come tutta la regione, \u00e8 in allerta siccit\u00e0. &#8220;In poche ore siamo passati dall&#8217;emergenza siccit\u00e0 a quella del maltempo. &#8211; spiega ancora la Ferrari -. La pioggia caduta nelle ultime 24 ore non \u00e8 certo sufficiente per ricaricare le riserve idriche&#8221;.<\/p>\n","protected":false},"excerpt":{"rendered":"<p>Una sorta di tempesta tropicale caratterizzata da raffiche di vento di oltre 100 chilometri orari, e temporali hanno terrorizzato la costa apuana fino al confine con la Versilia. Alberi caduti, allagamenti e tetti diventi. Oltre sette mila persone sono rimaste senza elettricit\u00e0<\/p>\n","protected":false},"author":525,"featured_media":235496,"comment_status":"open","ping_status":"open","sticky":false,"template":"","format":"standard","meta":{"_acf_changed":false,"footnotes":""},"categories":[494],"tags":[177,348,3471,4434],"class_list":["post-235480","post","type-post","status-publish","format-standard","has-post-thumbnail","hentry","category-attualita","tag-ambiente","tag-maltempo","tag-protezione-civile","tag-vigili-del-fuoco"],"acf":[],"yoast_head":"<!-- This site is optimized with the Yoast SEO Premium plugin v24.2 (Yoast SEO v25.6) - https:\/\/yoast.com\/wordpress\/plugins\/seo\/ -->\n<title>Maltempo a Massa Carrara, crollano mura di un castello in Lunigiana<\/title>\n<meta name=\"description\" content=\"Il punto sui danni causati dal maltempo e dalla violenta tromba d&#039;aria che si \u00e8 abbattuta su Massa Carrara nella notte scorsa\" \/>\n<meta name=\"robots\" content=\"index, follow, max-snippet:-1, max-image-preview:large, max-video-preview:-1\" \/>\n<link rel=\"canonical\" href=\"https:\/\/www.intoscana.it\/it\/maltempo-massa-carrara\/\" \/>\n<meta property=\"og:locale\" content=\"it_IT\" \/>\n<meta property=\"og:type\" content=\"article\" \/>\n<meta property=\"og:title\" content=\"Il maltempo colpisce Massa Carrara, crollate le mura di un antico castello in Lunigiana\" \/>\n<meta property=\"og:description\" content=\"Il punto sui danni causati dal maltempo e dalla violenta tromba d&#039;aria che si \u00e8 abbattuta su Massa Carrara nella notte scorsa\" \/>\n<meta property=\"og:url\" content=\"https:\/\/www.intoscana.it\/it\/maltempo-massa-carrara\/\" \/>\n<meta property=\"og:site_name\" content=\"intoscana\" \/>\n<meta property=\"article:publisher\" content=\"https:\/\/www.facebook.com\/intoscana.it\" \/>\n<meta property=\"article:published_time\" content=\"2022-06-29T08:21:36+00:00\" \/>\n<meta property=\"article:modified_time\" content=\"2022-06-29T13:01:39+00:00\" \/>\n<meta property=\"og:image\" content=\"https:\/\/www.intoscana.it\/wp-content\/uploads\/tromba-aria-massa-carrara_1.jpg\" \/>\n\t<meta property=\"og:image:width\" content=\"1008\" \/>\n\t<meta property=\"og:image:height\" content=\"720\" \/>\n\t<meta property=\"og:image:type\" content=\"image\/jpeg\" \/>\n<meta name=\"author\" content=\"Redazione\" \/>\n<meta name=\"twitter:card\" content=\"summary_large_image\" \/>\n<meta name=\"twitter:creator\" content=\"@intoscana\" \/>\n<meta name=\"twitter:site\" content=\"@intoscana\" \/>\n<meta name=\"twitter:label1\" content=\"Written by\" \/>\n\t<meta name=\"twitter:data1\" content=\"Redazione\" \/>\n\t<meta name=\"twitter:label2\" content=\"Est. reading time\" \/>\n\t<meta name=\"twitter:data2\" content=\"2 minuti\" \/>\n<script type=\"application\/ld+json\" class=\"yoast-schema-graph\">{\"@context\":\"https:\/\/schema.org\",\"@graph\":[{\"@type\":\"WebPage\",\"@id\":\"https:\/\/www.intoscana.it\/it\/maltempo-massa-carrara\/\",\"url\":\"https:\/\/www.intoscana.it\/it\/maltempo-massa-carrara\/\",\"name\":\"Maltempo a Massa Carrara, crollano mura di un castello in Lunigiana\",\"isPartOf\":{\"@id\":\"https:\/\/www.intoscana.it\/it\/#website\"},\"primaryImageOfPage\":{\"@id\":\"https:\/\/www.intoscana.it\/it\/maltempo-massa-carrara\/#primaryimage\"},\"image\":{\"@id\":\"https:\/\/www.intoscana.it\/it\/maltempo-massa-carrara\/#primaryimage\"},\"thumbnailUrl\":\"https:\/\/www.intoscana.it\/wp-content\/uploads\/tromba-aria-massa-carrara_1.jpg\",\"datePublished\":\"2022-06-29T08:21:36+00:00\",\"dateModified\":\"2022-06-29T13:01:39+00:00\",\"author\":{\"@id\":\"https:\/\/www.intoscana.it\/it\/#\/schema\/person\/9223810753230f20bd670fdd322661f8\"},\"description\":\"Il punto sui danni causati dal maltempo e dalla violenta tromba d'aria che si \u00e8 abbattuta su Massa Carrara nella notte scorsa\",\"breadcrumb\":{\"@id\":\"https:\/\/www.intoscana.it\/it\/maltempo-massa-carrara\/#breadcrumb\"},\"inLanguage\":\"it-IT\",\"potentialAction\":[{\"@type\":\"ReadAction\",\"target\":[\"https:\/\/www.intoscana.it\/it\/maltempo-massa-carrara\/\"]}]},{\"@type\":\"ImageObject\",\"inLanguage\":\"it-IT\",\"@id\":\"https:\/\/www.intoscana.it\/it\/maltempo-massa-carrara\/#primaryimage\",\"url\":\"https:\/\/www.intoscana.it\/wp-content\/uploads\/tromba-aria-massa-carrara_1.jpg\",\"contentUrl\":\"https:\/\/www.intoscana.it\/wp-content\/uploads\/tromba-aria-massa-carrara_1.jpg\",\"width\":1008,\"height\":720,\"caption\":\"maltempo massa carrara\"},{\"@type\":\"BreadcrumbList\",\"@id\":\"https:\/\/www.intoscana.it\/it\/maltempo-massa-carrara\/#breadcrumb\",\"itemListElement\":[{\"@type\":\"ListItem\",\"position\":1,\"name\":\"Home\",\"item\":\"https:\/\/www.intoscana.it\/it\/\"},{\"@type\":\"ListItem\",\"position\":2,\"name\":\"Il maltempo colpisce Massa Carrara, crollate le mura di un antico castello in Lunigiana\"}]},{\"@type\":\"WebSite\",\"@id\":\"https:\/\/www.intoscana.it\/it\/#website\",\"url\":\"https:\/\/www.intoscana.it\/it\/\",\"name\":\"intoscana\",\"description\":\"\",\"potentialAction\":[{\"@type\":\"SearchAction\",\"target\":{\"@type\":\"EntryPoint\",\"urlTemplate\":\"https:\/\/www.intoscana.it\/it\/?s={search_term_string}\"},\"query-input\":{\"@type\":\"PropertyValueSpecification\",\"valueRequired\":true,\"valueName\":\"search_term_string\"}}],\"inLanguage\":\"it-IT\"},{\"@type\":\"Person\",\"@id\":\"https:\/\/www.intoscana.it\/it\/#\/schema\/person\/9223810753230f20bd670fdd322661f8\",\"name\":\"Redazione\",\"url\":\"https:\/\/www.intoscana.it\/it\/author\/redazione\/\"}]}<\/script>\n<!-- \/ Yoast SEO Premium plugin. -->","yoast_head_json":{"title":"Maltempo a Massa Carrara, crollano mura di un castello in Lunigiana","description":"Il punto sui danni causati dal maltempo e dalla violenta tromba d'aria che si \u00e8 abbattuta su Massa Carrara nella notte scorsa","robots":{"index":"index","follow":"follow","max-snippet":"max-snippet:-1","max-image-preview":"max-image-preview:large","max-video-preview":"max-video-preview:-1"},"canonical":"https:\/\/www.intoscana.it\/it\/maltempo-massa-carrara\/","og_locale":"it_IT","og_type":"article","og_title":"Il maltempo colpisce Massa Carrara, crollate le mura di un antico castello in Lunigiana","og_description":"Il punto sui danni causati dal maltempo e dalla violenta tromba d'aria che si \u00e8 abbattuta su Massa Carrara nella notte scorsa","og_url":"https:\/\/www.intoscana.it\/it\/maltempo-massa-carrara\/","og_site_name":"intoscana","article_publisher":"https:\/\/www.facebook.com\/intoscana.it","article_published_time":"2022-06-29T08:21:36+00:00","article_modified_time":"2022-06-29T13:01:39+00:00","og_image":[{"width":1008,"height":720,"url":"https:\/\/www.intoscana.it\/wp-content\/uploads\/tromba-aria-massa-carrara_1.jpg","type":"image\/jpeg"}],"author":"Redazione","twitter_card":"summary_large_image","twitter_creator":"@intoscana","twitter_site":"@intoscana","twitter_misc":{"Written by":"Redazione","Est. reading time":"2 minuti"},"schema":{"@context":"https:\/\/schema.org","@graph":[{"@type":"WebPage","@id":"https:\/\/www.intoscana.it\/it\/maltempo-massa-carrara\/","url":"https:\/\/www.intoscana.it\/it\/maltempo-massa-carrara\/","name":"Maltempo a Massa Carrara, crollano mura di un castello in Lunigiana","isPartOf":{"@id":"https:\/\/www.intoscana.it\/it\/#website"},"primaryImageOfPage":{"@id":"https:\/\/www.intoscana.it\/it\/maltempo-massa-carrara\/#primaryimage"},"image":{"@id":"https:\/\/www.intoscana.it\/it\/maltempo-massa-carrara\/#primaryimage"},"thumbnailUrl":"https:\/\/www.intoscana.it\/wp-content\/uploads\/tromba-aria-massa-carrara_1.jpg","datePublished":"2022-06-29T08:21:36+00:00","dateModified":"2022-06-29T13:01:39+00:00","author":{"@id":"https:\/\/www.intoscana.it\/it\/#\/schema\/person\/9223810753230f20bd670fdd322661f8"},"description":"Il punto sui danni causati dal maltempo e dalla violenta tromba d'aria che si \u00e8 abbattuta su Massa Carrara nella notte scorsa","breadcrumb":{"@id":"https:\/\/www.intoscana.it\/it\/maltempo-massa-carrara\/#breadcrumb"},"inLanguage":"it-IT","potentialAction":[{"@type":"ReadAction","target":["https:\/\/www.intoscana.it\/it\/maltempo-massa-carrara\/"]}]},{"@type":"ImageObject","inLanguage":"it-IT","@id":"https:\/\/www.intoscana.it\/it\/maltempo-massa-carrara\/#primaryimage","url":"https:\/\/www.intoscana.it\/wp-content\/uploads\/tromba-aria-massa-carrara_1.jpg","contentUrl":"https:\/\/www.intoscana.it\/wp-content\/uploads\/tromba-aria-massa-carrara_1.jpg","width":1008,"height":720,"caption":"maltempo massa carrara"},{"@type":"BreadcrumbList","@id":"https:\/\/www.intoscana.it\/it\/maltempo-massa-carrara\/#breadcrumb","itemListElement":[{"@type":"ListItem","position":1,"name":"Home","item":"https:\/\/www.intoscana.it\/it\/"},{"@type":"ListItem","position":2,"name":"Il maltempo colpisce Massa Carrara, crollate le mura di un antico castello in Lunigiana"}]},{"@type":"WebSite","@id":"https:\/\/www.intoscana.it\/it\/#website","url":"https:\/\/www.intoscana.it\/it\/","name":"intoscana","description":"","potentialAction":[{"@type":"SearchAction","target":{"@type":"EntryPoint","urlTemplate":"https:\/\/www.intoscana.it\/it\/?s={search_term_string}"},"query-input":{"@type":"PropertyValueSpecification","valueRequired":true,"valueName":"search_term_string"}}],"inLanguage":"it-IT"},{"@type":"Person","@id":"https:\/\/www.intoscana.it\/it\/#\/schema\/person\/9223810753230f20bd670fdd322661f8","name":"Redazione","url":"https:\/\/www.intoscana.it\/it\/author\/redazione\/"}]}},"_links":{"self":[{"href":"https:\/\/www.intoscana.it\/it\/wp-json\/wp\/v2\/posts\/235480","targetHints":{"allow":["GET"]}}],"collection":[{"href":"https:\/\/www.intoscana.it\/it\/wp-json\/wp\/v2\/posts"}],"about":[{"href":"https:\/\/www.intoscana.it\/it\/wp-json\/wp\/v2\/types\/post"}],"author":[{"embeddable":true,"href":"https:\/\/www.intoscana.it\/it\/wp-json\/wp\/v2\/users\/525"}],"replies":[{"embeddable":true,"href":"https:\/\/www.intoscana.it\/it\/wp-json\/wp\/v2\/comments?post=235480"}],"version-history":[{"count":0,"href":"https:\/\/www.intoscana.it\/it\/wp-json\/wp\/v2\/posts\/235480\/revisions"}],"wp:featuredmedia":[{"embeddable":true,"href":"https:\/\/www.intoscana.it\/it\/wp-json\/wp\/v2\/media\/235496"}],"wp:attachment":[{"href":"https:\/\/www.intoscana.it\/it\/wp-json\/wp\/v2\/media?parent=235480"}],"wp:term":[{"taxonomy":"category","embeddable":true,"href":"https:\/\/www.intoscana.it\/it\/wp-json\/wp\/v2\/categories?post=235480"},{"taxonomy":"post_tag","embeddable":true,"href":"https:\/\/www.intoscana.it\/it\/wp-json\/wp\/v2\/tags?post=235480"}],"curies":[{"name":"wp","href":"https:\/\/api.w.org\/{rel}","templated":true}]}}