{"id":235578,"date":"2022-06-29T14:33:18","date_gmt":"2022-06-29T12:33:18","guid":{"rendered":"https:\/\/www.intoscana.it\/it\/?p=235578"},"modified":"2022-06-29T15:48:05","modified_gmt":"2022-06-29T13:48:05","slug":"clima-impazzito-lallarme-coldiretti-30-il-grano-danni-alle-aziende-a-massa-carrara","status":"publish","type":"post","link":"https:\/\/www.intoscana.it\/it\/clima-impazzito-lallarme-coldiretti-30-il-grano-danni-alle-aziende-a-massa-carrara\/","title":{"rendered":"Clima impazzito, l&#8217;allarme Coldiretti: -30% il grano, danni alle aziende a Massa Carrara"},"content":{"rendered":"<p><strong>Prima la lunga siccit\u00e0<\/strong> che ha colpito tutta la Toscana e poi le piogge violente\u00a0 che ieri si sono abbattute sulla provincia di Massa Carrara. \u00c8 un&#8217;estate complicata quella per l&#8217;agricoltura nella nostra regione e a lanciare l&#8217;allarme \u00e8 <strong>Coldiretti. In Toscana \u00e8 iniziata la mietitura di orzo, avena, farro e grano ma non sta andando come si sperava<\/strong>. La siccit\u00e0 con precipitazioni quasi assenti nei mesi cruciali di febbraio e marzo ed il caldo record di maggio hanno spazzato via anche le ultime speranze.<\/p>\n<h3>Il settore dei cereali in crisi<\/h3>\n<p><strong>Si raccoglier\u00e0 di meno nel 2022 con rese anche dimezzate<\/strong> in alcune aree della regione che sono state pi\u00f9 messe a dura prova dalla siccit\u00e0 intensa e dal caldo record come quelle della maremma Sud e dell\u2019area costiera.\u00a0 Dal primo monitoraggio di <span class=\"il\">Coldiretti<\/span><strong> la riduzione delle rese per ettaro, stimate tra il 20% ed il 30% in meno, \u201cmangeranno\u201d i gi\u00e0 ridottissimi margini di redditivit\u00e0 dei cerealicoltori<\/strong> che hanno gi\u00e0 dovuto subire incrementi medi dei costi correnti del 68% secondo il Crea.<\/p>\n<p>\u201cSe ci andranno in pari sar\u00e0 gi\u00e0 un miracolo contando che quest\u2019anno il prezzo per quintale del grano sar\u00e0 in generale maggiore rispetto allo scorso anno. Mesi di lavoro ed attese sono stati spazzati via da una concatenazione di fattori congiunturali e climatici che non hanno precedenti. \u2013 analizza Fabrizio Filippi, Presidente <span class=\"il\">Coldiretti<\/span> Toscana \u2013 <em><strong>La siccit\u00e0 sta compromettendo il 30% della produzione agricola regionale<\/strong> in un momento storico in cui c\u2019\u00e8 bisogno di produrre pi\u00f9 cibo e materie prime agricole per riappropriarci della nostra sovranit\u00e0 alimentare\u201d.<\/em><\/p>\n<p>Un trend negativo che aumenta la dipendenza dall\u2019estero in una situazione in cui \u2013 evidenzia <span class=\"il\">Coldiretti<\/span> Toscana \u2013 il Paese \u00e8 diventato deficitario in molte materie prime e produce appena il 36% del grano tenero che serve per pane, biscotti, dolci e il 62% del grano duro per la pasta. <strong>Il frumento costituisce il 58% della produzione totale del comparto cerealicolo regionale e la Toscana produce il 3% del prodotto nazionale.<\/strong><\/p>\n<p>&nbsp;<\/p>\n<h3>Danni per il maltempo a Massa Carrara<\/h3>\n<p>Dalla siccit\u00e0 ai nubifragi. <strong>Ieri sulla provincia di Massa Carrara si \u00e8 abbattuto il maltempo e una tromba d&#8217;aria, che ha causato danni a colture e aziende agricole,<\/strong> con serre scoperchiate, intere distese di cereali &#8220;falciate&#8221; dalle forti raffiche di vento, e poi alberi caduti, danni agli ortaggi e alle piante da frutto che a causa della siccit\u00e0 e dello stress idrico erano gi\u00e0 molto deboli. Sono state colpite da una lieve grandinata anche le vigne del Candia.<\/p>\n<p><em>&#8220;Stiamo ancora raccogliendo le segnalazioni da parte delle nostre aziende<\/em> &#8211; spiega il<strong> presidente di Coldiretti Massa Carrara, Francesca Ferrari<\/strong> &#8211; <em>ci troviamo di fronte agli effetti dei cambiamenti climatici dove l&#8217;eccezionalit\u00e0 degli eventi atmosferici \u00e8 diventata purtroppo ormai la norma con una tendenza alla tropicalizzazione che si manifesta con una pi\u00f9 elevata frequenza di manifestazioni violente, sfasamenti stagionali, precipitazioni brevi e intense, grandine ed il rapido passaggio dal sole al maltempo<\/em>.&#8221; E oltretutto, conclude Ferrari <em><strong>&#8220;la pioggia caduta nelle ultime 24 ore non \u00e8 certo sufficiente per ricaricare le riserve idriche&#8221;.<\/strong><\/em><\/p>\n<p>&nbsp;<\/p>\n","protected":false},"excerpt":{"rendered":"<p>La siccit\u00e0 ha messo in difficolt\u00e0 l&#8217;agricoltura toscana, con un crollo nella produzione di grano e cereali<\/p>\n","protected":false},"author":525,"featured_media":234245,"comment_status":"open","ping_status":"open","sticky":false,"template":"","format":"standard","meta":{"_acf_changed":false,"footnotes":""},"categories":[494],"tags":[363,282,357],"class_list":["post-235578","post","type-post","status-publish","format-standard","has-post-thumbnail","hentry","category-attualita","tag-agricoltura","tag-agroalimentare","tag-coldiretti"],"acf":[],"yoast_head":"<!-- This site is optimized with the Yoast SEO Premium plugin v24.2 (Yoast SEO v25.6) - https:\/\/yoast.com\/wordpress\/plugins\/seo\/ -->\n<title>Clima impazzito, l&#039;allarme Coldiretti: -30% il grano, danni alle aziende a Massa Carrara - intoscana<\/title>\n<meta name=\"description\" content=\"Tra siccit\u00e0 e nubifragi l&#039;agricoltura toscana \u00e8 in difficolt\u00e0: quest&#039;anno secondo Coldiretti si produrr\u00e0 il 30% di grano in meno.\" \/>\n<meta name=\"robots\" content=\"index, follow, max-snippet:-1, max-image-preview:large, max-video-preview:-1\" \/>\n<link rel=\"canonical\" href=\"https:\/\/www.intoscana.it\/it\/clima-impazzito-lallarme-coldiretti-30-il-grano-danni-alle-aziende-a-massa-carrara\/\" \/>\n<meta property=\"og:locale\" content=\"it_IT\" \/>\n<meta property=\"og:type\" content=\"article\" \/>\n<meta property=\"og:title\" content=\"Clima impazzito, l&#039;allarme Coldiretti: -30% il grano, danni alle aziende a Massa Carrara\" \/>\n<meta property=\"og:description\" content=\"Tra siccit\u00e0 e nubifragi l&#039;agricoltura toscana \u00e8 in difficolt\u00e0: quest&#039;anno secondo Coldiretti si produrr\u00e0 il 30% di grano in meno.\" \/>\n<meta property=\"og:url\" content=\"https:\/\/www.intoscana.it\/it\/clima-impazzito-lallarme-coldiretti-30-il-grano-danni-alle-aziende-a-massa-carrara\/\" \/>\n<meta property=\"og:site_name\" content=\"intoscana\" \/>\n<meta property=\"article:publisher\" content=\"https:\/\/www.facebook.com\/intoscana.it\" \/>\n<meta property=\"article:published_time\" content=\"2022-06-29T12:33:18+00:00\" \/>\n<meta property=\"article:modified_time\" content=\"2022-06-29T13:48:05+00:00\" \/>\n<meta property=\"og:image\" content=\"https:\/\/www.intoscana.it\/wp-content\/uploads\/shutterstock_2160350589-scaled.jpg\" \/>\n\t<meta property=\"og:image:width\" content=\"2048\" \/>\n\t<meta property=\"og:image:height\" content=\"1365\" \/>\n\t<meta property=\"og:image:type\" content=\"image\/jpeg\" \/>\n<meta name=\"author\" content=\"Redazione\" \/>\n<meta name=\"twitter:card\" content=\"summary_large_image\" \/>\n<meta name=\"twitter:creator\" content=\"@intoscana\" \/>\n<meta name=\"twitter:site\" content=\"@intoscana\" \/>\n<meta name=\"twitter:label1\" content=\"Written by\" \/>\n\t<meta name=\"twitter:data1\" content=\"Redazione\" \/>\n\t<meta name=\"twitter:label2\" content=\"Est. reading time\" \/>\n\t<meta name=\"twitter:data2\" content=\"2 minuti\" \/>\n<script type=\"application\/ld+json\" class=\"yoast-schema-graph\">{\"@context\":\"https:\/\/schema.org\",\"@graph\":[{\"@type\":\"WebPage\",\"@id\":\"https:\/\/www.intoscana.it\/it\/clima-impazzito-lallarme-coldiretti-30-il-grano-danni-alle-aziende-a-massa-carrara\/\",\"url\":\"https:\/\/www.intoscana.it\/it\/clima-impazzito-lallarme-coldiretti-30-il-grano-danni-alle-aziende-a-massa-carrara\/\",\"name\":\"Clima impazzito, l'allarme Coldiretti: -30% il grano, danni alle aziende a Massa Carrara - intoscana\",\"isPartOf\":{\"@id\":\"https:\/\/www.intoscana.it\/it\/#website\"},\"primaryImageOfPage\":{\"@id\":\"https:\/\/www.intoscana.it\/it\/clima-impazzito-lallarme-coldiretti-30-il-grano-danni-alle-aziende-a-massa-carrara\/#primaryimage\"},\"image\":{\"@id\":\"https:\/\/www.intoscana.it\/it\/clima-impazzito-lallarme-coldiretti-30-il-grano-danni-alle-aziende-a-massa-carrara\/#primaryimage\"},\"thumbnailUrl\":\"https:\/\/www.intoscana.it\/wp-content\/uploads\/shutterstock_2160350589-scaled.jpg\",\"datePublished\":\"2022-06-29T12:33:18+00:00\",\"dateModified\":\"2022-06-29T13:48:05+00:00\",\"author\":{\"@id\":\"https:\/\/www.intoscana.it\/it\/#\/schema\/person\/9223810753230f20bd670fdd322661f8\"},\"description\":\"Tra siccit\u00e0 e nubifragi l'agricoltura toscana \u00e8 in difficolt\u00e0: quest'anno secondo Coldiretti si produrr\u00e0 il 30% di grano in meno.\",\"breadcrumb\":{\"@id\":\"https:\/\/www.intoscana.it\/it\/clima-impazzito-lallarme-coldiretti-30-il-grano-danni-alle-aziende-a-massa-carrara\/#breadcrumb\"},\"inLanguage\":\"it-IT\",\"potentialAction\":[{\"@type\":\"ReadAction\",\"target\":[\"https:\/\/www.intoscana.it\/it\/clima-impazzito-lallarme-coldiretti-30-il-grano-danni-alle-aziende-a-massa-carrara\/\"]}]},{\"@type\":\"ImageObject\",\"inLanguage\":\"it-IT\",\"@id\":\"https:\/\/www.intoscana.it\/it\/clima-impazzito-lallarme-coldiretti-30-il-grano-danni-alle-aziende-a-massa-carrara\/#primaryimage\",\"url\":\"https:\/\/www.intoscana.it\/wp-content\/uploads\/shutterstock_2160350589-scaled.jpg\",\"contentUrl\":\"https:\/\/www.intoscana.it\/wp-content\/uploads\/shutterstock_2160350589-scaled.jpg\",\"width\":2048,\"height\":1365,\"caption\":\"Siccit\u00e0\"},{\"@type\":\"BreadcrumbList\",\"@id\":\"https:\/\/www.intoscana.it\/it\/clima-impazzito-lallarme-coldiretti-30-il-grano-danni-alle-aziende-a-massa-carrara\/#breadcrumb\",\"itemListElement\":[{\"@type\":\"ListItem\",\"position\":1,\"name\":\"Home\",\"item\":\"https:\/\/www.intoscana.it\/it\/\"},{\"@type\":\"ListItem\",\"position\":2,\"name\":\"Clima impazzito, l&#8217;allarme Coldiretti: -30% il grano, danni alle aziende a Massa Carrara\"}]},{\"@type\":\"WebSite\",\"@id\":\"https:\/\/www.intoscana.it\/it\/#website\",\"url\":\"https:\/\/www.intoscana.it\/it\/\",\"name\":\"intoscana\",\"description\":\"\",\"potentialAction\":[{\"@type\":\"SearchAction\",\"target\":{\"@type\":\"EntryPoint\",\"urlTemplate\":\"https:\/\/www.intoscana.it\/it\/?s={search_term_string}\"},\"query-input\":{\"@type\":\"PropertyValueSpecification\",\"valueRequired\":true,\"valueName\":\"search_term_string\"}}],\"inLanguage\":\"it-IT\"},{\"@type\":\"Person\",\"@id\":\"https:\/\/www.intoscana.it\/it\/#\/schema\/person\/9223810753230f20bd670fdd322661f8\",\"name\":\"Redazione\",\"url\":\"https:\/\/www.intoscana.it\/it\/author\/redazione\/\"}]}<\/script>\n<!-- \/ Yoast SEO Premium plugin. -->","yoast_head_json":{"title":"Clima impazzito, l'allarme Coldiretti: -30% il grano, danni alle aziende a Massa Carrara - intoscana","description":"Tra siccit\u00e0 e nubifragi l'agricoltura toscana \u00e8 in difficolt\u00e0: quest'anno secondo Coldiretti si produrr\u00e0 il 30% di grano in meno.","robots":{"index":"index","follow":"follow","max-snippet":"max-snippet:-1","max-image-preview":"max-image-preview:large","max-video-preview":"max-video-preview:-1"},"canonical":"https:\/\/www.intoscana.it\/it\/clima-impazzito-lallarme-coldiretti-30-il-grano-danni-alle-aziende-a-massa-carrara\/","og_locale":"it_IT","og_type":"article","og_title":"Clima impazzito, l'allarme Coldiretti: -30% il grano, danni alle aziende a Massa Carrara","og_description":"Tra siccit\u00e0 e nubifragi l'agricoltura toscana \u00e8 in difficolt\u00e0: quest'anno secondo Coldiretti si produrr\u00e0 il 30% di grano in meno.","og_url":"https:\/\/www.intoscana.it\/it\/clima-impazzito-lallarme-coldiretti-30-il-grano-danni-alle-aziende-a-massa-carrara\/","og_site_name":"intoscana","article_publisher":"https:\/\/www.facebook.com\/intoscana.it","article_published_time":"2022-06-29T12:33:18+00:00","article_modified_time":"2022-06-29T13:48:05+00:00","og_image":[{"width":2048,"height":1365,"url":"https:\/\/www.intoscana.it\/wp-content\/uploads\/shutterstock_2160350589-scaled.jpg","type":"image\/jpeg"}],"author":"Redazione","twitter_card":"summary_large_image","twitter_creator":"@intoscana","twitter_site":"@intoscana","twitter_misc":{"Written by":"Redazione","Est. reading time":"2 minuti"},"schema":{"@context":"https:\/\/schema.org","@graph":[{"@type":"WebPage","@id":"https:\/\/www.intoscana.it\/it\/clima-impazzito-lallarme-coldiretti-30-il-grano-danni-alle-aziende-a-massa-carrara\/","url":"https:\/\/www.intoscana.it\/it\/clima-impazzito-lallarme-coldiretti-30-il-grano-danni-alle-aziende-a-massa-carrara\/","name":"Clima impazzito, l'allarme Coldiretti: -30% il grano, danni alle aziende a Massa Carrara - intoscana","isPartOf":{"@id":"https:\/\/www.intoscana.it\/it\/#website"},"primaryImageOfPage":{"@id":"https:\/\/www.intoscana.it\/it\/clima-impazzito-lallarme-coldiretti-30-il-grano-danni-alle-aziende-a-massa-carrara\/#primaryimage"},"image":{"@id":"https:\/\/www.intoscana.it\/it\/clima-impazzito-lallarme-coldiretti-30-il-grano-danni-alle-aziende-a-massa-carrara\/#primaryimage"},"thumbnailUrl":"https:\/\/www.intoscana.it\/wp-content\/uploads\/shutterstock_2160350589-scaled.jpg","datePublished":"2022-06-29T12:33:18+00:00","dateModified":"2022-06-29T13:48:05+00:00","author":{"@id":"https:\/\/www.intoscana.it\/it\/#\/schema\/person\/9223810753230f20bd670fdd322661f8"},"description":"Tra siccit\u00e0 e nubifragi l'agricoltura toscana \u00e8 in difficolt\u00e0: quest'anno secondo Coldiretti si produrr\u00e0 il 30% di grano in meno.","breadcrumb":{"@id":"https:\/\/www.intoscana.it\/it\/clima-impazzito-lallarme-coldiretti-30-il-grano-danni-alle-aziende-a-massa-carrara\/#breadcrumb"},"inLanguage":"it-IT","potentialAction":[{"@type":"ReadAction","target":["https:\/\/www.intoscana.it\/it\/clima-impazzito-lallarme-coldiretti-30-il-grano-danni-alle-aziende-a-massa-carrara\/"]}]},{"@type":"ImageObject","inLanguage":"it-IT","@id":"https:\/\/www.intoscana.it\/it\/clima-impazzito-lallarme-coldiretti-30-il-grano-danni-alle-aziende-a-massa-carrara\/#primaryimage","url":"https:\/\/www.intoscana.it\/wp-content\/uploads\/shutterstock_2160350589-scaled.jpg","contentUrl":"https:\/\/www.intoscana.it\/wp-content\/uploads\/shutterstock_2160350589-scaled.jpg","width":2048,"height":1365,"caption":"Siccit\u00e0"},{"@type":"BreadcrumbList","@id":"https:\/\/www.intoscana.it\/it\/clima-impazzito-lallarme-coldiretti-30-il-grano-danni-alle-aziende-a-massa-carrara\/#breadcrumb","itemListElement":[{"@type":"ListItem","position":1,"name":"Home","item":"https:\/\/www.intoscana.it\/it\/"},{"@type":"ListItem","position":2,"name":"Clima impazzito, l&#8217;allarme Coldiretti: -30% il grano, danni alle aziende a Massa Carrara"}]},{"@type":"WebSite","@id":"https:\/\/www.intoscana.it\/it\/#website","url":"https:\/\/www.intoscana.it\/it\/","name":"intoscana","description":"","potentialAction":[{"@type":"SearchAction","target":{"@type":"EntryPoint","urlTemplate":"https:\/\/www.intoscana.it\/it\/?s={search_term_string}"},"query-input":{"@type":"PropertyValueSpecification","valueRequired":true,"valueName":"search_term_string"}}],"inLanguage":"it-IT"},{"@type":"Person","@id":"https:\/\/www.intoscana.it\/it\/#\/schema\/person\/9223810753230f20bd670fdd322661f8","name":"Redazione","url":"https:\/\/www.intoscana.it\/it\/author\/redazione\/"}]}},"_links":{"self":[{"href":"https:\/\/www.intoscana.it\/it\/wp-json\/wp\/v2\/posts\/235578","targetHints":{"allow":["GET"]}}],"collection":[{"href":"https:\/\/www.intoscana.it\/it\/wp-json\/wp\/v2\/posts"}],"about":[{"href":"https:\/\/www.intoscana.it\/it\/wp-json\/wp\/v2\/types\/post"}],"author":[{"embeddable":true,"href":"https:\/\/www.intoscana.it\/it\/wp-json\/wp\/v2\/users\/525"}],"replies":[{"embeddable":true,"href":"https:\/\/www.intoscana.it\/it\/wp-json\/wp\/v2\/comments?post=235578"}],"version-history":[{"count":0,"href":"https:\/\/www.intoscana.it\/it\/wp-json\/wp\/v2\/posts\/235578\/revisions"}],"wp:featuredmedia":[{"embeddable":true,"href":"https:\/\/www.intoscana.it\/it\/wp-json\/wp\/v2\/media\/234245"}],"wp:attachment":[{"href":"https:\/\/www.intoscana.it\/it\/wp-json\/wp\/v2\/media?parent=235578"}],"wp:term":[{"taxonomy":"category","embeddable":true,"href":"https:\/\/www.intoscana.it\/it\/wp-json\/wp\/v2\/categories?post=235578"},{"taxonomy":"post_tag","embeddable":true,"href":"https:\/\/www.intoscana.it\/it\/wp-json\/wp\/v2\/tags?post=235578"}],"curies":[{"name":"wp","href":"https:\/\/api.w.org\/{rel}","templated":true}]}}