{"id":235587,"date":"2022-06-29T14:32:15","date_gmt":"2022-06-29T12:32:15","guid":{"rendered":"https:\/\/www.intoscana.it\/it\/?p=235587"},"modified":"2022-06-29T14:32:49","modified_gmt":"2022-06-29T12:32:49","slug":"covid-4-543-nuovi-casi","status":"publish","type":"post","link":"https:\/\/www.intoscana.it\/it\/covid-4-543-nuovi-casi\/","title":{"rendered":"Covid, 4.543 nuovi casi, salgono anche i decessi: oggi sono 12"},"content":{"rendered":"<p>Sono 1.207.510 i casi di positivit\u00e0 al Coronavirus, ovvero <strong>4.543<\/strong> in pi\u00f9 rispetto a ieri: 847 confermati con tampone molecolare e 3.696 da test rapido antigenico.<\/p>\n<h3>I nuovi casi<\/h3>\n<p>I nuovi casi sono lo 0,4% in pi\u00f9 rispetto al totale del giorno precedente. Oggi sono stati eseguiti <mark>2.147 tamponi molecolari e 14.861 tamponi antigenici rapidi, di questi il 26,7% \u00e8 risultato positivo <\/mark>. Sono invece <strong>5.796<\/strong> i soggetti testati oggi (con tampone antigenico e\/o molecolare, escludendo i tamponi di controllo), di cui il <strong>78,4%<\/strong> \u00e8 risultato positivo. Gli attualmente positivi sono oggi <strong>50.235, +5,7% rispetto a ieri.<\/strong><\/p>\n<p>L&#8217;et\u00e0 media dei 4.543 nuovi positivi odierni \u00e8 di <strong>48<\/strong> anni circa (10% ha meno di 20 anni, 22% tra 20 e 39 anni, 34% tra 40 e 59 anni, 24% tra 60 e 79 anni, 8% ha 80 anni o pi\u00f9).<\/p>\n<h3>I casi di positivit\u00e0 sul territorio<\/h3>\n<p>Di seguito i casi di positivit\u00e0 sul territorio con la variazione rispetto a ieri (847 confermati con tampone molecolare e 3.696 da test rapido antigenico). Sono 335.550 i casi complessivi ad oggi a Firenze (1.354 in pi\u00f9 rispetto a ieri), 82.127 a Prato (294 in pi\u00f9), 96.151 a Pistoia (276 in pi\u00f9), 59.199 a Massa (218 in pi\u00f9), 126.793 a Lucca (501 in pi\u00f9), 140.189 a Pisa (542 in pi\u00f9), 107.665 a Livorno (409 in pi\u00f9), 109.487 ad Arezzo (404 in pi\u00f9), 85.221 a Siena (324 in pi\u00f9), 64.573 a Grosseto (221 in pi\u00f9). Sono 555 i casi positivi notificati in Toscana, ma residenti in altre regioni.<\/p>\n<p>Sono 1.985 i casi riscontrati oggi nell&#8217;Asl Centro, 1.609 nella Nord Ovest, 949 nella Sud est.<\/p>\n<p>La Toscana si trova al 8\u00b0 posto in Italia come numerosit\u00e0 di casi (comprensivi di residenti e non residenti), con circa 32.698 casi per 100.000 abitanti (media italiana circa 30.967 x100.000, dato di ieri). Le province di notifica con il tasso pi\u00f9 alto sono <strong>Firenze<\/strong> con 33.608 casi x100.000 abitanti, <strong>Pisa<\/strong> con 33.539, <strong>Pistoia<\/strong> con 33.128, la pi\u00f9 bassa <strong>Grosseto<\/strong> con 29.642.<\/p>\n<h3>Il dettaglio di nuovi casi<\/h3>\n<p>Complessivamente, 49.840 persone sono in <strong>isolamento<\/strong> a casa, poich\u00e9 presentano sintomi lievi che non richiedono cure ospedaliere, o risultano prive di sintomi (2.672 in pi\u00f9 rispetto a ieri, pi\u00f9 5,7%).<\/p>\n<p>Le persone <strong>ricoverate<\/strong> nei posti letto dedicati ai pazienti Covid oggi sono complessivamente <strong>395<\/strong> (31 in pi\u00f9 rispetto a ieri, pi\u00f9 8,5%), 13 in terapia intensiva (1 in meno rispetto a ieri, meno 7,1%).<\/p>\n<p>Le persone complessivamente <strong>guarite<\/strong> sono 1.147.098 (1.828 in pi\u00f9 rispetto a ieri, pi\u00f9 0,2%): 0 persone clinicamente guarite (stabili rispetto a ieri), divenute cio\u00e8 asintomatiche dopo aver presentato manifestazioni cliniche associate all&#8217;infezione e 1.147.098 (1.828 in pi\u00f9 rispetto a ieri, pi\u00f9 0,2%) dichiarate guarite a tutti gli effetti, le cosiddette guarigioni virali, con tampone negativo.<\/p>\n<h3>Decessi<\/h3>\n<p>Oggi si registrano <strong>12 nuovi decessi:<\/strong> 6 uomini e 6 donne con un&#8217;et\u00e0 media di 76,8 anni. Relativamente alla provincia di residenza, le 12 persone decedute sono: 6 a Firenze, 1 a Prato, 1 a Pistoia, 1 a Lucca, 2 a Livorno, 1 fuori Toscana.<\/p>\n<p>Sono 10.177 i deceduti dall&#8217;inizio dell&#8217;epidemia cosi ripartiti: 3.203 a Firenze, 840 a Prato, 915 a Pistoia, 655 a Massa Carrara, 955 a Lucca, 1.131 a Pisa, 748 a Livorno, 662 ad Arezzo, 537 a Siena, 391 a Grosseto, 140 persone sono decedute sul suolo toscano ma erano residenti fuori regione.<\/p>\n<p>Il tasso grezzo di mortalit\u00e0 toscano (numero di deceduti\/popolazione residente) per Covid-19 \u00e8 di 275,6 x100.000 residenti contro il 284 x100.000 della media italiana (10\u00b0 regione). Per quanto riguarda le province, il tasso di mortalit\u00e0 pi\u00f9 alto si riscontra a Massa Carrara (345,0 x100.000), Firenze (320,8 x100.000) e Prato (316,7 x100.000), il pi\u00f9 basso a Grosseto (179,5 x100.000).<\/p>\n","protected":false},"excerpt":{"rendered":"<p>I nuovi casi sono lo 0,4% in pi\u00f9 rispetto al totale del giorno precedente. L&#8217;et\u00e0 media dei nuovi decessi odierni \u00e8 76,8 anni.<\/p>\n","protected":false},"author":525,"featured_media":216822,"comment_status":"open","ping_status":"open","sticky":false,"template":"","format":"standard","meta":{"_acf_changed":false,"footnotes":""},"categories":[494],"tags":[4868,4809,5149,349],"class_list":["post-235587","post","type-post","status-publish","format-standard","has-post-thumbnail","hentry","category-attualita","tag-bollettino-covid-toscana","tag-covid","tag-pandemia","tag-sanita"],"acf":[],"yoast_head":"<!-- This site is optimized with the Yoast SEO Premium plugin v24.2 (Yoast SEO v25.6) - https:\/\/yoast.com\/wordpress\/plugins\/seo\/ -->\n<title>Covid, 4.543 nuovi casi, salgono anche i decessi: oggi sono 12<\/title>\n<meta name=\"description\" content=\"I nuovi casi sono lo 0,4% in pi\u00f9 rispetto al totale del giorno precedente. L&#039;et\u00e0 media dei nuovi decessi odierni \u00e8 76,8 anni.\" \/>\n<meta name=\"robots\" content=\"index, follow, max-snippet:-1, max-image-preview:large, max-video-preview:-1\" \/>\n<link rel=\"canonical\" href=\"https:\/\/www.intoscana.it\/it\/covid-4-543-nuovi-casi\/\" \/>\n<meta property=\"og:locale\" content=\"it_IT\" \/>\n<meta property=\"og:type\" content=\"article\" \/>\n<meta property=\"og:title\" content=\"Covid, 4.543 nuovi casi, salgono anche i decessi: oggi sono 12\" \/>\n<meta property=\"og:description\" content=\"I nuovi casi sono lo 0,4% in pi\u00f9 rispetto al totale del giorno precedente. L&#039;et\u00e0 media dei nuovi decessi odierni \u00e8 76,8 anni.\" \/>\n<meta property=\"og:url\" content=\"https:\/\/www.intoscana.it\/it\/covid-4-543-nuovi-casi\/\" \/>\n<meta property=\"og:site_name\" content=\"intoscana\" \/>\n<meta property=\"article:publisher\" content=\"https:\/\/www.facebook.com\/intoscana.it\" \/>\n<meta property=\"article:published_time\" content=\"2022-06-29T12:32:15+00:00\" \/>\n<meta property=\"article:modified_time\" content=\"2022-06-29T12:32:49+00:00\" \/>\n<meta property=\"og:image\" content=\"https:\/\/www.intoscana.it\/wp-content\/uploads\/12_CGR2020-1-scaled.jpg\" \/>\n\t<meta property=\"og:image:width\" content=\"2048\" \/>\n\t<meta property=\"og:image:height\" content=\"1365\" \/>\n\t<meta property=\"og:image:type\" content=\"image\/jpeg\" \/>\n<meta name=\"author\" content=\"Redazione\" \/>\n<meta name=\"twitter:card\" content=\"summary_large_image\" \/>\n<meta name=\"twitter:creator\" content=\"@intoscana\" \/>\n<meta name=\"twitter:site\" content=\"@intoscana\" \/>\n<meta name=\"twitter:label1\" content=\"Written by\" \/>\n\t<meta name=\"twitter:data1\" content=\"Redazione\" \/>\n\t<meta name=\"twitter:label2\" content=\"Est. reading time\" \/>\n\t<meta name=\"twitter:data2\" content=\"3 minuti\" \/>\n<script type=\"application\/ld+json\" class=\"yoast-schema-graph\">{\"@context\":\"https:\/\/schema.org\",\"@graph\":[{\"@type\":\"WebPage\",\"@id\":\"https:\/\/www.intoscana.it\/it\/covid-4-543-nuovi-casi\/\",\"url\":\"https:\/\/www.intoscana.it\/it\/covid-4-543-nuovi-casi\/\",\"name\":\"Covid, 4.543 nuovi casi, salgono anche i decessi: oggi sono 12\",\"isPartOf\":{\"@id\":\"https:\/\/www.intoscana.it\/it\/#website\"},\"primaryImageOfPage\":{\"@id\":\"https:\/\/www.intoscana.it\/it\/covid-4-543-nuovi-casi\/#primaryimage\"},\"image\":{\"@id\":\"https:\/\/www.intoscana.it\/it\/covid-4-543-nuovi-casi\/#primaryimage\"},\"thumbnailUrl\":\"https:\/\/www.intoscana.it\/wp-content\/uploads\/12_CGR2020-1-scaled.jpg\",\"datePublished\":\"2022-06-29T12:32:15+00:00\",\"dateModified\":\"2022-06-29T12:32:49+00:00\",\"author\":{\"@id\":\"https:\/\/www.intoscana.it\/it\/#\/schema\/person\/9223810753230f20bd670fdd322661f8\"},\"description\":\"I nuovi casi sono lo 0,4% in pi\u00f9 rispetto al totale del giorno precedente. L'et\u00e0 media dei nuovi decessi odierni \u00e8 76,8 anni.\",\"breadcrumb\":{\"@id\":\"https:\/\/www.intoscana.it\/it\/covid-4-543-nuovi-casi\/#breadcrumb\"},\"inLanguage\":\"it-IT\",\"potentialAction\":[{\"@type\":\"ReadAction\",\"target\":[\"https:\/\/www.intoscana.it\/it\/covid-4-543-nuovi-casi\/\"]}]},{\"@type\":\"ImageObject\",\"inLanguage\":\"it-IT\",\"@id\":\"https:\/\/www.intoscana.it\/it\/covid-4-543-nuovi-casi\/#primaryimage\",\"url\":\"https:\/\/www.intoscana.it\/wp-content\/uploads\/12_CGR2020-1-scaled.jpg\",\"contentUrl\":\"https:\/\/www.intoscana.it\/wp-content\/uploads\/12_CGR2020-1-scaled.jpg\",\"width\":2048,\"height\":1365},{\"@type\":\"BreadcrumbList\",\"@id\":\"https:\/\/www.intoscana.it\/it\/covid-4-543-nuovi-casi\/#breadcrumb\",\"itemListElement\":[{\"@type\":\"ListItem\",\"position\":1,\"name\":\"Home\",\"item\":\"https:\/\/www.intoscana.it\/it\/\"},{\"@type\":\"ListItem\",\"position\":2,\"name\":\"Covid, 4.543 nuovi casi, salgono anche i decessi: oggi sono 12\"}]},{\"@type\":\"WebSite\",\"@id\":\"https:\/\/www.intoscana.it\/it\/#website\",\"url\":\"https:\/\/www.intoscana.it\/it\/\",\"name\":\"intoscana\",\"description\":\"\",\"potentialAction\":[{\"@type\":\"SearchAction\",\"target\":{\"@type\":\"EntryPoint\",\"urlTemplate\":\"https:\/\/www.intoscana.it\/it\/?s={search_term_string}\"},\"query-input\":{\"@type\":\"PropertyValueSpecification\",\"valueRequired\":true,\"valueName\":\"search_term_string\"}}],\"inLanguage\":\"it-IT\"},{\"@type\":\"Person\",\"@id\":\"https:\/\/www.intoscana.it\/it\/#\/schema\/person\/9223810753230f20bd670fdd322661f8\",\"name\":\"Redazione\",\"url\":\"https:\/\/www.intoscana.it\/it\/author\/redazione\/\"}]}<\/script>\n<!-- \/ Yoast SEO Premium plugin. -->","yoast_head_json":{"title":"Covid, 4.543 nuovi casi, salgono anche i decessi: oggi sono 12","description":"I nuovi casi sono lo 0,4% in pi\u00f9 rispetto al totale del giorno precedente. L'et\u00e0 media dei nuovi decessi odierni \u00e8 76,8 anni.","robots":{"index":"index","follow":"follow","max-snippet":"max-snippet:-1","max-image-preview":"max-image-preview:large","max-video-preview":"max-video-preview:-1"},"canonical":"https:\/\/www.intoscana.it\/it\/covid-4-543-nuovi-casi\/","og_locale":"it_IT","og_type":"article","og_title":"Covid, 4.543 nuovi casi, salgono anche i decessi: oggi sono 12","og_description":"I nuovi casi sono lo 0,4% in pi\u00f9 rispetto al totale del giorno precedente. L'et\u00e0 media dei nuovi decessi odierni \u00e8 76,8 anni.","og_url":"https:\/\/www.intoscana.it\/it\/covid-4-543-nuovi-casi\/","og_site_name":"intoscana","article_publisher":"https:\/\/www.facebook.com\/intoscana.it","article_published_time":"2022-06-29T12:32:15+00:00","article_modified_time":"2022-06-29T12:32:49+00:00","og_image":[{"width":2048,"height":1365,"url":"https:\/\/www.intoscana.it\/wp-content\/uploads\/12_CGR2020-1-scaled.jpg","type":"image\/jpeg"}],"author":"Redazione","twitter_card":"summary_large_image","twitter_creator":"@intoscana","twitter_site":"@intoscana","twitter_misc":{"Written by":"Redazione","Est. reading time":"3 minuti"},"schema":{"@context":"https:\/\/schema.org","@graph":[{"@type":"WebPage","@id":"https:\/\/www.intoscana.it\/it\/covid-4-543-nuovi-casi\/","url":"https:\/\/www.intoscana.it\/it\/covid-4-543-nuovi-casi\/","name":"Covid, 4.543 nuovi casi, salgono anche i decessi: oggi sono 12","isPartOf":{"@id":"https:\/\/www.intoscana.it\/it\/#website"},"primaryImageOfPage":{"@id":"https:\/\/www.intoscana.it\/it\/covid-4-543-nuovi-casi\/#primaryimage"},"image":{"@id":"https:\/\/www.intoscana.it\/it\/covid-4-543-nuovi-casi\/#primaryimage"},"thumbnailUrl":"https:\/\/www.intoscana.it\/wp-content\/uploads\/12_CGR2020-1-scaled.jpg","datePublished":"2022-06-29T12:32:15+00:00","dateModified":"2022-06-29T12:32:49+00:00","author":{"@id":"https:\/\/www.intoscana.it\/it\/#\/schema\/person\/9223810753230f20bd670fdd322661f8"},"description":"I nuovi casi sono lo 0,4% in pi\u00f9 rispetto al totale del giorno precedente. L'et\u00e0 media dei nuovi decessi odierni \u00e8 76,8 anni.","breadcrumb":{"@id":"https:\/\/www.intoscana.it\/it\/covid-4-543-nuovi-casi\/#breadcrumb"},"inLanguage":"it-IT","potentialAction":[{"@type":"ReadAction","target":["https:\/\/www.intoscana.it\/it\/covid-4-543-nuovi-casi\/"]}]},{"@type":"ImageObject","inLanguage":"it-IT","@id":"https:\/\/www.intoscana.it\/it\/covid-4-543-nuovi-casi\/#primaryimage","url":"https:\/\/www.intoscana.it\/wp-content\/uploads\/12_CGR2020-1-scaled.jpg","contentUrl":"https:\/\/www.intoscana.it\/wp-content\/uploads\/12_CGR2020-1-scaled.jpg","width":2048,"height":1365},{"@type":"BreadcrumbList","@id":"https:\/\/www.intoscana.it\/it\/covid-4-543-nuovi-casi\/#breadcrumb","itemListElement":[{"@type":"ListItem","position":1,"name":"Home","item":"https:\/\/www.intoscana.it\/it\/"},{"@type":"ListItem","position":2,"name":"Covid, 4.543 nuovi casi, salgono anche i decessi: oggi sono 12"}]},{"@type":"WebSite","@id":"https:\/\/www.intoscana.it\/it\/#website","url":"https:\/\/www.intoscana.it\/it\/","name":"intoscana","description":"","potentialAction":[{"@type":"SearchAction","target":{"@type":"EntryPoint","urlTemplate":"https:\/\/www.intoscana.it\/it\/?s={search_term_string}"},"query-input":{"@type":"PropertyValueSpecification","valueRequired":true,"valueName":"search_term_string"}}],"inLanguage":"it-IT"},{"@type":"Person","@id":"https:\/\/www.intoscana.it\/it\/#\/schema\/person\/9223810753230f20bd670fdd322661f8","name":"Redazione","url":"https:\/\/www.intoscana.it\/it\/author\/redazione\/"}]}},"_links":{"self":[{"href":"https:\/\/www.intoscana.it\/it\/wp-json\/wp\/v2\/posts\/235587","targetHints":{"allow":["GET"]}}],"collection":[{"href":"https:\/\/www.intoscana.it\/it\/wp-json\/wp\/v2\/posts"}],"about":[{"href":"https:\/\/www.intoscana.it\/it\/wp-json\/wp\/v2\/types\/post"}],"author":[{"embeddable":true,"href":"https:\/\/www.intoscana.it\/it\/wp-json\/wp\/v2\/users\/525"}],"replies":[{"embeddable":true,"href":"https:\/\/www.intoscana.it\/it\/wp-json\/wp\/v2\/comments?post=235587"}],"version-history":[{"count":0,"href":"https:\/\/www.intoscana.it\/it\/wp-json\/wp\/v2\/posts\/235587\/revisions"}],"wp:featuredmedia":[{"embeddable":true,"href":"https:\/\/www.intoscana.it\/it\/wp-json\/wp\/v2\/media\/216822"}],"wp:attachment":[{"href":"https:\/\/www.intoscana.it\/it\/wp-json\/wp\/v2\/media?parent=235587"}],"wp:term":[{"taxonomy":"category","embeddable":true,"href":"https:\/\/www.intoscana.it\/it\/wp-json\/wp\/v2\/categories?post=235587"},{"taxonomy":"post_tag","embeddable":true,"href":"https:\/\/www.intoscana.it\/it\/wp-json\/wp\/v2\/tags?post=235587"}],"curies":[{"name":"wp","href":"https:\/\/api.w.org\/{rel}","templated":true}]}}