{"id":235598,"date":"2022-06-29T16:52:23","date_gmt":"2022-06-29T14:52:23","guid":{"rendered":"https:\/\/www.intoscana.it\/it\/?p=235598"},"modified":"2022-06-29T17:03:06","modified_gmt":"2022-06-29T15:03:06","slug":"palio-di-siena-estratti-i-cavalli-delle-dieci-contrade-la-festa-entra-nel-vivo","status":"publish","type":"post","link":"https:\/\/www.intoscana.it\/it\/palio-di-siena-estratti-i-cavalli-delle-dieci-contrade-la-festa-entra-nel-vivo\/","title":{"rendered":"Palio di Siena, estratti i cavalli delle dieci contrade: la Festa entra nel vivo"},"content":{"rendered":"<p>\u00c8 il <strong>Palio<\/strong> degli esordienti e dei colpi di scena, del ritorno sul tufo e, soprattutto, del popolo di <strong>Siena<\/strong> che riempe, di nuovo, piazza e contrade. Sotto la Torre del Mangia la vita torna ad essere scandita dai ritmi serrati della Festa del 2 luglio, il <strong>Palio di Provenzano<\/strong>, tra prove notturne e cene. L&#8217;attesa per la mossa di Piazza del Campo ha avuto uno dei suoi apici la mattina del 29 giugno con la <strong>Tratta<\/strong> e l&#8217;assegnazione dei dieci cavalli scelti dai Capitani delle Contrade.<\/p>\n<h3><em>I cavalli assegnati alle contrade: i due barberi esperti a Pantere e Istrice<\/em><\/h3>\n<p>Otto su dieci i cavalli esordienti che preannunciano un Palio destinato a sorprendere. <mark>I due cavalli che hanno gi\u00e0 corso in Piazza, Schietta (tre carrriere) e Una per tutti, sono andati rispettivamente all&#8217;Istrice e alla Pantera. Tra le novit\u00e0, quella pi\u00f9 apprezzata \u00e8 sicuramente Zentile che \u00e8 andata alla Chiocciola.\u00a0 Vitzichesu, il primo ad essere assegnato, va al Valdimontone. Vankook alla Civetta. Alla contrada del Leocorno \u00e8 toccato in sorte Volpino. Alla\u00a0 Torre va Viso d&#8217;Angelo. Zio Frac alla contrada del Drago. Uragano Rosso alla contrada del Bruco. Reo Confesso per la contrada della Lupa.<\/mark><\/p>\n<p>I fantini vengono scelti direttamente dalla Contrade e posso essere cambiati fino alla mattina del Palio.<\/p>\n<h3><em>Il colpo di scena: cambia il mossiere a pochi giorni dalla Carriera<\/em><\/h3>\n<p>Un cambio in corsa, \u00e8 il caso di dire. &#8220;<em>Per improvvisa indisponibilit\u00e0 per motivi personali&#8221;<\/em> Bartolo Ambrosione lascia l&#8217;incarico di mossiere. La Giunta comunale di Siena ha nominato cos\u00ec mossiere per il Palio del 2 luglio <strong>Renato Bircolotti<\/strong> <em>&#8220;tenuto conto del parere unanime e favorevole dei capitani delle contrade partecipanti e sentiti i deputati della festa&#8221;<\/em>.<\/p>\n<p><em>&#8220;Renato Bircolotti ha competenza e professionalit\u00e0 e sar\u00e0 all&#8217;altezza dell&#8217;incarico&#8221;<\/em>, ha affermato il sindaco di Siena <strong>Luigi De Mossi<\/strong>.\u00a0 Bircolotti ha gi\u00e0 svolto l&#8217;incarico di mossiere all&#8217;interno del Protocollo Equino durante gli addestramenti a Mociano e le corse a Monticiano. &#8220;<em>Ha una comprovata esperienza e elevata professionalit\u00e0 in questo ruolo e conosce bene le dinamiche del Palio&#8221;<\/em>, ha assicurato il sindaco.<\/p>\n<h3><em>Il 2 luglio: la giornata del Palio di Provenzano<\/em><\/h3>\n<p>Dal 30 giugno al primo luglio si alterneranno <mark>quattro prove (alle 9 e alle 19.45) e una generale (venerd\u00ec alle 19.45), fino alla grande cena della vigilia.<\/mark><\/p>\n<p>Siena apre la Festa del 2 luglio con la celebrazione, alle 7.45, della <em>&#8220;Messa del Fantino&#8221;<\/em> da parte dell&#8217;Arcivescovo presso la Cappella adiacente al Palazzo Comunale. I cavalli si scaldano ancora sul tufo con la Provaccia alle 9 del mattino. <mark>Alle 10.30 si procede con la \u201cSegnatura dei fantini\u201c nel Palazzo del Comune: solo da ora in poi i fantini non potranno pi\u00f9 essere sostituiti dalle contrade.<\/mark><\/p>\n<p>Altro momento molto sentiro \u00e8 la <strong>benedizione del cavallo e del fantino<\/strong>, alle 15.30, in Contrada al grido: <em>\u201cVai e torna vincitore\u201d<\/em>. Le comparse iniziano ad attraversare il centro con la sbandierata. Alle 16.30 parte il corteo dal Palazzo del Governo, in piazza del Duomo, per raggiungere la Piazza.<\/p>\n<div class=\"focuson\"><a href=\"https:\/\/www.intoscana.it\/it\/articolo\/tutto-pronto-per-il-palio-di-sienaapplausi-per-drappellone-di-emma-sergeant\/\"><img decoding=\"async\" class=\"lazy\" src=\"https:\/\/www.intoscana.it\/wp-content\/uploads\/Emma-Sergeant-b-scaled.jpg\" style=\"\">\n                <div class=\"cat\">Il Drappellone dell'artista inglese, Emma Sergeant<\/div>\n                <h4><\/h4><\/a>\n              <\/div>\n<p>Alle 18.15 chiude l&#8217;ultimo accesso alla piazza, da via Dupr\u00e8. Serrati i cancelli, piazza del Campo \u00e8 piena. Il <strong>Drappellone<\/strong>, quest&#8217;anno realizzato dall&#8217;artista inglese Emma Sergeant, viene issato sul palco dei Giudici e lo scoppio del mortaretto accompagna l&#8217;uscita dei fantini dall&#8217;Entrone del Palazzo Comunale. Raggiunta la mossa, i fantini sarano chiamati dal mossiere secondo l&#8217;ordine di ingresso estratto a sorte. Quando i cavalli saranno perfettamente allineati, il mossiere abbassa il canape e i cavalli percorrono i tre giri di piazza.<\/p>\n<p>La festa del vincitore ha cos\u00ec inizio e i contradaioli stringono il Drappellone. <mark>In corteo, con cavallo e fantino, raggiungono la chiesa di Santa Maria di Provenzano per il Te Deum di ringraziamento.<\/mark><\/p>\n<h3><em>La sicurezza in Piazza<\/em><\/h3>\n<p>La macchina della sicurezza, dopo due anni, si \u00e8 rimessa in moto. Il questore di Siena, Pietro Milone, e la prefetta, Maria Forte. hanno incontrato le Contrade e il Rettore del Magistrato delle Contrade. Si intensificano le attivit\u00e0 di controllo sia in citt\u00e0 che nella aree periferiche, con particolare attenzione alle vie di accesso e alle aree di parcheggio principali. <mark>Particolare scrupolo all&#8217;attivit\u00e0 di controllo e filtraggio in piazza, anche con i metal detector.<\/mark><\/p>\n<p>Le unit\u00e0 cinofile antiesplosivo e gli artificieri antisabotaggio si occuperanno della bonifica dentro la Piazza, nelle aree delle acque piovane e dei bottini sotterranei, prima delle prove e della corsa. Prevista anche una squadra di specialisti per eventuali problematiche legate ai droni. Sulla Torre del Mangia del Palazzo Pubblico sar\u00e0 allestito il <strong>Centro unificato di coordinamento<\/strong> per gestire la sicurezza, con una visione diretta sulla Piazza, in occasione delle prove serali e per il Palio. Tiratori scelti sarano posizionati sui tetti.<\/p>\n","protected":false},"excerpt":{"rendered":"<p>Assegnati i barberi della Carriera del 2 luglio, otto gli esordienti. Sorprese e colpi di scena per la Festa ritrovata: cambia il mossiere. Il programma completo<\/p>\n","protected":false},"author":545,"featured_media":235609,"comment_status":"open","ping_status":"open","sticky":false,"template":"","format":"standard","meta":{"_acf_changed":false,"footnotes":""},"categories":[494],"tags":[4432],"class_list":["post-235598","post","type-post","status-publish","format-standard","has-post-thumbnail","hentry","category-attualita","tag-palio-di-siena"],"acf":[],"yoast_head":"<!-- This site is optimized with the Yoast SEO Premium plugin v24.2 (Yoast SEO v25.6) - https:\/\/yoast.com\/wordpress\/plugins\/seo\/ -->\n<title>Palio di Siena, estratti i cavalli delle dieci contrade: la Festa entra nel vivo - intoscana<\/title>\n<meta name=\"description\" content=\"Assegnati i barberi della Carriera del 2 luglio, otto gli esordienti. Sorprese e colpi di scena per la Festa ritrovata: cambia il mossiere. Il programma completo\" \/>\n<meta name=\"robots\" content=\"index, follow, max-snippet:-1, max-image-preview:large, max-video-preview:-1\" \/>\n<link rel=\"canonical\" href=\"https:\/\/www.intoscana.it\/it\/palio-di-siena-estratti-i-cavalli-delle-dieci-contrade-la-festa-entra-nel-vivo\/\" \/>\n<meta property=\"og:locale\" content=\"it_IT\" \/>\n<meta property=\"og:type\" content=\"article\" \/>\n<meta property=\"og:title\" content=\"Palio di Siena, estratti i cavalli delle dieci contrade: la Festa entra nel vivo\" \/>\n<meta property=\"og:description\" content=\"Assegnati i barberi della Carriera del 2 luglio, otto gli esordienti. Sorprese e colpi di scena per la Festa ritrovata: cambia il mossiere. Il programma completo\" \/>\n<meta property=\"og:url\" content=\"https:\/\/www.intoscana.it\/it\/palio-di-siena-estratti-i-cavalli-delle-dieci-contrade-la-festa-entra-nel-vivo\/\" \/>\n<meta property=\"og:site_name\" content=\"intoscana\" \/>\n<meta property=\"article:publisher\" content=\"https:\/\/www.facebook.com\/intoscana.it\" \/>\n<meta property=\"article:published_time\" content=\"2022-06-29T14:52:23+00:00\" \/>\n<meta property=\"article:modified_time\" content=\"2022-06-29T15:03:06+00:00\" \/>\n<meta property=\"og:image\" content=\"https:\/\/www.intoscana.it\/wp-content\/uploads\/palio-siena-Petr-Jilek.jpg\" \/>\n\t<meta property=\"og:image:width\" content=\"2000\" \/>\n\t<meta property=\"og:image:height\" content=\"1334\" \/>\n\t<meta property=\"og:image:type\" content=\"image\/jpeg\" \/>\n<meta name=\"author\" content=\"Clara D&#039;Acunto\" \/>\n<meta name=\"twitter:card\" content=\"summary_large_image\" \/>\n<meta name=\"twitter:creator\" content=\"@intoscana\" \/>\n<meta name=\"twitter:site\" content=\"@intoscana\" \/>\n<meta name=\"twitter:label1\" content=\"Written by\" \/>\n\t<meta name=\"twitter:data1\" content=\"Clara D&#039;Acunto\" \/>\n\t<meta name=\"twitter:label2\" content=\"Est. reading time\" \/>\n\t<meta name=\"twitter:data2\" content=\"4 minuti\" \/>\n<script type=\"application\/ld+json\" class=\"yoast-schema-graph\">{\"@context\":\"https:\/\/schema.org\",\"@graph\":[{\"@type\":\"WebPage\",\"@id\":\"https:\/\/www.intoscana.it\/it\/palio-di-siena-estratti-i-cavalli-delle-dieci-contrade-la-festa-entra-nel-vivo\/\",\"url\":\"https:\/\/www.intoscana.it\/it\/palio-di-siena-estratti-i-cavalli-delle-dieci-contrade-la-festa-entra-nel-vivo\/\",\"name\":\"Palio di Siena, estratti i cavalli delle dieci contrade: la Festa entra nel vivo - intoscana\",\"isPartOf\":{\"@id\":\"https:\/\/www.intoscana.it\/it\/#website\"},\"primaryImageOfPage\":{\"@id\":\"https:\/\/www.intoscana.it\/it\/palio-di-siena-estratti-i-cavalli-delle-dieci-contrade-la-festa-entra-nel-vivo\/#primaryimage\"},\"image\":{\"@id\":\"https:\/\/www.intoscana.it\/it\/palio-di-siena-estratti-i-cavalli-delle-dieci-contrade-la-festa-entra-nel-vivo\/#primaryimage\"},\"thumbnailUrl\":\"https:\/\/www.intoscana.it\/wp-content\/uploads\/palio-siena-Petr-Jilek.jpg\",\"datePublished\":\"2022-06-29T14:52:23+00:00\",\"dateModified\":\"2022-06-29T15:03:06+00:00\",\"author\":{\"@id\":\"https:\/\/www.intoscana.it\/it\/#\/schema\/person\/137419af9ef5d385bde52864a841e6ce\"},\"description\":\"Assegnati i barberi della Carriera del 2 luglio, otto gli esordienti. Sorprese e colpi di scena per la Festa ritrovata: cambia il mossiere. Il programma completo\",\"breadcrumb\":{\"@id\":\"https:\/\/www.intoscana.it\/it\/palio-di-siena-estratti-i-cavalli-delle-dieci-contrade-la-festa-entra-nel-vivo\/#breadcrumb\"},\"inLanguage\":\"it-IT\",\"potentialAction\":[{\"@type\":\"ReadAction\",\"target\":[\"https:\/\/www.intoscana.it\/it\/palio-di-siena-estratti-i-cavalli-delle-dieci-contrade-la-festa-entra-nel-vivo\/\"]}]},{\"@type\":\"ImageObject\",\"inLanguage\":\"it-IT\",\"@id\":\"https:\/\/www.intoscana.it\/it\/palio-di-siena-estratti-i-cavalli-delle-dieci-contrade-la-festa-entra-nel-vivo\/#primaryimage\",\"url\":\"https:\/\/www.intoscana.it\/wp-content\/uploads\/palio-siena-Petr-Jilek.jpg\",\"contentUrl\":\"https:\/\/www.intoscana.it\/wp-content\/uploads\/palio-siena-Petr-Jilek.jpg\",\"width\":2000,\"height\":1334,\"caption\":\"Piazza del Campo in preparazione per il Palio di Siena\"},{\"@type\":\"BreadcrumbList\",\"@id\":\"https:\/\/www.intoscana.it\/it\/palio-di-siena-estratti-i-cavalli-delle-dieci-contrade-la-festa-entra-nel-vivo\/#breadcrumb\",\"itemListElement\":[{\"@type\":\"ListItem\",\"position\":1,\"name\":\"Home\",\"item\":\"https:\/\/www.intoscana.it\/it\/\"},{\"@type\":\"ListItem\",\"position\":2,\"name\":\"Palio di Siena, estratti i cavalli delle dieci contrade: la Festa entra nel vivo\"}]},{\"@type\":\"WebSite\",\"@id\":\"https:\/\/www.intoscana.it\/it\/#website\",\"url\":\"https:\/\/www.intoscana.it\/it\/\",\"name\":\"intoscana\",\"description\":\"\",\"potentialAction\":[{\"@type\":\"SearchAction\",\"target\":{\"@type\":\"EntryPoint\",\"urlTemplate\":\"https:\/\/www.intoscana.it\/it\/?s={search_term_string}\"},\"query-input\":{\"@type\":\"PropertyValueSpecification\",\"valueRequired\":true,\"valueName\":\"search_term_string\"}}],\"inLanguage\":\"it-IT\"},{\"@type\":\"Person\",\"@id\":\"https:\/\/www.intoscana.it\/it\/#\/schema\/person\/137419af9ef5d385bde52864a841e6ce\",\"name\":\"Clara D'Acunto\",\"url\":\"https:\/\/www.intoscana.it\/it\/author\/clara-d_acunto\/\"}]}<\/script>\n<!-- \/ Yoast SEO Premium plugin. -->","yoast_head_json":{"title":"Palio di Siena, estratti i cavalli delle dieci contrade: la Festa entra nel vivo - intoscana","description":"Assegnati i barberi della Carriera del 2 luglio, otto gli esordienti. Sorprese e colpi di scena per la Festa ritrovata: cambia il mossiere. Il programma completo","robots":{"index":"index","follow":"follow","max-snippet":"max-snippet:-1","max-image-preview":"max-image-preview:large","max-video-preview":"max-video-preview:-1"},"canonical":"https:\/\/www.intoscana.it\/it\/palio-di-siena-estratti-i-cavalli-delle-dieci-contrade-la-festa-entra-nel-vivo\/","og_locale":"it_IT","og_type":"article","og_title":"Palio di Siena, estratti i cavalli delle dieci contrade: la Festa entra nel vivo","og_description":"Assegnati i barberi della Carriera del 2 luglio, otto gli esordienti. Sorprese e colpi di scena per la Festa ritrovata: cambia il mossiere. Il programma completo","og_url":"https:\/\/www.intoscana.it\/it\/palio-di-siena-estratti-i-cavalli-delle-dieci-contrade-la-festa-entra-nel-vivo\/","og_site_name":"intoscana","article_publisher":"https:\/\/www.facebook.com\/intoscana.it","article_published_time":"2022-06-29T14:52:23+00:00","article_modified_time":"2022-06-29T15:03:06+00:00","og_image":[{"width":2000,"height":1334,"url":"https:\/\/www.intoscana.it\/wp-content\/uploads\/palio-siena-Petr-Jilek.jpg","type":"image\/jpeg"}],"author":"Clara D'Acunto","twitter_card":"summary_large_image","twitter_creator":"@intoscana","twitter_site":"@intoscana","twitter_misc":{"Written by":"Clara D'Acunto","Est. reading time":"4 minuti"},"schema":{"@context":"https:\/\/schema.org","@graph":[{"@type":"WebPage","@id":"https:\/\/www.intoscana.it\/it\/palio-di-siena-estratti-i-cavalli-delle-dieci-contrade-la-festa-entra-nel-vivo\/","url":"https:\/\/www.intoscana.it\/it\/palio-di-siena-estratti-i-cavalli-delle-dieci-contrade-la-festa-entra-nel-vivo\/","name":"Palio di Siena, estratti i cavalli delle dieci contrade: la Festa entra nel vivo - intoscana","isPartOf":{"@id":"https:\/\/www.intoscana.it\/it\/#website"},"primaryImageOfPage":{"@id":"https:\/\/www.intoscana.it\/it\/palio-di-siena-estratti-i-cavalli-delle-dieci-contrade-la-festa-entra-nel-vivo\/#primaryimage"},"image":{"@id":"https:\/\/www.intoscana.it\/it\/palio-di-siena-estratti-i-cavalli-delle-dieci-contrade-la-festa-entra-nel-vivo\/#primaryimage"},"thumbnailUrl":"https:\/\/www.intoscana.it\/wp-content\/uploads\/palio-siena-Petr-Jilek.jpg","datePublished":"2022-06-29T14:52:23+00:00","dateModified":"2022-06-29T15:03:06+00:00","author":{"@id":"https:\/\/www.intoscana.it\/it\/#\/schema\/person\/137419af9ef5d385bde52864a841e6ce"},"description":"Assegnati i barberi della Carriera del 2 luglio, otto gli esordienti. Sorprese e colpi di scena per la Festa ritrovata: cambia il mossiere. Il programma completo","breadcrumb":{"@id":"https:\/\/www.intoscana.it\/it\/palio-di-siena-estratti-i-cavalli-delle-dieci-contrade-la-festa-entra-nel-vivo\/#breadcrumb"},"inLanguage":"it-IT","potentialAction":[{"@type":"ReadAction","target":["https:\/\/www.intoscana.it\/it\/palio-di-siena-estratti-i-cavalli-delle-dieci-contrade-la-festa-entra-nel-vivo\/"]}]},{"@type":"ImageObject","inLanguage":"it-IT","@id":"https:\/\/www.intoscana.it\/it\/palio-di-siena-estratti-i-cavalli-delle-dieci-contrade-la-festa-entra-nel-vivo\/#primaryimage","url":"https:\/\/www.intoscana.it\/wp-content\/uploads\/palio-siena-Petr-Jilek.jpg","contentUrl":"https:\/\/www.intoscana.it\/wp-content\/uploads\/palio-siena-Petr-Jilek.jpg","width":2000,"height":1334,"caption":"Piazza del Campo in preparazione per il Palio di Siena"},{"@type":"BreadcrumbList","@id":"https:\/\/www.intoscana.it\/it\/palio-di-siena-estratti-i-cavalli-delle-dieci-contrade-la-festa-entra-nel-vivo\/#breadcrumb","itemListElement":[{"@type":"ListItem","position":1,"name":"Home","item":"https:\/\/www.intoscana.it\/it\/"},{"@type":"ListItem","position":2,"name":"Palio di Siena, estratti i cavalli delle dieci contrade: la Festa entra nel vivo"}]},{"@type":"WebSite","@id":"https:\/\/www.intoscana.it\/it\/#website","url":"https:\/\/www.intoscana.it\/it\/","name":"intoscana","description":"","potentialAction":[{"@type":"SearchAction","target":{"@type":"EntryPoint","urlTemplate":"https:\/\/www.intoscana.it\/it\/?s={search_term_string}"},"query-input":{"@type":"PropertyValueSpecification","valueRequired":true,"valueName":"search_term_string"}}],"inLanguage":"it-IT"},{"@type":"Person","@id":"https:\/\/www.intoscana.it\/it\/#\/schema\/person\/137419af9ef5d385bde52864a841e6ce","name":"Clara D'Acunto","url":"https:\/\/www.intoscana.it\/it\/author\/clara-d_acunto\/"}]}},"_links":{"self":[{"href":"https:\/\/www.intoscana.it\/it\/wp-json\/wp\/v2\/posts\/235598","targetHints":{"allow":["GET"]}}],"collection":[{"href":"https:\/\/www.intoscana.it\/it\/wp-json\/wp\/v2\/posts"}],"about":[{"href":"https:\/\/www.intoscana.it\/it\/wp-json\/wp\/v2\/types\/post"}],"author":[{"embeddable":true,"href":"https:\/\/www.intoscana.it\/it\/wp-json\/wp\/v2\/users\/545"}],"replies":[{"embeddable":true,"href":"https:\/\/www.intoscana.it\/it\/wp-json\/wp\/v2\/comments?post=235598"}],"version-history":[{"count":0,"href":"https:\/\/www.intoscana.it\/it\/wp-json\/wp\/v2\/posts\/235598\/revisions"}],"wp:featuredmedia":[{"embeddable":true,"href":"https:\/\/www.intoscana.it\/it\/wp-json\/wp\/v2\/media\/235609"}],"wp:attachment":[{"href":"https:\/\/www.intoscana.it\/it\/wp-json\/wp\/v2\/media?parent=235598"}],"wp:term":[{"taxonomy":"category","embeddable":true,"href":"https:\/\/www.intoscana.it\/it\/wp-json\/wp\/v2\/categories?post=235598"},{"taxonomy":"post_tag","embeddable":true,"href":"https:\/\/www.intoscana.it\/it\/wp-json\/wp\/v2\/tags?post=235598"}],"curies":[{"name":"wp","href":"https:\/\/api.w.org\/{rel}","templated":true}]}}